{"id":15896,"date":"2024-06-08T04:44:23","date_gmt":"2024-06-08T09:44:23","guid":{"rendered":"https:\/\/ciudadyregion.com.co\/?p=15896"},"modified":"2024-06-07T23:44:56","modified_gmt":"2024-06-08T04:44:56","slug":"envian-a-prision-a-los-presuntos-responsables-de-agresion-sexual-a-un-menor-y-a-una-mujer-en-condicion-de-discapacidad","status":"publish","type":"post","link":"https:\/\/ciudadyregion.com.co\/index.php\/envian-a-prision-a-los-presuntos-responsables-de-agresion-sexual-a-un-menor-y-a-una-mujer-en-condicion-de-discapacidad\/judicial\/","title":{"rendered":"Env\u00edan a prisi\u00f3n a los presuntos responsables de agresi\u00f3n sexual a un menor y a una mujer en condici\u00f3n de discapacidad"},"content":{"rendered":"<p>Por solicitud de la Fiscal\u00eda General de la Naci\u00f3n, jueces de control de garant\u00edas impusieron medida de aseguramiento en establecimiento carcelario en contra de dos hombres que en habr\u00edan agredido sexualmente a un menor de edad y a una mujer con discapacidad cognitiva de 42 a\u00f1os.<\/p>\n<p>El primer hecho ocurri\u00f3 entre 2012 y 2013 en Villavicencio (Meta), periodo durante el cual un ni\u00f1o de 5 a\u00f1os al parecer fue abusado sexualmente por un trabajador en lugar donde laboraba su padre. El hombre, de 44 a\u00f1os, ingresaba al menor a un cuarto de herramientas donde, presuntamente, lo somet\u00eda a m\u00faltiples vej\u00e1menes sexuales.<\/p>\n<p>El presunto abusador, que fue capturado en v\u00eda p\u00fablica de Villavicencio este 27 de mayo por servidores del CTI con apoyo de la Polic\u00eda Nacional, fue imputado por los delitos de acceso carnal abusivo con menor de 14 a\u00f1os.<\/p>\n<p>El otro caso ocurri\u00f3 la tarde del pasado 6 de junio en el municipio de San Mart\u00edn (Meta), donde un hombre de 56 a\u00f1os habr\u00eda agredido sexualmente a su sobrina, de 42, y quien tiene una discapacidad cognitiva.<\/p>\n<p>El hombre fue capturado en flagrancia cuando fue sorprendido al parecer abusando de la v\u00edctima.\u00a0La Fiscal\u00eda le imput\u00f3 los delitos de acceso carnal abusivo y acto sexual con incapaz de resistir.\u00a0Ninguno de los detenidos acept\u00f3 los cargos imputados por la Fiscal\u00eda<\/p>\n","protected":false},"excerpt":{"rendered":"<p>Por solicitud de la Fiscal\u00eda General de la Naci\u00f3n, jueces de control de garant\u00edas impusieron medida de aseguramiento en establecimiento carcelario en contra de dos hombres que en habr\u00edan agredido sexualmente a un menor de edad y a una mujer con discapacidad cognitiva de 42 a\u00f1os. El primer hecho ocurri\u00f3<span class=\"more-link\"><a href=\"https:\/\/ciudadyregion.com.co\/index.php\/envian-a-prision-a-los-presuntos-responsables-de-agresion-sexual-a-un-menor-y-a-una-mujer-en-condicion-de-discapacidad\/judicial\/\">Continuar Leyendo<\/a><\/span><\/p>\n","protected":false},"author":2,"featured_media":15897,"comment_status":"open","ping_status":"open","sticky":false,"template":"","format":"standard","meta":{"_uf_show_specific_survey":0,"_uf_disable_surveys":false,"_jetpack_memberships_contains_paid_content":false,"footnotes":"","jetpack_publicize_message":"","jetpack_publicize_feature_enabled":true,"jetpack_social_post_already_shared":true,"jetpack_social_options":{"image_generator_settings":{"template":"highway","enabled":false},"version":2}},"categories":[18],"tags":[],"class_list":["entry","author-diegoaguirre","post-15896","post","type-post","status-publish","format-standard","has-post-thumbnail","category-judicial"],"jetpack_publicize_connections":[],"yoast_head":"<!-- This site is optimized with the Yoast SEO plugin v24.3 - https:\/\/yoast.com\/wordpress\/plugins\/seo\/ -->\n<title>Env\u00edan a prisi\u00f3n a los presuntos responsables de agresi\u00f3n sexual a un menor y a una mujer en condici\u00f3n de discapacidad - Ciudad y Region<\/title>\n<meta name=\"robots\" content=\"index, follow, max-snippet:-1, max-image-preview:large, max-video-preview:-1\" \/>\n<link rel=\"canonical\" href=\"https:\/\/ciudadyregion.com.co\/index.php\/envian-a-prision-a-los-presuntos-responsables-de-agresion-sexual-a-un-menor-y-a-una-mujer-en-condicion-de-discapacidad\/judicial\/\" \/>\n<meta property=\"og:locale\" content=\"es_ES\" \/>\n<meta property=\"og:type\" content=\"article\" \/>\n<meta property=\"og:title\" content=\"Env\u00edan a prisi\u00f3n a los presuntos responsables de agresi\u00f3n sexual a un menor y a una mujer en condici\u00f3n de discapacidad - Ciudad y Region\" \/>\n<meta property=\"og:description\" content=\"Por solicitud de la Fiscal\u00eda General de la Naci\u00f3n, jueces de control de garant\u00edas impusieron medida de aseguramiento en establecimiento carcelario en contra de dos hombres que en habr\u00edan agredido sexualmente a un menor de edad y a una mujer con discapacidad cognitiva de 42 a\u00f1os. El primer hecho ocurri\u00f3Continuar Leyendo\" \/>\n<meta property=\"og:url\" content=\"https:\/\/ciudadyregion.com.co\/index.php\/envian-a-prision-a-los-presuntos-responsables-de-agresion-sexual-a-un-menor-y-a-una-mujer-en-condicion-de-discapacidad\/judicial\/\" \/>\n<meta property=\"og:site_name\" content=\"Ciudad y Region\" \/>\n<meta property=\"article:published_time\" content=\"2024-06-08T09:44:23+00:00\" \/>\n<meta property=\"article:modified_time\" content=\"2024-06-08T04:44:56+00:00\" \/>\n<meta property=\"og:image\" content=\"https:\/\/i0.wp.com\/ciudadyregion.com.co\/wp-content\/uploads\/2024\/06\/abuso-sexual-violacion-mujer-nina.jpg?fit=800%2C445&ssl=1\" \/>\n\t<meta property=\"og:image:width\" content=\"800\" \/>\n\t<meta property=\"og:image:height\" content=\"445\" \/>\n\t<meta property=\"og:image:type\" content=\"image\/jpeg\" \/>\n<meta name=\"author\" content=\"David Andr\u00e9s Aguirre\" \/>\n<meta name=\"twitter:card\" content=\"summary_large_image\" \/>\n<meta name=\"twitter:label1\" content=\"Escrito por\" \/>\n\t<meta name=\"twitter:data1\" content=\"David Andr\u00e9s Aguirre\" \/>\n\t<meta name=\"twitter:label2\" content=\"Tiempo de lectura\" \/>\n\t<meta name=\"twitter:data2\" content=\"2 minutos\" \/>\n<script type=\"application\/ld+json\" class=\"yoast-schema-graph\">{\"@context\":\"https:\/\/schema.org\",\"@graph\":[{\"@type\":\"WebPage\",\"@id\":\"https:\/\/ciudadyregion.com.co\/index.php\/envian-a-prision-a-los-presuntos-responsables-de-agresion-sexual-a-un-menor-y-a-una-mujer-en-condicion-de-discapacidad\/judicial\/\",\"url\":\"https:\/\/ciudadyregion.com.co\/index.php\/envian-a-prision-a-los-presuntos-responsables-de-agresion-sexual-a-un-menor-y-a-una-mujer-en-condicion-de-discapacidad\/judicial\/\",\"name\":\"Env\u00edan a prisi\u00f3n a los presuntos responsables de agresi\u00f3n sexual a un menor y a una mujer en condici\u00f3n de discapacidad - Ciudad y Region\",\"isPartOf\":{\"@id\":\"https:\/\/ciudadyregion.com.co\/#website\"},\"primaryImageOfPage\":{\"@id\":\"https:\/\/ciudadyregion.com.co\/index.php\/envian-a-prision-a-los-presuntos-responsables-de-agresion-sexual-a-un-menor-y-a-una-mujer-en-condicion-de-discapacidad\/judicial\/#primaryimage\"},\"image\":{\"@id\":\"https:\/\/ciudadyregion.com.co\/index.php\/envian-a-prision-a-los-presuntos-responsables-de-agresion-sexual-a-un-menor-y-a-una-mujer-en-condicion-de-discapacidad\/judicial\/#primaryimage\"},\"thumbnailUrl\":\"https:\/\/i0.wp.com\/ciudadyregion.com.co\/wp-content\/uploads\/2024\/06\/abuso-sexual-violacion-mujer-nina.jpg?fit=800%2C445&ssl=1\",\"datePublished\":\"2024-06-08T09:44:23+00:00\",\"dateModified\":\"2024-06-08T04:44:56+00:00\",\"author\":{\"@id\":\"https:\/\/ciudadyregion.com.co\/#\/schema\/person\/04a4954373ebc4051f46e8c65ff78622\"},\"breadcrumb\":{\"@id\":\"https:\/\/ciudadyregion.com.co\/index.php\/envian-a-prision-a-los-presuntos-responsables-de-agresion-sexual-a-un-menor-y-a-una-mujer-en-condicion-de-discapacidad\/judicial\/#breadcrumb\"},\"inLanguage\":\"es\",\"potentialAction\":[{\"@type\":\"ReadAction\",\"target\":[\"https:\/\/ciudadyregion.com.co\/index.php\/envian-a-prision-a-los-presuntos-responsables-de-agresion-sexual-a-un-menor-y-a-una-mujer-en-condicion-de-discapacidad\/judicial\/\"]}]},{\"@type\":\"ImageObject\",\"inLanguage\":\"es\",\"@id\":\"https:\/\/ciudadyregion.com.co\/index.php\/envian-a-prision-a-los-presuntos-responsables-de-agresion-sexual-a-un-menor-y-a-una-mujer-en-condicion-de-discapacidad\/judicial\/#primaryimage\",\"url\":\"https:\/\/i0.wp.com\/ciudadyregion.com.co\/wp-content\/uploads\/2024\/06\/abuso-sexual-violacion-mujer-nina.jpg?fit=800%2C445&ssl=1\",\"contentUrl\":\"https:\/\/i0.wp.com\/ciudadyregion.com.co\/wp-content\/uploads\/2024\/06\/abuso-sexual-violacion-mujer-nina.jpg?fit=800%2C445&ssl=1\",\"width\":800,\"height\":445},{\"@type\":\"BreadcrumbList\",\"@id\":\"https:\/\/ciudadyregion.com.co\/index.php\/envian-a-prision-a-los-presuntos-responsables-de-agresion-sexual-a-un-menor-y-a-una-mujer-en-condicion-de-discapacidad\/judicial\/#breadcrumb\",\"itemListElement\":[{\"@type\":\"ListItem\",\"position\":1,\"name\":\"Portada\",\"item\":\"https:\/\/ciudadyregion.com.co\/\"},{\"@type\":\"ListItem\",\"position\":2,\"name\":\"Env\u00edan a prisi\u00f3n a los presuntos responsables de agresi\u00f3n sexual a un menor y a una mujer en condici\u00f3n de discapacidad\"}]},{\"@type\":\"WebSite\",\"@id\":\"https:\/\/ciudadyregion.com.co\/#website\",\"url\":\"https:\/\/ciudadyregion.com.co\/\",\"name\":\"Ciudad y Region\",\"description\":\"\",\"potentialAction\":[{\"@type\":\"SearchAction\",\"target\":{\"@type\":\"EntryPoint\",\"urlTemplate\":\"https:\/\/ciudadyregion.com.co\/?s={search_term_string}\"},\"query-input\":{\"@type\":\"PropertyValueSpecification\",\"valueRequired\":true,\"valueName\":\"search_term_string\"}}],\"inLanguage\":\"es\"},{\"@type\":\"Person\",\"@id\":\"https:\/\/ciudadyregion.com.co\/#\/schema\/person\/04a4954373ebc4051f46e8c65ff78622\",\"name\":\"David Andr\u00e9s Aguirre\",\"image\":{\"@type\":\"ImageObject\",\"inLanguage\":\"es\",\"@id\":\"https:\/\/ciudadyregion.com.co\/#\/schema\/person\/image\/\",\"url\":\"https:\/\/secure.gravatar.com\/avatar\/bc3c655860202182ee6d1b5edd042dbe?s=96&d=mm&r=g\",\"contentUrl\":\"https:\/\/secure.gravatar.com\/avatar\/bc3c655860202182ee6d1b5edd042dbe?s=96&d=mm&r=g\",\"caption\":\"David Andr\u00e9s Aguirre\"},\"url\":\"https:\/\/ciudadyregion.com.co\/index.php\/author\/diegoaguirre\/\"}]}<\/script>\n<!-- \/ Yoast SEO plugin. -->","yoast_head_json":{"title":"Env\u00edan a prisi\u00f3n a los presuntos responsables de agresi\u00f3n sexual a un menor y a una mujer en condici\u00f3n de discapacidad - Ciudad y Region","robots":{"index":"index","follow":"follow","max-snippet":"max-snippet:-1","max-image-preview":"max-image-preview:large","max-video-preview":"max-video-preview:-1"},"canonical":"https:\/\/ciudadyregion.com.co\/index.php\/envian-a-prision-a-los-presuntos-responsables-de-agresion-sexual-a-un-menor-y-a-una-mujer-en-condicion-de-discapacidad\/judicial\/","og_locale":"es_ES","og_type":"article","og_title":"Env\u00edan a prisi\u00f3n a los presuntos responsables de agresi\u00f3n sexual a un menor y a una mujer en condici\u00f3n de discapacidad - Ciudad y Region","og_description":"Por solicitud de la Fiscal\u00eda General de la Naci\u00f3n, jueces de control de garant\u00edas impusieron medida de aseguramiento en establecimiento carcelario en contra de dos hombres que en habr\u00edan agredido sexualmente a un menor de edad y a una mujer con discapacidad cognitiva de 42 a\u00f1os. El primer hecho ocurri\u00f3Continuar Leyendo","og_url":"https:\/\/ciudadyregion.com.co\/index.php\/envian-a-prision-a-los-presuntos-responsables-de-agresion-sexual-a-un-menor-y-a-una-mujer-en-condicion-de-discapacidad\/judicial\/","og_site_name":"Ciudad y Region","article_published_time":"2024-06-08T09:44:23+00:00","article_modified_time":"2024-06-08T04:44:56+00:00","og_image":[{"width":800,"height":445,"url":"https:\/\/i0.wp.com\/ciudadyregion.com.co\/wp-content\/uploads\/2024\/06\/abuso-sexual-violacion-mujer-nina.jpg?fit=800%2C445&ssl=1","type":"image\/jpeg"}],"author":"David Andr\u00e9s Aguirre","twitter_card":"summary_large_image","twitter_misc":{"Escrito por":"David Andr\u00e9s Aguirre","Tiempo de lectura":"2 minutos"},"schema":{"@context":"https:\/\/schema.org","@graph":[{"@type":"WebPage","@id":"https:\/\/ciudadyregion.com.co\/index.php\/envian-a-prision-a-los-presuntos-responsables-de-agresion-sexual-a-un-menor-y-a-una-mujer-en-condicion-de-discapacidad\/judicial\/","url":"https:\/\/ciudadyregion.com.co\/index.php\/envian-a-prision-a-los-presuntos-responsables-de-agresion-sexual-a-un-menor-y-a-una-mujer-en-condicion-de-discapacidad\/judicial\/","name":"Env\u00edan a prisi\u00f3n a los presuntos responsables de agresi\u00f3n sexual a un menor y a una mujer en condici\u00f3n de discapacidad - Ciudad y Region","isPartOf":{"@id":"https:\/\/ciudadyregion.com.co\/#website"},"primaryImageOfPage":{"@id":"https:\/\/ciudadyregion.com.co\/index.php\/envian-a-prision-a-los-presuntos-responsables-de-agresion-sexual-a-un-menor-y-a-una-mujer-en-condicion-de-discapacidad\/judicial\/#primaryimage"},"image":{"@id":"https:\/\/ciudadyregion.com.co\/index.php\/envian-a-prision-a-los-presuntos-responsables-de-agresion-sexual-a-un-menor-y-a-una-mujer-en-condicion-de-discapacidad\/judicial\/#primaryimage"},"thumbnailUrl":"https:\/\/i0.wp.com\/ciudadyregion.com.co\/wp-content\/uploads\/2024\/06\/abuso-sexual-violacion-mujer-nina.jpg?fit=800%2C445&ssl=1","datePublished":"2024-06-08T09:44:23+00:00","dateModified":"2024-06-08T04:44:56+00:00","author":{"@id":"https:\/\/ciudadyregion.com.co\/#\/schema\/person\/04a4954373ebc4051f46e8c65ff78622"},"breadcrumb":{"@id":"https:\/\/ciudadyregion.com.co\/index.php\/envian-a-prision-a-los-presuntos-responsables-de-agresion-sexual-a-un-menor-y-a-una-mujer-en-condicion-de-discapacidad\/judicial\/#breadcrumb"},"inLanguage":"es","potentialAction":[{"@type":"ReadAction","target":["https:\/\/ciudadyregion.com.co\/index.php\/envian-a-prision-a-los-presuntos-responsables-de-agresion-sexual-a-un-menor-y-a-una-mujer-en-condicion-de-discapacidad\/judicial\/"]}]},{"@type":"ImageObject","inLanguage":"es","@id":"https:\/\/ciudadyregion.com.co\/index.php\/envian-a-prision-a-los-presuntos-responsables-de-agresion-sexual-a-un-menor-y-a-una-mujer-en-condicion-de-discapacidad\/judicial\/#primaryimage","url":"https:\/\/i0.wp.com\/ciudadyregion.com.co\/wp-content\/uploads\/2024\/06\/abuso-sexual-violacion-mujer-nina.jpg?fit=800%2C445&ssl=1","contentUrl":"https:\/\/i0.wp.com\/ciudadyregion.com.co\/wp-content\/uploads\/2024\/06\/abuso-sexual-violacion-mujer-nina.jpg?fit=800%2C445&ssl=1","width":800,"height":445},{"@type":"BreadcrumbList","@id":"https:\/\/ciudadyregion.com.co\/index.php\/envian-a-prision-a-los-presuntos-responsables-de-agresion-sexual-a-un-menor-y-a-una-mujer-en-condicion-de-discapacidad\/judicial\/#breadcrumb","itemListElement":[{"@type":"ListItem","position":1,"name":"Portada","item":"https:\/\/ciudadyregion.com.co\/"},{"@type":"ListItem","position":2,"name":"Env\u00edan a prisi\u00f3n a los presuntos responsables de agresi\u00f3n sexual a un menor y a una mujer en condici\u00f3n de discapacidad"}]},{"@type":"WebSite","@id":"https:\/\/ciudadyregion.com.co\/#website","url":"https:\/\/ciudadyregion.com.co\/","name":"Ciudad y Region","description":"","potentialAction":[{"@type":"SearchAction","target":{"@type":"EntryPoint","urlTemplate":"https:\/\/ciudadyregion.com.co\/?s={search_term_string}"},"query-input":{"@type":"PropertyValueSpecification","valueRequired":true,"valueName":"search_term_string"}}],"inLanguage":"es"},{"@type":"Person","@id":"https:\/\/ciudadyregion.com.co\/#\/schema\/person\/04a4954373ebc4051f46e8c65ff78622","name":"David Andr\u00e9s Aguirre","image":{"@type":"ImageObject","inLanguage":"es","@id":"https:\/\/ciudadyregion.com.co\/#\/schema\/person\/image\/","url":"https:\/\/secure.gravatar.com\/avatar\/bc3c655860202182ee6d1b5edd042dbe?s=96&d=mm&r=g","contentUrl":"https:\/\/secure.gravatar.com\/avatar\/bc3c655860202182ee6d1b5edd042dbe?s=96&d=mm&r=g","caption":"David Andr\u00e9s Aguirre"},"url":"https:\/\/ciudadyregion.com.co\/index.php\/author\/diegoaguirre\/"}]}},"jetpack_featured_media_url":"https:\/\/i0.wp.com\/ciudadyregion.com.co\/wp-content\/uploads\/2024\/06\/abuso-sexual-violacion-mujer-nina.jpg?fit=800%2C445&ssl=1","jetpack_sharing_enabled":true,"jetpack_shortlink":"https:\/\/wp.me\/pbS7hh-48o","jetpack-related-posts":[],"_links":{"self":[{"href":"https:\/\/ciudadyregion.com.co\/index.php\/wp-json\/wp\/v2\/posts\/15896"}],"collection":[{"href":"https:\/\/ciudadyregion.com.co\/index.php\/wp-json\/wp\/v2\/posts"}],"about":[{"href":"https:\/\/ciudadyregion.com.co\/index.php\/wp-json\/wp\/v2\/types\/post"}],"author":[{"embeddable":true,"href":"https:\/\/ciudadyregion.com.co\/index.php\/wp-json\/wp\/v2\/users\/2"}],"replies":[{"embeddable":true,"href":"https:\/\/ciudadyregion.com.co\/index.php\/wp-json\/wp\/v2\/comments?post=15896"}],"version-history":[{"count":1,"href":"https:\/\/ciudadyregion.com.co\/index.php\/wp-json\/wp\/v2\/posts\/15896\/revisions"}],"predecessor-version":[{"id":15898,"href":"https:\/\/ciudadyregion.com.co\/index.php\/wp-json\/wp\/v2\/posts\/15896\/revisions\/15898"}],"wp:featuredmedia":[{"embeddable":true,"href":"https:\/\/ciudadyregion.com.co\/index.php\/wp-json\/wp\/v2\/media\/15897"}],"wp:attachment":[{"href":"https:\/\/ciudadyregion.com.co\/index.php\/wp-json\/wp\/v2\/media?parent=15896"}],"wp:term":[{"taxonomy":"category","embeddable":true,"href":"https:\/\/ciudadyregion.com.co\/index.php\/wp-json\/wp\/v2\/categories?post=15896"},{"taxonomy":"post_tag","embeddable":true,"href":"https:\/\/ciudadyregion.com.co\/index.php\/wp-json\/wp\/v2\/tags?post=15896"}],"curies":[{"name":"wp","href":"https:\/\/api.w.org\/{rel}","templated":true}]}}