{"id":15890,"date":"2024-06-08T04:37:23","date_gmt":"2024-06-08T09:37:23","guid":{"rendered":"https:\/\/ciudadyregion.com.co\/?p=15890"},"modified":"2024-06-07T23:37:56","modified_gmt":"2024-06-08T04:37:56","slug":"se-vinieron-las-vacaciones-se-estima-que-mas-de-16-millones-de-pasajeros-se-movilizaran-por-las-terminales-y-21-millones-mas-por-aeropuertos","status":"publish","type":"post","link":"https:\/\/ciudadyregion.com.co\/index.php\/se-vinieron-las-vacaciones-se-estima-que-mas-de-16-millones-de-pasajeros-se-movilizaran-por-las-terminales-y-21-millones-mas-por-aeropuertos\/nacional\/","title":{"rendered":"Se vinieron las vacaciones: Se estima que m\u00e1s de 16 millones de pasajeros se movilizar\u00e1n por las terminales y 21 millones m\u00e1s por aeropuertos"},"content":{"rendered":"<ul>\n<li><strong><em>Direcci\u00f3n de Tr\u00e1nsito y Transporte de la Polic\u00eda Nacional-DITRA, har\u00e1 presencia con cinco mil mujeres y hombres y desplegar\u00e1 110 \u00e1reas de prevenci\u00f3n y control en el territorio nacional.<\/em><\/strong><\/li>\n<li><strong><em>Con la campa\u00f1a \u00b4Puente Festivo Seguro\u00b4 se intensificar\u00e1 presencia en las infraestructuras de transporte para orientar y sensibilizar sobre movilizaci\u00f3n de menores y mascotas.<\/em><\/strong><\/li>\n<li><strong><em>Adicionalmente, de la mano con las Fuerzas Militares y Polic\u00eda de Carreteras se dispondr\u00e1 de 31 puestos de control en 26 tramos viales de 16 departamentos con un total de 839 efectivos.<\/em><\/strong><\/li>\n<\/ul>\n<div><\/div>\n<div>Con este puente festivo del \u00b4D\u00eda del Sagrado Coraz\u00f3n\u00b4 se inicia la temporada alta de mitad de a\u00f1o, en la cual se calcula que se movilizar\u00e1n 16 millones 486.463 pasajeros desde las terminales y 21 millones 215.000 desde los aeropuertos, por lo cual el Gobierno del presidente Gustavo Petro desplegar\u00e1 cinco mil mujeres y hombres en 110 \u00e1reas de prevenci\u00f3n y control, en el territorio nacional, desde la Direcci\u00f3n de Tr\u00e1nsito y Transporte de la Polic\u00eda Nacional \u2013 DITRA.<\/div>\n<div><\/div>\n<div>La Superintendencia de Transporte, la Aerocivil y la Agencia Nacional de Seguridad Vial, intensificar\u00e1n su presencia en las infraestructuras del transporte y carreteras del pa\u00eds.<\/div>\n<div><\/div>\n<div>Del 7 al 10 de junio, cuando inicia la temporada alta de mitad de a\u00f1o, se espera la movilizaci\u00f3n de 1\u00b4557.348 pasajeros en 153.118 veh\u00edculos desde las terminales de transporte y 1\u00b4207.000 viajeros por el modo a\u00e9reo.<\/div>\n<div><\/div>\n<div>Habr\u00e1 restricci\u00f3n para veh\u00edculos de carga con peso igual o superior a 3,4 toneladas (3.400 kilogramos) para el puente festivo \u00b4D\u00eda del Sagrado Coraz\u00f3n\u00b4, del viernes 7 al lunes 10 de junio.<\/div>\n<div><\/div>\n<h2>En las vacaciones<\/h2>\n<div><\/div>\n<div>Para todo el per\u00edodo de vacaciones, que finaliza el 29 de julio se esperan 16\u00b4486.463 pasajeros en 1\u00b4700.442 veh\u00edculos en modo terrestre y 21\u00b4215.000 de pasajeros por v\u00eda a\u00e9rea, siendo los aeropuertos de Bogot\u00e1, Medell\u00edn, Cali, Santa Marta, San Andr\u00e9s, Barranquilla y Pereira, los de mayor demanda.<\/div>\n<div><\/div>\n<div>La Superintendente de Transporte, Ayda Lucy Ospina Arias, dijo que las vacaciones se iniciar\u00e1n con la presencia en 26 terminales, 28 aeropuertos, 18 cuerpos de agua, y 20 peajes, realizando labores de orientaci\u00f3n y sensibilizaci\u00f3n para empresarios y usuarios.<\/div>\n<div><\/div>\n<blockquote>\n<div>\u201cEs importante hacer un llamado contundente para que todos propendamos por la seguridad vial, pues no podemos permitir que la ilegalidad cause m\u00e1s accidentes y siniestros que afectan la integridad de los ciudadanos\u201d, dijo la funcionaria.<\/div>\n<\/blockquote>\n<div><\/div>\n<div>Agreg\u00f3 que la revisi\u00f3n t\u00e9cnico-mec\u00e1nica es obligatoria, as\u00ed mismo, tener los documentos al d\u00eda de los veh\u00edculos tanto particulares como de servicio p\u00fablico, para lo cual anunci\u00f3 que \u201cestaremos ejerciendo nuestras funciones de manera rigurosa y tomaremos las decisiones correspondientes a que haya lugar\u201d.<\/div>\n<div><\/div>\n<div>Mediante las campa\u00f1as \u00b4Puente Festivo Seguro\u00b4 y la \u00b4Super Responde\u00b4 la Superintendencia de Transporte ejercer\u00e1 sus funciones de promoci\u00f3n y prevenci\u00f3n en esta temporada alta, a trav\u00e9s de orientaciones y sensibilizaciones a empresarios y usuarios del sector.<\/div>\n<div><\/div>\n<div>Seg\u00fan el Director de la Aerocivil, Sergio Par\u00eds, ser\u00e1n 120 funcionarios del Grupo de Intermediaci\u00f3n en Aeropuertos dispuestos para garantizar una operaci\u00f3n a\u00e9rea eficiente en esta temporada, \u201cadem\u00e1s esperamos buen comportamiento por parte de los pasajeros\u201d.<\/div>\n<div><\/div>\n<h2>Mascotas<\/h2>\n<div><\/div>\n<div>Par\u00eds record\u00f3 que si se viaja con mascotas, se debe tener la documentaci\u00f3n correspondiente determinada por la autoridad competente (ICA), y notificar a la aerol\u00ednea 48 horas antes del vuelo.<\/div>\n<div><\/div>\n<div>As\u00ed mismo, llegar con anticipaci\u00f3n de 3 horas para vuelos nacionales y 4 horas para internacionales, y, \u201crevisar si el destino exige visas, certificados de vacunaci\u00f3n u otros documentos necesarios para viajar con menores y mascotas\u201d.<\/div>\n<div><\/div>\n<h2>Agencia Nacional de Seguridad Vial presente<\/h2>\n<div><\/div>\n<div>Por su parte, la Agencia Nacional de Seguridad Vial, estar\u00e1 presente en 15 corredores viales en Cundinamarca, Valle, Quind\u00edo, Antioquia, Cauca, Atl\u00e1ntico, Tolima, Magdalena, Boyac\u00e1, Cesar, Meta, Nari\u00f1o, C\u00f3rdoba, y Guajira.<\/div>\n<div><\/div>\n<div>Realizar\u00e1 acompa\u00f1amientos a los m\u00e1s de 150 controles viales en zonas urbanas.<\/div>\n<div><\/div>\n<div>El Observatorio Nacional de Seguridad Vial creo el aplicativo ESRI para recibir reportes diarios de las acciones de control de los grupos de control DITRA durante este puente festivo y la temporada de vacaciones.<\/div>\n<div><\/div>\n<h2>Prevenci\u00f3n para millones de personas<\/h2>\n<div><\/div>\n<div>De acuerdo con las proyecciones de movilidad se estima que en toda la temporada de vacaciones circulen 3\u00b4759.829 veh\u00edculos por las carreteras nacionales, 1\u00b4149.388 por las v\u00edas del departamento de Cundinamarca y 621.932 en Bogot\u00e1.<\/div>\n<div><\/div>\n<blockquote>\n<div>\u201cDesplegaremos 110 \u00e1reas de prevenci\u00f3n y control, con la misi\u00f3n de contribuir a la reducci\u00f3n de los siniestros viales, en las v\u00edas nacionales. Nuestra invitaci\u00f3n en este puente festivo y temporada alta es celebremos en familia por la seguridad vial\u201d, resalt\u00f3 la Coronel Claudia Susana Blanco, directora de Tr\u00e1nsito y Transporte de la Polic\u00eda Nacional.<\/div>\n<\/blockquote>\n<div><\/div>\n<h2>Operativos de la ANI<\/h2>\n<div><\/div>\n<div>Seg\u00fan datos de la Agencia Nacional de Infraestructura-ANI, en los 43 proyectos concesionados, se dispondr\u00e1n m\u00e1s de 6.500 personas en los corredores.<\/div>\n<div><\/div>\n<div>La ANI cuenta con 2.800 dispositivos ITS (Sistemas Inteligentes de Transporte) en los proyectos, que incluyen, paneles de mensajer\u00eda variable, casetas de peaje habilitadas con pago electr\u00f3nico, c\u00e1maras, b\u00e1sculas din\u00e1micas y est\u00e1ticas, postes SOS y Centros de Control y Operaci\u00f3n (CCO).<\/div>\n<div><\/div>\n<div>En cada uno de los 43 proyectos de concesi\u00f3n se cuenta con Centros de Control y Operaci\u00f3n (CCO), desde los cuales se monitorean las condiciones de transitabilidad de los corredores viales. Estos Centros verifican la operaci\u00f3n mediante 1.393 c\u00e1maras.<\/div>\n<div><\/div>\n<h2>Medidores de velocidad y atentos a contingencias<\/h2>\n<div><\/div>\n<div>As\u00ed mismo, se dispondr\u00e1n 50 medidores de velocidad. Para facilitar la movilidad de viajeros durante este fin de semana festivo, el Instituto Nacional de V\u00edas, Inv\u00edas, contar\u00e1 con 956 operarios en las 31 estaciones de peaje a su cargo, quienes trabajar\u00e1n de acuerdo con las horas pico de tr\u00e1nsito.<\/div>\n<div><\/div>\n<div>Para atender cualquier evento que llegara a presentarse, el Inv\u00edas cuenta con 2.000 microempresarios y 70 administradores viales en 270 frentes, dispuestos a atender de manera inmediata cualquier contingencia.<\/div>\n<div><\/div>\n<div>Adicional a lo anterior, de la mano con las Fuerzas Militares y Polic\u00eda de Carreteras se dispondr\u00e1 de 31 puestos de control en 26 tramos viales de 16 departamentos con un total de 839 efectivos.<\/div>\n<div><\/div>\n","protected":false},"excerpt":{"rendered":"<p>Direcci\u00f3n de Tr\u00e1nsito y Transporte de la Polic\u00eda Nacional-DITRA, har\u00e1 presencia con cinco mil mujeres y hombres y desplegar\u00e1 110 \u00e1reas de prevenci\u00f3n y control en el territorio nacional. Con la campa\u00f1a \u00b4Puente Festivo Seguro\u00b4 se intensificar\u00e1 presencia en las infraestructuras de transporte para orientar y sensibilizar sobre movilizaci\u00f3n de<span class=\"more-link\"><a href=\"https:\/\/ciudadyregion.com.co\/index.php\/se-vinieron-las-vacaciones-se-estima-que-mas-de-16-millones-de-pasajeros-se-movilizaran-por-las-terminales-y-21-millones-mas-por-aeropuertos\/nacional\/\">Continuar Leyendo<\/a><\/span><\/p>\n","protected":false},"author":2,"featured_media":15891,"comment_status":"open","ping_status":"open","sticky":false,"template":"","format":"standard","meta":{"_uf_show_specific_survey":0,"_uf_disable_surveys":false,"_jetpack_memberships_contains_paid_content":false,"footnotes":"","jetpack_publicize_message":"","jetpack_publicize_feature_enabled":true,"jetpack_social_post_already_shared":true,"jetpack_social_options":{"image_generator_settings":{"template":"highway","enabled":false},"version":2}},"categories":[23],"tags":[],"class_list":["entry","author-diegoaguirre","post-15890","post","type-post","status-publish","format-standard","has-post-thumbnail","category-nacional"],"jetpack_publicize_connections":[],"yoast_head":"<!-- This site is optimized with the Yoast SEO plugin v24.3 - https:\/\/yoast.com\/wordpress\/plugins\/seo\/ -->\n<title>Se vinieron las vacaciones: Se estima que m\u00e1s de 16 millones de pasajeros se movilizar\u00e1n por las terminales y 21 millones m\u00e1s por aeropuertos - Ciudad y Region<\/title>\n<meta name=\"robots\" content=\"index, follow, max-snippet:-1, max-image-preview:large, max-video-preview:-1\" \/>\n<link rel=\"canonical\" href=\"https:\/\/ciudadyregion.com.co\/index.php\/se-vinieron-las-vacaciones-se-estima-que-mas-de-16-millones-de-pasajeros-se-movilizaran-por-las-terminales-y-21-millones-mas-por-aeropuertos\/nacional\/\" \/>\n<meta property=\"og:locale\" content=\"es_ES\" \/>\n<meta property=\"og:type\" content=\"article\" \/>\n<meta property=\"og:title\" content=\"Se vinieron las vacaciones: Se estima que m\u00e1s de 16 millones de pasajeros se movilizar\u00e1n por las terminales y 21 millones m\u00e1s por aeropuertos - Ciudad y Region\" \/>\n<meta property=\"og:description\" content=\"Direcci\u00f3n de Tr\u00e1nsito y Transporte de la Polic\u00eda Nacional-DITRA, har\u00e1 presencia con cinco mil mujeres y hombres y desplegar\u00e1 110 \u00e1reas de prevenci\u00f3n y control en el territorio nacional. Con la campa\u00f1a \u00b4Puente Festivo Seguro\u00b4 se intensificar\u00e1 presencia en las infraestructuras de transporte para orientar y sensibilizar sobre movilizaci\u00f3n deContinuar Leyendo\" \/>\n<meta property=\"og:url\" content=\"https:\/\/ciudadyregion.com.co\/index.php\/se-vinieron-las-vacaciones-se-estima-que-mas-de-16-millones-de-pasajeros-se-movilizaran-por-las-terminales-y-21-millones-mas-por-aeropuertos\/nacional\/\" \/>\n<meta property=\"og:site_name\" content=\"Ciudad y Region\" \/>\n<meta property=\"article:published_time\" content=\"2024-06-08T09:37:23+00:00\" \/>\n<meta property=\"article:modified_time\" content=\"2024-06-08T04:37:56+00:00\" \/>\n<meta property=\"og:image\" content=\"https:\/\/i0.wp.com\/ciudadyregion.com.co\/wp-content\/uploads\/2024\/06\/5-3.jpg?fit=800%2C445&ssl=1\" \/>\n\t<meta property=\"og:image:width\" content=\"800\" \/>\n\t<meta property=\"og:image:height\" content=\"445\" \/>\n\t<meta property=\"og:image:type\" content=\"image\/jpeg\" \/>\n<meta name=\"author\" content=\"David Andr\u00e9s Aguirre\" \/>\n<meta name=\"twitter:card\" content=\"summary_large_image\" \/>\n<meta name=\"twitter:label1\" content=\"Escrito por\" \/>\n\t<meta name=\"twitter:data1\" content=\"David Andr\u00e9s Aguirre\" \/>\n\t<meta name=\"twitter:label2\" content=\"Tiempo de lectura\" \/>\n\t<meta name=\"twitter:data2\" content=\"5 minutos\" \/>\n<script type=\"application\/ld+json\" class=\"yoast-schema-graph\">{\"@context\":\"https:\/\/schema.org\",\"@graph\":[{\"@type\":\"WebPage\",\"@id\":\"https:\/\/ciudadyregion.com.co\/index.php\/se-vinieron-las-vacaciones-se-estima-que-mas-de-16-millones-de-pasajeros-se-movilizaran-por-las-terminales-y-21-millones-mas-por-aeropuertos\/nacional\/\",\"url\":\"https:\/\/ciudadyregion.com.co\/index.php\/se-vinieron-las-vacaciones-se-estima-que-mas-de-16-millones-de-pasajeros-se-movilizaran-por-las-terminales-y-21-millones-mas-por-aeropuertos\/nacional\/\",\"name\":\"Se vinieron las vacaciones: Se estima que m\u00e1s de 16 millones de pasajeros se movilizar\u00e1n por las terminales y 21 millones m\u00e1s por aeropuertos - Ciudad y Region\",\"isPartOf\":{\"@id\":\"https:\/\/ciudadyregion.com.co\/#website\"},\"primaryImageOfPage\":{\"@id\":\"https:\/\/ciudadyregion.com.co\/index.php\/se-vinieron-las-vacaciones-se-estima-que-mas-de-16-millones-de-pasajeros-se-movilizaran-por-las-terminales-y-21-millones-mas-por-aeropuertos\/nacional\/#primaryimage\"},\"image\":{\"@id\":\"https:\/\/ciudadyregion.com.co\/index.php\/se-vinieron-las-vacaciones-se-estima-que-mas-de-16-millones-de-pasajeros-se-movilizaran-por-las-terminales-y-21-millones-mas-por-aeropuertos\/nacional\/#primaryimage\"},\"thumbnailUrl\":\"https:\/\/i0.wp.com\/ciudadyregion.com.co\/wp-content\/uploads\/2024\/06\/5-3.jpg?fit=800%2C445&ssl=1\",\"datePublished\":\"2024-06-08T09:37:23+00:00\",\"dateModified\":\"2024-06-08T04:37:56+00:00\",\"author\":{\"@id\":\"https:\/\/ciudadyregion.com.co\/#\/schema\/person\/04a4954373ebc4051f46e8c65ff78622\"},\"breadcrumb\":{\"@id\":\"https:\/\/ciudadyregion.com.co\/index.php\/se-vinieron-las-vacaciones-se-estima-que-mas-de-16-millones-de-pasajeros-se-movilizaran-por-las-terminales-y-21-millones-mas-por-aeropuertos\/nacional\/#breadcrumb\"},\"inLanguage\":\"es\",\"potentialAction\":[{\"@type\":\"ReadAction\",\"target\":[\"https:\/\/ciudadyregion.com.co\/index.php\/se-vinieron-las-vacaciones-se-estima-que-mas-de-16-millones-de-pasajeros-se-movilizaran-por-las-terminales-y-21-millones-mas-por-aeropuertos\/nacional\/\"]}]},{\"@type\":\"ImageObject\",\"inLanguage\":\"es\",\"@id\":\"https:\/\/ciudadyregion.com.co\/index.php\/se-vinieron-las-vacaciones-se-estima-que-mas-de-16-millones-de-pasajeros-se-movilizaran-por-las-terminales-y-21-millones-mas-por-aeropuertos\/nacional\/#primaryimage\",\"url\":\"https:\/\/i0.wp.com\/ciudadyregion.com.co\/wp-content\/uploads\/2024\/06\/5-3.jpg?fit=800%2C445&ssl=1\",\"contentUrl\":\"https:\/\/i0.wp.com\/ciudadyregion.com.co\/wp-content\/uploads\/2024\/06\/5-3.jpg?fit=800%2C445&ssl=1\",\"width\":800,\"height\":445},{\"@type\":\"BreadcrumbList\",\"@id\":\"https:\/\/ciudadyregion.com.co\/index.php\/se-vinieron-las-vacaciones-se-estima-que-mas-de-16-millones-de-pasajeros-se-movilizaran-por-las-terminales-y-21-millones-mas-por-aeropuertos\/nacional\/#breadcrumb\",\"itemListElement\":[{\"@type\":\"ListItem\",\"position\":1,\"name\":\"Portada\",\"item\":\"https:\/\/ciudadyregion.com.co\/\"},{\"@type\":\"ListItem\",\"position\":2,\"name\":\"Se vinieron las vacaciones: Se estima que m\u00e1s de 16 millones de pasajeros se movilizar\u00e1n por las terminales y 21 millones m\u00e1s por aeropuertos\"}]},{\"@type\":\"WebSite\",\"@id\":\"https:\/\/ciudadyregion.com.co\/#website\",\"url\":\"https:\/\/ciudadyregion.com.co\/\",\"name\":\"Ciudad y Region\",\"description\":\"\",\"potentialAction\":[{\"@type\":\"SearchAction\",\"target\":{\"@type\":\"EntryPoint\",\"urlTemplate\":\"https:\/\/ciudadyregion.com.co\/?s={search_term_string}\"},\"query-input\":{\"@type\":\"PropertyValueSpecification\",\"valueRequired\":true,\"valueName\":\"search_term_string\"}}],\"inLanguage\":\"es\"},{\"@type\":\"Person\",\"@id\":\"https:\/\/ciudadyregion.com.co\/#\/schema\/person\/04a4954373ebc4051f46e8c65ff78622\",\"name\":\"David Andr\u00e9s Aguirre\",\"image\":{\"@type\":\"ImageObject\",\"inLanguage\":\"es\",\"@id\":\"https:\/\/ciudadyregion.com.co\/#\/schema\/person\/image\/\",\"url\":\"https:\/\/secure.gravatar.com\/avatar\/bc3c655860202182ee6d1b5edd042dbe?s=96&d=mm&r=g\",\"contentUrl\":\"https:\/\/secure.gravatar.com\/avatar\/bc3c655860202182ee6d1b5edd042dbe?s=96&d=mm&r=g\",\"caption\":\"David Andr\u00e9s Aguirre\"},\"url\":\"https:\/\/ciudadyregion.com.co\/index.php\/author\/diegoaguirre\/\"}]}<\/script>\n<!-- \/ Yoast SEO plugin. -->","yoast_head_json":{"title":"Se vinieron las vacaciones: Se estima que m\u00e1s de 16 millones de pasajeros se movilizar\u00e1n por las terminales y 21 millones m\u00e1s por aeropuertos - Ciudad y Region","robots":{"index":"index","follow":"follow","max-snippet":"max-snippet:-1","max-image-preview":"max-image-preview:large","max-video-preview":"max-video-preview:-1"},"canonical":"https:\/\/ciudadyregion.com.co\/index.php\/se-vinieron-las-vacaciones-se-estima-que-mas-de-16-millones-de-pasajeros-se-movilizaran-por-las-terminales-y-21-millones-mas-por-aeropuertos\/nacional\/","og_locale":"es_ES","og_type":"article","og_title":"Se vinieron las vacaciones: Se estima que m\u00e1s de 16 millones de pasajeros se movilizar\u00e1n por las terminales y 21 millones m\u00e1s por aeropuertos - Ciudad y Region","og_description":"Direcci\u00f3n de Tr\u00e1nsito y Transporte de la Polic\u00eda Nacional-DITRA, har\u00e1 presencia con cinco mil mujeres y hombres y desplegar\u00e1 110 \u00e1reas de prevenci\u00f3n y control en el territorio nacional. Con la campa\u00f1a \u00b4Puente Festivo Seguro\u00b4 se intensificar\u00e1 presencia en las infraestructuras de transporte para orientar y sensibilizar sobre movilizaci\u00f3n deContinuar Leyendo","og_url":"https:\/\/ciudadyregion.com.co\/index.php\/se-vinieron-las-vacaciones-se-estima-que-mas-de-16-millones-de-pasajeros-se-movilizaran-por-las-terminales-y-21-millones-mas-por-aeropuertos\/nacional\/","og_site_name":"Ciudad y Region","article_published_time":"2024-06-08T09:37:23+00:00","article_modified_time":"2024-06-08T04:37:56+00:00","og_image":[{"width":800,"height":445,"url":"https:\/\/i0.wp.com\/ciudadyregion.com.co\/wp-content\/uploads\/2024\/06\/5-3.jpg?fit=800%2C445&ssl=1","type":"image\/jpeg"}],"author":"David Andr\u00e9s Aguirre","twitter_card":"summary_large_image","twitter_misc":{"Escrito por":"David Andr\u00e9s Aguirre","Tiempo de lectura":"5 minutos"},"schema":{"@context":"https:\/\/schema.org","@graph":[{"@type":"WebPage","@id":"https:\/\/ciudadyregion.com.co\/index.php\/se-vinieron-las-vacaciones-se-estima-que-mas-de-16-millones-de-pasajeros-se-movilizaran-por-las-terminales-y-21-millones-mas-por-aeropuertos\/nacional\/","url":"https:\/\/ciudadyregion.com.co\/index.php\/se-vinieron-las-vacaciones-se-estima-que-mas-de-16-millones-de-pasajeros-se-movilizaran-por-las-terminales-y-21-millones-mas-por-aeropuertos\/nacional\/","name":"Se vinieron las vacaciones: Se estima que m\u00e1s de 16 millones de pasajeros se movilizar\u00e1n por las terminales y 21 millones m\u00e1s por aeropuertos - Ciudad y Region","isPartOf":{"@id":"https:\/\/ciudadyregion.com.co\/#website"},"primaryImageOfPage":{"@id":"https:\/\/ciudadyregion.com.co\/index.php\/se-vinieron-las-vacaciones-se-estima-que-mas-de-16-millones-de-pasajeros-se-movilizaran-por-las-terminales-y-21-millones-mas-por-aeropuertos\/nacional\/#primaryimage"},"image":{"@id":"https:\/\/ciudadyregion.com.co\/index.php\/se-vinieron-las-vacaciones-se-estima-que-mas-de-16-millones-de-pasajeros-se-movilizaran-por-las-terminales-y-21-millones-mas-por-aeropuertos\/nacional\/#primaryimage"},"thumbnailUrl":"https:\/\/i0.wp.com\/ciudadyregion.com.co\/wp-content\/uploads\/2024\/06\/5-3.jpg?fit=800%2C445&ssl=1","datePublished":"2024-06-08T09:37:23+00:00","dateModified":"2024-06-08T04:37:56+00:00","author":{"@id":"https:\/\/ciudadyregion.com.co\/#\/schema\/person\/04a4954373ebc4051f46e8c65ff78622"},"breadcrumb":{"@id":"https:\/\/ciudadyregion.com.co\/index.php\/se-vinieron-las-vacaciones-se-estima-que-mas-de-16-millones-de-pasajeros-se-movilizaran-por-las-terminales-y-21-millones-mas-por-aeropuertos\/nacional\/#breadcrumb"},"inLanguage":"es","potentialAction":[{"@type":"ReadAction","target":["https:\/\/ciudadyregion.com.co\/index.php\/se-vinieron-las-vacaciones-se-estima-que-mas-de-16-millones-de-pasajeros-se-movilizaran-por-las-terminales-y-21-millones-mas-por-aeropuertos\/nacional\/"]}]},{"@type":"ImageObject","inLanguage":"es","@id":"https:\/\/ciudadyregion.com.co\/index.php\/se-vinieron-las-vacaciones-se-estima-que-mas-de-16-millones-de-pasajeros-se-movilizaran-por-las-terminales-y-21-millones-mas-por-aeropuertos\/nacional\/#primaryimage","url":"https:\/\/i0.wp.com\/ciudadyregion.com.co\/wp-content\/uploads\/2024\/06\/5-3.jpg?fit=800%2C445&ssl=1","contentUrl":"https:\/\/i0.wp.com\/ciudadyregion.com.co\/wp-content\/uploads\/2024\/06\/5-3.jpg?fit=800%2C445&ssl=1","width":800,"height":445},{"@type":"BreadcrumbList","@id":"https:\/\/ciudadyregion.com.co\/index.php\/se-vinieron-las-vacaciones-se-estima-que-mas-de-16-millones-de-pasajeros-se-movilizaran-por-las-terminales-y-21-millones-mas-por-aeropuertos\/nacional\/#breadcrumb","itemListElement":[{"@type":"ListItem","position":1,"name":"Portada","item":"https:\/\/ciudadyregion.com.co\/"},{"@type":"ListItem","position":2,"name":"Se vinieron las vacaciones: Se estima que m\u00e1s de 16 millones de pasajeros se movilizar\u00e1n por las terminales y 21 millones m\u00e1s por aeropuertos"}]},{"@type":"WebSite","@id":"https:\/\/ciudadyregion.com.co\/#website","url":"https:\/\/ciudadyregion.com.co\/","name":"Ciudad y Region","description":"","potentialAction":[{"@type":"SearchAction","target":{"@type":"EntryPoint","urlTemplate":"https:\/\/ciudadyregion.com.co\/?s={search_term_string}"},"query-input":{"@type":"PropertyValueSpecification","valueRequired":true,"valueName":"search_term_string"}}],"inLanguage":"es"},{"@type":"Person","@id":"https:\/\/ciudadyregion.com.co\/#\/schema\/person\/04a4954373ebc4051f46e8c65ff78622","name":"David Andr\u00e9s Aguirre","image":{"@type":"ImageObject","inLanguage":"es","@id":"https:\/\/ciudadyregion.com.co\/#\/schema\/person\/image\/","url":"https:\/\/secure.gravatar.com\/avatar\/bc3c655860202182ee6d1b5edd042dbe?s=96&d=mm&r=g","contentUrl":"https:\/\/secure.gravatar.com\/avatar\/bc3c655860202182ee6d1b5edd042dbe?s=96&d=mm&r=g","caption":"David Andr\u00e9s Aguirre"},"url":"https:\/\/ciudadyregion.com.co\/index.php\/author\/diegoaguirre\/"}]}},"jetpack_featured_media_url":"https:\/\/i0.wp.com\/ciudadyregion.com.co\/wp-content\/uploads\/2024\/06\/5-3.jpg?fit=800%2C445&ssl=1","jetpack_sharing_enabled":true,"jetpack_shortlink":"https:\/\/wp.me\/pbS7hh-48i","jetpack-related-posts":[],"_links":{"self":[{"href":"https:\/\/ciudadyregion.com.co\/index.php\/wp-json\/wp\/v2\/posts\/15890"}],"collection":[{"href":"https:\/\/ciudadyregion.com.co\/index.php\/wp-json\/wp\/v2\/posts"}],"about":[{"href":"https:\/\/ciudadyregion.com.co\/index.php\/wp-json\/wp\/v2\/types\/post"}],"author":[{"embeddable":true,"href":"https:\/\/ciudadyregion.com.co\/index.php\/wp-json\/wp\/v2\/users\/2"}],"replies":[{"embeddable":true,"href":"https:\/\/ciudadyregion.com.co\/index.php\/wp-json\/wp\/v2\/comments?post=15890"}],"version-history":[{"count":1,"href":"https:\/\/ciudadyregion.com.co\/index.php\/wp-json\/wp\/v2\/posts\/15890\/revisions"}],"predecessor-version":[{"id":15892,"href":"https:\/\/ciudadyregion.com.co\/index.php\/wp-json\/wp\/v2\/posts\/15890\/revisions\/15892"}],"wp:featuredmedia":[{"embeddable":true,"href":"https:\/\/ciudadyregion.com.co\/index.php\/wp-json\/wp\/v2\/media\/15891"}],"wp:attachment":[{"href":"https:\/\/ciudadyregion.com.co\/index.php\/wp-json\/wp\/v2\/media?parent=15890"}],"wp:term":[{"taxonomy":"category","embeddable":true,"href":"https:\/\/ciudadyregion.com.co\/index.php\/wp-json\/wp\/v2\/categories?post=15890"},{"taxonomy":"post_tag","embeddable":true,"href":"https:\/\/ciudadyregion.com.co\/index.php\/wp-json\/wp\/v2\/tags?post=15890"}],"curies":[{"name":"wp","href":"https:\/\/api.w.org\/{rel}","templated":true}]}}