{"id":15888,"date":"2024-06-08T04:32:11","date_gmt":"2024-06-08T09:32:11","guid":{"rendered":"https:\/\/ciudadyregion.com.co\/?p=15888"},"modified":"2024-06-07T23:33:12","modified_gmt":"2024-06-08T04:33:12","slug":"enviado-a-prision-el-hombre-que-asesino-a-su-pareja-con-arma-blanca-en-un-centro-comercial-de-bogota","status":"publish","type":"post","link":"https:\/\/ciudadyregion.com.co\/index.php\/enviado-a-prision-el-hombre-que-asesino-a-su-pareja-con-arma-blanca-en-un-centro-comercial-de-bogota\/judicial\/","title":{"rendered":"Enviado a prisi\u00f3n el hombre que asesin\u00f3 a su pareja con arma blanca en un centro comercial de Bogot\u00e1"},"content":{"rendered":"<ul>\n<li><strong><em>El procesado fue capturado en flagrancia y trasladado al hospital Sim\u00f3n Bol\u00edvar donde se recuper\u00f3 de varias lesiones que se caus\u00f3.<\/em><\/strong><\/li>\n<\/ul>\n<p>Ante la contundencia del material de prueba aportado por la Fiscal\u00eda General de la Naci\u00f3n, un juez de control de garant\u00edas impuso medida de aseguramiento en establecimiento carcelario al hombre se\u00f1alado de causarle la muerte a su pareja con arma cortopunzante, el pasado 29 de mayo, en un centro comercial de la localidad de Suba, en el noroccidente de Bogot\u00e1.<\/p>\n<p>En el curso de la investigaci\u00f3n se conoci\u00f3 que el hoy procesado lleg\u00f3 a un local comercial de venta de elementos de hogar y atac\u00f3 a la v\u00edctima en repetidas oportunidades.<\/p>\n<p>Posteriormente, fue capturado en el lugar de los hechos por unidades de la Polic\u00eda Nacional, y trasladado a un hospital del norte de Bogot\u00e1 para que lo atendieran de m\u00faltiples heridas que se caus\u00f3.<\/p>\n<p>En ese sentido, una fiscal de la Unidad de Vida de la Seccional Bogot\u00e1 le imput\u00f3 el delito de feminicidio agravado El cargo no fue aceptado.<\/p>\n","protected":false},"excerpt":{"rendered":"<p>El procesado fue capturado en flagrancia y trasladado al hospital Sim\u00f3n Bol\u00edvar donde se recuper\u00f3 de varias lesiones que se caus\u00f3. Ante la contundencia del material de prueba aportado por la Fiscal\u00eda General de la Naci\u00f3n, un juez de control de garant\u00edas impuso medida de aseguramiento en establecimiento carcelario al<span class=\"more-link\"><a href=\"https:\/\/ciudadyregion.com.co\/index.php\/enviado-a-prision-el-hombre-que-asesino-a-su-pareja-con-arma-blanca-en-un-centro-comercial-de-bogota\/judicial\/\">Continuar Leyendo<\/a><\/span><\/p>\n","protected":false},"author":2,"featured_media":11339,"comment_status":"open","ping_status":"open","sticky":false,"template":"","format":"standard","meta":{"_uf_show_specific_survey":0,"_uf_disable_surveys":false,"_jetpack_memberships_contains_paid_content":false,"footnotes":"","jetpack_publicize_message":"","jetpack_publicize_feature_enabled":true,"jetpack_social_post_already_shared":true,"jetpack_social_options":{"image_generator_settings":{"template":"highway","enabled":false},"version":2}},"categories":[18],"tags":[],"class_list":["entry","author-diegoaguirre","post-15888","post","type-post","status-publish","format-standard","has-post-thumbnail","category-judicial"],"jetpack_publicize_connections":[],"yoast_head":"<!-- This site is optimized with the Yoast SEO plugin v24.3 - https:\/\/yoast.com\/wordpress\/plugins\/seo\/ -->\n<title>Enviado a prisi\u00f3n el hombre que asesin\u00f3 a su pareja con arma blanca en un centro comercial de Bogot\u00e1 - Ciudad y Region<\/title>\n<meta name=\"robots\" content=\"index, follow, max-snippet:-1, max-image-preview:large, max-video-preview:-1\" \/>\n<link rel=\"canonical\" href=\"https:\/\/ciudadyregion.com.co\/index.php\/enviado-a-prision-el-hombre-que-asesino-a-su-pareja-con-arma-blanca-en-un-centro-comercial-de-bogota\/judicial\/\" \/>\n<meta property=\"og:locale\" content=\"es_ES\" \/>\n<meta property=\"og:type\" content=\"article\" \/>\n<meta property=\"og:title\" content=\"Enviado a prisi\u00f3n el hombre que asesin\u00f3 a su pareja con arma blanca en un centro comercial de Bogot\u00e1 - Ciudad y Region\" \/>\n<meta property=\"og:description\" content=\"El procesado fue capturado en flagrancia y trasladado al hospital Sim\u00f3n Bol\u00edvar donde se recuper\u00f3 de varias lesiones que se caus\u00f3. Ante la contundencia del material de prueba aportado por la Fiscal\u00eda General de la Naci\u00f3n, un juez de control de garant\u00edas impuso medida de aseguramiento en establecimiento carcelario alContinuar Leyendo\" \/>\n<meta property=\"og:url\" content=\"https:\/\/ciudadyregion.com.co\/index.php\/enviado-a-prision-el-hombre-que-asesino-a-su-pareja-con-arma-blanca-en-un-centro-comercial-de-bogota\/judicial\/\" \/>\n<meta property=\"og:site_name\" content=\"Ciudad y Region\" \/>\n<meta property=\"article:published_time\" content=\"2024-06-08T09:32:11+00:00\" \/>\n<meta property=\"article:modified_time\" content=\"2024-06-08T04:33:12+00:00\" \/>\n<meta property=\"og:image\" content=\"https:\/\/i0.wp.com\/ciudadyregion.com.co\/wp-content\/uploads\/2024\/04\/asesinato-homciidio-arma-blanca-punalada.jpg?fit=800%2C445&ssl=1\" \/>\n\t<meta property=\"og:image:width\" content=\"800\" \/>\n\t<meta property=\"og:image:height\" content=\"445\" \/>\n\t<meta property=\"og:image:type\" content=\"image\/jpeg\" \/>\n<meta name=\"author\" content=\"David Andr\u00e9s Aguirre\" \/>\n<meta name=\"twitter:card\" content=\"summary_large_image\" \/>\n<meta name=\"twitter:label1\" content=\"Escrito por\" \/>\n\t<meta name=\"twitter:data1\" content=\"David Andr\u00e9s Aguirre\" \/>\n\t<meta name=\"twitter:label2\" content=\"Tiempo de lectura\" \/>\n\t<meta name=\"twitter:data2\" content=\"1 minuto\" \/>\n<script type=\"application\/ld+json\" class=\"yoast-schema-graph\">{\"@context\":\"https:\/\/schema.org\",\"@graph\":[{\"@type\":\"WebPage\",\"@id\":\"https:\/\/ciudadyregion.com.co\/index.php\/enviado-a-prision-el-hombre-que-asesino-a-su-pareja-con-arma-blanca-en-un-centro-comercial-de-bogota\/judicial\/\",\"url\":\"https:\/\/ciudadyregion.com.co\/index.php\/enviado-a-prision-el-hombre-que-asesino-a-su-pareja-con-arma-blanca-en-un-centro-comercial-de-bogota\/judicial\/\",\"name\":\"Enviado a prisi\u00f3n el hombre que asesin\u00f3 a su pareja con arma blanca en un centro comercial de Bogot\u00e1 - Ciudad y Region\",\"isPartOf\":{\"@id\":\"https:\/\/ciudadyregion.com.co\/#website\"},\"primaryImageOfPage\":{\"@id\":\"https:\/\/ciudadyregion.com.co\/index.php\/enviado-a-prision-el-hombre-que-asesino-a-su-pareja-con-arma-blanca-en-un-centro-comercial-de-bogota\/judicial\/#primaryimage\"},\"image\":{\"@id\":\"https:\/\/ciudadyregion.com.co\/index.php\/enviado-a-prision-el-hombre-que-asesino-a-su-pareja-con-arma-blanca-en-un-centro-comercial-de-bogota\/judicial\/#primaryimage\"},\"thumbnailUrl\":\"https:\/\/i0.wp.com\/ciudadyregion.com.co\/wp-content\/uploads\/2024\/04\/asesinato-homciidio-arma-blanca-punalada.jpg?fit=800%2C445&ssl=1\",\"datePublished\":\"2024-06-08T09:32:11+00:00\",\"dateModified\":\"2024-06-08T04:33:12+00:00\",\"author\":{\"@id\":\"https:\/\/ciudadyregion.com.co\/#\/schema\/person\/04a4954373ebc4051f46e8c65ff78622\"},\"breadcrumb\":{\"@id\":\"https:\/\/ciudadyregion.com.co\/index.php\/enviado-a-prision-el-hombre-que-asesino-a-su-pareja-con-arma-blanca-en-un-centro-comercial-de-bogota\/judicial\/#breadcrumb\"},\"inLanguage\":\"es\",\"potentialAction\":[{\"@type\":\"ReadAction\",\"target\":[\"https:\/\/ciudadyregion.com.co\/index.php\/enviado-a-prision-el-hombre-que-asesino-a-su-pareja-con-arma-blanca-en-un-centro-comercial-de-bogota\/judicial\/\"]}]},{\"@type\":\"ImageObject\",\"inLanguage\":\"es\",\"@id\":\"https:\/\/ciudadyregion.com.co\/index.php\/enviado-a-prision-el-hombre-que-asesino-a-su-pareja-con-arma-blanca-en-un-centro-comercial-de-bogota\/judicial\/#primaryimage\",\"url\":\"https:\/\/i0.wp.com\/ciudadyregion.com.co\/wp-content\/uploads\/2024\/04\/asesinato-homciidio-arma-blanca-punalada.jpg?fit=800%2C445&ssl=1\",\"contentUrl\":\"https:\/\/i0.wp.com\/ciudadyregion.com.co\/wp-content\/uploads\/2024\/04\/asesinato-homciidio-arma-blanca-punalada.jpg?fit=800%2C445&ssl=1\",\"width\":800,\"height\":445},{\"@type\":\"BreadcrumbList\",\"@id\":\"https:\/\/ciudadyregion.com.co\/index.php\/enviado-a-prision-el-hombre-que-asesino-a-su-pareja-con-arma-blanca-en-un-centro-comercial-de-bogota\/judicial\/#breadcrumb\",\"itemListElement\":[{\"@type\":\"ListItem\",\"position\":1,\"name\":\"Portada\",\"item\":\"https:\/\/ciudadyregion.com.co\/\"},{\"@type\":\"ListItem\",\"position\":2,\"name\":\"Enviado a prisi\u00f3n el hombre que asesin\u00f3 a su pareja con arma blanca en un centro comercial de Bogot\u00e1\"}]},{\"@type\":\"WebSite\",\"@id\":\"https:\/\/ciudadyregion.com.co\/#website\",\"url\":\"https:\/\/ciudadyregion.com.co\/\",\"name\":\"Ciudad y Region\",\"description\":\"\",\"potentialAction\":[{\"@type\":\"SearchAction\",\"target\":{\"@type\":\"EntryPoint\",\"urlTemplate\":\"https:\/\/ciudadyregion.com.co\/?s={search_term_string}\"},\"query-input\":{\"@type\":\"PropertyValueSpecification\",\"valueRequired\":true,\"valueName\":\"search_term_string\"}}],\"inLanguage\":\"es\"},{\"@type\":\"Person\",\"@id\":\"https:\/\/ciudadyregion.com.co\/#\/schema\/person\/04a4954373ebc4051f46e8c65ff78622\",\"name\":\"David Andr\u00e9s Aguirre\",\"image\":{\"@type\":\"ImageObject\",\"inLanguage\":\"es\",\"@id\":\"https:\/\/ciudadyregion.com.co\/#\/schema\/person\/image\/\",\"url\":\"https:\/\/secure.gravatar.com\/avatar\/bc3c655860202182ee6d1b5edd042dbe?s=96&d=mm&r=g\",\"contentUrl\":\"https:\/\/secure.gravatar.com\/avatar\/bc3c655860202182ee6d1b5edd042dbe?s=96&d=mm&r=g\",\"caption\":\"David Andr\u00e9s Aguirre\"},\"url\":\"https:\/\/ciudadyregion.com.co\/index.php\/author\/diegoaguirre\/\"}]}<\/script>\n<!-- \/ Yoast SEO plugin. -->","yoast_head_json":{"title":"Enviado a prisi\u00f3n el hombre que asesin\u00f3 a su pareja con arma blanca en un centro comercial de Bogot\u00e1 - Ciudad y Region","robots":{"index":"index","follow":"follow","max-snippet":"max-snippet:-1","max-image-preview":"max-image-preview:large","max-video-preview":"max-video-preview:-1"},"canonical":"https:\/\/ciudadyregion.com.co\/index.php\/enviado-a-prision-el-hombre-que-asesino-a-su-pareja-con-arma-blanca-en-un-centro-comercial-de-bogota\/judicial\/","og_locale":"es_ES","og_type":"article","og_title":"Enviado a prisi\u00f3n el hombre que asesin\u00f3 a su pareja con arma blanca en un centro comercial de Bogot\u00e1 - Ciudad y Region","og_description":"El procesado fue capturado en flagrancia y trasladado al hospital Sim\u00f3n Bol\u00edvar donde se recuper\u00f3 de varias lesiones que se caus\u00f3. Ante la contundencia del material de prueba aportado por la Fiscal\u00eda General de la Naci\u00f3n, un juez de control de garant\u00edas impuso medida de aseguramiento en establecimiento carcelario alContinuar Leyendo","og_url":"https:\/\/ciudadyregion.com.co\/index.php\/enviado-a-prision-el-hombre-que-asesino-a-su-pareja-con-arma-blanca-en-un-centro-comercial-de-bogota\/judicial\/","og_site_name":"Ciudad y Region","article_published_time":"2024-06-08T09:32:11+00:00","article_modified_time":"2024-06-08T04:33:12+00:00","og_image":[{"width":800,"height":445,"url":"https:\/\/i0.wp.com\/ciudadyregion.com.co\/wp-content\/uploads\/2024\/04\/asesinato-homciidio-arma-blanca-punalada.jpg?fit=800%2C445&ssl=1","type":"image\/jpeg"}],"author":"David Andr\u00e9s Aguirre","twitter_card":"summary_large_image","twitter_misc":{"Escrito por":"David Andr\u00e9s Aguirre","Tiempo de lectura":"1 minuto"},"schema":{"@context":"https:\/\/schema.org","@graph":[{"@type":"WebPage","@id":"https:\/\/ciudadyregion.com.co\/index.php\/enviado-a-prision-el-hombre-que-asesino-a-su-pareja-con-arma-blanca-en-un-centro-comercial-de-bogota\/judicial\/","url":"https:\/\/ciudadyregion.com.co\/index.php\/enviado-a-prision-el-hombre-que-asesino-a-su-pareja-con-arma-blanca-en-un-centro-comercial-de-bogota\/judicial\/","name":"Enviado a prisi\u00f3n el hombre que asesin\u00f3 a su pareja con arma blanca en un centro comercial de Bogot\u00e1 - Ciudad y Region","isPartOf":{"@id":"https:\/\/ciudadyregion.com.co\/#website"},"primaryImageOfPage":{"@id":"https:\/\/ciudadyregion.com.co\/index.php\/enviado-a-prision-el-hombre-que-asesino-a-su-pareja-con-arma-blanca-en-un-centro-comercial-de-bogota\/judicial\/#primaryimage"},"image":{"@id":"https:\/\/ciudadyregion.com.co\/index.php\/enviado-a-prision-el-hombre-que-asesino-a-su-pareja-con-arma-blanca-en-un-centro-comercial-de-bogota\/judicial\/#primaryimage"},"thumbnailUrl":"https:\/\/i0.wp.com\/ciudadyregion.com.co\/wp-content\/uploads\/2024\/04\/asesinato-homciidio-arma-blanca-punalada.jpg?fit=800%2C445&ssl=1","datePublished":"2024-06-08T09:32:11+00:00","dateModified":"2024-06-08T04:33:12+00:00","author":{"@id":"https:\/\/ciudadyregion.com.co\/#\/schema\/person\/04a4954373ebc4051f46e8c65ff78622"},"breadcrumb":{"@id":"https:\/\/ciudadyregion.com.co\/index.php\/enviado-a-prision-el-hombre-que-asesino-a-su-pareja-con-arma-blanca-en-un-centro-comercial-de-bogota\/judicial\/#breadcrumb"},"inLanguage":"es","potentialAction":[{"@type":"ReadAction","target":["https:\/\/ciudadyregion.com.co\/index.php\/enviado-a-prision-el-hombre-que-asesino-a-su-pareja-con-arma-blanca-en-un-centro-comercial-de-bogota\/judicial\/"]}]},{"@type":"ImageObject","inLanguage":"es","@id":"https:\/\/ciudadyregion.com.co\/index.php\/enviado-a-prision-el-hombre-que-asesino-a-su-pareja-con-arma-blanca-en-un-centro-comercial-de-bogota\/judicial\/#primaryimage","url":"https:\/\/i0.wp.com\/ciudadyregion.com.co\/wp-content\/uploads\/2024\/04\/asesinato-homciidio-arma-blanca-punalada.jpg?fit=800%2C445&ssl=1","contentUrl":"https:\/\/i0.wp.com\/ciudadyregion.com.co\/wp-content\/uploads\/2024\/04\/asesinato-homciidio-arma-blanca-punalada.jpg?fit=800%2C445&ssl=1","width":800,"height":445},{"@type":"BreadcrumbList","@id":"https:\/\/ciudadyregion.com.co\/index.php\/enviado-a-prision-el-hombre-que-asesino-a-su-pareja-con-arma-blanca-en-un-centro-comercial-de-bogota\/judicial\/#breadcrumb","itemListElement":[{"@type":"ListItem","position":1,"name":"Portada","item":"https:\/\/ciudadyregion.com.co\/"},{"@type":"ListItem","position":2,"name":"Enviado a prisi\u00f3n el hombre que asesin\u00f3 a su pareja con arma blanca en un centro comercial de Bogot\u00e1"}]},{"@type":"WebSite","@id":"https:\/\/ciudadyregion.com.co\/#website","url":"https:\/\/ciudadyregion.com.co\/","name":"Ciudad y Region","description":"","potentialAction":[{"@type":"SearchAction","target":{"@type":"EntryPoint","urlTemplate":"https:\/\/ciudadyregion.com.co\/?s={search_term_string}"},"query-input":{"@type":"PropertyValueSpecification","valueRequired":true,"valueName":"search_term_string"}}],"inLanguage":"es"},{"@type":"Person","@id":"https:\/\/ciudadyregion.com.co\/#\/schema\/person\/04a4954373ebc4051f46e8c65ff78622","name":"David Andr\u00e9s Aguirre","image":{"@type":"ImageObject","inLanguage":"es","@id":"https:\/\/ciudadyregion.com.co\/#\/schema\/person\/image\/","url":"https:\/\/secure.gravatar.com\/avatar\/bc3c655860202182ee6d1b5edd042dbe?s=96&d=mm&r=g","contentUrl":"https:\/\/secure.gravatar.com\/avatar\/bc3c655860202182ee6d1b5edd042dbe?s=96&d=mm&r=g","caption":"David Andr\u00e9s Aguirre"},"url":"https:\/\/ciudadyregion.com.co\/index.php\/author\/diegoaguirre\/"}]}},"jetpack_featured_media_url":"https:\/\/i0.wp.com\/ciudadyregion.com.co\/wp-content\/uploads\/2024\/04\/asesinato-homciidio-arma-blanca-punalada.jpg?fit=800%2C445&ssl=1","jetpack_sharing_enabled":true,"jetpack_shortlink":"https:\/\/wp.me\/pbS7hh-48g","jetpack-related-posts":[],"_links":{"self":[{"href":"https:\/\/ciudadyregion.com.co\/index.php\/wp-json\/wp\/v2\/posts\/15888"}],"collection":[{"href":"https:\/\/ciudadyregion.com.co\/index.php\/wp-json\/wp\/v2\/posts"}],"about":[{"href":"https:\/\/ciudadyregion.com.co\/index.php\/wp-json\/wp\/v2\/types\/post"}],"author":[{"embeddable":true,"href":"https:\/\/ciudadyregion.com.co\/index.php\/wp-json\/wp\/v2\/users\/2"}],"replies":[{"embeddable":true,"href":"https:\/\/ciudadyregion.com.co\/index.php\/wp-json\/wp\/v2\/comments?post=15888"}],"version-history":[{"count":1,"href":"https:\/\/ciudadyregion.com.co\/index.php\/wp-json\/wp\/v2\/posts\/15888\/revisions"}],"predecessor-version":[{"id":15889,"href":"https:\/\/ciudadyregion.com.co\/index.php\/wp-json\/wp\/v2\/posts\/15888\/revisions\/15889"}],"wp:featuredmedia":[{"embeddable":true,"href":"https:\/\/ciudadyregion.com.co\/index.php\/wp-json\/wp\/v2\/media\/11339"}],"wp:attachment":[{"href":"https:\/\/ciudadyregion.com.co\/index.php\/wp-json\/wp\/v2\/media?parent=15888"}],"wp:term":[{"taxonomy":"category","embeddable":true,"href":"https:\/\/ciudadyregion.com.co\/index.php\/wp-json\/wp\/v2\/categories?post=15888"},{"taxonomy":"post_tag","embeddable":true,"href":"https:\/\/ciudadyregion.com.co\/index.php\/wp-json\/wp\/v2\/tags?post=15888"}],"curies":[{"name":"wp","href":"https:\/\/api.w.org\/{rel}","templated":true}]}}