{"id":15882,"date":"2024-06-08T04:24:47","date_gmt":"2024-06-08T09:24:47","guid":{"rendered":"https:\/\/ciudadyregion.com.co\/?p=15882"},"modified":"2024-06-07T23:25:27","modified_gmt":"2024-06-08T04:25:27","slug":"buenas-noticias-gobierno-logra-acuerdo-con-seis-comercializadoras-de-energia-para-bajar-ya-las-tarifas-en-la-costa","status":"publish","type":"post","link":"https:\/\/ciudadyregion.com.co\/index.php\/buenas-noticias-gobierno-logra-acuerdo-con-seis-comercializadoras-de-energia-para-bajar-ya-las-tarifas-en-la-costa\/economia\/","title":{"rendered":"Buenas noticias: Gobierno logra acuerdo con seis comercializadoras de energ\u00eda para bajar ya las tarifas en la Costa"},"content":{"rendered":"<ul>\n<li><strong><em>Al acuerdo se acogieron las empresas Caribemar-Afinia, Grupo EPM, Air-E, CHEC, Centrales El\u00e9ctricas de Norte de Santander, Empresa de Energ\u00eda del Quind\u00edo y Vatia.<\/em><\/strong><\/li>\n<li><strong><em>Las tarifas bajar\u00e1n hasta 20% a partir de la pr\u00f3xima factura.<\/em><\/strong><\/li>\n<\/ul>\n<div><\/div>\n<div>Justo cuando se cumple el t\u00e9rmino de un mes que dio el presidente Gustavo Petro a los ministerios de Hacienda y Minas y Energ\u00eda para encontrar f\u00f3rmulas para reducir las tarifas de energ\u00eda el\u00e9ctrica, en especial en la costa Caribe, el Gobierno del Cambio logr\u00f3 un acuerdo con seis empresas comercializadoras.<\/div>\n<div><\/div>\n<div>Al acuerdo se acogieron las empresas Caribemar-Afinia, Grupo EPM, Air-E, CHEC, Centrales El\u00e9ctricas de Norte de Santander, Empresa de Energ\u00eda del Quind\u00edo y Vatia, que permitir\u00e1 reducir las tarifas hasta en 20%.<\/div>\n<div><\/div>\n<div>El ministro de Minas y Energ\u00eda, Andr\u00e9s Camacho, explic\u00f3 cu\u00e1l ser\u00e1 la hoja de ruta para concretar el acuerdo:<\/div>\n<div><\/div>\n<div>1. A trav\u00e9s de la banca p\u00fablica se entregar\u00e1n los recursos a estas empresas para que transfieran en la pr\u00f3xima factura el alivio a los hogares, y continuar con un proceso progresivo de reducci\u00f3n de tarifas.<\/div>\n<div><\/div>\n<div>2. Presentar al Congreso de la Rep\u00fablica el pr\u00f3ximo 20 de julio un proyecto de ley que permita al Gobierno Nacional asumir esa deuda.<\/div>\n<div><\/div>\n<div>3. Continuar las mesas de trabajo para seguir buscando alternativas que permitan encontrar energ\u00eda m\u00e1s econ\u00f3mica, precios eficientes y alivios tarifarios.<\/div>\n<div><\/div>\n<blockquote>\n<div>\u201cEste es el compromiso del Ministerio de Minas y Energ\u00eda y de este Gobierno, del mandato popular que tenemos de seguir construyendo alternativas para consolidar no solo la transici\u00f3n energ\u00e9tica sino entregarle al pa\u00eds unas tarifas justas como las que se merecen en los territorios\u201d, asegur\u00f3 el ministro Camacho Morales.<\/div>\n<\/blockquote>\n<div><\/div>\n<h2>La Naci\u00f3n asume $2.7 billones de opci\u00f3n tarifaria<\/h2>\n<div><\/div>\n<div>Por su parte, el ministro de Hacienda y Cr\u00e9dito P\u00fablico, Ricardo Bonilla Gonz\u00e1lez, explic\u00f3 que el acuerdo con las seis comercializadoras de energ\u00eda consiste en que estas recibir\u00e1n recursos de Findeter, a manera de cr\u00e9dito con tasa compensada por el Gobierno Nacional, y con un periodo de gracia de un a\u00f1o, para que comience ya el alivio a los consumidores, en especial de la costa Caribe.<\/div>\n<div><\/div>\n<blockquote>\n<div>\u201cEl Plan Nacional de Desarrollo autoriz\u00f3 $1 bill\u00f3n, hay otro bill\u00f3n por autorizar por decreto que saldr\u00e1 en los pr\u00f3ximos d\u00edas, para iniciar el proceso. La deuda total de opci\u00f3n tarifaria es de $4,7 billones, pero de los estratos 1, 2 y 3 son $2,8 billones que los asumir\u00e1 el Gobierno\u201d, dijo.<\/div>\n<\/blockquote>\n<div><\/div>\n<div>Agreg\u00f3 el funcionario que el acuerdo con las comercializadoras implica que como est\u00e1n recibiendo un bill\u00f3n de pesos con un a\u00f1o de gracia, \u201ctienen que bajar ya las tarifas. Tienen que generar el alivio a los hogares consumidores, particularmente los de la Costa, y mientras tanto el Gobierno prepara el proyecto de ley para llevar al Congreso el 20 de julio para asumir la deuda con Findeter\u201d, explic\u00f3.<\/div>\n<div><\/div>\n<div>Sin embargo, aclar\u00f3 el ministro Bonilla Gonz\u00e1lez que el acuerdo no incluye ni las p\u00e9rdidas negras ni los costos de generaci\u00f3n, que tambi\u00e9n afectan el tema tarifario de energ\u00eda, \u201cpero la Comisi\u00f3n de Regulaci\u00f3n de Energ\u00eda y Gas (CREG) ya est\u00e1 mirando temas de regulaci\u00f3n frente a los costos de generaci\u00f3n\u201d, asegur\u00f3.<\/div>\n","protected":false},"excerpt":{"rendered":"<p>Al acuerdo se acogieron las empresas Caribemar-Afinia, Grupo EPM, Air-E, CHEC, Centrales El\u00e9ctricas de Norte de Santander, Empresa de Energ\u00eda del Quind\u00edo y Vatia. Las tarifas bajar\u00e1n hasta 20% a partir de la pr\u00f3xima factura. Justo cuando se cumple el t\u00e9rmino de un mes que dio el presidente Gustavo Petro<span class=\"more-link\"><a href=\"https:\/\/ciudadyregion.com.co\/index.php\/buenas-noticias-gobierno-logra-acuerdo-con-seis-comercializadoras-de-energia-para-bajar-ya-las-tarifas-en-la-costa\/economia\/\">Continuar Leyendo<\/a><\/span><\/p>\n","protected":false},"author":2,"featured_media":15883,"comment_status":"open","ping_status":"open","sticky":false,"template":"","format":"standard","meta":{"_uf_show_specific_survey":0,"_uf_disable_surveys":false,"_jetpack_memberships_contains_paid_content":false,"footnotes":"","jetpack_publicize_message":"","jetpack_publicize_feature_enabled":true,"jetpack_social_post_already_shared":true,"jetpack_social_options":{"image_generator_settings":{"template":"highway","enabled":false},"version":2}},"categories":[28],"tags":[],"class_list":["entry","author-diegoaguirre","post-15882","post","type-post","status-publish","format-standard","has-post-thumbnail","category-economia"],"jetpack_publicize_connections":[],"yoast_head":"<!-- This site is optimized with the Yoast SEO plugin v24.3 - https:\/\/yoast.com\/wordpress\/plugins\/seo\/ -->\n<title>Buenas noticias: Gobierno logra acuerdo con seis comercializadoras de energ\u00eda para bajar ya las tarifas en la Costa - Ciudad y Region<\/title>\n<meta name=\"robots\" content=\"index, follow, max-snippet:-1, max-image-preview:large, max-video-preview:-1\" \/>\n<link rel=\"canonical\" href=\"https:\/\/ciudadyregion.com.co\/index.php\/buenas-noticias-gobierno-logra-acuerdo-con-seis-comercializadoras-de-energia-para-bajar-ya-las-tarifas-en-la-costa\/economia\/\" \/>\n<meta property=\"og:locale\" content=\"es_ES\" \/>\n<meta property=\"og:type\" content=\"article\" \/>\n<meta property=\"og:title\" content=\"Buenas noticias: Gobierno logra acuerdo con seis comercializadoras de energ\u00eda para bajar ya las tarifas en la Costa - Ciudad y Region\" \/>\n<meta property=\"og:description\" content=\"Al acuerdo se acogieron las empresas Caribemar-Afinia, Grupo EPM, Air-E, CHEC, Centrales El\u00e9ctricas de Norte de Santander, Empresa de Energ\u00eda del Quind\u00edo y Vatia. Las tarifas bajar\u00e1n hasta 20% a partir de la pr\u00f3xima factura. Justo cuando se cumple el t\u00e9rmino de un mes que dio el presidente Gustavo PetroContinuar Leyendo\" \/>\n<meta property=\"og:url\" content=\"https:\/\/ciudadyregion.com.co\/index.php\/buenas-noticias-gobierno-logra-acuerdo-con-seis-comercializadoras-de-energia-para-bajar-ya-las-tarifas-en-la-costa\/economia\/\" \/>\n<meta property=\"og:site_name\" content=\"Ciudad y Region\" \/>\n<meta property=\"article:published_time\" content=\"2024-06-08T09:24:47+00:00\" \/>\n<meta property=\"article:modified_time\" content=\"2024-06-08T04:25:27+00:00\" \/>\n<meta property=\"og:image\" content=\"https:\/\/i0.wp.com\/ciudadyregion.com.co\/wp-content\/uploads\/2024\/06\/3-energia-luz.jpg?fit=800%2C445&ssl=1\" \/>\n\t<meta property=\"og:image:width\" content=\"800\" \/>\n\t<meta property=\"og:image:height\" content=\"445\" \/>\n\t<meta property=\"og:image:type\" content=\"image\/jpeg\" \/>\n<meta name=\"author\" content=\"David Andr\u00e9s Aguirre\" \/>\n<meta name=\"twitter:card\" content=\"summary_large_image\" \/>\n<meta name=\"twitter:label1\" content=\"Escrito por\" \/>\n\t<meta name=\"twitter:data1\" content=\"David Andr\u00e9s Aguirre\" \/>\n\t<meta name=\"twitter:label2\" content=\"Tiempo de lectura\" \/>\n\t<meta name=\"twitter:data2\" content=\"2 minutos\" \/>\n<script type=\"application\/ld+json\" class=\"yoast-schema-graph\">{\"@context\":\"https:\/\/schema.org\",\"@graph\":[{\"@type\":\"WebPage\",\"@id\":\"https:\/\/ciudadyregion.com.co\/index.php\/buenas-noticias-gobierno-logra-acuerdo-con-seis-comercializadoras-de-energia-para-bajar-ya-las-tarifas-en-la-costa\/economia\/\",\"url\":\"https:\/\/ciudadyregion.com.co\/index.php\/buenas-noticias-gobierno-logra-acuerdo-con-seis-comercializadoras-de-energia-para-bajar-ya-las-tarifas-en-la-costa\/economia\/\",\"name\":\"Buenas noticias: Gobierno logra acuerdo con seis comercializadoras de energ\u00eda para bajar ya las tarifas en la Costa - Ciudad y Region\",\"isPartOf\":{\"@id\":\"https:\/\/ciudadyregion.com.co\/#website\"},\"primaryImageOfPage\":{\"@id\":\"https:\/\/ciudadyregion.com.co\/index.php\/buenas-noticias-gobierno-logra-acuerdo-con-seis-comercializadoras-de-energia-para-bajar-ya-las-tarifas-en-la-costa\/economia\/#primaryimage\"},\"image\":{\"@id\":\"https:\/\/ciudadyregion.com.co\/index.php\/buenas-noticias-gobierno-logra-acuerdo-con-seis-comercializadoras-de-energia-para-bajar-ya-las-tarifas-en-la-costa\/economia\/#primaryimage\"},\"thumbnailUrl\":\"https:\/\/i0.wp.com\/ciudadyregion.com.co\/wp-content\/uploads\/2024\/06\/3-energia-luz.jpg?fit=800%2C445&ssl=1\",\"datePublished\":\"2024-06-08T09:24:47+00:00\",\"dateModified\":\"2024-06-08T04:25:27+00:00\",\"author\":{\"@id\":\"https:\/\/ciudadyregion.com.co\/#\/schema\/person\/04a4954373ebc4051f46e8c65ff78622\"},\"breadcrumb\":{\"@id\":\"https:\/\/ciudadyregion.com.co\/index.php\/buenas-noticias-gobierno-logra-acuerdo-con-seis-comercializadoras-de-energia-para-bajar-ya-las-tarifas-en-la-costa\/economia\/#breadcrumb\"},\"inLanguage\":\"es\",\"potentialAction\":[{\"@type\":\"ReadAction\",\"target\":[\"https:\/\/ciudadyregion.com.co\/index.php\/buenas-noticias-gobierno-logra-acuerdo-con-seis-comercializadoras-de-energia-para-bajar-ya-las-tarifas-en-la-costa\/economia\/\"]}]},{\"@type\":\"ImageObject\",\"inLanguage\":\"es\",\"@id\":\"https:\/\/ciudadyregion.com.co\/index.php\/buenas-noticias-gobierno-logra-acuerdo-con-seis-comercializadoras-de-energia-para-bajar-ya-las-tarifas-en-la-costa\/economia\/#primaryimage\",\"url\":\"https:\/\/i0.wp.com\/ciudadyregion.com.co\/wp-content\/uploads\/2024\/06\/3-energia-luz.jpg?fit=800%2C445&ssl=1\",\"contentUrl\":\"https:\/\/i0.wp.com\/ciudadyregion.com.co\/wp-content\/uploads\/2024\/06\/3-energia-luz.jpg?fit=800%2C445&ssl=1\",\"width\":800,\"height\":445},{\"@type\":\"BreadcrumbList\",\"@id\":\"https:\/\/ciudadyregion.com.co\/index.php\/buenas-noticias-gobierno-logra-acuerdo-con-seis-comercializadoras-de-energia-para-bajar-ya-las-tarifas-en-la-costa\/economia\/#breadcrumb\",\"itemListElement\":[{\"@type\":\"ListItem\",\"position\":1,\"name\":\"Portada\",\"item\":\"https:\/\/ciudadyregion.com.co\/\"},{\"@type\":\"ListItem\",\"position\":2,\"name\":\"Buenas noticias: Gobierno logra acuerdo con seis comercializadoras de energ\u00eda para bajar ya las tarifas en la Costa\"}]},{\"@type\":\"WebSite\",\"@id\":\"https:\/\/ciudadyregion.com.co\/#website\",\"url\":\"https:\/\/ciudadyregion.com.co\/\",\"name\":\"Ciudad y Region\",\"description\":\"\",\"potentialAction\":[{\"@type\":\"SearchAction\",\"target\":{\"@type\":\"EntryPoint\",\"urlTemplate\":\"https:\/\/ciudadyregion.com.co\/?s={search_term_string}\"},\"query-input\":{\"@type\":\"PropertyValueSpecification\",\"valueRequired\":true,\"valueName\":\"search_term_string\"}}],\"inLanguage\":\"es\"},{\"@type\":\"Person\",\"@id\":\"https:\/\/ciudadyregion.com.co\/#\/schema\/person\/04a4954373ebc4051f46e8c65ff78622\",\"name\":\"David Andr\u00e9s Aguirre\",\"image\":{\"@type\":\"ImageObject\",\"inLanguage\":\"es\",\"@id\":\"https:\/\/ciudadyregion.com.co\/#\/schema\/person\/image\/\",\"url\":\"https:\/\/secure.gravatar.com\/avatar\/bc3c655860202182ee6d1b5edd042dbe?s=96&d=mm&r=g\",\"contentUrl\":\"https:\/\/secure.gravatar.com\/avatar\/bc3c655860202182ee6d1b5edd042dbe?s=96&d=mm&r=g\",\"caption\":\"David Andr\u00e9s Aguirre\"},\"url\":\"https:\/\/ciudadyregion.com.co\/index.php\/author\/diegoaguirre\/\"}]}<\/script>\n<!-- \/ Yoast SEO plugin. -->","yoast_head_json":{"title":"Buenas noticias: Gobierno logra acuerdo con seis comercializadoras de energ\u00eda para bajar ya las tarifas en la Costa - Ciudad y Region","robots":{"index":"index","follow":"follow","max-snippet":"max-snippet:-1","max-image-preview":"max-image-preview:large","max-video-preview":"max-video-preview:-1"},"canonical":"https:\/\/ciudadyregion.com.co\/index.php\/buenas-noticias-gobierno-logra-acuerdo-con-seis-comercializadoras-de-energia-para-bajar-ya-las-tarifas-en-la-costa\/economia\/","og_locale":"es_ES","og_type":"article","og_title":"Buenas noticias: Gobierno logra acuerdo con seis comercializadoras de energ\u00eda para bajar ya las tarifas en la Costa - Ciudad y Region","og_description":"Al acuerdo se acogieron las empresas Caribemar-Afinia, Grupo EPM, Air-E, CHEC, Centrales El\u00e9ctricas de Norte de Santander, Empresa de Energ\u00eda del Quind\u00edo y Vatia. Las tarifas bajar\u00e1n hasta 20% a partir de la pr\u00f3xima factura. Justo cuando se cumple el t\u00e9rmino de un mes que dio el presidente Gustavo PetroContinuar Leyendo","og_url":"https:\/\/ciudadyregion.com.co\/index.php\/buenas-noticias-gobierno-logra-acuerdo-con-seis-comercializadoras-de-energia-para-bajar-ya-las-tarifas-en-la-costa\/economia\/","og_site_name":"Ciudad y Region","article_published_time":"2024-06-08T09:24:47+00:00","article_modified_time":"2024-06-08T04:25:27+00:00","og_image":[{"width":800,"height":445,"url":"https:\/\/i0.wp.com\/ciudadyregion.com.co\/wp-content\/uploads\/2024\/06\/3-energia-luz.jpg?fit=800%2C445&ssl=1","type":"image\/jpeg"}],"author":"David Andr\u00e9s Aguirre","twitter_card":"summary_large_image","twitter_misc":{"Escrito por":"David Andr\u00e9s Aguirre","Tiempo de lectura":"2 minutos"},"schema":{"@context":"https:\/\/schema.org","@graph":[{"@type":"WebPage","@id":"https:\/\/ciudadyregion.com.co\/index.php\/buenas-noticias-gobierno-logra-acuerdo-con-seis-comercializadoras-de-energia-para-bajar-ya-las-tarifas-en-la-costa\/economia\/","url":"https:\/\/ciudadyregion.com.co\/index.php\/buenas-noticias-gobierno-logra-acuerdo-con-seis-comercializadoras-de-energia-para-bajar-ya-las-tarifas-en-la-costa\/economia\/","name":"Buenas noticias: Gobierno logra acuerdo con seis comercializadoras de energ\u00eda para bajar ya las tarifas en la Costa - Ciudad y Region","isPartOf":{"@id":"https:\/\/ciudadyregion.com.co\/#website"},"primaryImageOfPage":{"@id":"https:\/\/ciudadyregion.com.co\/index.php\/buenas-noticias-gobierno-logra-acuerdo-con-seis-comercializadoras-de-energia-para-bajar-ya-las-tarifas-en-la-costa\/economia\/#primaryimage"},"image":{"@id":"https:\/\/ciudadyregion.com.co\/index.php\/buenas-noticias-gobierno-logra-acuerdo-con-seis-comercializadoras-de-energia-para-bajar-ya-las-tarifas-en-la-costa\/economia\/#primaryimage"},"thumbnailUrl":"https:\/\/i0.wp.com\/ciudadyregion.com.co\/wp-content\/uploads\/2024\/06\/3-energia-luz.jpg?fit=800%2C445&ssl=1","datePublished":"2024-06-08T09:24:47+00:00","dateModified":"2024-06-08T04:25:27+00:00","author":{"@id":"https:\/\/ciudadyregion.com.co\/#\/schema\/person\/04a4954373ebc4051f46e8c65ff78622"},"breadcrumb":{"@id":"https:\/\/ciudadyregion.com.co\/index.php\/buenas-noticias-gobierno-logra-acuerdo-con-seis-comercializadoras-de-energia-para-bajar-ya-las-tarifas-en-la-costa\/economia\/#breadcrumb"},"inLanguage":"es","potentialAction":[{"@type":"ReadAction","target":["https:\/\/ciudadyregion.com.co\/index.php\/buenas-noticias-gobierno-logra-acuerdo-con-seis-comercializadoras-de-energia-para-bajar-ya-las-tarifas-en-la-costa\/economia\/"]}]},{"@type":"ImageObject","inLanguage":"es","@id":"https:\/\/ciudadyregion.com.co\/index.php\/buenas-noticias-gobierno-logra-acuerdo-con-seis-comercializadoras-de-energia-para-bajar-ya-las-tarifas-en-la-costa\/economia\/#primaryimage","url":"https:\/\/i0.wp.com\/ciudadyregion.com.co\/wp-content\/uploads\/2024\/06\/3-energia-luz.jpg?fit=800%2C445&ssl=1","contentUrl":"https:\/\/i0.wp.com\/ciudadyregion.com.co\/wp-content\/uploads\/2024\/06\/3-energia-luz.jpg?fit=800%2C445&ssl=1","width":800,"height":445},{"@type":"BreadcrumbList","@id":"https:\/\/ciudadyregion.com.co\/index.php\/buenas-noticias-gobierno-logra-acuerdo-con-seis-comercializadoras-de-energia-para-bajar-ya-las-tarifas-en-la-costa\/economia\/#breadcrumb","itemListElement":[{"@type":"ListItem","position":1,"name":"Portada","item":"https:\/\/ciudadyregion.com.co\/"},{"@type":"ListItem","position":2,"name":"Buenas noticias: Gobierno logra acuerdo con seis comercializadoras de energ\u00eda para bajar ya las tarifas en la Costa"}]},{"@type":"WebSite","@id":"https:\/\/ciudadyregion.com.co\/#website","url":"https:\/\/ciudadyregion.com.co\/","name":"Ciudad y Region","description":"","potentialAction":[{"@type":"SearchAction","target":{"@type":"EntryPoint","urlTemplate":"https:\/\/ciudadyregion.com.co\/?s={search_term_string}"},"query-input":{"@type":"PropertyValueSpecification","valueRequired":true,"valueName":"search_term_string"}}],"inLanguage":"es"},{"@type":"Person","@id":"https:\/\/ciudadyregion.com.co\/#\/schema\/person\/04a4954373ebc4051f46e8c65ff78622","name":"David Andr\u00e9s Aguirre","image":{"@type":"ImageObject","inLanguage":"es","@id":"https:\/\/ciudadyregion.com.co\/#\/schema\/person\/image\/","url":"https:\/\/secure.gravatar.com\/avatar\/bc3c655860202182ee6d1b5edd042dbe?s=96&d=mm&r=g","contentUrl":"https:\/\/secure.gravatar.com\/avatar\/bc3c655860202182ee6d1b5edd042dbe?s=96&d=mm&r=g","caption":"David Andr\u00e9s Aguirre"},"url":"https:\/\/ciudadyregion.com.co\/index.php\/author\/diegoaguirre\/"}]}},"jetpack_featured_media_url":"https:\/\/i0.wp.com\/ciudadyregion.com.co\/wp-content\/uploads\/2024\/06\/3-energia-luz.jpg?fit=800%2C445&ssl=1","jetpack_sharing_enabled":true,"jetpack_shortlink":"https:\/\/wp.me\/pbS7hh-48a","jetpack-related-posts":[],"_links":{"self":[{"href":"https:\/\/ciudadyregion.com.co\/index.php\/wp-json\/wp\/v2\/posts\/15882"}],"collection":[{"href":"https:\/\/ciudadyregion.com.co\/index.php\/wp-json\/wp\/v2\/posts"}],"about":[{"href":"https:\/\/ciudadyregion.com.co\/index.php\/wp-json\/wp\/v2\/types\/post"}],"author":[{"embeddable":true,"href":"https:\/\/ciudadyregion.com.co\/index.php\/wp-json\/wp\/v2\/users\/2"}],"replies":[{"embeddable":true,"href":"https:\/\/ciudadyregion.com.co\/index.php\/wp-json\/wp\/v2\/comments?post=15882"}],"version-history":[{"count":1,"href":"https:\/\/ciudadyregion.com.co\/index.php\/wp-json\/wp\/v2\/posts\/15882\/revisions"}],"predecessor-version":[{"id":15884,"href":"https:\/\/ciudadyregion.com.co\/index.php\/wp-json\/wp\/v2\/posts\/15882\/revisions\/15884"}],"wp:featuredmedia":[{"embeddable":true,"href":"https:\/\/ciudadyregion.com.co\/index.php\/wp-json\/wp\/v2\/media\/15883"}],"wp:attachment":[{"href":"https:\/\/ciudadyregion.com.co\/index.php\/wp-json\/wp\/v2\/media?parent=15882"}],"wp:term":[{"taxonomy":"category","embeddable":true,"href":"https:\/\/ciudadyregion.com.co\/index.php\/wp-json\/wp\/v2\/categories?post=15882"},{"taxonomy":"post_tag","embeddable":true,"href":"https:\/\/ciudadyregion.com.co\/index.php\/wp-json\/wp\/v2\/tags?post=15882"}],"curies":[{"name":"wp","href":"https:\/\/api.w.org\/{rel}","templated":true}]}}