{"id":15873,"date":"2024-06-08T04:14:18","date_gmt":"2024-06-08T09:14:18","guid":{"rendered":"https:\/\/ciudadyregion.com.co\/?p=15873"},"modified":"2024-06-07T23:15:09","modified_gmt":"2024-06-08T04:15:09","slug":"no-se-lo-puede-perder-este-fin-de-semana-se-realiza-el-auto-fest-de-rally-en-ibague","status":"publish","type":"post","link":"https:\/\/ciudadyregion.com.co\/index.php\/no-se-lo-puede-perder-este-fin-de-semana-se-realiza-el-auto-fest-de-rally-en-ibague\/entretenimiento\/","title":{"rendered":"\u00a1No se lo puede perder! Este fin de semana se realiza el Auto Fest de Rally en Ibagu\u00e9"},"content":{"rendered":"<div>Los deportes a motor siguen eligiendo a Ibagu\u00e9 como un destino ideal; por eso, este 8 y 9 de junio se realiza la Primera V\u00e1lida Nacional de Rally Cross, una competencia que cuenta con el apoyo de la Alcald\u00eda y el Instituto Municipal para el Deporte y la Recreaci\u00f3n, Imdri.<\/div>\n<div><span style=\"font-family: Arial, Verdana;\">\u00a0<\/span><\/div>\n<div><span style=\"font-family: Arial, Verdana;\">Amparado en la Federaci\u00f3n Colombiana de Automovilismo Deportivo, FCAD, el Auto Fest de Rally llega a Ibagu\u00e9 para masificar esta disciplina que genera adrenalina y emociones, en sus diferentes modalidades: 4&#215;4, autos antiguos, cl\u00e1sicos, modificados y deportivos.\u00a0<\/span><\/div>\n<div><span style=\"font-family: Arial, Verdana;\">\u00a0<\/span><\/div>\n<blockquote>\n<div><span style=\"font-family: Arial, Verdana;\"><i>\u201cContamos con el apoyo de la Federaci\u00f3n de Autos y el Imdri para este evento de dos d\u00edas. El s\u00e1bado ser\u00e1 la cronometrada y el domingo, velocidad en pista. Contamos con tres categor\u00edas entre exhibici\u00f3n de autos, la competencia del rally cross y una carrera de fomento\u201d,\u00a0<\/i>manifest\u00f3 Rafael Donado, organizador del Auto Fest de Rally.\u00a0<\/span><\/div>\n<\/blockquote>\n<div><span style=\"font-family: Arial, Verdana;\">\u00a0<\/span><\/div>\n<div><span style=\"font-family: Arial, Verdana;\">El s\u00e1bado se hace la revisi\u00f3n t\u00e9cnica de los autos y por la tarde las pruebas clasificatorias para la v\u00e1lida. Ya el domingo en horas de la ma\u00f1ana se realiza la competencia nacional, adem\u00e1s de la carrera de fomento de moto velocidad para las nuevas generaciones.<\/span><\/div>\n<div><span style=\"font-family: Arial, Verdana;\">\u00a0<\/span><\/div>\n<div><span style=\"font-family: Arial, Verdana;\">Pilotos de Bogot\u00e1, el Eje Cafetero y locales llegar\u00e1n para dar espect\u00e1culo a los amantes de los autos y m\u00e1s del rally, que tendr\u00e1n un espacio para demostrar sus habilidades al volante, pero tambi\u00e9n para que las familias puedan disfrutar del d\u00eda en este centro recreativo y conocer m\u00e1s acerca de esta disciplina a motor.<\/span><\/div>\n","protected":false},"excerpt":{"rendered":"<p>Los deportes a motor siguen eligiendo a Ibagu\u00e9 como un destino ideal; por eso, este 8 y 9 de junio se realiza la Primera V\u00e1lida Nacional de Rally Cross, una competencia que cuenta con el apoyo de la Alcald\u00eda y el Instituto Municipal para el Deporte y la Recreaci\u00f3n, Imdri.<span class=\"more-link\"><a href=\"https:\/\/ciudadyregion.com.co\/index.php\/no-se-lo-puede-perder-este-fin-de-semana-se-realiza-el-auto-fest-de-rally-en-ibague\/entretenimiento\/\">Continuar Leyendo<\/a><\/span><\/p>\n","protected":false},"author":2,"featured_media":15874,"comment_status":"open","ping_status":"open","sticky":false,"template":"","format":"standard","meta":{"_uf_show_specific_survey":0,"_uf_disable_surveys":false,"_jetpack_memberships_contains_paid_content":false,"footnotes":"","jetpack_publicize_message":"","jetpack_publicize_feature_enabled":true,"jetpack_social_post_already_shared":true,"jetpack_social_options":{"image_generator_settings":{"template":"highway","enabled":false},"version":2}},"categories":[31,14],"tags":[],"class_list":["entry","author-diegoaguirre","post-15873","post","type-post","status-publish","format-standard","has-post-thumbnail","category-entretenimiento","category-ibague"],"jetpack_publicize_connections":[],"yoast_head":"<!-- This site is optimized with the Yoast SEO plugin v24.3 - https:\/\/yoast.com\/wordpress\/plugins\/seo\/ -->\n<title>\u00a1No se lo puede perder! Este fin de semana se realiza el Auto Fest de Rally en Ibagu\u00e9 - Ciudad y Region<\/title>\n<meta name=\"robots\" content=\"index, follow, max-snippet:-1, max-image-preview:large, max-video-preview:-1\" \/>\n<link rel=\"canonical\" href=\"https:\/\/ciudadyregion.com.co\/index.php\/no-se-lo-puede-perder-este-fin-de-semana-se-realiza-el-auto-fest-de-rally-en-ibague\/entretenimiento\/\" \/>\n<meta property=\"og:locale\" content=\"es_ES\" \/>\n<meta property=\"og:type\" content=\"article\" \/>\n<meta property=\"og:title\" content=\"\u00a1No se lo puede perder! Este fin de semana se realiza el Auto Fest de Rally en Ibagu\u00e9 - Ciudad y Region\" \/>\n<meta property=\"og:description\" content=\"Los deportes a motor siguen eligiendo a Ibagu\u00e9 como un destino ideal; por eso, este 8 y 9 de junio se realiza la Primera V\u00e1lida Nacional de Rally Cross, una competencia que cuenta con el apoyo de la Alcald\u00eda y el Instituto Municipal para el Deporte y la Recreaci\u00f3n, Imdri.Continuar Leyendo\" \/>\n<meta property=\"og:url\" content=\"https:\/\/ciudadyregion.com.co\/index.php\/no-se-lo-puede-perder-este-fin-de-semana-se-realiza-el-auto-fest-de-rally-en-ibague\/entretenimiento\/\" \/>\n<meta property=\"og:site_name\" content=\"Ciudad y Region\" \/>\n<meta property=\"article:published_time\" content=\"2024-06-08T09:14:18+00:00\" \/>\n<meta property=\"article:modified_time\" content=\"2024-06-08T04:15:09+00:00\" \/>\n<meta property=\"og:image\" content=\"https:\/\/i0.wp.com\/ciudadyregion.com.co\/wp-content\/uploads\/2024\/06\/1-6.jpg?fit=800%2C445&ssl=1\" \/>\n\t<meta property=\"og:image:width\" content=\"800\" \/>\n\t<meta property=\"og:image:height\" content=\"445\" \/>\n\t<meta property=\"og:image:type\" content=\"image\/jpeg\" \/>\n<meta name=\"author\" content=\"David Andr\u00e9s Aguirre\" \/>\n<meta name=\"twitter:card\" content=\"summary_large_image\" \/>\n<meta name=\"twitter:label1\" content=\"Escrito por\" \/>\n\t<meta name=\"twitter:data1\" content=\"David Andr\u00e9s Aguirre\" \/>\n\t<meta name=\"twitter:label2\" content=\"Tiempo de lectura\" \/>\n\t<meta name=\"twitter:data2\" content=\"1 minuto\" \/>\n<script type=\"application\/ld+json\" class=\"yoast-schema-graph\">{\"@context\":\"https:\/\/schema.org\",\"@graph\":[{\"@type\":\"WebPage\",\"@id\":\"https:\/\/ciudadyregion.com.co\/index.php\/no-se-lo-puede-perder-este-fin-de-semana-se-realiza-el-auto-fest-de-rally-en-ibague\/entretenimiento\/\",\"url\":\"https:\/\/ciudadyregion.com.co\/index.php\/no-se-lo-puede-perder-este-fin-de-semana-se-realiza-el-auto-fest-de-rally-en-ibague\/entretenimiento\/\",\"name\":\"\u00a1No se lo puede perder! Este fin de semana se realiza el Auto Fest de Rally en Ibagu\u00e9 - Ciudad y Region\",\"isPartOf\":{\"@id\":\"https:\/\/ciudadyregion.com.co\/#website\"},\"primaryImageOfPage\":{\"@id\":\"https:\/\/ciudadyregion.com.co\/index.php\/no-se-lo-puede-perder-este-fin-de-semana-se-realiza-el-auto-fest-de-rally-en-ibague\/entretenimiento\/#primaryimage\"},\"image\":{\"@id\":\"https:\/\/ciudadyregion.com.co\/index.php\/no-se-lo-puede-perder-este-fin-de-semana-se-realiza-el-auto-fest-de-rally-en-ibague\/entretenimiento\/#primaryimage\"},\"thumbnailUrl\":\"https:\/\/i0.wp.com\/ciudadyregion.com.co\/wp-content\/uploads\/2024\/06\/1-6.jpg?fit=800%2C445&ssl=1\",\"datePublished\":\"2024-06-08T09:14:18+00:00\",\"dateModified\":\"2024-06-08T04:15:09+00:00\",\"author\":{\"@id\":\"https:\/\/ciudadyregion.com.co\/#\/schema\/person\/04a4954373ebc4051f46e8c65ff78622\"},\"breadcrumb\":{\"@id\":\"https:\/\/ciudadyregion.com.co\/index.php\/no-se-lo-puede-perder-este-fin-de-semana-se-realiza-el-auto-fest-de-rally-en-ibague\/entretenimiento\/#breadcrumb\"},\"inLanguage\":\"es\",\"potentialAction\":[{\"@type\":\"ReadAction\",\"target\":[\"https:\/\/ciudadyregion.com.co\/index.php\/no-se-lo-puede-perder-este-fin-de-semana-se-realiza-el-auto-fest-de-rally-en-ibague\/entretenimiento\/\"]}]},{\"@type\":\"ImageObject\",\"inLanguage\":\"es\",\"@id\":\"https:\/\/ciudadyregion.com.co\/index.php\/no-se-lo-puede-perder-este-fin-de-semana-se-realiza-el-auto-fest-de-rally-en-ibague\/entretenimiento\/#primaryimage\",\"url\":\"https:\/\/i0.wp.com\/ciudadyregion.com.co\/wp-content\/uploads\/2024\/06\/1-6.jpg?fit=800%2C445&ssl=1\",\"contentUrl\":\"https:\/\/i0.wp.com\/ciudadyregion.com.co\/wp-content\/uploads\/2024\/06\/1-6.jpg?fit=800%2C445&ssl=1\",\"width\":800,\"height\":445},{\"@type\":\"BreadcrumbList\",\"@id\":\"https:\/\/ciudadyregion.com.co\/index.php\/no-se-lo-puede-perder-este-fin-de-semana-se-realiza-el-auto-fest-de-rally-en-ibague\/entretenimiento\/#breadcrumb\",\"itemListElement\":[{\"@type\":\"ListItem\",\"position\":1,\"name\":\"Portada\",\"item\":\"https:\/\/ciudadyregion.com.co\/\"},{\"@type\":\"ListItem\",\"position\":2,\"name\":\"\u00a1No se lo puede perder! Este fin de semana se realiza el Auto Fest de Rally en Ibagu\u00e9\"}]},{\"@type\":\"WebSite\",\"@id\":\"https:\/\/ciudadyregion.com.co\/#website\",\"url\":\"https:\/\/ciudadyregion.com.co\/\",\"name\":\"Ciudad y Region\",\"description\":\"\",\"potentialAction\":[{\"@type\":\"SearchAction\",\"target\":{\"@type\":\"EntryPoint\",\"urlTemplate\":\"https:\/\/ciudadyregion.com.co\/?s={search_term_string}\"},\"query-input\":{\"@type\":\"PropertyValueSpecification\",\"valueRequired\":true,\"valueName\":\"search_term_string\"}}],\"inLanguage\":\"es\"},{\"@type\":\"Person\",\"@id\":\"https:\/\/ciudadyregion.com.co\/#\/schema\/person\/04a4954373ebc4051f46e8c65ff78622\",\"name\":\"David Andr\u00e9s Aguirre\",\"image\":{\"@type\":\"ImageObject\",\"inLanguage\":\"es\",\"@id\":\"https:\/\/ciudadyregion.com.co\/#\/schema\/person\/image\/\",\"url\":\"https:\/\/secure.gravatar.com\/avatar\/bc3c655860202182ee6d1b5edd042dbe?s=96&d=mm&r=g\",\"contentUrl\":\"https:\/\/secure.gravatar.com\/avatar\/bc3c655860202182ee6d1b5edd042dbe?s=96&d=mm&r=g\",\"caption\":\"David Andr\u00e9s Aguirre\"},\"url\":\"https:\/\/ciudadyregion.com.co\/index.php\/author\/diegoaguirre\/\"}]}<\/script>\n<!-- \/ Yoast SEO plugin. -->","yoast_head_json":{"title":"\u00a1No se lo puede perder! Este fin de semana se realiza el Auto Fest de Rally en Ibagu\u00e9 - Ciudad y Region","robots":{"index":"index","follow":"follow","max-snippet":"max-snippet:-1","max-image-preview":"max-image-preview:large","max-video-preview":"max-video-preview:-1"},"canonical":"https:\/\/ciudadyregion.com.co\/index.php\/no-se-lo-puede-perder-este-fin-de-semana-se-realiza-el-auto-fest-de-rally-en-ibague\/entretenimiento\/","og_locale":"es_ES","og_type":"article","og_title":"\u00a1No se lo puede perder! Este fin de semana se realiza el Auto Fest de Rally en Ibagu\u00e9 - Ciudad y Region","og_description":"Los deportes a motor siguen eligiendo a Ibagu\u00e9 como un destino ideal; por eso, este 8 y 9 de junio se realiza la Primera V\u00e1lida Nacional de Rally Cross, una competencia que cuenta con el apoyo de la Alcald\u00eda y el Instituto Municipal para el Deporte y la Recreaci\u00f3n, Imdri.Continuar Leyendo","og_url":"https:\/\/ciudadyregion.com.co\/index.php\/no-se-lo-puede-perder-este-fin-de-semana-se-realiza-el-auto-fest-de-rally-en-ibague\/entretenimiento\/","og_site_name":"Ciudad y Region","article_published_time":"2024-06-08T09:14:18+00:00","article_modified_time":"2024-06-08T04:15:09+00:00","og_image":[{"width":800,"height":445,"url":"https:\/\/i0.wp.com\/ciudadyregion.com.co\/wp-content\/uploads\/2024\/06\/1-6.jpg?fit=800%2C445&ssl=1","type":"image\/jpeg"}],"author":"David Andr\u00e9s Aguirre","twitter_card":"summary_large_image","twitter_misc":{"Escrito por":"David Andr\u00e9s Aguirre","Tiempo de lectura":"1 minuto"},"schema":{"@context":"https:\/\/schema.org","@graph":[{"@type":"WebPage","@id":"https:\/\/ciudadyregion.com.co\/index.php\/no-se-lo-puede-perder-este-fin-de-semana-se-realiza-el-auto-fest-de-rally-en-ibague\/entretenimiento\/","url":"https:\/\/ciudadyregion.com.co\/index.php\/no-se-lo-puede-perder-este-fin-de-semana-se-realiza-el-auto-fest-de-rally-en-ibague\/entretenimiento\/","name":"\u00a1No se lo puede perder! Este fin de semana se realiza el Auto Fest de Rally en Ibagu\u00e9 - Ciudad y Region","isPartOf":{"@id":"https:\/\/ciudadyregion.com.co\/#website"},"primaryImageOfPage":{"@id":"https:\/\/ciudadyregion.com.co\/index.php\/no-se-lo-puede-perder-este-fin-de-semana-se-realiza-el-auto-fest-de-rally-en-ibague\/entretenimiento\/#primaryimage"},"image":{"@id":"https:\/\/ciudadyregion.com.co\/index.php\/no-se-lo-puede-perder-este-fin-de-semana-se-realiza-el-auto-fest-de-rally-en-ibague\/entretenimiento\/#primaryimage"},"thumbnailUrl":"https:\/\/i0.wp.com\/ciudadyregion.com.co\/wp-content\/uploads\/2024\/06\/1-6.jpg?fit=800%2C445&ssl=1","datePublished":"2024-06-08T09:14:18+00:00","dateModified":"2024-06-08T04:15:09+00:00","author":{"@id":"https:\/\/ciudadyregion.com.co\/#\/schema\/person\/04a4954373ebc4051f46e8c65ff78622"},"breadcrumb":{"@id":"https:\/\/ciudadyregion.com.co\/index.php\/no-se-lo-puede-perder-este-fin-de-semana-se-realiza-el-auto-fest-de-rally-en-ibague\/entretenimiento\/#breadcrumb"},"inLanguage":"es","potentialAction":[{"@type":"ReadAction","target":["https:\/\/ciudadyregion.com.co\/index.php\/no-se-lo-puede-perder-este-fin-de-semana-se-realiza-el-auto-fest-de-rally-en-ibague\/entretenimiento\/"]}]},{"@type":"ImageObject","inLanguage":"es","@id":"https:\/\/ciudadyregion.com.co\/index.php\/no-se-lo-puede-perder-este-fin-de-semana-se-realiza-el-auto-fest-de-rally-en-ibague\/entretenimiento\/#primaryimage","url":"https:\/\/i0.wp.com\/ciudadyregion.com.co\/wp-content\/uploads\/2024\/06\/1-6.jpg?fit=800%2C445&ssl=1","contentUrl":"https:\/\/i0.wp.com\/ciudadyregion.com.co\/wp-content\/uploads\/2024\/06\/1-6.jpg?fit=800%2C445&ssl=1","width":800,"height":445},{"@type":"BreadcrumbList","@id":"https:\/\/ciudadyregion.com.co\/index.php\/no-se-lo-puede-perder-este-fin-de-semana-se-realiza-el-auto-fest-de-rally-en-ibague\/entretenimiento\/#breadcrumb","itemListElement":[{"@type":"ListItem","position":1,"name":"Portada","item":"https:\/\/ciudadyregion.com.co\/"},{"@type":"ListItem","position":2,"name":"\u00a1No se lo puede perder! Este fin de semana se realiza el Auto Fest de Rally en Ibagu\u00e9"}]},{"@type":"WebSite","@id":"https:\/\/ciudadyregion.com.co\/#website","url":"https:\/\/ciudadyregion.com.co\/","name":"Ciudad y Region","description":"","potentialAction":[{"@type":"SearchAction","target":{"@type":"EntryPoint","urlTemplate":"https:\/\/ciudadyregion.com.co\/?s={search_term_string}"},"query-input":{"@type":"PropertyValueSpecification","valueRequired":true,"valueName":"search_term_string"}}],"inLanguage":"es"},{"@type":"Person","@id":"https:\/\/ciudadyregion.com.co\/#\/schema\/person\/04a4954373ebc4051f46e8c65ff78622","name":"David Andr\u00e9s Aguirre","image":{"@type":"ImageObject","inLanguage":"es","@id":"https:\/\/ciudadyregion.com.co\/#\/schema\/person\/image\/","url":"https:\/\/secure.gravatar.com\/avatar\/bc3c655860202182ee6d1b5edd042dbe?s=96&d=mm&r=g","contentUrl":"https:\/\/secure.gravatar.com\/avatar\/bc3c655860202182ee6d1b5edd042dbe?s=96&d=mm&r=g","caption":"David Andr\u00e9s Aguirre"},"url":"https:\/\/ciudadyregion.com.co\/index.php\/author\/diegoaguirre\/"}]}},"jetpack_featured_media_url":"https:\/\/i0.wp.com\/ciudadyregion.com.co\/wp-content\/uploads\/2024\/06\/1-6.jpg?fit=800%2C445&ssl=1","jetpack_sharing_enabled":true,"jetpack_shortlink":"https:\/\/wp.me\/pbS7hh-481","jetpack-related-posts":[],"_links":{"self":[{"href":"https:\/\/ciudadyregion.com.co\/index.php\/wp-json\/wp\/v2\/posts\/15873"}],"collection":[{"href":"https:\/\/ciudadyregion.com.co\/index.php\/wp-json\/wp\/v2\/posts"}],"about":[{"href":"https:\/\/ciudadyregion.com.co\/index.php\/wp-json\/wp\/v2\/types\/post"}],"author":[{"embeddable":true,"href":"https:\/\/ciudadyregion.com.co\/index.php\/wp-json\/wp\/v2\/users\/2"}],"replies":[{"embeddable":true,"href":"https:\/\/ciudadyregion.com.co\/index.php\/wp-json\/wp\/v2\/comments?post=15873"}],"version-history":[{"count":1,"href":"https:\/\/ciudadyregion.com.co\/index.php\/wp-json\/wp\/v2\/posts\/15873\/revisions"}],"predecessor-version":[{"id":15875,"href":"https:\/\/ciudadyregion.com.co\/index.php\/wp-json\/wp\/v2\/posts\/15873\/revisions\/15875"}],"wp:featuredmedia":[{"embeddable":true,"href":"https:\/\/ciudadyregion.com.co\/index.php\/wp-json\/wp\/v2\/media\/15874"}],"wp:attachment":[{"href":"https:\/\/ciudadyregion.com.co\/index.php\/wp-json\/wp\/v2\/media?parent=15873"}],"wp:term":[{"taxonomy":"category","embeddable":true,"href":"https:\/\/ciudadyregion.com.co\/index.php\/wp-json\/wp\/v2\/categories?post=15873"},{"taxonomy":"post_tag","embeddable":true,"href":"https:\/\/ciudadyregion.com.co\/index.php\/wp-json\/wp\/v2\/tags?post=15873"}],"curies":[{"name":"wp","href":"https:\/\/api.w.org\/{rel}","templated":true}]}}