{"id":15858,"date":"2024-06-08T04:44:42","date_gmt":"2024-06-08T09:44:42","guid":{"rendered":"https:\/\/ciudadyregion.com.co\/?p=15858"},"modified":"2024-06-07T22:45:25","modified_gmt":"2024-06-08T03:45:25","slug":"emprendimientos-de-jovenes-del-srpa-y-el-icbf-estaran-en-el-50-festival-folclorico-colombiano","status":"publish","type":"post","link":"https:\/\/ciudadyregion.com.co\/index.php\/emprendimientos-de-jovenes-del-srpa-y-el-icbf-estaran-en-el-50-festival-folclorico-colombiano\/cultura\/","title":{"rendered":"Emprendimientos de j\u00f3venes del SRPA y el ICBF estar\u00e1n en el 50\u00b0 Festival Folcl\u00f3rico Colombiano"},"content":{"rendered":"<ul>\n<li><em><strong>35 emprendimientos de estos j\u00f3venes del Sistema General de Responsabilidad Penal, provenientes de siete departamentos, demostrar\u00e1n su talento y resiliencia en la Feria de Centros de Inter\u00e9s y Emprendimiento.<\/strong><\/em><\/li>\n<\/ul>\n<p>En el marco de la edici\u00f3n 50 del Festival Folcl\u00f3rico Colombiano, se llevar\u00e1 a cabo la Feria de Centros de Inter\u00e9s y Emprendimiento, donde 35 emprendimientos de ni\u00f1os, ni\u00f1as y adolescentes del Sistema General de Responsabilidad Penal para Adolescentes y del Sistema de Restablecimiento de Derechos del ICBF tendr\u00e1n un papel protag\u00f3nico. Este evento contar\u00e1 con participantes de: Casanare, Cundinamarca, Boyac\u00e1, Risaralda, Quind\u00edo, Huila y Tolima.<\/p>\n<p>El secretario de Cultura y Turismo del Tolima, Alexander Castro Salcedo, destac\u00f3 la importancia de esta feria para los j\u00f3venes involucrados en el Sistema.<\/p>\n<blockquote><p>\u201cSer\u00e1 una gran feria de emprendimiento para los j\u00f3venes que est\u00e1n inmersos en el Sistema General de Responsabilidad Penal para Menores y Restablecimiento de Derechos. Esta acci\u00f3n busca crear escenarios constructivos para lograr que estos j\u00f3venes puedan tener una mejor calidad de vida en este tr\u00e1nsito que hacen por el Instituto Colombiano de Bienestar Familiar, para lograr que ellos aporten, por supuesto, a la construcci\u00f3n de una mejor sociedad\u201d, manifest\u00f3.<\/p><\/blockquote>\n<p>La feria no solo resalta el talento y la creatividad de estos j\u00f3venes, sino que tambi\u00e9n ofrece una plataforma para que sus emprendimientos sean reconocidos y apoyados por la comunidad. Esta iniciativa se enmarca en los esfuerzos del ICBF y la Gobernaci\u00f3n del Tolima a trav\u00e9s de la Secretar\u00eda del Interior y Secretar\u00eda de Cultura y Turismo, con el prop\u00f3sito de promover el desarrollo integral y la inclusi\u00f3n social de los menores en situaciones de vulnerabilidad.<\/p>\n<p>Adem\u00e1s de los emprendimientos, el evento incluir\u00e1 presentaciones art\u00edsticas y actividades de integraci\u00f3n que permitir\u00e1n a los asistentes conocer m\u00e1s sobre los procesos de rehabilitaci\u00f3n y apoyo que estos j\u00f3venes reciben. La feria promete ser un espacio de aprendizaje, colaboraci\u00f3n y celebraci\u00f3n de la resiliencia y el esfuerzo de estos j\u00f3venes emprendedores.<\/p>\n","protected":false},"excerpt":{"rendered":"<p>35 emprendimientos de estos j\u00f3venes del Sistema General de Responsabilidad Penal, provenientes de siete departamentos, demostrar\u00e1n su talento y resiliencia en la Feria de Centros de Inter\u00e9s y Emprendimiento. En el marco de la edici\u00f3n 50 del Festival Folcl\u00f3rico Colombiano, se llevar\u00e1 a cabo la Feria de Centros de Inter\u00e9s<span class=\"more-link\"><a href=\"https:\/\/ciudadyregion.com.co\/index.php\/emprendimientos-de-jovenes-del-srpa-y-el-icbf-estaran-en-el-50-festival-folclorico-colombiano\/cultura\/\">Continuar Leyendo<\/a><\/span><\/p>\n","protected":false},"author":2,"featured_media":15859,"comment_status":"open","ping_status":"open","sticky":false,"template":"","format":"standard","meta":{"_uf_show_specific_survey":0,"_uf_disable_surveys":false,"_jetpack_memberships_contains_paid_content":false,"footnotes":"","jetpack_publicize_message":"","jetpack_publicize_feature_enabled":true,"jetpack_social_post_already_shared":true,"jetpack_social_options":{"image_generator_settings":{"template":"highway","enabled":false},"version":2}},"categories":[30],"tags":[],"class_list":["entry","author-diegoaguirre","post-15858","post","type-post","status-publish","format-standard","has-post-thumbnail","category-cultura"],"jetpack_publicize_connections":[],"yoast_head":"<!-- This site is optimized with the Yoast SEO plugin v24.3 - https:\/\/yoast.com\/wordpress\/plugins\/seo\/ -->\n<title>Emprendimientos de j\u00f3venes del SRPA y el ICBF estar\u00e1n en el 50\u00b0 Festival Folcl\u00f3rico Colombiano - Ciudad y Region<\/title>\n<meta name=\"robots\" content=\"index, follow, max-snippet:-1, max-image-preview:large, max-video-preview:-1\" \/>\n<link rel=\"canonical\" href=\"https:\/\/ciudadyregion.com.co\/index.php\/emprendimientos-de-jovenes-del-srpa-y-el-icbf-estaran-en-el-50-festival-folclorico-colombiano\/cultura\/\" \/>\n<meta property=\"og:locale\" content=\"es_ES\" \/>\n<meta property=\"og:type\" content=\"article\" \/>\n<meta property=\"og:title\" content=\"Emprendimientos de j\u00f3venes del SRPA y el ICBF estar\u00e1n en el 50\u00b0 Festival Folcl\u00f3rico Colombiano - Ciudad y Region\" \/>\n<meta property=\"og:description\" content=\"35 emprendimientos de estos j\u00f3venes del Sistema General de Responsabilidad Penal, provenientes de siete departamentos, demostrar\u00e1n su talento y resiliencia en la Feria de Centros de Inter\u00e9s y Emprendimiento. En el marco de la edici\u00f3n 50 del Festival Folcl\u00f3rico Colombiano, se llevar\u00e1 a cabo la Feria de Centros de Inter\u00e9sContinuar Leyendo\" \/>\n<meta property=\"og:url\" content=\"https:\/\/ciudadyregion.com.co\/index.php\/emprendimientos-de-jovenes-del-srpa-y-el-icbf-estaran-en-el-50-festival-folclorico-colombiano\/cultura\/\" \/>\n<meta property=\"og:site_name\" content=\"Ciudad y Region\" \/>\n<meta property=\"article:published_time\" content=\"2024-06-08T09:44:42+00:00\" \/>\n<meta property=\"article:modified_time\" content=\"2024-06-08T03:45:25+00:00\" \/>\n<meta property=\"og:image\" content=\"https:\/\/i0.wp.com\/ciudadyregion.com.co\/wp-content\/uploads\/2024\/06\/festival-folclorico-colombiano-50.jpg?fit=800%2C445&ssl=1\" \/>\n\t<meta property=\"og:image:width\" content=\"800\" \/>\n\t<meta property=\"og:image:height\" content=\"445\" \/>\n\t<meta property=\"og:image:type\" content=\"image\/jpeg\" \/>\n<meta name=\"author\" content=\"David Andr\u00e9s Aguirre\" \/>\n<meta name=\"twitter:card\" content=\"summary_large_image\" \/>\n<meta name=\"twitter:label1\" content=\"Escrito por\" \/>\n\t<meta name=\"twitter:data1\" content=\"David Andr\u00e9s Aguirre\" \/>\n\t<meta name=\"twitter:label2\" content=\"Tiempo de lectura\" \/>\n\t<meta name=\"twitter:data2\" content=\"2 minutos\" \/>\n<script type=\"application\/ld+json\" class=\"yoast-schema-graph\">{\"@context\":\"https:\/\/schema.org\",\"@graph\":[{\"@type\":\"WebPage\",\"@id\":\"https:\/\/ciudadyregion.com.co\/index.php\/emprendimientos-de-jovenes-del-srpa-y-el-icbf-estaran-en-el-50-festival-folclorico-colombiano\/cultura\/\",\"url\":\"https:\/\/ciudadyregion.com.co\/index.php\/emprendimientos-de-jovenes-del-srpa-y-el-icbf-estaran-en-el-50-festival-folclorico-colombiano\/cultura\/\",\"name\":\"Emprendimientos de j\u00f3venes del SRPA y el ICBF estar\u00e1n en el 50\u00b0 Festival Folcl\u00f3rico Colombiano - Ciudad y Region\",\"isPartOf\":{\"@id\":\"https:\/\/ciudadyregion.com.co\/#website\"},\"primaryImageOfPage\":{\"@id\":\"https:\/\/ciudadyregion.com.co\/index.php\/emprendimientos-de-jovenes-del-srpa-y-el-icbf-estaran-en-el-50-festival-folclorico-colombiano\/cultura\/#primaryimage\"},\"image\":{\"@id\":\"https:\/\/ciudadyregion.com.co\/index.php\/emprendimientos-de-jovenes-del-srpa-y-el-icbf-estaran-en-el-50-festival-folclorico-colombiano\/cultura\/#primaryimage\"},\"thumbnailUrl\":\"https:\/\/i0.wp.com\/ciudadyregion.com.co\/wp-content\/uploads\/2024\/06\/festival-folclorico-colombiano-50.jpg?fit=800%2C445&ssl=1\",\"datePublished\":\"2024-06-08T09:44:42+00:00\",\"dateModified\":\"2024-06-08T03:45:25+00:00\",\"author\":{\"@id\":\"https:\/\/ciudadyregion.com.co\/#\/schema\/person\/04a4954373ebc4051f46e8c65ff78622\"},\"breadcrumb\":{\"@id\":\"https:\/\/ciudadyregion.com.co\/index.php\/emprendimientos-de-jovenes-del-srpa-y-el-icbf-estaran-en-el-50-festival-folclorico-colombiano\/cultura\/#breadcrumb\"},\"inLanguage\":\"es\",\"potentialAction\":[{\"@type\":\"ReadAction\",\"target\":[\"https:\/\/ciudadyregion.com.co\/index.php\/emprendimientos-de-jovenes-del-srpa-y-el-icbf-estaran-en-el-50-festival-folclorico-colombiano\/cultura\/\"]}]},{\"@type\":\"ImageObject\",\"inLanguage\":\"es\",\"@id\":\"https:\/\/ciudadyregion.com.co\/index.php\/emprendimientos-de-jovenes-del-srpa-y-el-icbf-estaran-en-el-50-festival-folclorico-colombiano\/cultura\/#primaryimage\",\"url\":\"https:\/\/i0.wp.com\/ciudadyregion.com.co\/wp-content\/uploads\/2024\/06\/festival-folclorico-colombiano-50.jpg?fit=800%2C445&ssl=1\",\"contentUrl\":\"https:\/\/i0.wp.com\/ciudadyregion.com.co\/wp-content\/uploads\/2024\/06\/festival-folclorico-colombiano-50.jpg?fit=800%2C445&ssl=1\",\"width\":800,\"height\":445},{\"@type\":\"BreadcrumbList\",\"@id\":\"https:\/\/ciudadyregion.com.co\/index.php\/emprendimientos-de-jovenes-del-srpa-y-el-icbf-estaran-en-el-50-festival-folclorico-colombiano\/cultura\/#breadcrumb\",\"itemListElement\":[{\"@type\":\"ListItem\",\"position\":1,\"name\":\"Portada\",\"item\":\"https:\/\/ciudadyregion.com.co\/\"},{\"@type\":\"ListItem\",\"position\":2,\"name\":\"Emprendimientos de j\u00f3venes del SRPA y el ICBF estar\u00e1n en el 50\u00b0 Festival Folcl\u00f3rico Colombiano\"}]},{\"@type\":\"WebSite\",\"@id\":\"https:\/\/ciudadyregion.com.co\/#website\",\"url\":\"https:\/\/ciudadyregion.com.co\/\",\"name\":\"Ciudad y Region\",\"description\":\"\",\"potentialAction\":[{\"@type\":\"SearchAction\",\"target\":{\"@type\":\"EntryPoint\",\"urlTemplate\":\"https:\/\/ciudadyregion.com.co\/?s={search_term_string}\"},\"query-input\":{\"@type\":\"PropertyValueSpecification\",\"valueRequired\":true,\"valueName\":\"search_term_string\"}}],\"inLanguage\":\"es\"},{\"@type\":\"Person\",\"@id\":\"https:\/\/ciudadyregion.com.co\/#\/schema\/person\/04a4954373ebc4051f46e8c65ff78622\",\"name\":\"David Andr\u00e9s Aguirre\",\"image\":{\"@type\":\"ImageObject\",\"inLanguage\":\"es\",\"@id\":\"https:\/\/ciudadyregion.com.co\/#\/schema\/person\/image\/\",\"url\":\"https:\/\/secure.gravatar.com\/avatar\/bc3c655860202182ee6d1b5edd042dbe?s=96&d=mm&r=g\",\"contentUrl\":\"https:\/\/secure.gravatar.com\/avatar\/bc3c655860202182ee6d1b5edd042dbe?s=96&d=mm&r=g\",\"caption\":\"David Andr\u00e9s Aguirre\"},\"url\":\"https:\/\/ciudadyregion.com.co\/index.php\/author\/diegoaguirre\/\"}]}<\/script>\n<!-- \/ Yoast SEO plugin. -->","yoast_head_json":{"title":"Emprendimientos de j\u00f3venes del SRPA y el ICBF estar\u00e1n en el 50\u00b0 Festival Folcl\u00f3rico Colombiano - Ciudad y Region","robots":{"index":"index","follow":"follow","max-snippet":"max-snippet:-1","max-image-preview":"max-image-preview:large","max-video-preview":"max-video-preview:-1"},"canonical":"https:\/\/ciudadyregion.com.co\/index.php\/emprendimientos-de-jovenes-del-srpa-y-el-icbf-estaran-en-el-50-festival-folclorico-colombiano\/cultura\/","og_locale":"es_ES","og_type":"article","og_title":"Emprendimientos de j\u00f3venes del SRPA y el ICBF estar\u00e1n en el 50\u00b0 Festival Folcl\u00f3rico Colombiano - Ciudad y Region","og_description":"35 emprendimientos de estos j\u00f3venes del Sistema General de Responsabilidad Penal, provenientes de siete departamentos, demostrar\u00e1n su talento y resiliencia en la Feria de Centros de Inter\u00e9s y Emprendimiento. En el marco de la edici\u00f3n 50 del Festival Folcl\u00f3rico Colombiano, se llevar\u00e1 a cabo la Feria de Centros de Inter\u00e9sContinuar Leyendo","og_url":"https:\/\/ciudadyregion.com.co\/index.php\/emprendimientos-de-jovenes-del-srpa-y-el-icbf-estaran-en-el-50-festival-folclorico-colombiano\/cultura\/","og_site_name":"Ciudad y Region","article_published_time":"2024-06-08T09:44:42+00:00","article_modified_time":"2024-06-08T03:45:25+00:00","og_image":[{"width":800,"height":445,"url":"https:\/\/i0.wp.com\/ciudadyregion.com.co\/wp-content\/uploads\/2024\/06\/festival-folclorico-colombiano-50.jpg?fit=800%2C445&ssl=1","type":"image\/jpeg"}],"author":"David Andr\u00e9s Aguirre","twitter_card":"summary_large_image","twitter_misc":{"Escrito por":"David Andr\u00e9s Aguirre","Tiempo de lectura":"2 minutos"},"schema":{"@context":"https:\/\/schema.org","@graph":[{"@type":"WebPage","@id":"https:\/\/ciudadyregion.com.co\/index.php\/emprendimientos-de-jovenes-del-srpa-y-el-icbf-estaran-en-el-50-festival-folclorico-colombiano\/cultura\/","url":"https:\/\/ciudadyregion.com.co\/index.php\/emprendimientos-de-jovenes-del-srpa-y-el-icbf-estaran-en-el-50-festival-folclorico-colombiano\/cultura\/","name":"Emprendimientos de j\u00f3venes del SRPA y el ICBF estar\u00e1n en el 50\u00b0 Festival Folcl\u00f3rico Colombiano - Ciudad y Region","isPartOf":{"@id":"https:\/\/ciudadyregion.com.co\/#website"},"primaryImageOfPage":{"@id":"https:\/\/ciudadyregion.com.co\/index.php\/emprendimientos-de-jovenes-del-srpa-y-el-icbf-estaran-en-el-50-festival-folclorico-colombiano\/cultura\/#primaryimage"},"image":{"@id":"https:\/\/ciudadyregion.com.co\/index.php\/emprendimientos-de-jovenes-del-srpa-y-el-icbf-estaran-en-el-50-festival-folclorico-colombiano\/cultura\/#primaryimage"},"thumbnailUrl":"https:\/\/i0.wp.com\/ciudadyregion.com.co\/wp-content\/uploads\/2024\/06\/festival-folclorico-colombiano-50.jpg?fit=800%2C445&ssl=1","datePublished":"2024-06-08T09:44:42+00:00","dateModified":"2024-06-08T03:45:25+00:00","author":{"@id":"https:\/\/ciudadyregion.com.co\/#\/schema\/person\/04a4954373ebc4051f46e8c65ff78622"},"breadcrumb":{"@id":"https:\/\/ciudadyregion.com.co\/index.php\/emprendimientos-de-jovenes-del-srpa-y-el-icbf-estaran-en-el-50-festival-folclorico-colombiano\/cultura\/#breadcrumb"},"inLanguage":"es","potentialAction":[{"@type":"ReadAction","target":["https:\/\/ciudadyregion.com.co\/index.php\/emprendimientos-de-jovenes-del-srpa-y-el-icbf-estaran-en-el-50-festival-folclorico-colombiano\/cultura\/"]}]},{"@type":"ImageObject","inLanguage":"es","@id":"https:\/\/ciudadyregion.com.co\/index.php\/emprendimientos-de-jovenes-del-srpa-y-el-icbf-estaran-en-el-50-festival-folclorico-colombiano\/cultura\/#primaryimage","url":"https:\/\/i0.wp.com\/ciudadyregion.com.co\/wp-content\/uploads\/2024\/06\/festival-folclorico-colombiano-50.jpg?fit=800%2C445&ssl=1","contentUrl":"https:\/\/i0.wp.com\/ciudadyregion.com.co\/wp-content\/uploads\/2024\/06\/festival-folclorico-colombiano-50.jpg?fit=800%2C445&ssl=1","width":800,"height":445},{"@type":"BreadcrumbList","@id":"https:\/\/ciudadyregion.com.co\/index.php\/emprendimientos-de-jovenes-del-srpa-y-el-icbf-estaran-en-el-50-festival-folclorico-colombiano\/cultura\/#breadcrumb","itemListElement":[{"@type":"ListItem","position":1,"name":"Portada","item":"https:\/\/ciudadyregion.com.co\/"},{"@type":"ListItem","position":2,"name":"Emprendimientos de j\u00f3venes del SRPA y el ICBF estar\u00e1n en el 50\u00b0 Festival Folcl\u00f3rico Colombiano"}]},{"@type":"WebSite","@id":"https:\/\/ciudadyregion.com.co\/#website","url":"https:\/\/ciudadyregion.com.co\/","name":"Ciudad y Region","description":"","potentialAction":[{"@type":"SearchAction","target":{"@type":"EntryPoint","urlTemplate":"https:\/\/ciudadyregion.com.co\/?s={search_term_string}"},"query-input":{"@type":"PropertyValueSpecification","valueRequired":true,"valueName":"search_term_string"}}],"inLanguage":"es"},{"@type":"Person","@id":"https:\/\/ciudadyregion.com.co\/#\/schema\/person\/04a4954373ebc4051f46e8c65ff78622","name":"David Andr\u00e9s Aguirre","image":{"@type":"ImageObject","inLanguage":"es","@id":"https:\/\/ciudadyregion.com.co\/#\/schema\/person\/image\/","url":"https:\/\/secure.gravatar.com\/avatar\/bc3c655860202182ee6d1b5edd042dbe?s=96&d=mm&r=g","contentUrl":"https:\/\/secure.gravatar.com\/avatar\/bc3c655860202182ee6d1b5edd042dbe?s=96&d=mm&r=g","caption":"David Andr\u00e9s Aguirre"},"url":"https:\/\/ciudadyregion.com.co\/index.php\/author\/diegoaguirre\/"}]}},"jetpack_featured_media_url":"https:\/\/i0.wp.com\/ciudadyregion.com.co\/wp-content\/uploads\/2024\/06\/festival-folclorico-colombiano-50.jpg?fit=800%2C445&ssl=1","jetpack_sharing_enabled":true,"jetpack_shortlink":"https:\/\/wp.me\/pbS7hh-47M","jetpack-related-posts":[],"_links":{"self":[{"href":"https:\/\/ciudadyregion.com.co\/index.php\/wp-json\/wp\/v2\/posts\/15858"}],"collection":[{"href":"https:\/\/ciudadyregion.com.co\/index.php\/wp-json\/wp\/v2\/posts"}],"about":[{"href":"https:\/\/ciudadyregion.com.co\/index.php\/wp-json\/wp\/v2\/types\/post"}],"author":[{"embeddable":true,"href":"https:\/\/ciudadyregion.com.co\/index.php\/wp-json\/wp\/v2\/users\/2"}],"replies":[{"embeddable":true,"href":"https:\/\/ciudadyregion.com.co\/index.php\/wp-json\/wp\/v2\/comments?post=15858"}],"version-history":[{"count":1,"href":"https:\/\/ciudadyregion.com.co\/index.php\/wp-json\/wp\/v2\/posts\/15858\/revisions"}],"predecessor-version":[{"id":15860,"href":"https:\/\/ciudadyregion.com.co\/index.php\/wp-json\/wp\/v2\/posts\/15858\/revisions\/15860"}],"wp:featuredmedia":[{"embeddable":true,"href":"https:\/\/ciudadyregion.com.co\/index.php\/wp-json\/wp\/v2\/media\/15859"}],"wp:attachment":[{"href":"https:\/\/ciudadyregion.com.co\/index.php\/wp-json\/wp\/v2\/media?parent=15858"}],"wp:term":[{"taxonomy":"category","embeddable":true,"href":"https:\/\/ciudadyregion.com.co\/index.php\/wp-json\/wp\/v2\/categories?post=15858"},{"taxonomy":"post_tag","embeddable":true,"href":"https:\/\/ciudadyregion.com.co\/index.php\/wp-json\/wp\/v2\/tags?post=15858"}],"curies":[{"name":"wp","href":"https:\/\/api.w.org\/{rel}","templated":true}]}}