{"id":15820,"date":"2024-06-07T04:51:16","date_gmt":"2024-06-07T09:51:16","guid":{"rendered":"https:\/\/ciudadyregion.com.co\/?p=15820"},"modified":"2024-06-06T22:52:19","modified_gmt":"2024-06-07T03:52:19","slug":"envian-a-prision-a-un-hombre-que-por-una-discusion-arrollo-intencionalmente-con-su-vehiculo-a-cinco-jovenes-en-santander","status":"publish","type":"post","link":"https:\/\/ciudadyregion.com.co\/index.php\/envian-a-prision-a-un-hombre-que-por-una-discusion-arrollo-intencionalmente-con-su-vehiculo-a-cinco-jovenes-en-santander\/judicial\/","title":{"rendered":"Env\u00edan a prisi\u00f3n a un hombre que por una discusi\u00f3n, arroll\u00f3 intencionalmente con su veh\u00edculo a cinco j\u00f3venes en Santander"},"content":{"rendered":"<p>La Fiscal\u00eda present\u00f3 ante un juez con funci\u00f3n de control de garant\u00edas a Juli\u00e1n Andr\u00e9s Calder\u00f3n Boh\u00f3rquez, quien ser\u00eda el responsable de atropellar con su veh\u00edculo a cinco j\u00f3venes el 10 de febrero del presente a\u00f1o.<\/p>\n<p>Ese d\u00eda, de acuerdo con la investigaci\u00f3n, en inmediaciones de la vereda R\u00edo Fr\u00edo de Gir\u00f3n (Santander) se present\u00f3 una ri\u00f1a en un establecimiento comercial ubicado en el anillo vial entre Gir\u00f3n y Floridablanca (Santander) entre las v\u00edctimas y Calder\u00f3n Boh\u00f3rquez, quien los intimid\u00f3 con arma de fuego.<\/p>\n<p>Los cinco j\u00f3venes, que salieron caminando del negocio para evitar inconvenientes, posteriormente fueron alcanzados y arrollados al parecer por Calder\u00f3n Boh\u00f3rquez con un veh\u00edculo de alta gama. Las v\u00edctimas quedaron gravemente heridas.<\/p>\n<p>El automotor fue hallado despu\u00e9s abandonado en un parqueadero del municipio de Floridablanca.<\/p>\n<p>Calder\u00f3n Boh\u00f3rquez, quien se encontraba pr\u00f3fugo de la justicia, se entreg\u00f3 voluntariamente materializ\u00e1ndose la orden de captura que hab\u00eda en su contra.<\/p>\n<p>La Fiscal\u00eda le imput\u00f3 cargos por los delitos de tentativa de homicidio agravado y fabricaci\u00f3n, tr\u00e1fico o porte de armas de fuego. Cargos a los cuales no se allan\u00f3.<\/p>\n<p>El juez de control de garant\u00edas le impuso medida de aseguramiento en establecimiento carcelario, medida que fue apelada.<\/p>\n","protected":false},"excerpt":{"rendered":"<p>La Fiscal\u00eda present\u00f3 ante un juez con funci\u00f3n de control de garant\u00edas a Juli\u00e1n Andr\u00e9s Calder\u00f3n Boh\u00f3rquez, quien ser\u00eda el responsable de atropellar con su veh\u00edculo a cinco j\u00f3venes el 10 de febrero del presente a\u00f1o. Ese d\u00eda, de acuerdo con la investigaci\u00f3n, en inmediaciones de la vereda R\u00edo Fr\u00edo<span class=\"more-link\"><a href=\"https:\/\/ciudadyregion.com.co\/index.php\/envian-a-prision-a-un-hombre-que-por-una-discusion-arrollo-intencionalmente-con-su-vehiculo-a-cinco-jovenes-en-santander\/judicial\/\">Continuar Leyendo<\/a><\/span><\/p>\n","protected":false},"author":2,"featured_media":2849,"comment_status":"open","ping_status":"open","sticky":false,"template":"","format":"standard","meta":{"_uf_show_specific_survey":0,"_uf_disable_surveys":false,"_jetpack_memberships_contains_paid_content":false,"footnotes":"","jetpack_publicize_message":"","jetpack_publicize_feature_enabled":true,"jetpack_social_post_already_shared":true,"jetpack_social_options":{"image_generator_settings":{"template":"highway","enabled":false},"version":2}},"categories":[18],"tags":[],"class_list":["entry","author-diegoaguirre","post-15820","post","type-post","status-publish","format-standard","has-post-thumbnail","category-judicial"],"jetpack_publicize_connections":[],"yoast_head":"<!-- This site is optimized with the Yoast SEO plugin v24.3 - https:\/\/yoast.com\/wordpress\/plugins\/seo\/ -->\n<title>Env\u00edan a prisi\u00f3n a un hombre que por una discusi\u00f3n, arroll\u00f3 intencionalmente con su veh\u00edculo a cinco j\u00f3venes en Santander - Ciudad y Region<\/title>\n<meta name=\"robots\" content=\"index, follow, max-snippet:-1, max-image-preview:large, max-video-preview:-1\" \/>\n<link rel=\"canonical\" href=\"https:\/\/ciudadyregion.com.co\/index.php\/envian-a-prision-a-un-hombre-que-por-una-discusion-arrollo-intencionalmente-con-su-vehiculo-a-cinco-jovenes-en-santander\/judicial\/\" \/>\n<meta property=\"og:locale\" content=\"es_ES\" \/>\n<meta property=\"og:type\" content=\"article\" \/>\n<meta property=\"og:title\" content=\"Env\u00edan a prisi\u00f3n a un hombre que por una discusi\u00f3n, arroll\u00f3 intencionalmente con su veh\u00edculo a cinco j\u00f3venes en Santander - Ciudad y Region\" \/>\n<meta property=\"og:description\" content=\"La Fiscal\u00eda present\u00f3 ante un juez con funci\u00f3n de control de garant\u00edas a Juli\u00e1n Andr\u00e9s Calder\u00f3n Boh\u00f3rquez, quien ser\u00eda el responsable de atropellar con su veh\u00edculo a cinco j\u00f3venes el 10 de febrero del presente a\u00f1o. Ese d\u00eda, de acuerdo con la investigaci\u00f3n, en inmediaciones de la vereda R\u00edo Fr\u00edoContinuar Leyendo\" \/>\n<meta property=\"og:url\" content=\"https:\/\/ciudadyregion.com.co\/index.php\/envian-a-prision-a-un-hombre-que-por-una-discusion-arrollo-intencionalmente-con-su-vehiculo-a-cinco-jovenes-en-santander\/judicial\/\" \/>\n<meta property=\"og:site_name\" content=\"Ciudad y Region\" \/>\n<meta property=\"article:published_time\" content=\"2024-06-07T09:51:16+00:00\" \/>\n<meta property=\"article:modified_time\" content=\"2024-06-07T03:52:19+00:00\" \/>\n<meta property=\"og:image\" content=\"https:\/\/i0.wp.com\/ciudadyregion.com.co\/wp-content\/uploads\/2023\/11\/3-FISCALIA.jpg?fit=800%2C445&ssl=1\" \/>\n\t<meta property=\"og:image:width\" content=\"800\" \/>\n\t<meta property=\"og:image:height\" content=\"445\" \/>\n\t<meta property=\"og:image:type\" content=\"image\/jpeg\" \/>\n<meta name=\"author\" content=\"David Andr\u00e9s Aguirre\" \/>\n<meta name=\"twitter:card\" content=\"summary_large_image\" \/>\n<meta name=\"twitter:label1\" content=\"Escrito por\" \/>\n\t<meta name=\"twitter:data1\" content=\"David Andr\u00e9s Aguirre\" \/>\n\t<meta name=\"twitter:label2\" content=\"Tiempo de lectura\" \/>\n\t<meta name=\"twitter:data2\" content=\"1 minuto\" \/>\n<script type=\"application\/ld+json\" class=\"yoast-schema-graph\">{\"@context\":\"https:\/\/schema.org\",\"@graph\":[{\"@type\":\"WebPage\",\"@id\":\"https:\/\/ciudadyregion.com.co\/index.php\/envian-a-prision-a-un-hombre-que-por-una-discusion-arrollo-intencionalmente-con-su-vehiculo-a-cinco-jovenes-en-santander\/judicial\/\",\"url\":\"https:\/\/ciudadyregion.com.co\/index.php\/envian-a-prision-a-un-hombre-que-por-una-discusion-arrollo-intencionalmente-con-su-vehiculo-a-cinco-jovenes-en-santander\/judicial\/\",\"name\":\"Env\u00edan a prisi\u00f3n a un hombre que por una discusi\u00f3n, arroll\u00f3 intencionalmente con su veh\u00edculo a cinco j\u00f3venes en Santander - Ciudad y Region\",\"isPartOf\":{\"@id\":\"https:\/\/ciudadyregion.com.co\/#website\"},\"primaryImageOfPage\":{\"@id\":\"https:\/\/ciudadyregion.com.co\/index.php\/envian-a-prision-a-un-hombre-que-por-una-discusion-arrollo-intencionalmente-con-su-vehiculo-a-cinco-jovenes-en-santander\/judicial\/#primaryimage\"},\"image\":{\"@id\":\"https:\/\/ciudadyregion.com.co\/index.php\/envian-a-prision-a-un-hombre-que-por-una-discusion-arrollo-intencionalmente-con-su-vehiculo-a-cinco-jovenes-en-santander\/judicial\/#primaryimage\"},\"thumbnailUrl\":\"https:\/\/i0.wp.com\/ciudadyregion.com.co\/wp-content\/uploads\/2023\/11\/3-FISCALIA.jpg?fit=800%2C445&ssl=1\",\"datePublished\":\"2024-06-07T09:51:16+00:00\",\"dateModified\":\"2024-06-07T03:52:19+00:00\",\"author\":{\"@id\":\"https:\/\/ciudadyregion.com.co\/#\/schema\/person\/04a4954373ebc4051f46e8c65ff78622\"},\"breadcrumb\":{\"@id\":\"https:\/\/ciudadyregion.com.co\/index.php\/envian-a-prision-a-un-hombre-que-por-una-discusion-arrollo-intencionalmente-con-su-vehiculo-a-cinco-jovenes-en-santander\/judicial\/#breadcrumb\"},\"inLanguage\":\"es\",\"potentialAction\":[{\"@type\":\"ReadAction\",\"target\":[\"https:\/\/ciudadyregion.com.co\/index.php\/envian-a-prision-a-un-hombre-que-por-una-discusion-arrollo-intencionalmente-con-su-vehiculo-a-cinco-jovenes-en-santander\/judicial\/\"]}]},{\"@type\":\"ImageObject\",\"inLanguage\":\"es\",\"@id\":\"https:\/\/ciudadyregion.com.co\/index.php\/envian-a-prision-a-un-hombre-que-por-una-discusion-arrollo-intencionalmente-con-su-vehiculo-a-cinco-jovenes-en-santander\/judicial\/#primaryimage\",\"url\":\"https:\/\/i0.wp.com\/ciudadyregion.com.co\/wp-content\/uploads\/2023\/11\/3-FISCALIA.jpg?fit=800%2C445&ssl=1\",\"contentUrl\":\"https:\/\/i0.wp.com\/ciudadyregion.com.co\/wp-content\/uploads\/2023\/11\/3-FISCALIA.jpg?fit=800%2C445&ssl=1\",\"width\":800,\"height\":445},{\"@type\":\"BreadcrumbList\",\"@id\":\"https:\/\/ciudadyregion.com.co\/index.php\/envian-a-prision-a-un-hombre-que-por-una-discusion-arrollo-intencionalmente-con-su-vehiculo-a-cinco-jovenes-en-santander\/judicial\/#breadcrumb\",\"itemListElement\":[{\"@type\":\"ListItem\",\"position\":1,\"name\":\"Portada\",\"item\":\"https:\/\/ciudadyregion.com.co\/\"},{\"@type\":\"ListItem\",\"position\":2,\"name\":\"Env\u00edan a prisi\u00f3n a un hombre que por una discusi\u00f3n, arroll\u00f3 intencionalmente con su veh\u00edculo a cinco j\u00f3venes en Santander\"}]},{\"@type\":\"WebSite\",\"@id\":\"https:\/\/ciudadyregion.com.co\/#website\",\"url\":\"https:\/\/ciudadyregion.com.co\/\",\"name\":\"Ciudad y Region\",\"description\":\"\",\"potentialAction\":[{\"@type\":\"SearchAction\",\"target\":{\"@type\":\"EntryPoint\",\"urlTemplate\":\"https:\/\/ciudadyregion.com.co\/?s={search_term_string}\"},\"query-input\":{\"@type\":\"PropertyValueSpecification\",\"valueRequired\":true,\"valueName\":\"search_term_string\"}}],\"inLanguage\":\"es\"},{\"@type\":\"Person\",\"@id\":\"https:\/\/ciudadyregion.com.co\/#\/schema\/person\/04a4954373ebc4051f46e8c65ff78622\",\"name\":\"David Andr\u00e9s Aguirre\",\"image\":{\"@type\":\"ImageObject\",\"inLanguage\":\"es\",\"@id\":\"https:\/\/ciudadyregion.com.co\/#\/schema\/person\/image\/\",\"url\":\"https:\/\/secure.gravatar.com\/avatar\/bc3c655860202182ee6d1b5edd042dbe?s=96&d=mm&r=g\",\"contentUrl\":\"https:\/\/secure.gravatar.com\/avatar\/bc3c655860202182ee6d1b5edd042dbe?s=96&d=mm&r=g\",\"caption\":\"David Andr\u00e9s Aguirre\"},\"url\":\"https:\/\/ciudadyregion.com.co\/index.php\/author\/diegoaguirre\/\"}]}<\/script>\n<!-- \/ Yoast SEO plugin. -->","yoast_head_json":{"title":"Env\u00edan a prisi\u00f3n a un hombre que por una discusi\u00f3n, arroll\u00f3 intencionalmente con su veh\u00edculo a cinco j\u00f3venes en Santander - Ciudad y Region","robots":{"index":"index","follow":"follow","max-snippet":"max-snippet:-1","max-image-preview":"max-image-preview:large","max-video-preview":"max-video-preview:-1"},"canonical":"https:\/\/ciudadyregion.com.co\/index.php\/envian-a-prision-a-un-hombre-que-por-una-discusion-arrollo-intencionalmente-con-su-vehiculo-a-cinco-jovenes-en-santander\/judicial\/","og_locale":"es_ES","og_type":"article","og_title":"Env\u00edan a prisi\u00f3n a un hombre que por una discusi\u00f3n, arroll\u00f3 intencionalmente con su veh\u00edculo a cinco j\u00f3venes en Santander - Ciudad y Region","og_description":"La Fiscal\u00eda present\u00f3 ante un juez con funci\u00f3n de control de garant\u00edas a Juli\u00e1n Andr\u00e9s Calder\u00f3n Boh\u00f3rquez, quien ser\u00eda el responsable de atropellar con su veh\u00edculo a cinco j\u00f3venes el 10 de febrero del presente a\u00f1o. Ese d\u00eda, de acuerdo con la investigaci\u00f3n, en inmediaciones de la vereda R\u00edo Fr\u00edoContinuar Leyendo","og_url":"https:\/\/ciudadyregion.com.co\/index.php\/envian-a-prision-a-un-hombre-que-por-una-discusion-arrollo-intencionalmente-con-su-vehiculo-a-cinco-jovenes-en-santander\/judicial\/","og_site_name":"Ciudad y Region","article_published_time":"2024-06-07T09:51:16+00:00","article_modified_time":"2024-06-07T03:52:19+00:00","og_image":[{"width":800,"height":445,"url":"https:\/\/i0.wp.com\/ciudadyregion.com.co\/wp-content\/uploads\/2023\/11\/3-FISCALIA.jpg?fit=800%2C445&ssl=1","type":"image\/jpeg"}],"author":"David Andr\u00e9s Aguirre","twitter_card":"summary_large_image","twitter_misc":{"Escrito por":"David Andr\u00e9s Aguirre","Tiempo de lectura":"1 minuto"},"schema":{"@context":"https:\/\/schema.org","@graph":[{"@type":"WebPage","@id":"https:\/\/ciudadyregion.com.co\/index.php\/envian-a-prision-a-un-hombre-que-por-una-discusion-arrollo-intencionalmente-con-su-vehiculo-a-cinco-jovenes-en-santander\/judicial\/","url":"https:\/\/ciudadyregion.com.co\/index.php\/envian-a-prision-a-un-hombre-que-por-una-discusion-arrollo-intencionalmente-con-su-vehiculo-a-cinco-jovenes-en-santander\/judicial\/","name":"Env\u00edan a prisi\u00f3n a un hombre que por una discusi\u00f3n, arroll\u00f3 intencionalmente con su veh\u00edculo a cinco j\u00f3venes en Santander - Ciudad y Region","isPartOf":{"@id":"https:\/\/ciudadyregion.com.co\/#website"},"primaryImageOfPage":{"@id":"https:\/\/ciudadyregion.com.co\/index.php\/envian-a-prision-a-un-hombre-que-por-una-discusion-arrollo-intencionalmente-con-su-vehiculo-a-cinco-jovenes-en-santander\/judicial\/#primaryimage"},"image":{"@id":"https:\/\/ciudadyregion.com.co\/index.php\/envian-a-prision-a-un-hombre-que-por-una-discusion-arrollo-intencionalmente-con-su-vehiculo-a-cinco-jovenes-en-santander\/judicial\/#primaryimage"},"thumbnailUrl":"https:\/\/i0.wp.com\/ciudadyregion.com.co\/wp-content\/uploads\/2023\/11\/3-FISCALIA.jpg?fit=800%2C445&ssl=1","datePublished":"2024-06-07T09:51:16+00:00","dateModified":"2024-06-07T03:52:19+00:00","author":{"@id":"https:\/\/ciudadyregion.com.co\/#\/schema\/person\/04a4954373ebc4051f46e8c65ff78622"},"breadcrumb":{"@id":"https:\/\/ciudadyregion.com.co\/index.php\/envian-a-prision-a-un-hombre-que-por-una-discusion-arrollo-intencionalmente-con-su-vehiculo-a-cinco-jovenes-en-santander\/judicial\/#breadcrumb"},"inLanguage":"es","potentialAction":[{"@type":"ReadAction","target":["https:\/\/ciudadyregion.com.co\/index.php\/envian-a-prision-a-un-hombre-que-por-una-discusion-arrollo-intencionalmente-con-su-vehiculo-a-cinco-jovenes-en-santander\/judicial\/"]}]},{"@type":"ImageObject","inLanguage":"es","@id":"https:\/\/ciudadyregion.com.co\/index.php\/envian-a-prision-a-un-hombre-que-por-una-discusion-arrollo-intencionalmente-con-su-vehiculo-a-cinco-jovenes-en-santander\/judicial\/#primaryimage","url":"https:\/\/i0.wp.com\/ciudadyregion.com.co\/wp-content\/uploads\/2023\/11\/3-FISCALIA.jpg?fit=800%2C445&ssl=1","contentUrl":"https:\/\/i0.wp.com\/ciudadyregion.com.co\/wp-content\/uploads\/2023\/11\/3-FISCALIA.jpg?fit=800%2C445&ssl=1","width":800,"height":445},{"@type":"BreadcrumbList","@id":"https:\/\/ciudadyregion.com.co\/index.php\/envian-a-prision-a-un-hombre-que-por-una-discusion-arrollo-intencionalmente-con-su-vehiculo-a-cinco-jovenes-en-santander\/judicial\/#breadcrumb","itemListElement":[{"@type":"ListItem","position":1,"name":"Portada","item":"https:\/\/ciudadyregion.com.co\/"},{"@type":"ListItem","position":2,"name":"Env\u00edan a prisi\u00f3n a un hombre que por una discusi\u00f3n, arroll\u00f3 intencionalmente con su veh\u00edculo a cinco j\u00f3venes en Santander"}]},{"@type":"WebSite","@id":"https:\/\/ciudadyregion.com.co\/#website","url":"https:\/\/ciudadyregion.com.co\/","name":"Ciudad y Region","description":"","potentialAction":[{"@type":"SearchAction","target":{"@type":"EntryPoint","urlTemplate":"https:\/\/ciudadyregion.com.co\/?s={search_term_string}"},"query-input":{"@type":"PropertyValueSpecification","valueRequired":true,"valueName":"search_term_string"}}],"inLanguage":"es"},{"@type":"Person","@id":"https:\/\/ciudadyregion.com.co\/#\/schema\/person\/04a4954373ebc4051f46e8c65ff78622","name":"David Andr\u00e9s Aguirre","image":{"@type":"ImageObject","inLanguage":"es","@id":"https:\/\/ciudadyregion.com.co\/#\/schema\/person\/image\/","url":"https:\/\/secure.gravatar.com\/avatar\/bc3c655860202182ee6d1b5edd042dbe?s=96&d=mm&r=g","contentUrl":"https:\/\/secure.gravatar.com\/avatar\/bc3c655860202182ee6d1b5edd042dbe?s=96&d=mm&r=g","caption":"David Andr\u00e9s Aguirre"},"url":"https:\/\/ciudadyregion.com.co\/index.php\/author\/diegoaguirre\/"}]}},"jetpack_featured_media_url":"https:\/\/i0.wp.com\/ciudadyregion.com.co\/wp-content\/uploads\/2023\/11\/3-FISCALIA.jpg?fit=800%2C445&ssl=1","jetpack_sharing_enabled":true,"jetpack_shortlink":"https:\/\/wp.me\/pbS7hh-47a","jetpack-related-posts":[],"_links":{"self":[{"href":"https:\/\/ciudadyregion.com.co\/index.php\/wp-json\/wp\/v2\/posts\/15820"}],"collection":[{"href":"https:\/\/ciudadyregion.com.co\/index.php\/wp-json\/wp\/v2\/posts"}],"about":[{"href":"https:\/\/ciudadyregion.com.co\/index.php\/wp-json\/wp\/v2\/types\/post"}],"author":[{"embeddable":true,"href":"https:\/\/ciudadyregion.com.co\/index.php\/wp-json\/wp\/v2\/users\/2"}],"replies":[{"embeddable":true,"href":"https:\/\/ciudadyregion.com.co\/index.php\/wp-json\/wp\/v2\/comments?post=15820"}],"version-history":[{"count":1,"href":"https:\/\/ciudadyregion.com.co\/index.php\/wp-json\/wp\/v2\/posts\/15820\/revisions"}],"predecessor-version":[{"id":15821,"href":"https:\/\/ciudadyregion.com.co\/index.php\/wp-json\/wp\/v2\/posts\/15820\/revisions\/15821"}],"wp:featuredmedia":[{"embeddable":true,"href":"https:\/\/ciudadyregion.com.co\/index.php\/wp-json\/wp\/v2\/media\/2849"}],"wp:attachment":[{"href":"https:\/\/ciudadyregion.com.co\/index.php\/wp-json\/wp\/v2\/media?parent=15820"}],"wp:term":[{"taxonomy":"category","embeddable":true,"href":"https:\/\/ciudadyregion.com.co\/index.php\/wp-json\/wp\/v2\/categories?post=15820"},{"taxonomy":"post_tag","embeddable":true,"href":"https:\/\/ciudadyregion.com.co\/index.php\/wp-json\/wp\/v2\/tags?post=15820"}],"curies":[{"name":"wp","href":"https:\/\/api.w.org\/{rel}","templated":true}]}}