{"id":15693,"date":"2024-06-06T08:36:59","date_gmt":"2024-06-06T13:36:59","guid":{"rendered":"https:\/\/ciudadyregion.com.co\/?p=15693"},"modified":"2024-06-06T08:36:59","modified_gmt":"2024-06-06T13:36:59","slug":"la-capital-musical-ya-tiene-nuevo-comandante-de-la-metib-el-coronel-diego-mora","status":"publish","type":"post","link":"https:\/\/ciudadyregion.com.co\/index.php\/la-capital-musical-ya-tiene-nuevo-comandante-de-la-metib-el-coronel-diego-mora\/ibague\/","title":{"rendered":"La Capital Musical ya tiene nuevo comandante de la METIB: el coronel Diego Mora"},"content":{"rendered":"<div>Diego Edixon Mora Mu\u00f1oz se posesion\u00f3 en la ma\u00f1ana de este mi\u00e9rcoles como comandante de la Polic\u00eda Metropolitana de Ibagu\u00e9. El coronel tendr\u00e1 la misi\u00f3n de fortalecer la seguridad y la tranquilidad en el territorio ibaguere\u00f1o.<\/div>\n<div><span style=\"font-family: Arial, Verdana;\">\u00a0<\/span><\/div>\n<blockquote>\n<div><span style=\"font-family: Arial, Verdana;\"><i>\u201cDejamos en sus manos la bandera de nuestra ciudad coronel, confiamos en su capacidad para proteger a los ibaguere\u00f1os y por eso contamos con usted para ejercer este cargo en nuestra ciudad. Bajo su mando confiamos en que la Metib continuar\u00e1 siendo un basti\u00f3n de seguridad, de justicia y de paz\u201d,<\/i>\u00a0indic\u00f3 Johana Aranda, alcaldesa de Ibagu\u00e9.\u00a0<\/span><\/div>\n<\/blockquote>\n<div><span style=\"font-family: Arial, Verdana;\">\u00a0<\/span><\/div>\n<div><span style=\"font-family: Arial, Verdana;\">Al acto protocolario asisti\u00f3 el brigadier general Jos\u00e9 Luis Ram\u00edrez, entre otras autoridades.\u00a0<\/span><\/div>\n<div><span style=\"font-family: Arial, Verdana;\">\u00a0<\/span><\/div>\n<div><span style=\"font-family: Arial, Verdana;\">Durante la posesi\u00f3n, el comandante Diego Mora fue enf\u00e1tico en afirmar:<\/span><\/div>\n<blockquote>\n<div><span style=\"font-family: Arial, Verdana;\"> \u201c<i>Trabajar\u00e9 por todos los polic\u00edas que conforman la Metropolitana. Estar\u00e9 en este nuevo modelo de la seguridad, donde la polic\u00eda, las autoridades y la comunidad son la pieza clave para obtener resultados contundentes\u201d.\u00a0<\/i><\/span><\/div>\n<\/blockquote>\n<div><span style=\"font-family: Arial, Verdana;\">\u00a0<\/span><\/div>\n<div><span style=\"font-family: Arial, Verdana;\">Con el nuevo comandante se espera continuar con resultados positivos, dado que Mora Mu\u00f1oz se ven\u00eda desempe\u00f1ando como subcomandante de la Polic\u00eda Metropolitana y conoce bien la ciudad.\u00a0<\/span><\/div>\n<div><span style=\"font-family: Arial, Verdana;\">\u00a0<\/span><\/div>\n<blockquote>\n<div><span style=\"font-family: Arial, Verdana;\"><i>\u201cHemos encomendado al nuevo comandante m\u00e1s presencia policial, el ciudadano necesita sentirse seguro. Sabemos que Ibagu\u00e9 cuenta con una Polic\u00eda comprometida por cuidar y proteger esta ciudad y por ello vemos resultados\u201d<\/i>, sostuvo Jos\u00e9 Luis Ram\u00edrez, brigadier general.<\/span><\/div>\n<\/blockquote>\n","protected":false},"excerpt":{"rendered":"<p>Diego Edixon Mora Mu\u00f1oz se posesion\u00f3 en la ma\u00f1ana de este mi\u00e9rcoles como comandante de la Polic\u00eda Metropolitana de Ibagu\u00e9. El coronel tendr\u00e1 la misi\u00f3n de fortalecer la seguridad y la tranquilidad en el territorio ibaguere\u00f1o. \u00a0 \u201cDejamos en sus manos la bandera de nuestra ciudad coronel, confiamos en su<span class=\"more-link\"><a href=\"https:\/\/ciudadyregion.com.co\/index.php\/la-capital-musical-ya-tiene-nuevo-comandante-de-la-metib-el-coronel-diego-mora\/ibague\/\">Continuar Leyendo<\/a><\/span><\/p>\n","protected":false},"author":2,"featured_media":15694,"comment_status":"open","ping_status":"open","sticky":false,"template":"","format":"standard","meta":{"_uf_show_specific_survey":0,"_uf_disable_surveys":false,"_jetpack_memberships_contains_paid_content":false,"footnotes":"","jetpack_publicize_message":"","jetpack_publicize_feature_enabled":true,"jetpack_social_post_already_shared":true,"jetpack_social_options":{"image_generator_settings":{"template":"highway","enabled":false},"version":2}},"categories":[14],"tags":[],"class_list":["entry","author-diegoaguirre","post-15693","post","type-post","status-publish","format-standard","has-post-thumbnail","category-ibague"],"jetpack_publicize_connections":[],"yoast_head":"<!-- This site is optimized with the Yoast SEO plugin v24.3 - https:\/\/yoast.com\/wordpress\/plugins\/seo\/ -->\n<title>La Capital Musical ya tiene nuevo comandante de la METIB: el coronel Diego Mora - Ciudad y Region<\/title>\n<meta name=\"robots\" content=\"index, follow, max-snippet:-1, max-image-preview:large, max-video-preview:-1\" \/>\n<link rel=\"canonical\" href=\"https:\/\/ciudadyregion.com.co\/index.php\/la-capital-musical-ya-tiene-nuevo-comandante-de-la-metib-el-coronel-diego-mora\/ibague\/\" \/>\n<meta property=\"og:locale\" content=\"es_ES\" \/>\n<meta property=\"og:type\" content=\"article\" \/>\n<meta property=\"og:title\" content=\"La Capital Musical ya tiene nuevo comandante de la METIB: el coronel Diego Mora - Ciudad y Region\" \/>\n<meta property=\"og:description\" content=\"Diego Edixon Mora Mu\u00f1oz se posesion\u00f3 en la ma\u00f1ana de este mi\u00e9rcoles como comandante de la Polic\u00eda Metropolitana de Ibagu\u00e9. El coronel tendr\u00e1 la misi\u00f3n de fortalecer la seguridad y la tranquilidad en el territorio ibaguere\u00f1o. \u00a0 \u201cDejamos en sus manos la bandera de nuestra ciudad coronel, confiamos en suContinuar Leyendo\" \/>\n<meta property=\"og:url\" content=\"https:\/\/ciudadyregion.com.co\/index.php\/la-capital-musical-ya-tiene-nuevo-comandante-de-la-metib-el-coronel-diego-mora\/ibague\/\" \/>\n<meta property=\"og:site_name\" content=\"Ciudad y Region\" \/>\n<meta property=\"article:published_time\" content=\"2024-06-06T13:36:59+00:00\" \/>\n<meta property=\"og:image\" content=\"https:\/\/ciudadyregion.com.co\/wp-content\/uploads\/2024\/06\/9-8.jpg\" \/>\n\t<meta property=\"og:image:width\" content=\"800\" \/>\n\t<meta property=\"og:image:height\" content=\"445\" \/>\n\t<meta property=\"og:image:type\" content=\"image\/jpeg\" \/>\n<meta name=\"author\" content=\"David Andr\u00e9s Aguirre\" \/>\n<meta name=\"twitter:card\" content=\"summary_large_image\" \/>\n<meta name=\"twitter:label1\" content=\"Escrito por\" \/>\n\t<meta name=\"twitter:data1\" content=\"David Andr\u00e9s Aguirre\" \/>\n\t<meta name=\"twitter:label2\" content=\"Tiempo de lectura\" \/>\n\t<meta name=\"twitter:data2\" content=\"1 minuto\" \/>\n<script type=\"application\/ld+json\" class=\"yoast-schema-graph\">{\"@context\":\"https:\/\/schema.org\",\"@graph\":[{\"@type\":\"WebPage\",\"@id\":\"https:\/\/ciudadyregion.com.co\/index.php\/la-capital-musical-ya-tiene-nuevo-comandante-de-la-metib-el-coronel-diego-mora\/ibague\/\",\"url\":\"https:\/\/ciudadyregion.com.co\/index.php\/la-capital-musical-ya-tiene-nuevo-comandante-de-la-metib-el-coronel-diego-mora\/ibague\/\",\"name\":\"La Capital Musical ya tiene nuevo comandante de la METIB: el coronel Diego Mora - Ciudad y Region\",\"isPartOf\":{\"@id\":\"https:\/\/ciudadyregion.com.co\/#website\"},\"primaryImageOfPage\":{\"@id\":\"https:\/\/ciudadyregion.com.co\/index.php\/la-capital-musical-ya-tiene-nuevo-comandante-de-la-metib-el-coronel-diego-mora\/ibague\/#primaryimage\"},\"image\":{\"@id\":\"https:\/\/ciudadyregion.com.co\/index.php\/la-capital-musical-ya-tiene-nuevo-comandante-de-la-metib-el-coronel-diego-mora\/ibague\/#primaryimage\"},\"thumbnailUrl\":\"https:\/\/i0.wp.com\/ciudadyregion.com.co\/wp-content\/uploads\/2024\/06\/9-8.jpg?fit=800%2C445&ssl=1\",\"datePublished\":\"2024-06-06T13:36:59+00:00\",\"dateModified\":\"2024-06-06T13:36:59+00:00\",\"author\":{\"@id\":\"https:\/\/ciudadyregion.com.co\/#\/schema\/person\/04a4954373ebc4051f46e8c65ff78622\"},\"breadcrumb\":{\"@id\":\"https:\/\/ciudadyregion.com.co\/index.php\/la-capital-musical-ya-tiene-nuevo-comandante-de-la-metib-el-coronel-diego-mora\/ibague\/#breadcrumb\"},\"inLanguage\":\"es\",\"potentialAction\":[{\"@type\":\"ReadAction\",\"target\":[\"https:\/\/ciudadyregion.com.co\/index.php\/la-capital-musical-ya-tiene-nuevo-comandante-de-la-metib-el-coronel-diego-mora\/ibague\/\"]}]},{\"@type\":\"ImageObject\",\"inLanguage\":\"es\",\"@id\":\"https:\/\/ciudadyregion.com.co\/index.php\/la-capital-musical-ya-tiene-nuevo-comandante-de-la-metib-el-coronel-diego-mora\/ibague\/#primaryimage\",\"url\":\"https:\/\/i0.wp.com\/ciudadyregion.com.co\/wp-content\/uploads\/2024\/06\/9-8.jpg?fit=800%2C445&ssl=1\",\"contentUrl\":\"https:\/\/i0.wp.com\/ciudadyregion.com.co\/wp-content\/uploads\/2024\/06\/9-8.jpg?fit=800%2C445&ssl=1\",\"width\":800,\"height\":445},{\"@type\":\"BreadcrumbList\",\"@id\":\"https:\/\/ciudadyregion.com.co\/index.php\/la-capital-musical-ya-tiene-nuevo-comandante-de-la-metib-el-coronel-diego-mora\/ibague\/#breadcrumb\",\"itemListElement\":[{\"@type\":\"ListItem\",\"position\":1,\"name\":\"Portada\",\"item\":\"https:\/\/ciudadyregion.com.co\/\"},{\"@type\":\"ListItem\",\"position\":2,\"name\":\"La Capital Musical ya tiene nuevo comandante de la METIB: el coronel Diego Mora\"}]},{\"@type\":\"WebSite\",\"@id\":\"https:\/\/ciudadyregion.com.co\/#website\",\"url\":\"https:\/\/ciudadyregion.com.co\/\",\"name\":\"Ciudad y Region\",\"description\":\"\",\"potentialAction\":[{\"@type\":\"SearchAction\",\"target\":{\"@type\":\"EntryPoint\",\"urlTemplate\":\"https:\/\/ciudadyregion.com.co\/?s={search_term_string}\"},\"query-input\":{\"@type\":\"PropertyValueSpecification\",\"valueRequired\":true,\"valueName\":\"search_term_string\"}}],\"inLanguage\":\"es\"},{\"@type\":\"Person\",\"@id\":\"https:\/\/ciudadyregion.com.co\/#\/schema\/person\/04a4954373ebc4051f46e8c65ff78622\",\"name\":\"David Andr\u00e9s Aguirre\",\"image\":{\"@type\":\"ImageObject\",\"inLanguage\":\"es\",\"@id\":\"https:\/\/ciudadyregion.com.co\/#\/schema\/person\/image\/\",\"url\":\"https:\/\/secure.gravatar.com\/avatar\/bc3c655860202182ee6d1b5edd042dbe?s=96&d=mm&r=g\",\"contentUrl\":\"https:\/\/secure.gravatar.com\/avatar\/bc3c655860202182ee6d1b5edd042dbe?s=96&d=mm&r=g\",\"caption\":\"David Andr\u00e9s Aguirre\"},\"url\":\"https:\/\/ciudadyregion.com.co\/index.php\/author\/diegoaguirre\/\"}]}<\/script>\n<!-- \/ Yoast SEO plugin. -->","yoast_head_json":{"title":"La Capital Musical ya tiene nuevo comandante de la METIB: el coronel Diego Mora - Ciudad y Region","robots":{"index":"index","follow":"follow","max-snippet":"max-snippet:-1","max-image-preview":"max-image-preview:large","max-video-preview":"max-video-preview:-1"},"canonical":"https:\/\/ciudadyregion.com.co\/index.php\/la-capital-musical-ya-tiene-nuevo-comandante-de-la-metib-el-coronel-diego-mora\/ibague\/","og_locale":"es_ES","og_type":"article","og_title":"La Capital Musical ya tiene nuevo comandante de la METIB: el coronel Diego Mora - Ciudad y Region","og_description":"Diego Edixon Mora Mu\u00f1oz se posesion\u00f3 en la ma\u00f1ana de este mi\u00e9rcoles como comandante de la Polic\u00eda Metropolitana de Ibagu\u00e9. El coronel tendr\u00e1 la misi\u00f3n de fortalecer la seguridad y la tranquilidad en el territorio ibaguere\u00f1o. \u00a0 \u201cDejamos en sus manos la bandera de nuestra ciudad coronel, confiamos en suContinuar Leyendo","og_url":"https:\/\/ciudadyregion.com.co\/index.php\/la-capital-musical-ya-tiene-nuevo-comandante-de-la-metib-el-coronel-diego-mora\/ibague\/","og_site_name":"Ciudad y Region","article_published_time":"2024-06-06T13:36:59+00:00","og_image":[{"width":800,"height":445,"url":"https:\/\/ciudadyregion.com.co\/wp-content\/uploads\/2024\/06\/9-8.jpg","type":"image\/jpeg"}],"author":"David Andr\u00e9s Aguirre","twitter_card":"summary_large_image","twitter_misc":{"Escrito por":"David Andr\u00e9s Aguirre","Tiempo de lectura":"1 minuto"},"schema":{"@context":"https:\/\/schema.org","@graph":[{"@type":"WebPage","@id":"https:\/\/ciudadyregion.com.co\/index.php\/la-capital-musical-ya-tiene-nuevo-comandante-de-la-metib-el-coronel-diego-mora\/ibague\/","url":"https:\/\/ciudadyregion.com.co\/index.php\/la-capital-musical-ya-tiene-nuevo-comandante-de-la-metib-el-coronel-diego-mora\/ibague\/","name":"La Capital Musical ya tiene nuevo comandante de la METIB: el coronel Diego Mora - Ciudad y Region","isPartOf":{"@id":"https:\/\/ciudadyregion.com.co\/#website"},"primaryImageOfPage":{"@id":"https:\/\/ciudadyregion.com.co\/index.php\/la-capital-musical-ya-tiene-nuevo-comandante-de-la-metib-el-coronel-diego-mora\/ibague\/#primaryimage"},"image":{"@id":"https:\/\/ciudadyregion.com.co\/index.php\/la-capital-musical-ya-tiene-nuevo-comandante-de-la-metib-el-coronel-diego-mora\/ibague\/#primaryimage"},"thumbnailUrl":"https:\/\/i0.wp.com\/ciudadyregion.com.co\/wp-content\/uploads\/2024\/06\/9-8.jpg?fit=800%2C445&ssl=1","datePublished":"2024-06-06T13:36:59+00:00","dateModified":"2024-06-06T13:36:59+00:00","author":{"@id":"https:\/\/ciudadyregion.com.co\/#\/schema\/person\/04a4954373ebc4051f46e8c65ff78622"},"breadcrumb":{"@id":"https:\/\/ciudadyregion.com.co\/index.php\/la-capital-musical-ya-tiene-nuevo-comandante-de-la-metib-el-coronel-diego-mora\/ibague\/#breadcrumb"},"inLanguage":"es","potentialAction":[{"@type":"ReadAction","target":["https:\/\/ciudadyregion.com.co\/index.php\/la-capital-musical-ya-tiene-nuevo-comandante-de-la-metib-el-coronel-diego-mora\/ibague\/"]}]},{"@type":"ImageObject","inLanguage":"es","@id":"https:\/\/ciudadyregion.com.co\/index.php\/la-capital-musical-ya-tiene-nuevo-comandante-de-la-metib-el-coronel-diego-mora\/ibague\/#primaryimage","url":"https:\/\/i0.wp.com\/ciudadyregion.com.co\/wp-content\/uploads\/2024\/06\/9-8.jpg?fit=800%2C445&ssl=1","contentUrl":"https:\/\/i0.wp.com\/ciudadyregion.com.co\/wp-content\/uploads\/2024\/06\/9-8.jpg?fit=800%2C445&ssl=1","width":800,"height":445},{"@type":"BreadcrumbList","@id":"https:\/\/ciudadyregion.com.co\/index.php\/la-capital-musical-ya-tiene-nuevo-comandante-de-la-metib-el-coronel-diego-mora\/ibague\/#breadcrumb","itemListElement":[{"@type":"ListItem","position":1,"name":"Portada","item":"https:\/\/ciudadyregion.com.co\/"},{"@type":"ListItem","position":2,"name":"La Capital Musical ya tiene nuevo comandante de la METIB: el coronel Diego Mora"}]},{"@type":"WebSite","@id":"https:\/\/ciudadyregion.com.co\/#website","url":"https:\/\/ciudadyregion.com.co\/","name":"Ciudad y Region","description":"","potentialAction":[{"@type":"SearchAction","target":{"@type":"EntryPoint","urlTemplate":"https:\/\/ciudadyregion.com.co\/?s={search_term_string}"},"query-input":{"@type":"PropertyValueSpecification","valueRequired":true,"valueName":"search_term_string"}}],"inLanguage":"es"},{"@type":"Person","@id":"https:\/\/ciudadyregion.com.co\/#\/schema\/person\/04a4954373ebc4051f46e8c65ff78622","name":"David Andr\u00e9s Aguirre","image":{"@type":"ImageObject","inLanguage":"es","@id":"https:\/\/ciudadyregion.com.co\/#\/schema\/person\/image\/","url":"https:\/\/secure.gravatar.com\/avatar\/bc3c655860202182ee6d1b5edd042dbe?s=96&d=mm&r=g","contentUrl":"https:\/\/secure.gravatar.com\/avatar\/bc3c655860202182ee6d1b5edd042dbe?s=96&d=mm&r=g","caption":"David Andr\u00e9s Aguirre"},"url":"https:\/\/ciudadyregion.com.co\/index.php\/author\/diegoaguirre\/"}]}},"jetpack_featured_media_url":"https:\/\/i0.wp.com\/ciudadyregion.com.co\/wp-content\/uploads\/2024\/06\/9-8.jpg?fit=800%2C445&ssl=1","jetpack_sharing_enabled":true,"jetpack_shortlink":"https:\/\/wp.me\/pbS7hh-457","jetpack-related-posts":[],"_links":{"self":[{"href":"https:\/\/ciudadyregion.com.co\/index.php\/wp-json\/wp\/v2\/posts\/15693"}],"collection":[{"href":"https:\/\/ciudadyregion.com.co\/index.php\/wp-json\/wp\/v2\/posts"}],"about":[{"href":"https:\/\/ciudadyregion.com.co\/index.php\/wp-json\/wp\/v2\/types\/post"}],"author":[{"embeddable":true,"href":"https:\/\/ciudadyregion.com.co\/index.php\/wp-json\/wp\/v2\/users\/2"}],"replies":[{"embeddable":true,"href":"https:\/\/ciudadyregion.com.co\/index.php\/wp-json\/wp\/v2\/comments?post=15693"}],"version-history":[{"count":1,"href":"https:\/\/ciudadyregion.com.co\/index.php\/wp-json\/wp\/v2\/posts\/15693\/revisions"}],"predecessor-version":[{"id":15695,"href":"https:\/\/ciudadyregion.com.co\/index.php\/wp-json\/wp\/v2\/posts\/15693\/revisions\/15695"}],"wp:featuredmedia":[{"embeddable":true,"href":"https:\/\/ciudadyregion.com.co\/index.php\/wp-json\/wp\/v2\/media\/15694"}],"wp:attachment":[{"href":"https:\/\/ciudadyregion.com.co\/index.php\/wp-json\/wp\/v2\/media?parent=15693"}],"wp:term":[{"taxonomy":"category","embeddable":true,"href":"https:\/\/ciudadyregion.com.co\/index.php\/wp-json\/wp\/v2\/categories?post=15693"},{"taxonomy":"post_tag","embeddable":true,"href":"https:\/\/ciudadyregion.com.co\/index.php\/wp-json\/wp\/v2\/tags?post=15693"}],"curies":[{"name":"wp","href":"https:\/\/api.w.org\/{rel}","templated":true}]}}