{"id":15687,"date":"2024-06-06T08:29:47","date_gmt":"2024-06-06T13:29:47","guid":{"rendered":"https:\/\/ciudadyregion.com.co\/?p=15687"},"modified":"2024-06-06T08:29:47","modified_gmt":"2024-06-06T13:29:47","slug":"informese-bien-enterese-aqui-como-se-desarrollara-el-plan-semaforo-del-ibal-por-distritos-en-ibague","status":"publish","type":"post","link":"https:\/\/ciudadyregion.com.co\/index.php\/informese-bien-enterese-aqui-como-se-desarrollara-el-plan-semaforo-del-ibal-por-distritos-en-ibague\/ibague\/","title":{"rendered":"Inf\u00f3rmese bien: Ent\u00e9rese aqu\u00ed como se desarrollar\u00e1 el &#8216;Plan Sem\u00e1foro&#8217; del IBAL por distritos en Ibagu\u00e9"},"content":{"rendered":"<div>Desde la Empresa Ibaguere\u00f1a de Acueducto y Alcantarillado, IBAL, se informa a sus m\u00e1s de 180 mil usuarios que se mantiene la implementaci\u00f3n del &#8216;Plan Sem\u00e1foro&#8217; o regulaci\u00f3n sectorizada en la ciudad, con el objetivo de garantizar el suministro de agua a todos los distritos.<\/div>\n<div><span style=\"font-family: Arial, Verdana;\">\u00a0<\/span><\/div>\n<div><span style=\"font-family: Arial, Verdana;\">Mauricio Peralta, director Operativo de IBAL, explic\u00f3 que esta decisi\u00f3n fue adoptada por el Consejo Municipal para la Gesti\u00f3n del Riesgo debido a la transici\u00f3n entre los fen\u00f3menos de El Ni\u00f1o y La Ni\u00f1a, que afecta tanto a Ibagu\u00e9 como al pa\u00eds.<\/span><\/div>\n<div><span style=\"font-family: Arial, Verdana;\">\u00a0<\/span><\/div>\n<div><span style=\"font-family: Arial, Verdana;\"><i>\u201cCon estas acciones, buscamos asegurar el servicio de agua para todos los ciudadanos. El horario se mantiene sin cambios, permitiendo que todos los barrios reciban el suministro de agua en diferentes horarios y as\u00ed asegurar que cada hogar tenga acceso al servicio\u201d<\/i>, se\u00f1al\u00f3 Peralta.<\/span><\/div>\n<div><span style=\"font-family: Arial, Verdana;\"><b>\u00a0<\/b><\/span><\/div>\n<div><span style=\"font-family: Arial, Verdana;\"><b>Los horarios por distrito son los siguientes:<\/b><\/span><\/div>\n<div><span style=\"font-family: Arial, Verdana;\">\u00a0<\/span><\/div>\n<ul>\n<li><span style=\"font-family: Arial, Verdana;\">Distritos 1 y 2: Servicio normal de 4:00 a.m. a 3:00 p.m. y bajas presiones de 3:00 p.m. a 4:00 a.m.<\/span><\/li>\n<li><span style=\"font-family: Arial, Verdana;\">Distrito 3: Servicio normal de 5:00 a.m. a 3:00 p.m. y bajas presiones de 3:00 p.m. a 5:00 a.m.<\/span><\/li>\n<li><span style=\"font-family: Arial, Verdana;\">Distritos 4, 5, 6 y 7: Servicio normal de 5:00 a.m. a 1:00 p.m. y bajas presiones de 1:00 p.m. a 5:00 a.m.<\/span><\/li>\n<li><span style=\"font-family: Arial, Verdana;\">Distritos 8, 9 y 10: Servicio normal de 4:00 a.m. a 10:00 a.m. y bajas presiones de 10:00 a.m. a 4:00 a.m.<\/span><\/li>\n<\/ul>\n<div><span style=\"font-family: Arial, Verdana;\"><i>\u00a0<\/i><\/span><\/div>\n<div><span style=\"font-family: Arial, Verdana;\"><i>\u201cAgradecemos la comprensi\u00f3n y colaboraci\u00f3n de todos los ciudadanos mientras trabajamos para mantener un suministro de agua constante y equitativo durante este periodo de transici\u00f3n\u201d<\/i>, a\u00f1adi\u00f3 el directivo del IBAL.\u00a0<\/span><\/div>\n<div><span style=\"font-family: Arial, Verdana;\">\u00a0<\/span><\/div>\n<div><span style=\"font-family: Arial, Verdana;\"><b>Horarios por barrio<\/b><\/span><\/div>\n<div><span style=\"font-family: Arial, Verdana;\">\u00a0<\/span><\/div>\n<div><strong><span style=\"font-family: Arial, Verdana;\">Distrito 1<\/span><\/strong><\/div>\n<div><strong><span style=\"font-family: Arial, Verdana;\">\u00a0<\/span><\/strong><\/div>\n<div><strong><span style=\"font-family: Arial, Verdana;\">Servicio normal: 4:00 a.m. a 3:00 p.m.<\/span><\/strong><\/div>\n<div><span style=\"font-family: Arial, Verdana;\"><strong>Bajas presiones: 3:00 p.m. a 6:00 a.<\/strong>m.<\/span><\/div>\n<div><span style=\"font-family: Arial, Verdana;\">\u00a0<\/span><\/div>\n<div><span style=\"font-family: Arial, Verdana;\">BARRIOS: 20 de Julio, 7 de Agosto, Alaska, Alaskita, Anc\u00f3n, Augusto E. Medina, Iraz\u00fa, La Pola parte alta, Bel\u00e9n, Villa Margarita, Villa de los Alpes, Anc\u00f3n parte baja, Belencito, Conjunto Residencial Torres de L\u00edbano, Conjunto Residencial Fontenova, Conjunto Residencial El Oasis, El Libertador, La Coqueta parte alta, Urbanizaci\u00f3n La Quinta, La Pola, La Vega, Los Pinos, La Pola sector Los Tanques, La Sof\u00eda, Moctezuma, Para\u00edso, Multifamiliares La Aurora, San Diego, Santa B\u00e1rbara, Terrazas de Santa B\u00e1rbara, Santa Cruz, Urbanizaci\u00f3n La Aurora, Colegio Americano, Colegio Tolimense, Villa Adriana y La Trinidad.<\/span><\/div>\n<div><span style=\"font-family: Arial, Verdana;\">\u00a0<\/span><\/div>\n<div><strong><span style=\"font-family: Arial, Verdana;\">Distrito 2<\/span><\/strong><\/div>\n<div><strong><span style=\"font-family: Arial, Verdana;\">\u00a0<\/span><\/strong><\/div>\n<div><strong><span style=\"font-family: Arial, Verdana;\">Servicio normal: 4:00 a.m. a 3:00 p.m.<\/span><\/strong><\/div>\n<div><strong><span style=\"font-family: Arial, Verdana;\">Bajas presiones: 3:00 p.m. a 6:00 a.m.<\/span><\/strong><\/div>\n<div><span style=\"font-family: Arial, Verdana;\">\u00a0<\/span><\/div>\n<div><span style=\"font-family: Arial, Verdana;\">BARRIOS: Anc\u00f3n, Malabar, Colegio Mar\u00eda Inmaculada, Cerro Pan de Az\u00facar, Pueblo Nuevo, Conservatorio de M\u00fasica, Sexta Brigada, Pablo Sexto, Cl\u00ednica Tolima, Calambeo, San Jorge, Cl\u00ednica Minerva, Interlaken, Urbanizaci\u00f3n Himalaya, Conjunto Cerrado F\u00e9nix, Colegio INEM, Alcald\u00eda de Ibagu\u00e9, Conjunto Cerrado Flamingo, Centenario, Colegio Germ\u00e1n Pardo, Hacienda Calambeo, Centro, Anc\u00f3n Tesorito, Pan\u00f3ptico, Santa Lucia de Navarra, San Felipe de Calambeo y Baltazar.<\/span><\/div>\n<div><span style=\"font-family: Arial, Verdana;\">\u00a0<\/span><\/div>\n<div><strong><span style=\"font-family: Arial, Verdana;\">\u00a0<\/span><\/strong><\/div>\n<div><strong><span style=\"font-family: Arial, Verdana;\">Distrito 3<\/span><\/strong><\/div>\n<div><strong><span style=\"font-family: Arial, Verdana;\">\u00a0<\/span><\/strong><\/div>\n<div><strong><span style=\"font-family: Arial, Verdana;\">Servicio normal:\u00a0 5:00 a.m. a 3:00 p.m.<\/span><\/strong><\/div>\n<div><strong><span style=\"font-family: Arial, Verdana;\">Bajas presiones: 3:00 p.m. a 5:00 a.m.<\/span><\/strong><\/div>\n<div><span style=\"font-family: Arial, Verdana;\">\u00a0<\/span><\/div>\n<div><span style=\"font-family: Arial, Verdana;\">BARRIOS: Kennedy, Santofimio, Eduardo Santos, Venecia, Villa Rosita, El\u00a0<\/span><\/div>\n<div><span style=\"font-family: Arial, Verdana;\">Danubio, La Pradera, Brisas del Combeima, Avenida, San Jos\u00e9, Villa Leidy, Industrial Sur, La Primavera, Los Guaduales, Terrazas del Tejar, Villa Claudia, Villa Yuli, La Libertad, Terminal, Vizcaya, Rosa Badillo, La Gaitana, Estaci\u00f3n, Urbanizaci\u00f3n Villa Luces, Divino Ni\u00f1o, Independiente, San Pedro Alejandrino, El Arado, Ricaurte parte alta, Carlos Lleras, Murillo Toro, Yuldaima, Colinas de Asprovi, Matallana, La Reforma, Praderas del Sur, Galarza, Las Ferias, F\u00e1brica de Licores del Tolima, Combeima, Gal\u00e1n, Las Vegas, Cerro Gordo, Los Nogales y Santofimio.<\/span><\/div>\n<div><span style=\"font-family: Arial, Verdana;\">\u00a0<\/span><\/div>\n<div><span style=\"font-family: Arial, Verdana;\">\u00a0<\/span><\/div>\n<div><strong><span style=\"font-family: Arial, Verdana;\">Distrito 4<\/span><\/strong><\/div>\n<div><strong><span style=\"font-family: Arial, Verdana;\">\u00a0<\/span><\/strong><\/div>\n<div><strong><span style=\"font-family: Arial, Verdana;\">Servicio normal: 5:00 a.m. a 1:00 p.m.<\/span><\/strong><\/div>\n<div><strong><span style=\"font-family: Arial, Verdana;\">Bajas presiones: 1:00 pm. a 5:00 a.m.<\/span><\/strong><\/div>\n<div><span style=\"font-family: Arial, Verdana;\">\u00a0<\/span><\/div>\n<div><span style=\"font-family: Arial, Verdana;\">BARRIOS: Caracol\u00ed, Restrepo, Cl\u00ednica Medic\u00e1diz, Alfonso L\u00f3pez, San Carlos, Las Acacias, Antonio Nari\u00f1o, San Sim\u00f3n, Villa Teresa, Belarc\u00e1zar, Torre los Periodistas, Montealegre, C\u00e1diz, Villa Ilusi\u00f3n, Carmenza Rocha, Calle 20 Av. Ferrocarril, Colegio Liceo Nacional, El Carmen, Hip\u00f3dromo, Villa Vicentina, Fenalco, INEM, Viveros, Escuela Boyac\u00e1, La Esperanza, Colegio Normal Nacional, Colegio San Sim\u00f3n, La Granja, Colegio Santa Teresa y Los C\u00e1mbulos.\u00a0<\/span><\/div>\n<div><span style=\"font-family: Arial, Verdana;\">\u00a0<\/span><\/div>\n<div><span style=\"font-family: Arial, Verdana;\">\u00a0<\/span><\/div>\n<div><strong><span style=\"font-family: Arial, Verdana;\">Distrito 5<\/span><\/strong><\/div>\n<div><strong><span style=\"font-family: Arial, Verdana;\">\u00a0<\/span><\/strong><\/div>\n<div><strong><span style=\"font-family: Arial, Verdana;\">Servicio normal: 5:00 a.m. a 1:00 p.m.<\/span><\/strong><\/div>\n<div><span style=\"font-family: Arial, Verdana;\"><strong>Bajas presiones: 1:00 pm. a 5:00 a.m<\/strong>.<\/span><\/div>\n<div><span style=\"font-family: Arial, Verdana;\">\u00a0<\/span><\/div>\n<div><span style=\"font-family: Arial, Verdana;\">BARRIOS: Villa Pinz\u00f3n, Am\u00e9rica, C\u00f3rdoba, Macarena, Independiente, Sorrento, Montealegre, Hospital Federico Lleras, Gait\u00e1n parte alta, La Cartagena, Alto de la Cruz, Las Viudas, Laureles, Naciones Unidas, Gait\u00e1n parte baja, Las Brisas, El Triunfo, Nacional, Independiente, Jardines de Navarra, Macarena parte alta, Magisterio, El Cafetal, Arkalena, Bosques de Santa Helena, La Ceiba I, La Macarena parte baja, Urbanizaci\u00f3n Villa Arkadia, La Ceiba II, Villa del R\u00edo, Santander, San Sim\u00f3n parte baja, El Play\u00f3n, El Bosque, Cafetal, Rodr\u00edguez Andrade, El Pe\u00f1\u00f3n, San Vicente de Paul, Primero Mayo, Balcones de Navarra, El Refugio Etapa II, Casa Club, Antonio Nari\u00f1o, Pijao, Uribe Uribe, Viveros, San Fernando, Villa Marl\u00e9n II, San Luis, La Castilla, La Macarena, Altos de Santa Helena, La Castellana, Los M\u00e1rtires, Villa Marl\u00e9n I, El Refugio, SENA, Cruz Roja, Piedra Pintada, Santa Helena, La Francia, Las Palmas, Departamental, Popular, Estadio, Varsovia, Zona Industrial, Garz\u00f3n, El Papayo, Universidad del Tolima, Piedra Pintada parte baja, Varsovia II, San Cayetano, Versalles, Varsovia l, Alto de la Cruz, \u0412\u043e\u0443\u0430\u0441\u00e1, Altamira, 12 de Octubre, Claret, Metaima I, Metaima II, Urbanizaci\u00f3n La Martinica y Santander Estadio.<\/span><\/div>\n<div><span style=\"font-family: Arial, Verdana;\">\u00a0<\/span><\/div>\n<div><span style=\"font-family: Arial, Verdana;\">\u00a0<\/span><\/div>\n<div><strong><span style=\"font-family: Arial, Verdana;\">Distrito 6<\/span><\/strong><\/div>\n<div><strong><span style=\"font-family: Arial, Verdana;\">\u00a0<\/span><\/strong><\/div>\n<div><strong><span style=\"font-family: Arial, Verdana;\">Servicio normal: 5:00 a.m. a 1:00 p.m.<\/span><\/strong><\/div>\n<div><strong><span style=\"font-family: Arial, Verdana;\">Bajas presiones: 1:00 pm. a 5:00 a.m.<\/span><\/strong><\/div>\n<div><span style=\"font-family: Arial, Verdana;\">\u00a0<\/span><\/div>\n<div><span style=\"font-family: Arial, Verdana;\">BARRIOS: Parque Deportivo, Germ\u00e1n Huertas, Macadamia I, V\u00eda Aeropuerto Perales, Hacienda Piedra Pintada, Mi Tolima, Alfonso Uribe Badillo, Hacienda Villa Luz, Milenio I, Altos de Vasconia, El Jard\u00edn II, Milenio II, Andaluc\u00eda, Jord\u00e1n I etapa, Mirador de la Guabinal, Andaluc\u00eda Real, Jord\u00e1n II etapa, Mirolindo, Arkacarolina, Jord\u00e1n III etapa, Multifamiliares El Jord\u00e1n, Arkaluc\u00eda, Jord\u00e1n IV etapa, Niza Norte, Arkam\u00f3nica, Jord\u00e1n IX etapa, Nuevo Colombia, Arkaniza I, Jord\u00e1n VI etapa, Nuevo Combeima, Arkapara\u00edso, Jord\u00e1n VII etapa, Atolsure, Jord\u00e1n VIII etapa, Onzaga, Arkacentro, La Campi\u00f1a, Palermo, San Luis, La Sorbona, Palo de Agua, Bosques de Varsovia, Las Margaritas, Palo Grande, Buenaventura, Las Orqu\u00eddeas, Portal de la Virgen, Calarc\u00e1, Las Palmeras, Prados del Norte, Carand\u00fa, El Limonar, Rinc\u00f3n de Piedra Pintada, Carlos Pizarro, Los Arrayanes, San Antonio, Ciudad Luz, Los Ocobos, San Francisco, Ciudadela Sim\u00f3n Bol\u00edvar, Los Parrales, Condominio La Campi\u00f1a, Los Remansos, San Luis Gonzaga, Conjunto cerrado Miraflores, Macadamia, Sector Porvenir, Conjunto Portal Las Acacias, Urbanizaci\u00f3n San Luis, Sintra Tolima, Cutucumay, Urbanizaci\u00f3n Vasconia, Tierra Linda, El Ed\u00e9n, Urbanizaci\u00f3n Mart\u00edn Reyes, Tulio Var\u00f3n, El Palmar, Urbanizaci\u00f3n Los R\u00edos, Urbanizaci\u00f3n Calatayud, El Poblado, Valpara\u00edso, Urbanizaci\u00f3n Chical\u00e1, El Tunal, Valpara\u00edso I, Urbanizaci\u00f3n El Prado, Fuente de Los Rosales, Vasconia Reservado, Urbanizaci\u00f3n La Almer\u00eda, Villa Caf\u00e9, Villa Marcela, Villas del Palmar, Villa Caf\u00e9 II, Villa Yuli, Urbanizaci\u00f3n La Esmeralda, Villa Luz, Roberto Augusto Calder\u00f3n y\u00a0 Santander Estadio.<\/span><\/div>\n<div><span style=\"font-family: Arial, Verdana;\">\u00a0<\/span><\/div>\n<div><strong><span style=\"font-family: Arial, Verdana;\">Distrito 7<\/span><\/strong><\/div>\n<div><strong><span style=\"font-family: Arial, Verdana;\">\u00a0<\/span><\/strong><\/div>\n<div><strong><span style=\"font-family: Arial, Verdana;\">Servicio normal: 5:00 a.m. a 1:00 p.m.<\/span><\/strong><\/div>\n<div><span style=\"font-family: Arial, Verdana;\"><strong>Bajas presiones: 1:00 pm. a 5:00 a.m<\/strong>.<\/span><\/div>\n<div><span style=\"font-family: Arial, Verdana;\">\u00a0<\/span><\/div>\n<div><span style=\"font-family: Arial, Verdana;\">BARRIOS: Conjunto Fuente Real, Praderas del Norte, Urbanizaci\u00f3n Fuente del Salado, Villa Magdalena, Ceiba Norte, Ceibita, Urbanizaci\u00f3n Colinas del Norte, Alberto Lleras Camargo, Pacand\u00e9, Bosque de Alameda, Villa Clara, Urbanizaci\u00f3n San Pablo, Villa Martha, La Caba\u00f1a, Portales del Norte, Villa Zulai, Fuente Santa, Los Alpes, Urbanizaci\u00f3n Nazareth, \u00c1lamos, Urbanizaci\u00f3n Comfatolima, Villa Julieta, Santa Catalina I, Urbanizaci\u00f3n El Lim\u00f3n, Los M\u00fasicos, El Pa\u00eds, Villa Emilia, San Luis\u00fa, Chic\u00f3-El Salado, Urbanizaci\u00f3n San Luis Gonzaga, Cantabria, Urbanizaci\u00f3n San Lucas I, Praderas del Norte, San Lucas II, San Tropel, Montecarlo, Santa Ana, Urbanizaci\u00f3n Alameda, Villa Cindy, Santa Catalina, Urbanizaci\u00f3n San Sebasti\u00e1n, Modelia, La Floresta-El Salado, Villa Basilia, El Salado, Pedro Ignacio Villa, Mar\u00edn, Palma del R\u00edo, Urbanizaci\u00f3n Santa Ana, Tierra Grata, Oviedo, Protecho-El Salado, Montecarlo-El Salado, Urbanizaci\u00f3n Diana Milady, Los Lagos, Montecarlo Il y Urbanizaci\u00f3n Tierra Firme.<\/span><\/div>\n<div><span style=\"font-family: Arial, Verdana;\">\u00a0<\/span><\/div>\n<div><strong><span style=\"font-family: Arial, Verdana;\">Distrito 8<\/span><\/strong><\/div>\n<div><strong><span style=\"font-family: Arial, Verdana;\">\u00a0<\/span><\/strong><\/div>\n<div><strong><span style=\"font-family: Arial, Verdana;\">Servicio normal: 4:00 a.m. a 10:00 a.m.<\/span><\/strong><\/div>\n<div><span style=\"font-family: Arial, Verdana;\"><strong>Bajas presiones: 10:00 a.m. a 4:00 a.m<\/strong>.<\/span><\/div>\n<div><span style=\"font-family: Arial, Verdana;\">\u00a0<\/span><\/div>\n<div><span style=\"font-family: Arial, Verdana;\">BARRIOS: Picale\u00f1ita, Nuevo Horizonte, V\u00eda Rovira, Alto del Combeima, Villa Marina, Rinc\u00f3n del Campestre, Club el Campestre, Bello Horizonte, San Jos\u00e9 de Aparco, Prados del Campestre, Club Campestre, Remansos La Tablita, Santa Rita, Ciudadela Comfenalco, Dulce Amanecer, Comfenalco, Altos del Combeima, Reservas del Campestre, Berl\u00edn y Urbanizaci\u00f3n Las Tablitas.<\/span><\/div>\n<div><span style=\"font-family: Arial, Verdana;\">\u00a0<\/span><\/div>\n<div><span style=\"font-family: Arial, Verdana;\">\u00a0<\/span><\/div>\n<div><strong><span style=\"font-family: Arial, Verdana;\">Distrito 9<\/span><\/strong><\/div>\n<div><strong><span style=\"font-family: Arial, Verdana;\">\u00a0<\/span><\/strong><\/div>\n<div><strong><span style=\"font-family: Arial, Verdana;\">Servicio normal: 4:00 a.m. a 10:00 a.m.<\/span><\/strong><\/div>\n<div><strong><span style=\"font-family: Arial, Verdana;\">Bajas presiones: 10:00 a.m. a 4:00 a.m.<\/span><\/strong><\/div>\n<div><span style=\"font-family: Arial, Verdana;\">\u00a0<\/span><\/div>\n<div><span style=\"font-family: Arial, Verdana;\">BARRIOS: Los Tunjos I, San Mart\u00edn Picale\u00f1a, Picale\u00f1a Parte Alta, Estaci\u00f3n Picale\u00f1a, Urbanizaci\u00f3n La Arboleda, Villa del Pilar, Los Tunjos II, Rinc\u00f3n de Las Am\u00e9ricas, Sector Penitenciario, Las Am\u00e9ricas, Portal de Los Tunjos, Portal del Campestre, Picale\u00f1a, Hacienda El Escobal, Villa del Pilar, La Honda, Sector V\u00eda Buenos Aires, San Mart\u00edn, Puente Blanco, Sector V\u00eda Doima, Terrazas del Campestre, Portal del Campestre, Bosques de Varsovia, Los Tunjos y Hacienda La Miel.<\/span><\/div>\n<div><span style=\"font-family: Arial, Verdana;\">\u00a0<\/span><\/div>\n<div><span style=\"font-family: Arial, Verdana;\">\u00a0<\/span><\/div>\n<div><strong><span style=\"font-family: Arial, Verdana;\">Distrito 10<\/span><\/strong><\/div>\n<div><strong><span style=\"font-family: Arial, Verdana;\">\u00a0<\/span><\/strong><\/div>\n<div><strong><span style=\"font-family: Arial, Verdana;\">Servicio normal: 4:00 a.m. a 10:00 a.m.<\/span><\/strong><\/div>\n<div><strong><span style=\"font-family: Arial, Verdana;\">Bajas presiones: 10:00 a.m. a 4:00 a.m.<\/span><\/strong><\/div>\n<div><span style=\"font-family: Arial, Verdana;\">\u00a0<\/span><\/div>\n<div><span style=\"font-family: Arial, Verdana;\">BARRIOS: Prados II, Altos del Vergel, El Jard\u00edn, Arkambuco, Jard\u00edn Quinta Avenida, La Gaviota, Ibagu\u00e9 2000, Prado 1, El Portal de Medina, Arkal\u00e1, San Gelato, Condominio Monte Verde, Arkal\u00e1 II, Protecho B, Bosque Nativo, La Balsa, Topacio, Entre R\u00edos, El Encanto, Bosques del Vergel, Urbanizaci\u00f3n Girasol, Altos de San Francisco, Caminos del Vergel, Pedregal, Torres del Vergel, El Vergel, Villa del Sol, Villa Vanesa, Atolsure, Nuevo Armero, La Cima, Conjunto Estudio 69, Ambal\u00e1, Urbanizaci\u00f3n Villa Esperanza, Conjunto Plazas del Bosque, Urbanizaci\u00f3n La Esperanza, Musicalia, Conjunto Residencial Plazas del Bosque, Rinc\u00f3n del Bosque, Los Gualandayes, Prado II, Tolima Grande, Terrazas de Ambal\u00e1, Los Ciruelos, Balcones del Vergel, El Bunde, Villa Patricia, Reservas del Bosque, Villa del Norte, Ciudad Blanca, Reservas del Pedregal, Las Orqu\u00eddeas, Rinc\u00f3n de las Margaritas, Yurupar\u00ed, Torres del Bosque, Antares, Rinc\u00f3n del Vergel, Agua Marina, Jard\u00edn Santander, Portal del Bosque y Nueva Castilla.<\/span><\/div>\n","protected":false},"excerpt":{"rendered":"<p>Desde la Empresa Ibaguere\u00f1a de Acueducto y Alcantarillado, IBAL, se informa a sus m\u00e1s de 180 mil usuarios que se mantiene la implementaci\u00f3n del &#8216;Plan Sem\u00e1foro&#8217; o regulaci\u00f3n sectorizada en la ciudad, con el objetivo de garantizar el suministro de agua a todos los distritos. \u00a0 Mauricio Peralta, director Operativo<span class=\"more-link\"><a href=\"https:\/\/ciudadyregion.com.co\/index.php\/informese-bien-enterese-aqui-como-se-desarrollara-el-plan-semaforo-del-ibal-por-distritos-en-ibague\/ibague\/\">Continuar Leyendo<\/a><\/span><\/p>\n","protected":false},"author":2,"featured_media":15688,"comment_status":"open","ping_status":"open","sticky":false,"template":"","format":"standard","meta":{"_uf_show_specific_survey":0,"_uf_disable_surveys":false,"_jetpack_memberships_contains_paid_content":false,"footnotes":"","jetpack_publicize_message":"","jetpack_publicize_feature_enabled":true,"jetpack_social_post_already_shared":true,"jetpack_social_options":{"image_generator_settings":{"template":"highway","enabled":false},"version":2}},"categories":[14],"tags":[],"class_list":["entry","author-diegoaguirre","post-15687","post","type-post","status-publish","format-standard","has-post-thumbnail","category-ibague"],"jetpack_publicize_connections":[],"yoast_head":"<!-- This site is optimized with the Yoast SEO plugin v24.3 - https:\/\/yoast.com\/wordpress\/plugins\/seo\/ -->\n<title>Inf\u00f3rmese bien: Ent\u00e9rese aqu\u00ed como se desarrollar\u00e1 el &#039;Plan Sem\u00e1foro&#039; del IBAL por distritos en Ibagu\u00e9 - Ciudad y Region<\/title>\n<meta name=\"robots\" content=\"index, follow, max-snippet:-1, max-image-preview:large, max-video-preview:-1\" \/>\n<link rel=\"canonical\" href=\"https:\/\/ciudadyregion.com.co\/index.php\/informese-bien-enterese-aqui-como-se-desarrollara-el-plan-semaforo-del-ibal-por-distritos-en-ibague\/ibague\/\" \/>\n<meta property=\"og:locale\" content=\"es_ES\" \/>\n<meta property=\"og:type\" content=\"article\" \/>\n<meta property=\"og:title\" content=\"Inf\u00f3rmese bien: Ent\u00e9rese aqu\u00ed como se desarrollar\u00e1 el &#039;Plan Sem\u00e1foro&#039; del IBAL por distritos en Ibagu\u00e9 - Ciudad y Region\" \/>\n<meta property=\"og:description\" content=\"Desde la Empresa Ibaguere\u00f1a de Acueducto y Alcantarillado, IBAL, se informa a sus m\u00e1s de 180 mil usuarios que se mantiene la implementaci\u00f3n del &#8216;Plan Sem\u00e1foro&#8217; o regulaci\u00f3n sectorizada en la ciudad, con el objetivo de garantizar el suministro de agua a todos los distritos. \u00a0 Mauricio Peralta, director OperativoContinuar Leyendo\" \/>\n<meta property=\"og:url\" content=\"https:\/\/ciudadyregion.com.co\/index.php\/informese-bien-enterese-aqui-como-se-desarrollara-el-plan-semaforo-del-ibal-por-distritos-en-ibague\/ibague\/\" \/>\n<meta property=\"og:site_name\" content=\"Ciudad y Region\" \/>\n<meta property=\"article:published_time\" content=\"2024-06-06T13:29:47+00:00\" \/>\n<meta property=\"og:image\" content=\"https:\/\/ciudadyregion.com.co\/wp-content\/uploads\/2024\/06\/ibal-rio-agua.jpg\" \/>\n\t<meta property=\"og:image:width\" content=\"800\" \/>\n\t<meta property=\"og:image:height\" content=\"445\" \/>\n\t<meta property=\"og:image:type\" content=\"image\/jpeg\" \/>\n<meta name=\"author\" content=\"David Andr\u00e9s Aguirre\" \/>\n<meta name=\"twitter:card\" content=\"summary_large_image\" \/>\n<meta name=\"twitter:label1\" content=\"Escrito por\" \/>\n\t<meta name=\"twitter:data1\" content=\"David Andr\u00e9s Aguirre\" \/>\n\t<meta name=\"twitter:label2\" content=\"Tiempo de lectura\" \/>\n\t<meta name=\"twitter:data2\" content=\"7 minutos\" \/>\n<script type=\"application\/ld+json\" class=\"yoast-schema-graph\">{\"@context\":\"https:\/\/schema.org\",\"@graph\":[{\"@type\":\"WebPage\",\"@id\":\"https:\/\/ciudadyregion.com.co\/index.php\/informese-bien-enterese-aqui-como-se-desarrollara-el-plan-semaforo-del-ibal-por-distritos-en-ibague\/ibague\/\",\"url\":\"https:\/\/ciudadyregion.com.co\/index.php\/informese-bien-enterese-aqui-como-se-desarrollara-el-plan-semaforo-del-ibal-por-distritos-en-ibague\/ibague\/\",\"name\":\"Inf\u00f3rmese bien: Ent\u00e9rese aqu\u00ed como se desarrollar\u00e1 el 'Plan Sem\u00e1foro' del IBAL por distritos en Ibagu\u00e9 - Ciudad y Region\",\"isPartOf\":{\"@id\":\"https:\/\/ciudadyregion.com.co\/#website\"},\"primaryImageOfPage\":{\"@id\":\"https:\/\/ciudadyregion.com.co\/index.php\/informese-bien-enterese-aqui-como-se-desarrollara-el-plan-semaforo-del-ibal-por-distritos-en-ibague\/ibague\/#primaryimage\"},\"image\":{\"@id\":\"https:\/\/ciudadyregion.com.co\/index.php\/informese-bien-enterese-aqui-como-se-desarrollara-el-plan-semaforo-del-ibal-por-distritos-en-ibague\/ibague\/#primaryimage\"},\"thumbnailUrl\":\"https:\/\/i0.wp.com\/ciudadyregion.com.co\/wp-content\/uploads\/2024\/06\/ibal-rio-agua.jpg?fit=800%2C445&ssl=1\",\"datePublished\":\"2024-06-06T13:29:47+00:00\",\"dateModified\":\"2024-06-06T13:29:47+00:00\",\"author\":{\"@id\":\"https:\/\/ciudadyregion.com.co\/#\/schema\/person\/04a4954373ebc4051f46e8c65ff78622\"},\"breadcrumb\":{\"@id\":\"https:\/\/ciudadyregion.com.co\/index.php\/informese-bien-enterese-aqui-como-se-desarrollara-el-plan-semaforo-del-ibal-por-distritos-en-ibague\/ibague\/#breadcrumb\"},\"inLanguage\":\"es\",\"potentialAction\":[{\"@type\":\"ReadAction\",\"target\":[\"https:\/\/ciudadyregion.com.co\/index.php\/informese-bien-enterese-aqui-como-se-desarrollara-el-plan-semaforo-del-ibal-por-distritos-en-ibague\/ibague\/\"]}]},{\"@type\":\"ImageObject\",\"inLanguage\":\"es\",\"@id\":\"https:\/\/ciudadyregion.com.co\/index.php\/informese-bien-enterese-aqui-como-se-desarrollara-el-plan-semaforo-del-ibal-por-distritos-en-ibague\/ibague\/#primaryimage\",\"url\":\"https:\/\/i0.wp.com\/ciudadyregion.com.co\/wp-content\/uploads\/2024\/06\/ibal-rio-agua.jpg?fit=800%2C445&ssl=1\",\"contentUrl\":\"https:\/\/i0.wp.com\/ciudadyregion.com.co\/wp-content\/uploads\/2024\/06\/ibal-rio-agua.jpg?fit=800%2C445&ssl=1\",\"width\":800,\"height\":445},{\"@type\":\"BreadcrumbList\",\"@id\":\"https:\/\/ciudadyregion.com.co\/index.php\/informese-bien-enterese-aqui-como-se-desarrollara-el-plan-semaforo-del-ibal-por-distritos-en-ibague\/ibague\/#breadcrumb\",\"itemListElement\":[{\"@type\":\"ListItem\",\"position\":1,\"name\":\"Portada\",\"item\":\"https:\/\/ciudadyregion.com.co\/\"},{\"@type\":\"ListItem\",\"position\":2,\"name\":\"Inf\u00f3rmese bien: Ent\u00e9rese aqu\u00ed como se desarrollar\u00e1 el &#8216;Plan Sem\u00e1foro&#8217; del IBAL por distritos en Ibagu\u00e9\"}]},{\"@type\":\"WebSite\",\"@id\":\"https:\/\/ciudadyregion.com.co\/#website\",\"url\":\"https:\/\/ciudadyregion.com.co\/\",\"name\":\"Ciudad y Region\",\"description\":\"\",\"potentialAction\":[{\"@type\":\"SearchAction\",\"target\":{\"@type\":\"EntryPoint\",\"urlTemplate\":\"https:\/\/ciudadyregion.com.co\/?s={search_term_string}\"},\"query-input\":{\"@type\":\"PropertyValueSpecification\",\"valueRequired\":true,\"valueName\":\"search_term_string\"}}],\"inLanguage\":\"es\"},{\"@type\":\"Person\",\"@id\":\"https:\/\/ciudadyregion.com.co\/#\/schema\/person\/04a4954373ebc4051f46e8c65ff78622\",\"name\":\"David Andr\u00e9s Aguirre\",\"image\":{\"@type\":\"ImageObject\",\"inLanguage\":\"es\",\"@id\":\"https:\/\/ciudadyregion.com.co\/#\/schema\/person\/image\/\",\"url\":\"https:\/\/secure.gravatar.com\/avatar\/bc3c655860202182ee6d1b5edd042dbe?s=96&d=mm&r=g\",\"contentUrl\":\"https:\/\/secure.gravatar.com\/avatar\/bc3c655860202182ee6d1b5edd042dbe?s=96&d=mm&r=g\",\"caption\":\"David Andr\u00e9s Aguirre\"},\"url\":\"https:\/\/ciudadyregion.com.co\/index.php\/author\/diegoaguirre\/\"}]}<\/script>\n<!-- \/ Yoast SEO plugin. -->","yoast_head_json":{"title":"Inf\u00f3rmese bien: Ent\u00e9rese aqu\u00ed como se desarrollar\u00e1 el 'Plan Sem\u00e1foro' del IBAL por distritos en Ibagu\u00e9 - Ciudad y Region","robots":{"index":"index","follow":"follow","max-snippet":"max-snippet:-1","max-image-preview":"max-image-preview:large","max-video-preview":"max-video-preview:-1"},"canonical":"https:\/\/ciudadyregion.com.co\/index.php\/informese-bien-enterese-aqui-como-se-desarrollara-el-plan-semaforo-del-ibal-por-distritos-en-ibague\/ibague\/","og_locale":"es_ES","og_type":"article","og_title":"Inf\u00f3rmese bien: Ent\u00e9rese aqu\u00ed como se desarrollar\u00e1 el 'Plan Sem\u00e1foro' del IBAL por distritos en Ibagu\u00e9 - Ciudad y Region","og_description":"Desde la Empresa Ibaguere\u00f1a de Acueducto y Alcantarillado, IBAL, se informa a sus m\u00e1s de 180 mil usuarios que se mantiene la implementaci\u00f3n del &#8216;Plan Sem\u00e1foro&#8217; o regulaci\u00f3n sectorizada en la ciudad, con el objetivo de garantizar el suministro de agua a todos los distritos. \u00a0 Mauricio Peralta, director OperativoContinuar Leyendo","og_url":"https:\/\/ciudadyregion.com.co\/index.php\/informese-bien-enterese-aqui-como-se-desarrollara-el-plan-semaforo-del-ibal-por-distritos-en-ibague\/ibague\/","og_site_name":"Ciudad y Region","article_published_time":"2024-06-06T13:29:47+00:00","og_image":[{"width":800,"height":445,"url":"https:\/\/ciudadyregion.com.co\/wp-content\/uploads\/2024\/06\/ibal-rio-agua.jpg","type":"image\/jpeg"}],"author":"David Andr\u00e9s Aguirre","twitter_card":"summary_large_image","twitter_misc":{"Escrito por":"David Andr\u00e9s Aguirre","Tiempo de lectura":"7 minutos"},"schema":{"@context":"https:\/\/schema.org","@graph":[{"@type":"WebPage","@id":"https:\/\/ciudadyregion.com.co\/index.php\/informese-bien-enterese-aqui-como-se-desarrollara-el-plan-semaforo-del-ibal-por-distritos-en-ibague\/ibague\/","url":"https:\/\/ciudadyregion.com.co\/index.php\/informese-bien-enterese-aqui-como-se-desarrollara-el-plan-semaforo-del-ibal-por-distritos-en-ibague\/ibague\/","name":"Inf\u00f3rmese bien: Ent\u00e9rese aqu\u00ed como se desarrollar\u00e1 el 'Plan Sem\u00e1foro' del IBAL por distritos en Ibagu\u00e9 - Ciudad y Region","isPartOf":{"@id":"https:\/\/ciudadyregion.com.co\/#website"},"primaryImageOfPage":{"@id":"https:\/\/ciudadyregion.com.co\/index.php\/informese-bien-enterese-aqui-como-se-desarrollara-el-plan-semaforo-del-ibal-por-distritos-en-ibague\/ibague\/#primaryimage"},"image":{"@id":"https:\/\/ciudadyregion.com.co\/index.php\/informese-bien-enterese-aqui-como-se-desarrollara-el-plan-semaforo-del-ibal-por-distritos-en-ibague\/ibague\/#primaryimage"},"thumbnailUrl":"https:\/\/i0.wp.com\/ciudadyregion.com.co\/wp-content\/uploads\/2024\/06\/ibal-rio-agua.jpg?fit=800%2C445&ssl=1","datePublished":"2024-06-06T13:29:47+00:00","dateModified":"2024-06-06T13:29:47+00:00","author":{"@id":"https:\/\/ciudadyregion.com.co\/#\/schema\/person\/04a4954373ebc4051f46e8c65ff78622"},"breadcrumb":{"@id":"https:\/\/ciudadyregion.com.co\/index.php\/informese-bien-enterese-aqui-como-se-desarrollara-el-plan-semaforo-del-ibal-por-distritos-en-ibague\/ibague\/#breadcrumb"},"inLanguage":"es","potentialAction":[{"@type":"ReadAction","target":["https:\/\/ciudadyregion.com.co\/index.php\/informese-bien-enterese-aqui-como-se-desarrollara-el-plan-semaforo-del-ibal-por-distritos-en-ibague\/ibague\/"]}]},{"@type":"ImageObject","inLanguage":"es","@id":"https:\/\/ciudadyregion.com.co\/index.php\/informese-bien-enterese-aqui-como-se-desarrollara-el-plan-semaforo-del-ibal-por-distritos-en-ibague\/ibague\/#primaryimage","url":"https:\/\/i0.wp.com\/ciudadyregion.com.co\/wp-content\/uploads\/2024\/06\/ibal-rio-agua.jpg?fit=800%2C445&ssl=1","contentUrl":"https:\/\/i0.wp.com\/ciudadyregion.com.co\/wp-content\/uploads\/2024\/06\/ibal-rio-agua.jpg?fit=800%2C445&ssl=1","width":800,"height":445},{"@type":"BreadcrumbList","@id":"https:\/\/ciudadyregion.com.co\/index.php\/informese-bien-enterese-aqui-como-se-desarrollara-el-plan-semaforo-del-ibal-por-distritos-en-ibague\/ibague\/#breadcrumb","itemListElement":[{"@type":"ListItem","position":1,"name":"Portada","item":"https:\/\/ciudadyregion.com.co\/"},{"@type":"ListItem","position":2,"name":"Inf\u00f3rmese bien: Ent\u00e9rese aqu\u00ed como se desarrollar\u00e1 el &#8216;Plan Sem\u00e1foro&#8217; del IBAL por distritos en Ibagu\u00e9"}]},{"@type":"WebSite","@id":"https:\/\/ciudadyregion.com.co\/#website","url":"https:\/\/ciudadyregion.com.co\/","name":"Ciudad y Region","description":"","potentialAction":[{"@type":"SearchAction","target":{"@type":"EntryPoint","urlTemplate":"https:\/\/ciudadyregion.com.co\/?s={search_term_string}"},"query-input":{"@type":"PropertyValueSpecification","valueRequired":true,"valueName":"search_term_string"}}],"inLanguage":"es"},{"@type":"Person","@id":"https:\/\/ciudadyregion.com.co\/#\/schema\/person\/04a4954373ebc4051f46e8c65ff78622","name":"David Andr\u00e9s Aguirre","image":{"@type":"ImageObject","inLanguage":"es","@id":"https:\/\/ciudadyregion.com.co\/#\/schema\/person\/image\/","url":"https:\/\/secure.gravatar.com\/avatar\/bc3c655860202182ee6d1b5edd042dbe?s=96&d=mm&r=g","contentUrl":"https:\/\/secure.gravatar.com\/avatar\/bc3c655860202182ee6d1b5edd042dbe?s=96&d=mm&r=g","caption":"David Andr\u00e9s Aguirre"},"url":"https:\/\/ciudadyregion.com.co\/index.php\/author\/diegoaguirre\/"}]}},"jetpack_featured_media_url":"https:\/\/i0.wp.com\/ciudadyregion.com.co\/wp-content\/uploads\/2024\/06\/ibal-rio-agua.jpg?fit=800%2C445&ssl=1","jetpack_sharing_enabled":true,"jetpack_shortlink":"https:\/\/wp.me\/pbS7hh-451","jetpack-related-posts":[],"_links":{"self":[{"href":"https:\/\/ciudadyregion.com.co\/index.php\/wp-json\/wp\/v2\/posts\/15687"}],"collection":[{"href":"https:\/\/ciudadyregion.com.co\/index.php\/wp-json\/wp\/v2\/posts"}],"about":[{"href":"https:\/\/ciudadyregion.com.co\/index.php\/wp-json\/wp\/v2\/types\/post"}],"author":[{"embeddable":true,"href":"https:\/\/ciudadyregion.com.co\/index.php\/wp-json\/wp\/v2\/users\/2"}],"replies":[{"embeddable":true,"href":"https:\/\/ciudadyregion.com.co\/index.php\/wp-json\/wp\/v2\/comments?post=15687"}],"version-history":[{"count":1,"href":"https:\/\/ciudadyregion.com.co\/index.php\/wp-json\/wp\/v2\/posts\/15687\/revisions"}],"predecessor-version":[{"id":15689,"href":"https:\/\/ciudadyregion.com.co\/index.php\/wp-json\/wp\/v2\/posts\/15687\/revisions\/15689"}],"wp:featuredmedia":[{"embeddable":true,"href":"https:\/\/ciudadyregion.com.co\/index.php\/wp-json\/wp\/v2\/media\/15688"}],"wp:attachment":[{"href":"https:\/\/ciudadyregion.com.co\/index.php\/wp-json\/wp\/v2\/media?parent=15687"}],"wp:term":[{"taxonomy":"category","embeddable":true,"href":"https:\/\/ciudadyregion.com.co\/index.php\/wp-json\/wp\/v2\/categories?post=15687"},{"taxonomy":"post_tag","embeddable":true,"href":"https:\/\/ciudadyregion.com.co\/index.php\/wp-json\/wp\/v2\/tags?post=15687"}],"curies":[{"name":"wp","href":"https:\/\/api.w.org\/{rel}","templated":true}]}}