{"id":15681,"date":"2024-06-06T08:18:55","date_gmt":"2024-06-06T13:18:55","guid":{"rendered":"https:\/\/ciudadyregion.com.co\/?p=15681"},"modified":"2024-06-06T08:18:55","modified_gmt":"2024-06-06T13:18:55","slug":"empresarios-resaltaron-la-propuesta-ibague-casa-del-deporte-en-colombia","status":"publish","type":"post","link":"https:\/\/ciudadyregion.com.co\/index.php\/empresarios-resaltaron-la-propuesta-ibague-casa-del-deporte-en-colombia\/ibague\/","title":{"rendered":"Empresarios resaltaron la propuesta &#8216;Ibagu\u00e9 Casa del Deporte en Colombia&#8217;"},"content":{"rendered":"<div>En los \u00faltimos a\u00f1os la ciudad se ha consolidado por la organizaci\u00f3n de espect\u00e1culos deportivos que generan una gran expectativa por la cantidad de visitantes, que disfrutan de las bondades en los distintos frentes.<\/div>\n<div><span style=\"font-family: Arial, Verdana;\">\u00a0<\/span><\/div>\n<div><span style=\"font-family: Arial, Verdana;\">As\u00ed las cosas, y pensando en el segundo semestre del a\u00f1o 2024, Sebasti\u00e1n Perdomo, gerente del Imdri, dio a conocer la oferta deportiva con la que se cuenta en los distintos escenarios.\u00a0 \u00a0<\/span><\/div>\n<div><span style=\"font-family: Arial, Verdana;\">\u00a0<\/span><\/div>\n<blockquote>\n<div><span style=\"font-family: Arial, Verdana;\"><i>\u201cEs algo emocionante escuchar todas estas propuestas de ciudad, no solo se beneficia el deporte, tambi\u00e9n quienes hacemos parte de esos espect\u00e1culos como los hoteles, restaurantes, centros comerciales, entre otros\u201d,<\/i>\u00a0dijo Carmenza Guevara, empresaria de Ibagu\u00e9.\u00a0<\/span><\/div>\n<\/blockquote>\n<div><span style=\"font-family: Arial, Verdana;\">\u00a0<\/span><\/div>\n<div><span style=\"font-family: Arial, Verdana;\">En los pr\u00f3ximos d\u00edas se iniciar\u00e1n los cronogramas de los eventos deportivos ya establecidos, gesti\u00f3n que ha sido favorable con el trabajo en equipo entre clubes deportivos, federaciones y la Alcald\u00eda de Ibagu\u00e9.<\/span><\/div>\n","protected":false},"excerpt":{"rendered":"<p>En los \u00faltimos a\u00f1os la ciudad se ha consolidado por la organizaci\u00f3n de espect\u00e1culos deportivos que generan una gran expectativa por la cantidad de visitantes, que disfrutan de las bondades en los distintos frentes. \u00a0 As\u00ed las cosas, y pensando en el segundo semestre del a\u00f1o 2024, Sebasti\u00e1n Perdomo, gerente<span class=\"more-link\"><a href=\"https:\/\/ciudadyregion.com.co\/index.php\/empresarios-resaltaron-la-propuesta-ibague-casa-del-deporte-en-colombia\/ibague\/\">Continuar Leyendo<\/a><\/span><\/p>\n","protected":false},"author":2,"featured_media":15682,"comment_status":"open","ping_status":"open","sticky":false,"template":"","format":"standard","meta":{"_uf_show_specific_survey":0,"_uf_disable_surveys":false,"_jetpack_memberships_contains_paid_content":false,"footnotes":"","jetpack_publicize_message":"","jetpack_publicize_feature_enabled":true,"jetpack_social_post_already_shared":true,"jetpack_social_options":{"image_generator_settings":{"template":"highway","enabled":false},"version":2}},"categories":[14],"tags":[],"class_list":["entry","author-diegoaguirre","post-15681","post","type-post","status-publish","format-standard","has-post-thumbnail","category-ibague"],"jetpack_publicize_connections":[],"yoast_head":"<!-- This site is optimized with the Yoast SEO plugin v24.3 - https:\/\/yoast.com\/wordpress\/plugins\/seo\/ -->\n<title>Empresarios resaltaron la propuesta &#039;Ibagu\u00e9 Casa del Deporte en Colombia&#039; - Ciudad y Region<\/title>\n<meta name=\"robots\" content=\"index, follow, max-snippet:-1, max-image-preview:large, max-video-preview:-1\" \/>\n<link rel=\"canonical\" href=\"https:\/\/ciudadyregion.com.co\/index.php\/empresarios-resaltaron-la-propuesta-ibague-casa-del-deporte-en-colombia\/ibague\/\" \/>\n<meta property=\"og:locale\" content=\"es_ES\" \/>\n<meta property=\"og:type\" content=\"article\" \/>\n<meta property=\"og:title\" content=\"Empresarios resaltaron la propuesta &#039;Ibagu\u00e9 Casa del Deporte en Colombia&#039; - Ciudad y Region\" \/>\n<meta property=\"og:description\" content=\"En los \u00faltimos a\u00f1os la ciudad se ha consolidado por la organizaci\u00f3n de espect\u00e1culos deportivos que generan una gran expectativa por la cantidad de visitantes, que disfrutan de las bondades en los distintos frentes. \u00a0 As\u00ed las cosas, y pensando en el segundo semestre del a\u00f1o 2024, Sebasti\u00e1n Perdomo, gerenteContinuar Leyendo\" \/>\n<meta property=\"og:url\" content=\"https:\/\/ciudadyregion.com.co\/index.php\/empresarios-resaltaron-la-propuesta-ibague-casa-del-deporte-en-colombia\/ibague\/\" \/>\n<meta property=\"og:site_name\" content=\"Ciudad y Region\" \/>\n<meta property=\"article:published_time\" content=\"2024-06-06T13:18:55+00:00\" \/>\n<meta property=\"og:image\" content=\"https:\/\/ciudadyregion.com.co\/wp-content\/uploads\/2024\/06\/7-19.jpg\" \/>\n\t<meta property=\"og:image:width\" content=\"800\" \/>\n\t<meta property=\"og:image:height\" content=\"445\" \/>\n\t<meta property=\"og:image:type\" content=\"image\/jpeg\" \/>\n<meta name=\"author\" content=\"David Andr\u00e9s Aguirre\" \/>\n<meta name=\"twitter:card\" content=\"summary_large_image\" \/>\n<meta name=\"twitter:label1\" content=\"Escrito por\" \/>\n\t<meta name=\"twitter:data1\" content=\"David Andr\u00e9s Aguirre\" \/>\n\t<meta name=\"twitter:label2\" content=\"Tiempo de lectura\" \/>\n\t<meta name=\"twitter:data2\" content=\"1 minuto\" \/>\n<script type=\"application\/ld+json\" class=\"yoast-schema-graph\">{\"@context\":\"https:\/\/schema.org\",\"@graph\":[{\"@type\":\"WebPage\",\"@id\":\"https:\/\/ciudadyregion.com.co\/index.php\/empresarios-resaltaron-la-propuesta-ibague-casa-del-deporte-en-colombia\/ibague\/\",\"url\":\"https:\/\/ciudadyregion.com.co\/index.php\/empresarios-resaltaron-la-propuesta-ibague-casa-del-deporte-en-colombia\/ibague\/\",\"name\":\"Empresarios resaltaron la propuesta 'Ibagu\u00e9 Casa del Deporte en Colombia' - Ciudad y Region\",\"isPartOf\":{\"@id\":\"https:\/\/ciudadyregion.com.co\/#website\"},\"primaryImageOfPage\":{\"@id\":\"https:\/\/ciudadyregion.com.co\/index.php\/empresarios-resaltaron-la-propuesta-ibague-casa-del-deporte-en-colombia\/ibague\/#primaryimage\"},\"image\":{\"@id\":\"https:\/\/ciudadyregion.com.co\/index.php\/empresarios-resaltaron-la-propuesta-ibague-casa-del-deporte-en-colombia\/ibague\/#primaryimage\"},\"thumbnailUrl\":\"https:\/\/i0.wp.com\/ciudadyregion.com.co\/wp-content\/uploads\/2024\/06\/7-19.jpg?fit=800%2C445&ssl=1\",\"datePublished\":\"2024-06-06T13:18:55+00:00\",\"dateModified\":\"2024-06-06T13:18:55+00:00\",\"author\":{\"@id\":\"https:\/\/ciudadyregion.com.co\/#\/schema\/person\/04a4954373ebc4051f46e8c65ff78622\"},\"breadcrumb\":{\"@id\":\"https:\/\/ciudadyregion.com.co\/index.php\/empresarios-resaltaron-la-propuesta-ibague-casa-del-deporte-en-colombia\/ibague\/#breadcrumb\"},\"inLanguage\":\"es\",\"potentialAction\":[{\"@type\":\"ReadAction\",\"target\":[\"https:\/\/ciudadyregion.com.co\/index.php\/empresarios-resaltaron-la-propuesta-ibague-casa-del-deporte-en-colombia\/ibague\/\"]}]},{\"@type\":\"ImageObject\",\"inLanguage\":\"es\",\"@id\":\"https:\/\/ciudadyregion.com.co\/index.php\/empresarios-resaltaron-la-propuesta-ibague-casa-del-deporte-en-colombia\/ibague\/#primaryimage\",\"url\":\"https:\/\/i0.wp.com\/ciudadyregion.com.co\/wp-content\/uploads\/2024\/06\/7-19.jpg?fit=800%2C445&ssl=1\",\"contentUrl\":\"https:\/\/i0.wp.com\/ciudadyregion.com.co\/wp-content\/uploads\/2024\/06\/7-19.jpg?fit=800%2C445&ssl=1\",\"width\":800,\"height\":445},{\"@type\":\"BreadcrumbList\",\"@id\":\"https:\/\/ciudadyregion.com.co\/index.php\/empresarios-resaltaron-la-propuesta-ibague-casa-del-deporte-en-colombia\/ibague\/#breadcrumb\",\"itemListElement\":[{\"@type\":\"ListItem\",\"position\":1,\"name\":\"Portada\",\"item\":\"https:\/\/ciudadyregion.com.co\/\"},{\"@type\":\"ListItem\",\"position\":2,\"name\":\"Empresarios resaltaron la propuesta &#8216;Ibagu\u00e9 Casa del Deporte en Colombia&#8217;\"}]},{\"@type\":\"WebSite\",\"@id\":\"https:\/\/ciudadyregion.com.co\/#website\",\"url\":\"https:\/\/ciudadyregion.com.co\/\",\"name\":\"Ciudad y Region\",\"description\":\"\",\"potentialAction\":[{\"@type\":\"SearchAction\",\"target\":{\"@type\":\"EntryPoint\",\"urlTemplate\":\"https:\/\/ciudadyregion.com.co\/?s={search_term_string}\"},\"query-input\":{\"@type\":\"PropertyValueSpecification\",\"valueRequired\":true,\"valueName\":\"search_term_string\"}}],\"inLanguage\":\"es\"},{\"@type\":\"Person\",\"@id\":\"https:\/\/ciudadyregion.com.co\/#\/schema\/person\/04a4954373ebc4051f46e8c65ff78622\",\"name\":\"David Andr\u00e9s Aguirre\",\"image\":{\"@type\":\"ImageObject\",\"inLanguage\":\"es\",\"@id\":\"https:\/\/ciudadyregion.com.co\/#\/schema\/person\/image\/\",\"url\":\"https:\/\/secure.gravatar.com\/avatar\/bc3c655860202182ee6d1b5edd042dbe?s=96&d=mm&r=g\",\"contentUrl\":\"https:\/\/secure.gravatar.com\/avatar\/bc3c655860202182ee6d1b5edd042dbe?s=96&d=mm&r=g\",\"caption\":\"David Andr\u00e9s Aguirre\"},\"url\":\"https:\/\/ciudadyregion.com.co\/index.php\/author\/diegoaguirre\/\"}]}<\/script>\n<!-- \/ Yoast SEO plugin. -->","yoast_head_json":{"title":"Empresarios resaltaron la propuesta 'Ibagu\u00e9 Casa del Deporte en Colombia' - Ciudad y Region","robots":{"index":"index","follow":"follow","max-snippet":"max-snippet:-1","max-image-preview":"max-image-preview:large","max-video-preview":"max-video-preview:-1"},"canonical":"https:\/\/ciudadyregion.com.co\/index.php\/empresarios-resaltaron-la-propuesta-ibague-casa-del-deporte-en-colombia\/ibague\/","og_locale":"es_ES","og_type":"article","og_title":"Empresarios resaltaron la propuesta 'Ibagu\u00e9 Casa del Deporte en Colombia' - Ciudad y Region","og_description":"En los \u00faltimos a\u00f1os la ciudad se ha consolidado por la organizaci\u00f3n de espect\u00e1culos deportivos que generan una gran expectativa por la cantidad de visitantes, que disfrutan de las bondades en los distintos frentes. \u00a0 As\u00ed las cosas, y pensando en el segundo semestre del a\u00f1o 2024, Sebasti\u00e1n Perdomo, gerenteContinuar Leyendo","og_url":"https:\/\/ciudadyregion.com.co\/index.php\/empresarios-resaltaron-la-propuesta-ibague-casa-del-deporte-en-colombia\/ibague\/","og_site_name":"Ciudad y Region","article_published_time":"2024-06-06T13:18:55+00:00","og_image":[{"width":800,"height":445,"url":"https:\/\/ciudadyregion.com.co\/wp-content\/uploads\/2024\/06\/7-19.jpg","type":"image\/jpeg"}],"author":"David Andr\u00e9s Aguirre","twitter_card":"summary_large_image","twitter_misc":{"Escrito por":"David Andr\u00e9s Aguirre","Tiempo de lectura":"1 minuto"},"schema":{"@context":"https:\/\/schema.org","@graph":[{"@type":"WebPage","@id":"https:\/\/ciudadyregion.com.co\/index.php\/empresarios-resaltaron-la-propuesta-ibague-casa-del-deporte-en-colombia\/ibague\/","url":"https:\/\/ciudadyregion.com.co\/index.php\/empresarios-resaltaron-la-propuesta-ibague-casa-del-deporte-en-colombia\/ibague\/","name":"Empresarios resaltaron la propuesta 'Ibagu\u00e9 Casa del Deporte en Colombia' - Ciudad y Region","isPartOf":{"@id":"https:\/\/ciudadyregion.com.co\/#website"},"primaryImageOfPage":{"@id":"https:\/\/ciudadyregion.com.co\/index.php\/empresarios-resaltaron-la-propuesta-ibague-casa-del-deporte-en-colombia\/ibague\/#primaryimage"},"image":{"@id":"https:\/\/ciudadyregion.com.co\/index.php\/empresarios-resaltaron-la-propuesta-ibague-casa-del-deporte-en-colombia\/ibague\/#primaryimage"},"thumbnailUrl":"https:\/\/i0.wp.com\/ciudadyregion.com.co\/wp-content\/uploads\/2024\/06\/7-19.jpg?fit=800%2C445&ssl=1","datePublished":"2024-06-06T13:18:55+00:00","dateModified":"2024-06-06T13:18:55+00:00","author":{"@id":"https:\/\/ciudadyregion.com.co\/#\/schema\/person\/04a4954373ebc4051f46e8c65ff78622"},"breadcrumb":{"@id":"https:\/\/ciudadyregion.com.co\/index.php\/empresarios-resaltaron-la-propuesta-ibague-casa-del-deporte-en-colombia\/ibague\/#breadcrumb"},"inLanguage":"es","potentialAction":[{"@type":"ReadAction","target":["https:\/\/ciudadyregion.com.co\/index.php\/empresarios-resaltaron-la-propuesta-ibague-casa-del-deporte-en-colombia\/ibague\/"]}]},{"@type":"ImageObject","inLanguage":"es","@id":"https:\/\/ciudadyregion.com.co\/index.php\/empresarios-resaltaron-la-propuesta-ibague-casa-del-deporte-en-colombia\/ibague\/#primaryimage","url":"https:\/\/i0.wp.com\/ciudadyregion.com.co\/wp-content\/uploads\/2024\/06\/7-19.jpg?fit=800%2C445&ssl=1","contentUrl":"https:\/\/i0.wp.com\/ciudadyregion.com.co\/wp-content\/uploads\/2024\/06\/7-19.jpg?fit=800%2C445&ssl=1","width":800,"height":445},{"@type":"BreadcrumbList","@id":"https:\/\/ciudadyregion.com.co\/index.php\/empresarios-resaltaron-la-propuesta-ibague-casa-del-deporte-en-colombia\/ibague\/#breadcrumb","itemListElement":[{"@type":"ListItem","position":1,"name":"Portada","item":"https:\/\/ciudadyregion.com.co\/"},{"@type":"ListItem","position":2,"name":"Empresarios resaltaron la propuesta &#8216;Ibagu\u00e9 Casa del Deporte en Colombia&#8217;"}]},{"@type":"WebSite","@id":"https:\/\/ciudadyregion.com.co\/#website","url":"https:\/\/ciudadyregion.com.co\/","name":"Ciudad y Region","description":"","potentialAction":[{"@type":"SearchAction","target":{"@type":"EntryPoint","urlTemplate":"https:\/\/ciudadyregion.com.co\/?s={search_term_string}"},"query-input":{"@type":"PropertyValueSpecification","valueRequired":true,"valueName":"search_term_string"}}],"inLanguage":"es"},{"@type":"Person","@id":"https:\/\/ciudadyregion.com.co\/#\/schema\/person\/04a4954373ebc4051f46e8c65ff78622","name":"David Andr\u00e9s Aguirre","image":{"@type":"ImageObject","inLanguage":"es","@id":"https:\/\/ciudadyregion.com.co\/#\/schema\/person\/image\/","url":"https:\/\/secure.gravatar.com\/avatar\/bc3c655860202182ee6d1b5edd042dbe?s=96&d=mm&r=g","contentUrl":"https:\/\/secure.gravatar.com\/avatar\/bc3c655860202182ee6d1b5edd042dbe?s=96&d=mm&r=g","caption":"David Andr\u00e9s Aguirre"},"url":"https:\/\/ciudadyregion.com.co\/index.php\/author\/diegoaguirre\/"}]}},"jetpack_featured_media_url":"https:\/\/i0.wp.com\/ciudadyregion.com.co\/wp-content\/uploads\/2024\/06\/7-19.jpg?fit=800%2C445&ssl=1","jetpack_sharing_enabled":true,"jetpack_shortlink":"https:\/\/wp.me\/pbS7hh-44V","jetpack-related-posts":[],"_links":{"self":[{"href":"https:\/\/ciudadyregion.com.co\/index.php\/wp-json\/wp\/v2\/posts\/15681"}],"collection":[{"href":"https:\/\/ciudadyregion.com.co\/index.php\/wp-json\/wp\/v2\/posts"}],"about":[{"href":"https:\/\/ciudadyregion.com.co\/index.php\/wp-json\/wp\/v2\/types\/post"}],"author":[{"embeddable":true,"href":"https:\/\/ciudadyregion.com.co\/index.php\/wp-json\/wp\/v2\/users\/2"}],"replies":[{"embeddable":true,"href":"https:\/\/ciudadyregion.com.co\/index.php\/wp-json\/wp\/v2\/comments?post=15681"}],"version-history":[{"count":1,"href":"https:\/\/ciudadyregion.com.co\/index.php\/wp-json\/wp\/v2\/posts\/15681\/revisions"}],"predecessor-version":[{"id":15683,"href":"https:\/\/ciudadyregion.com.co\/index.php\/wp-json\/wp\/v2\/posts\/15681\/revisions\/15683"}],"wp:featuredmedia":[{"embeddable":true,"href":"https:\/\/ciudadyregion.com.co\/index.php\/wp-json\/wp\/v2\/media\/15682"}],"wp:attachment":[{"href":"https:\/\/ciudadyregion.com.co\/index.php\/wp-json\/wp\/v2\/media?parent=15681"}],"wp:term":[{"taxonomy":"category","embeddable":true,"href":"https:\/\/ciudadyregion.com.co\/index.php\/wp-json\/wp\/v2\/categories?post=15681"},{"taxonomy":"post_tag","embeddable":true,"href":"https:\/\/ciudadyregion.com.co\/index.php\/wp-json\/wp\/v2\/tags?post=15681"}],"curies":[{"name":"wp","href":"https:\/\/api.w.org\/{rel}","templated":true}]}}