{"id":15675,"date":"2024-06-06T08:10:07","date_gmt":"2024-06-06T13:10:07","guid":{"rendered":"https:\/\/ciudadyregion.com.co\/?p=15675"},"modified":"2024-06-06T08:10:07","modified_gmt":"2024-06-06T13:10:07","slug":"capturan-al-costeno-en-armero-guayabal-por-violencia-intrafamiliar","status":"publish","type":"post","link":"https:\/\/ciudadyregion.com.co\/index.php\/capturan-al-costeno-en-armero-guayabal-por-violencia-intrafamiliar\/judicial\/","title":{"rendered":"Capturan al &#8216;Coste\u00f1o&#8217; en Armero Guayabal por violencia intrafamiliar"},"content":{"rendered":"<ul>\n<li><em><strong>El resultado se logr\u00f3 en el barrio Ayudemonos de dicha poblaci\u00f3n.<\/strong><\/em><\/li>\n<li><em><strong>El hoy capturado despu\u00e9s de audiencia virtual fue cobijado con medida de aseguramiento en centro carcelario.<\/strong><\/em><\/li>\n<\/ul>\n<p>En el marco de los operativos contra el delito, especialmente la violencia intrafamiliar, la Polic\u00eda del Tolima, a trav\u00e9s de su personal de la estaci\u00f3n de Polic\u00eda de Armero Guayabal, logr\u00f3 la captura de un sujeto requerido por el delito de violencia intrafamiliar.<\/p>\n<p>El hecho se produjo alrededor de las 5:50 de la tarde, momentos en que los uniformados realizaban planes y controles diferenciales en la v\u00eda p\u00fablica del barrio Ayud\u00e9monos de dicha poblaci\u00f3n. Durante estos controles, se logr\u00f3 la captura de un ciudadano de 58 a\u00f1os quien se movilizaba en una motocicleta de mediano cilindraje de color amarillo. Al realizar el registro e identificaci\u00f3n a persona y su veh\u00edculo, se constat\u00f3 que &#8216;El Coste\u00f1o&#8217; contaba con una orden de captura vigente, expedida por el Juzgado Primero Promiscuo Municipal de Armero Guayabal, por el delito mencionado.<\/p>\n<p>El capturado fue puesto a disposici\u00f3n de la autoridad solicitante y, tras una audiencia virtual, se le impuso medida de aseguramiento en un centro penitenciario y carcelario.<\/p>\n","protected":false},"excerpt":{"rendered":"<p>El resultado se logr\u00f3 en el barrio Ayudemonos de dicha poblaci\u00f3n. El hoy capturado despu\u00e9s de audiencia virtual fue cobijado con medida de aseguramiento en centro carcelario. En el marco de los operativos contra el delito, especialmente la violencia intrafamiliar, la Polic\u00eda del Tolima, a trav\u00e9s de su personal de<span class=\"more-link\"><a href=\"https:\/\/ciudadyregion.com.co\/index.php\/capturan-al-costeno-en-armero-guayabal-por-violencia-intrafamiliar\/judicial\/\">Continuar Leyendo<\/a><\/span><\/p>\n","protected":false},"author":2,"featured_media":15676,"comment_status":"open","ping_status":"open","sticky":false,"template":"","format":"standard","meta":{"_uf_show_specific_survey":0,"_uf_disable_surveys":false,"_jetpack_memberships_contains_paid_content":false,"footnotes":"","jetpack_publicize_message":"","jetpack_publicize_feature_enabled":true,"jetpack_social_post_already_shared":true,"jetpack_social_options":{"image_generator_settings":{"template":"highway","enabled":false},"version":2}},"categories":[18],"tags":[],"class_list":["entry","author-diegoaguirre","post-15675","post","type-post","status-publish","format-standard","has-post-thumbnail","category-judicial"],"jetpack_publicize_connections":[],"yoast_head":"<!-- This site is optimized with the Yoast SEO plugin v24.3 - https:\/\/yoast.com\/wordpress\/plugins\/seo\/ -->\n<title>Capturan al &#039;Coste\u00f1o&#039; en Armero Guayabal por violencia intrafamiliar - Ciudad y Region<\/title>\n<meta name=\"robots\" content=\"index, follow, max-snippet:-1, max-image-preview:large, max-video-preview:-1\" \/>\n<link rel=\"canonical\" href=\"https:\/\/ciudadyregion.com.co\/index.php\/capturan-al-costeno-en-armero-guayabal-por-violencia-intrafamiliar\/judicial\/\" \/>\n<meta property=\"og:locale\" content=\"es_ES\" \/>\n<meta property=\"og:type\" content=\"article\" \/>\n<meta property=\"og:title\" content=\"Capturan al &#039;Coste\u00f1o&#039; en Armero Guayabal por violencia intrafamiliar - Ciudad y Region\" \/>\n<meta property=\"og:description\" content=\"El resultado se logr\u00f3 en el barrio Ayudemonos de dicha poblaci\u00f3n. El hoy capturado despu\u00e9s de audiencia virtual fue cobijado con medida de aseguramiento en centro carcelario. En el marco de los operativos contra el delito, especialmente la violencia intrafamiliar, la Polic\u00eda del Tolima, a trav\u00e9s de su personal deContinuar Leyendo\" \/>\n<meta property=\"og:url\" content=\"https:\/\/ciudadyregion.com.co\/index.php\/capturan-al-costeno-en-armero-guayabal-por-violencia-intrafamiliar\/judicial\/\" \/>\n<meta property=\"og:site_name\" content=\"Ciudad y Region\" \/>\n<meta property=\"article:published_time\" content=\"2024-06-06T13:10:07+00:00\" \/>\n<meta property=\"og:image\" content=\"https:\/\/ciudadyregion.com.co\/wp-content\/uploads\/2024\/06\/5-18.jpg\" \/>\n\t<meta property=\"og:image:width\" content=\"800\" \/>\n\t<meta property=\"og:image:height\" content=\"445\" \/>\n\t<meta property=\"og:image:type\" content=\"image\/jpeg\" \/>\n<meta name=\"author\" content=\"David Andr\u00e9s Aguirre\" \/>\n<meta name=\"twitter:card\" content=\"summary_large_image\" \/>\n<meta name=\"twitter:label1\" content=\"Escrito por\" \/>\n\t<meta name=\"twitter:data1\" content=\"David Andr\u00e9s Aguirre\" \/>\n\t<meta name=\"twitter:label2\" content=\"Tiempo de lectura\" \/>\n\t<meta name=\"twitter:data2\" content=\"1 minuto\" \/>\n<script type=\"application\/ld+json\" class=\"yoast-schema-graph\">{\"@context\":\"https:\/\/schema.org\",\"@graph\":[{\"@type\":\"WebPage\",\"@id\":\"https:\/\/ciudadyregion.com.co\/index.php\/capturan-al-costeno-en-armero-guayabal-por-violencia-intrafamiliar\/judicial\/\",\"url\":\"https:\/\/ciudadyregion.com.co\/index.php\/capturan-al-costeno-en-armero-guayabal-por-violencia-intrafamiliar\/judicial\/\",\"name\":\"Capturan al 'Coste\u00f1o' en Armero Guayabal por violencia intrafamiliar - Ciudad y Region\",\"isPartOf\":{\"@id\":\"https:\/\/ciudadyregion.com.co\/#website\"},\"primaryImageOfPage\":{\"@id\":\"https:\/\/ciudadyregion.com.co\/index.php\/capturan-al-costeno-en-armero-guayabal-por-violencia-intrafamiliar\/judicial\/#primaryimage\"},\"image\":{\"@id\":\"https:\/\/ciudadyregion.com.co\/index.php\/capturan-al-costeno-en-armero-guayabal-por-violencia-intrafamiliar\/judicial\/#primaryimage\"},\"thumbnailUrl\":\"https:\/\/i0.wp.com\/ciudadyregion.com.co\/wp-content\/uploads\/2024\/06\/5-18.jpg?fit=800%2C445&ssl=1\",\"datePublished\":\"2024-06-06T13:10:07+00:00\",\"dateModified\":\"2024-06-06T13:10:07+00:00\",\"author\":{\"@id\":\"https:\/\/ciudadyregion.com.co\/#\/schema\/person\/04a4954373ebc4051f46e8c65ff78622\"},\"breadcrumb\":{\"@id\":\"https:\/\/ciudadyregion.com.co\/index.php\/capturan-al-costeno-en-armero-guayabal-por-violencia-intrafamiliar\/judicial\/#breadcrumb\"},\"inLanguage\":\"es\",\"potentialAction\":[{\"@type\":\"ReadAction\",\"target\":[\"https:\/\/ciudadyregion.com.co\/index.php\/capturan-al-costeno-en-armero-guayabal-por-violencia-intrafamiliar\/judicial\/\"]}]},{\"@type\":\"ImageObject\",\"inLanguage\":\"es\",\"@id\":\"https:\/\/ciudadyregion.com.co\/index.php\/capturan-al-costeno-en-armero-guayabal-por-violencia-intrafamiliar\/judicial\/#primaryimage\",\"url\":\"https:\/\/i0.wp.com\/ciudadyregion.com.co\/wp-content\/uploads\/2024\/06\/5-18.jpg?fit=800%2C445&ssl=1\",\"contentUrl\":\"https:\/\/i0.wp.com\/ciudadyregion.com.co\/wp-content\/uploads\/2024\/06\/5-18.jpg?fit=800%2C445&ssl=1\",\"width\":800,\"height\":445},{\"@type\":\"BreadcrumbList\",\"@id\":\"https:\/\/ciudadyregion.com.co\/index.php\/capturan-al-costeno-en-armero-guayabal-por-violencia-intrafamiliar\/judicial\/#breadcrumb\",\"itemListElement\":[{\"@type\":\"ListItem\",\"position\":1,\"name\":\"Portada\",\"item\":\"https:\/\/ciudadyregion.com.co\/\"},{\"@type\":\"ListItem\",\"position\":2,\"name\":\"Capturan al &#8216;Coste\u00f1o&#8217; en Armero Guayabal por violencia intrafamiliar\"}]},{\"@type\":\"WebSite\",\"@id\":\"https:\/\/ciudadyregion.com.co\/#website\",\"url\":\"https:\/\/ciudadyregion.com.co\/\",\"name\":\"Ciudad y Region\",\"description\":\"\",\"potentialAction\":[{\"@type\":\"SearchAction\",\"target\":{\"@type\":\"EntryPoint\",\"urlTemplate\":\"https:\/\/ciudadyregion.com.co\/?s={search_term_string}\"},\"query-input\":{\"@type\":\"PropertyValueSpecification\",\"valueRequired\":true,\"valueName\":\"search_term_string\"}}],\"inLanguage\":\"es\"},{\"@type\":\"Person\",\"@id\":\"https:\/\/ciudadyregion.com.co\/#\/schema\/person\/04a4954373ebc4051f46e8c65ff78622\",\"name\":\"David Andr\u00e9s Aguirre\",\"image\":{\"@type\":\"ImageObject\",\"inLanguage\":\"es\",\"@id\":\"https:\/\/ciudadyregion.com.co\/#\/schema\/person\/image\/\",\"url\":\"https:\/\/secure.gravatar.com\/avatar\/bc3c655860202182ee6d1b5edd042dbe?s=96&d=mm&r=g\",\"contentUrl\":\"https:\/\/secure.gravatar.com\/avatar\/bc3c655860202182ee6d1b5edd042dbe?s=96&d=mm&r=g\",\"caption\":\"David Andr\u00e9s Aguirre\"},\"url\":\"https:\/\/ciudadyregion.com.co\/index.php\/author\/diegoaguirre\/\"}]}<\/script>\n<!-- \/ Yoast SEO plugin. -->","yoast_head_json":{"title":"Capturan al 'Coste\u00f1o' en Armero Guayabal por violencia intrafamiliar - Ciudad y Region","robots":{"index":"index","follow":"follow","max-snippet":"max-snippet:-1","max-image-preview":"max-image-preview:large","max-video-preview":"max-video-preview:-1"},"canonical":"https:\/\/ciudadyregion.com.co\/index.php\/capturan-al-costeno-en-armero-guayabal-por-violencia-intrafamiliar\/judicial\/","og_locale":"es_ES","og_type":"article","og_title":"Capturan al 'Coste\u00f1o' en Armero Guayabal por violencia intrafamiliar - Ciudad y Region","og_description":"El resultado se logr\u00f3 en el barrio Ayudemonos de dicha poblaci\u00f3n. El hoy capturado despu\u00e9s de audiencia virtual fue cobijado con medida de aseguramiento en centro carcelario. En el marco de los operativos contra el delito, especialmente la violencia intrafamiliar, la Polic\u00eda del Tolima, a trav\u00e9s de su personal deContinuar Leyendo","og_url":"https:\/\/ciudadyregion.com.co\/index.php\/capturan-al-costeno-en-armero-guayabal-por-violencia-intrafamiliar\/judicial\/","og_site_name":"Ciudad y Region","article_published_time":"2024-06-06T13:10:07+00:00","og_image":[{"width":800,"height":445,"url":"https:\/\/ciudadyregion.com.co\/wp-content\/uploads\/2024\/06\/5-18.jpg","type":"image\/jpeg"}],"author":"David Andr\u00e9s Aguirre","twitter_card":"summary_large_image","twitter_misc":{"Escrito por":"David Andr\u00e9s Aguirre","Tiempo de lectura":"1 minuto"},"schema":{"@context":"https:\/\/schema.org","@graph":[{"@type":"WebPage","@id":"https:\/\/ciudadyregion.com.co\/index.php\/capturan-al-costeno-en-armero-guayabal-por-violencia-intrafamiliar\/judicial\/","url":"https:\/\/ciudadyregion.com.co\/index.php\/capturan-al-costeno-en-armero-guayabal-por-violencia-intrafamiliar\/judicial\/","name":"Capturan al 'Coste\u00f1o' en Armero Guayabal por violencia intrafamiliar - Ciudad y Region","isPartOf":{"@id":"https:\/\/ciudadyregion.com.co\/#website"},"primaryImageOfPage":{"@id":"https:\/\/ciudadyregion.com.co\/index.php\/capturan-al-costeno-en-armero-guayabal-por-violencia-intrafamiliar\/judicial\/#primaryimage"},"image":{"@id":"https:\/\/ciudadyregion.com.co\/index.php\/capturan-al-costeno-en-armero-guayabal-por-violencia-intrafamiliar\/judicial\/#primaryimage"},"thumbnailUrl":"https:\/\/i0.wp.com\/ciudadyregion.com.co\/wp-content\/uploads\/2024\/06\/5-18.jpg?fit=800%2C445&ssl=1","datePublished":"2024-06-06T13:10:07+00:00","dateModified":"2024-06-06T13:10:07+00:00","author":{"@id":"https:\/\/ciudadyregion.com.co\/#\/schema\/person\/04a4954373ebc4051f46e8c65ff78622"},"breadcrumb":{"@id":"https:\/\/ciudadyregion.com.co\/index.php\/capturan-al-costeno-en-armero-guayabal-por-violencia-intrafamiliar\/judicial\/#breadcrumb"},"inLanguage":"es","potentialAction":[{"@type":"ReadAction","target":["https:\/\/ciudadyregion.com.co\/index.php\/capturan-al-costeno-en-armero-guayabal-por-violencia-intrafamiliar\/judicial\/"]}]},{"@type":"ImageObject","inLanguage":"es","@id":"https:\/\/ciudadyregion.com.co\/index.php\/capturan-al-costeno-en-armero-guayabal-por-violencia-intrafamiliar\/judicial\/#primaryimage","url":"https:\/\/i0.wp.com\/ciudadyregion.com.co\/wp-content\/uploads\/2024\/06\/5-18.jpg?fit=800%2C445&ssl=1","contentUrl":"https:\/\/i0.wp.com\/ciudadyregion.com.co\/wp-content\/uploads\/2024\/06\/5-18.jpg?fit=800%2C445&ssl=1","width":800,"height":445},{"@type":"BreadcrumbList","@id":"https:\/\/ciudadyregion.com.co\/index.php\/capturan-al-costeno-en-armero-guayabal-por-violencia-intrafamiliar\/judicial\/#breadcrumb","itemListElement":[{"@type":"ListItem","position":1,"name":"Portada","item":"https:\/\/ciudadyregion.com.co\/"},{"@type":"ListItem","position":2,"name":"Capturan al &#8216;Coste\u00f1o&#8217; en Armero Guayabal por violencia intrafamiliar"}]},{"@type":"WebSite","@id":"https:\/\/ciudadyregion.com.co\/#website","url":"https:\/\/ciudadyregion.com.co\/","name":"Ciudad y Region","description":"","potentialAction":[{"@type":"SearchAction","target":{"@type":"EntryPoint","urlTemplate":"https:\/\/ciudadyregion.com.co\/?s={search_term_string}"},"query-input":{"@type":"PropertyValueSpecification","valueRequired":true,"valueName":"search_term_string"}}],"inLanguage":"es"},{"@type":"Person","@id":"https:\/\/ciudadyregion.com.co\/#\/schema\/person\/04a4954373ebc4051f46e8c65ff78622","name":"David Andr\u00e9s Aguirre","image":{"@type":"ImageObject","inLanguage":"es","@id":"https:\/\/ciudadyregion.com.co\/#\/schema\/person\/image\/","url":"https:\/\/secure.gravatar.com\/avatar\/bc3c655860202182ee6d1b5edd042dbe?s=96&d=mm&r=g","contentUrl":"https:\/\/secure.gravatar.com\/avatar\/bc3c655860202182ee6d1b5edd042dbe?s=96&d=mm&r=g","caption":"David Andr\u00e9s Aguirre"},"url":"https:\/\/ciudadyregion.com.co\/index.php\/author\/diegoaguirre\/"}]}},"jetpack_featured_media_url":"https:\/\/i0.wp.com\/ciudadyregion.com.co\/wp-content\/uploads\/2024\/06\/5-18.jpg?fit=800%2C445&ssl=1","jetpack_sharing_enabled":true,"jetpack_shortlink":"https:\/\/wp.me\/pbS7hh-44P","jetpack-related-posts":[],"_links":{"self":[{"href":"https:\/\/ciudadyregion.com.co\/index.php\/wp-json\/wp\/v2\/posts\/15675"}],"collection":[{"href":"https:\/\/ciudadyregion.com.co\/index.php\/wp-json\/wp\/v2\/posts"}],"about":[{"href":"https:\/\/ciudadyregion.com.co\/index.php\/wp-json\/wp\/v2\/types\/post"}],"author":[{"embeddable":true,"href":"https:\/\/ciudadyregion.com.co\/index.php\/wp-json\/wp\/v2\/users\/2"}],"replies":[{"embeddable":true,"href":"https:\/\/ciudadyregion.com.co\/index.php\/wp-json\/wp\/v2\/comments?post=15675"}],"version-history":[{"count":1,"href":"https:\/\/ciudadyregion.com.co\/index.php\/wp-json\/wp\/v2\/posts\/15675\/revisions"}],"predecessor-version":[{"id":15677,"href":"https:\/\/ciudadyregion.com.co\/index.php\/wp-json\/wp\/v2\/posts\/15675\/revisions\/15677"}],"wp:featuredmedia":[{"embeddable":true,"href":"https:\/\/ciudadyregion.com.co\/index.php\/wp-json\/wp\/v2\/media\/15676"}],"wp:attachment":[{"href":"https:\/\/ciudadyregion.com.co\/index.php\/wp-json\/wp\/v2\/media?parent=15675"}],"wp:term":[{"taxonomy":"category","embeddable":true,"href":"https:\/\/ciudadyregion.com.co\/index.php\/wp-json\/wp\/v2\/categories?post=15675"},{"taxonomy":"post_tag","embeddable":true,"href":"https:\/\/ciudadyregion.com.co\/index.php\/wp-json\/wp\/v2\/tags?post=15675"}],"curies":[{"name":"wp","href":"https:\/\/api.w.org\/{rel}","templated":true}]}}