{"id":15666,"date":"2024-06-06T07:46:14","date_gmt":"2024-06-06T12:46:14","guid":{"rendered":"https:\/\/ciudadyregion.com.co\/?p=15666"},"modified":"2024-06-06T07:46:14","modified_gmt":"2024-06-06T12:46:14","slug":"la-escuela-regional-del-cafe-ya-tiene-logo","status":"publish","type":"post","link":"https:\/\/ciudadyregion.com.co\/index.php\/la-escuela-regional-del-cafe-ya-tiene-logo\/regional\/","title":{"rendered":"La Escuela Regional del Caf\u00e9 ya tiene logo"},"content":{"rendered":"<ul>\n<li><em><strong>El dise\u00f1o ganador fue escogido por un jurado calificador integrado por representantes de la Gobernaci\u00f3n del Tolima, La Federaci\u00f3n de Cafeteros-Comit\u00e9 de Cafeteros del Tolima y la Universidad del Tolima.<\/strong><\/em><\/li>\n<\/ul>\n<p>La propuesta presentada por el dise\u00f1ador Danilo Giraldo Osorio result\u00f3 ganadora en el concurso para escoger el logotipo de la Escuela Regional del Caf\u00e9, convocado por la Gobernaci\u00f3n del Tolima y la Federaci\u00f3n Nacional de Cafeteros-Comit\u00e9 de Cafeteros del Tolima, con el acompa\u00f1amiento de la Universidad del Tolima.<\/p>\n<blockquote><p>El jurado calificador, integrado por Juanita Arboleda Arciniegas, coordinadora de Comunicaciones de la Federaci\u00f3n Nacional de Cafeteros de Colombia; Jonh Jairo M\u00e9ndez Arteaga, vicerrector de Investigaci\u00f3n-Creaci\u00f3n, Innovaci\u00f3n, Extensi\u00f3n y Proyecci\u00f3n Social de la Universidad del Tolima y Juan David Ram\u00edrez Fern\u00e1ndez, dise\u00f1ador industrial, en representaci\u00f3n de la Gobernaci\u00f3n del Tolima, luego de analizar los 52 dise\u00f1os puestos a consideraci\u00f3n escogieron como ganadora la propuesta de Danilo Giraldo Osorio, al considerar que responde a los criterios planteados, como son la originalidad, relevancia, versatilidad, legibilidad y pertinencia de la paleta de colores.<\/p>\n<p>\u201cDe la misma forma, el concepto consignado por su autor en la propuesta expresa de una manera muy acertada lo que desde la Escuela Regional del Caf\u00e9 se quiere comunicar, en lo que tiene que ver con transformaci\u00f3n, innovaci\u00f3n e identidad regional. La propuesta presentada por Danilo Giraldo Osorio se destac\u00f3 por ser una de las m\u00e1s completas en cuanto al uso y diferentes aplicaciones del logotipo\u201d, consign\u00f3 el jurado en su acta.<\/p><\/blockquote>\n<p>De la misma forma, el jurado felicit\u00f3 a todos los participantes por su creatividad y empe\u00f1o en cada uno de los dise\u00f1os presentados, que enriquecieron la deliberaci\u00f3n para la escogencia del ganador.<br \/>\nPor su parte, el dise\u00f1ador describi\u00f3 de la siguiente forma su concepto del logotipo:<\/p>\n<blockquote><p>\u201cLa presente propuesta gr\u00e1fica hace parte de una inquietud que por mucho tiempo he tenido, con la regi\u00f3n, ya que a lo largo de 30 a\u00f1os me he comprometido con ella, con sus costumbres, gastronom\u00eda, cultura y tradiciones, que a lo largo de mi carrera he plasmado en la mayor\u00eda de mis trabajos.<\/p>\n<p>\u201cTom\u00e9 como eje central un grano de caf\u00e9 tostado que simboliza el esfuerzo de los caficultores y productores, al tener un producto con los altos est\u00e1ndares de calidad. El amor por esta tierra tolimense se representa en su mapa, en una composici\u00f3n estilizada del mismo que se eleva sobre la taza con esos aromas que lo caracterizan. La taza que propongo tiene un concepto internacional, siendo uno de los utensilios fundamentales en la pr\u00e1ctica del barismo\u2026 esa misma taza que evolucion\u00f3 con nuevas presentaciones creativas en un delicioso cappuccino, de ah\u00ed las ondas din\u00e1micas, la destreza de hacer figuras con el caf\u00e9, \u00b4arte latte\u00b4. En esta figura se muestra la evoluci\u00f3n de un ideal, el trabajo, la proyecci\u00f3n, el esfuerzo y la dedicaci\u00f3n del estudiante para llegar o \u00b4caer en el blanco\u00b4 y alcanzar sus metas\u201d, resalt\u00f3 el orgulloso ganador<\/p><\/blockquote>\n<p>Danilo Giraldo Osorio es publicista y mercadotecnista de la Universidad Cat\u00f3lica de Manizales &#8211; Caldas.<\/p>\n<p>En su trayectoria, se ha destacado como:<\/p>\n<ul>\n<li>Director Creativo<\/li>\n<li>Asesor de Industrias Creativas y PYMES.<\/li>\n<li>Creador de marca e impulso marca Cadena de Supermercado en el Tolima.<\/li>\n<li>Asesor de Programa del Sector Tur\u00edstico y Cultural.<\/li>\n<li>Dise\u00f1ador de marca para empresas gastr\u00f3nomicas y sector privado en USA.<\/li>\n<li>Productor de Canal Digital VER+TV en Ibagu\u00e9.<\/li>\n<\/ul>\n<p>Para m\u00e1s informaci\u00f3n sobre la Escuela Regional del Caf\u00e9, como t\u00e9rminos, condiciones e inscripciones, consulte:<\/p>\n","protected":false},"excerpt":{"rendered":"<p>El dise\u00f1o ganador fue escogido por un jurado calificador integrado por representantes de la Gobernaci\u00f3n del Tolima, La Federaci\u00f3n de Cafeteros-Comit\u00e9 de Cafeteros del Tolima y la Universidad del Tolima. La propuesta presentada por el dise\u00f1ador Danilo Giraldo Osorio result\u00f3 ganadora en el concurso para escoger el logotipo de la<span class=\"more-link\"><a href=\"https:\/\/ciudadyregion.com.co\/index.php\/la-escuela-regional-del-cafe-ya-tiene-logo\/regional\/\">Continuar Leyendo<\/a><\/span><\/p>\n","protected":false},"author":2,"featured_media":15667,"comment_status":"open","ping_status":"open","sticky":false,"template":"","format":"standard","meta":{"_uf_show_specific_survey":0,"_uf_disable_surveys":false,"_jetpack_memberships_contains_paid_content":false,"footnotes":"","jetpack_publicize_message":"","jetpack_publicize_feature_enabled":true,"jetpack_social_post_already_shared":true,"jetpack_social_options":{"image_generator_settings":{"template":"highway","enabled":false},"version":2}},"categories":[13],"tags":[],"class_list":["entry","author-diegoaguirre","post-15666","post","type-post","status-publish","format-standard","has-post-thumbnail","category-regional"],"jetpack_publicize_connections":[],"yoast_head":"<!-- This site is optimized with the Yoast SEO plugin v24.3 - https:\/\/yoast.com\/wordpress\/plugins\/seo\/ -->\n<title>La Escuela Regional del Caf\u00e9 ya tiene logo - Ciudad y Region<\/title>\n<meta name=\"robots\" content=\"index, follow, max-snippet:-1, max-image-preview:large, max-video-preview:-1\" \/>\n<link rel=\"canonical\" href=\"https:\/\/ciudadyregion.com.co\/index.php\/la-escuela-regional-del-cafe-ya-tiene-logo\/regional\/\" \/>\n<meta property=\"og:locale\" content=\"es_ES\" \/>\n<meta property=\"og:type\" content=\"article\" \/>\n<meta property=\"og:title\" content=\"La Escuela Regional del Caf\u00e9 ya tiene logo - Ciudad y Region\" \/>\n<meta property=\"og:description\" content=\"El dise\u00f1o ganador fue escogido por un jurado calificador integrado por representantes de la Gobernaci\u00f3n del Tolima, La Federaci\u00f3n de Cafeteros-Comit\u00e9 de Cafeteros del Tolima y la Universidad del Tolima. La propuesta presentada por el dise\u00f1ador Danilo Giraldo Osorio result\u00f3 ganadora en el concurso para escoger el logotipo de laContinuar Leyendo\" \/>\n<meta property=\"og:url\" content=\"https:\/\/ciudadyregion.com.co\/index.php\/la-escuela-regional-del-cafe-ya-tiene-logo\/regional\/\" \/>\n<meta property=\"og:site_name\" content=\"Ciudad y Region\" \/>\n<meta property=\"article:published_time\" content=\"2024-06-06T12:46:14+00:00\" \/>\n<meta property=\"og:image\" content=\"https:\/\/ciudadyregion.com.co\/wp-content\/uploads\/2024\/06\/3-23.jpg\" \/>\n\t<meta property=\"og:image:width\" content=\"800\" \/>\n\t<meta property=\"og:image:height\" content=\"445\" \/>\n\t<meta property=\"og:image:type\" content=\"image\/jpeg\" \/>\n<meta name=\"author\" content=\"David Andr\u00e9s Aguirre\" \/>\n<meta name=\"twitter:card\" content=\"summary_large_image\" \/>\n<meta name=\"twitter:label1\" content=\"Escrito por\" \/>\n\t<meta name=\"twitter:data1\" content=\"David Andr\u00e9s Aguirre\" \/>\n\t<meta name=\"twitter:label2\" content=\"Tiempo de lectura\" \/>\n\t<meta name=\"twitter:data2\" content=\"1 minuto\" \/>\n<script type=\"application\/ld+json\" class=\"yoast-schema-graph\">{\"@context\":\"https:\/\/schema.org\",\"@graph\":[{\"@type\":\"WebPage\",\"@id\":\"https:\/\/ciudadyregion.com.co\/index.php\/la-escuela-regional-del-cafe-ya-tiene-logo\/regional\/\",\"url\":\"https:\/\/ciudadyregion.com.co\/index.php\/la-escuela-regional-del-cafe-ya-tiene-logo\/regional\/\",\"name\":\"La Escuela Regional del Caf\u00e9 ya tiene logo - Ciudad y Region\",\"isPartOf\":{\"@id\":\"https:\/\/ciudadyregion.com.co\/#website\"},\"primaryImageOfPage\":{\"@id\":\"https:\/\/ciudadyregion.com.co\/index.php\/la-escuela-regional-del-cafe-ya-tiene-logo\/regional\/#primaryimage\"},\"image\":{\"@id\":\"https:\/\/ciudadyregion.com.co\/index.php\/la-escuela-regional-del-cafe-ya-tiene-logo\/regional\/#primaryimage\"},\"thumbnailUrl\":\"https:\/\/i0.wp.com\/ciudadyregion.com.co\/wp-content\/uploads\/2024\/06\/3-23.jpg?fit=800%2C445&ssl=1\",\"datePublished\":\"2024-06-06T12:46:14+00:00\",\"dateModified\":\"2024-06-06T12:46:14+00:00\",\"author\":{\"@id\":\"https:\/\/ciudadyregion.com.co\/#\/schema\/person\/04a4954373ebc4051f46e8c65ff78622\"},\"breadcrumb\":{\"@id\":\"https:\/\/ciudadyregion.com.co\/index.php\/la-escuela-regional-del-cafe-ya-tiene-logo\/regional\/#breadcrumb\"},\"inLanguage\":\"es\",\"potentialAction\":[{\"@type\":\"ReadAction\",\"target\":[\"https:\/\/ciudadyregion.com.co\/index.php\/la-escuela-regional-del-cafe-ya-tiene-logo\/regional\/\"]}]},{\"@type\":\"ImageObject\",\"inLanguage\":\"es\",\"@id\":\"https:\/\/ciudadyregion.com.co\/index.php\/la-escuela-regional-del-cafe-ya-tiene-logo\/regional\/#primaryimage\",\"url\":\"https:\/\/i0.wp.com\/ciudadyregion.com.co\/wp-content\/uploads\/2024\/06\/3-23.jpg?fit=800%2C445&ssl=1\",\"contentUrl\":\"https:\/\/i0.wp.com\/ciudadyregion.com.co\/wp-content\/uploads\/2024\/06\/3-23.jpg?fit=800%2C445&ssl=1\",\"width\":800,\"height\":445},{\"@type\":\"BreadcrumbList\",\"@id\":\"https:\/\/ciudadyregion.com.co\/index.php\/la-escuela-regional-del-cafe-ya-tiene-logo\/regional\/#breadcrumb\",\"itemListElement\":[{\"@type\":\"ListItem\",\"position\":1,\"name\":\"Portada\",\"item\":\"https:\/\/ciudadyregion.com.co\/\"},{\"@type\":\"ListItem\",\"position\":2,\"name\":\"La Escuela Regional del Caf\u00e9 ya tiene logo\"}]},{\"@type\":\"WebSite\",\"@id\":\"https:\/\/ciudadyregion.com.co\/#website\",\"url\":\"https:\/\/ciudadyregion.com.co\/\",\"name\":\"Ciudad y Region\",\"description\":\"\",\"potentialAction\":[{\"@type\":\"SearchAction\",\"target\":{\"@type\":\"EntryPoint\",\"urlTemplate\":\"https:\/\/ciudadyregion.com.co\/?s={search_term_string}\"},\"query-input\":{\"@type\":\"PropertyValueSpecification\",\"valueRequired\":true,\"valueName\":\"search_term_string\"}}],\"inLanguage\":\"es\"},{\"@type\":\"Person\",\"@id\":\"https:\/\/ciudadyregion.com.co\/#\/schema\/person\/04a4954373ebc4051f46e8c65ff78622\",\"name\":\"David Andr\u00e9s Aguirre\",\"image\":{\"@type\":\"ImageObject\",\"inLanguage\":\"es\",\"@id\":\"https:\/\/ciudadyregion.com.co\/#\/schema\/person\/image\/\",\"url\":\"https:\/\/secure.gravatar.com\/avatar\/bc3c655860202182ee6d1b5edd042dbe?s=96&d=mm&r=g\",\"contentUrl\":\"https:\/\/secure.gravatar.com\/avatar\/bc3c655860202182ee6d1b5edd042dbe?s=96&d=mm&r=g\",\"caption\":\"David Andr\u00e9s Aguirre\"},\"url\":\"https:\/\/ciudadyregion.com.co\/index.php\/author\/diegoaguirre\/\"}]}<\/script>\n<!-- \/ Yoast SEO plugin. -->","yoast_head_json":{"title":"La Escuela Regional del Caf\u00e9 ya tiene logo - Ciudad y Region","robots":{"index":"index","follow":"follow","max-snippet":"max-snippet:-1","max-image-preview":"max-image-preview:large","max-video-preview":"max-video-preview:-1"},"canonical":"https:\/\/ciudadyregion.com.co\/index.php\/la-escuela-regional-del-cafe-ya-tiene-logo\/regional\/","og_locale":"es_ES","og_type":"article","og_title":"La Escuela Regional del Caf\u00e9 ya tiene logo - Ciudad y Region","og_description":"El dise\u00f1o ganador fue escogido por un jurado calificador integrado por representantes de la Gobernaci\u00f3n del Tolima, La Federaci\u00f3n de Cafeteros-Comit\u00e9 de Cafeteros del Tolima y la Universidad del Tolima. La propuesta presentada por el dise\u00f1ador Danilo Giraldo Osorio result\u00f3 ganadora en el concurso para escoger el logotipo de laContinuar Leyendo","og_url":"https:\/\/ciudadyregion.com.co\/index.php\/la-escuela-regional-del-cafe-ya-tiene-logo\/regional\/","og_site_name":"Ciudad y Region","article_published_time":"2024-06-06T12:46:14+00:00","og_image":[{"width":800,"height":445,"url":"https:\/\/ciudadyregion.com.co\/wp-content\/uploads\/2024\/06\/3-23.jpg","type":"image\/jpeg"}],"author":"David Andr\u00e9s Aguirre","twitter_card":"summary_large_image","twitter_misc":{"Escrito por":"David Andr\u00e9s Aguirre","Tiempo de lectura":"1 minuto"},"schema":{"@context":"https:\/\/schema.org","@graph":[{"@type":"WebPage","@id":"https:\/\/ciudadyregion.com.co\/index.php\/la-escuela-regional-del-cafe-ya-tiene-logo\/regional\/","url":"https:\/\/ciudadyregion.com.co\/index.php\/la-escuela-regional-del-cafe-ya-tiene-logo\/regional\/","name":"La Escuela Regional del Caf\u00e9 ya tiene logo - Ciudad y Region","isPartOf":{"@id":"https:\/\/ciudadyregion.com.co\/#website"},"primaryImageOfPage":{"@id":"https:\/\/ciudadyregion.com.co\/index.php\/la-escuela-regional-del-cafe-ya-tiene-logo\/regional\/#primaryimage"},"image":{"@id":"https:\/\/ciudadyregion.com.co\/index.php\/la-escuela-regional-del-cafe-ya-tiene-logo\/regional\/#primaryimage"},"thumbnailUrl":"https:\/\/i0.wp.com\/ciudadyregion.com.co\/wp-content\/uploads\/2024\/06\/3-23.jpg?fit=800%2C445&ssl=1","datePublished":"2024-06-06T12:46:14+00:00","dateModified":"2024-06-06T12:46:14+00:00","author":{"@id":"https:\/\/ciudadyregion.com.co\/#\/schema\/person\/04a4954373ebc4051f46e8c65ff78622"},"breadcrumb":{"@id":"https:\/\/ciudadyregion.com.co\/index.php\/la-escuela-regional-del-cafe-ya-tiene-logo\/regional\/#breadcrumb"},"inLanguage":"es","potentialAction":[{"@type":"ReadAction","target":["https:\/\/ciudadyregion.com.co\/index.php\/la-escuela-regional-del-cafe-ya-tiene-logo\/regional\/"]}]},{"@type":"ImageObject","inLanguage":"es","@id":"https:\/\/ciudadyregion.com.co\/index.php\/la-escuela-regional-del-cafe-ya-tiene-logo\/regional\/#primaryimage","url":"https:\/\/i0.wp.com\/ciudadyregion.com.co\/wp-content\/uploads\/2024\/06\/3-23.jpg?fit=800%2C445&ssl=1","contentUrl":"https:\/\/i0.wp.com\/ciudadyregion.com.co\/wp-content\/uploads\/2024\/06\/3-23.jpg?fit=800%2C445&ssl=1","width":800,"height":445},{"@type":"BreadcrumbList","@id":"https:\/\/ciudadyregion.com.co\/index.php\/la-escuela-regional-del-cafe-ya-tiene-logo\/regional\/#breadcrumb","itemListElement":[{"@type":"ListItem","position":1,"name":"Portada","item":"https:\/\/ciudadyregion.com.co\/"},{"@type":"ListItem","position":2,"name":"La Escuela Regional del Caf\u00e9 ya tiene logo"}]},{"@type":"WebSite","@id":"https:\/\/ciudadyregion.com.co\/#website","url":"https:\/\/ciudadyregion.com.co\/","name":"Ciudad y Region","description":"","potentialAction":[{"@type":"SearchAction","target":{"@type":"EntryPoint","urlTemplate":"https:\/\/ciudadyregion.com.co\/?s={search_term_string}"},"query-input":{"@type":"PropertyValueSpecification","valueRequired":true,"valueName":"search_term_string"}}],"inLanguage":"es"},{"@type":"Person","@id":"https:\/\/ciudadyregion.com.co\/#\/schema\/person\/04a4954373ebc4051f46e8c65ff78622","name":"David Andr\u00e9s Aguirre","image":{"@type":"ImageObject","inLanguage":"es","@id":"https:\/\/ciudadyregion.com.co\/#\/schema\/person\/image\/","url":"https:\/\/secure.gravatar.com\/avatar\/bc3c655860202182ee6d1b5edd042dbe?s=96&d=mm&r=g","contentUrl":"https:\/\/secure.gravatar.com\/avatar\/bc3c655860202182ee6d1b5edd042dbe?s=96&d=mm&r=g","caption":"David Andr\u00e9s Aguirre"},"url":"https:\/\/ciudadyregion.com.co\/index.php\/author\/diegoaguirre\/"}]}},"jetpack_featured_media_url":"https:\/\/i0.wp.com\/ciudadyregion.com.co\/wp-content\/uploads\/2024\/06\/3-23.jpg?fit=800%2C445&ssl=1","jetpack_sharing_enabled":true,"jetpack_shortlink":"https:\/\/wp.me\/pbS7hh-44G","jetpack-related-posts":[],"_links":{"self":[{"href":"https:\/\/ciudadyregion.com.co\/index.php\/wp-json\/wp\/v2\/posts\/15666"}],"collection":[{"href":"https:\/\/ciudadyregion.com.co\/index.php\/wp-json\/wp\/v2\/posts"}],"about":[{"href":"https:\/\/ciudadyregion.com.co\/index.php\/wp-json\/wp\/v2\/types\/post"}],"author":[{"embeddable":true,"href":"https:\/\/ciudadyregion.com.co\/index.php\/wp-json\/wp\/v2\/users\/2"}],"replies":[{"embeddable":true,"href":"https:\/\/ciudadyregion.com.co\/index.php\/wp-json\/wp\/v2\/comments?post=15666"}],"version-history":[{"count":1,"href":"https:\/\/ciudadyregion.com.co\/index.php\/wp-json\/wp\/v2\/posts\/15666\/revisions"}],"predecessor-version":[{"id":15668,"href":"https:\/\/ciudadyregion.com.co\/index.php\/wp-json\/wp\/v2\/posts\/15666\/revisions\/15668"}],"wp:featuredmedia":[{"embeddable":true,"href":"https:\/\/ciudadyregion.com.co\/index.php\/wp-json\/wp\/v2\/media\/15667"}],"wp:attachment":[{"href":"https:\/\/ciudadyregion.com.co\/index.php\/wp-json\/wp\/v2\/media?parent=15666"}],"wp:term":[{"taxonomy":"category","embeddable":true,"href":"https:\/\/ciudadyregion.com.co\/index.php\/wp-json\/wp\/v2\/categories?post=15666"},{"taxonomy":"post_tag","embeddable":true,"href":"https:\/\/ciudadyregion.com.co\/index.php\/wp-json\/wp\/v2\/tags?post=15666"}],"curies":[{"name":"wp","href":"https:\/\/api.w.org\/{rel}","templated":true}]}}