{"id":15663,"date":"2024-06-06T07:36:00","date_gmt":"2024-06-06T12:36:00","guid":{"rendered":"https:\/\/ciudadyregion.com.co\/?p=15663"},"modified":"2024-06-06T07:36:00","modified_gmt":"2024-06-06T12:36:00","slug":"gran-celebracion-del-dia-nacional-del-campesino-en-roncesvalles","status":"publish","type":"post","link":"https:\/\/ciudadyregion.com.co\/index.php\/gran-celebracion-del-dia-nacional-del-campesino-en-roncesvalles\/regional\/","title":{"rendered":"Gran celebraci\u00f3n del D\u00eda Nacional del Campesino en Roncesvalles"},"content":{"rendered":"<ul>\n<li><em><strong>Los d\u00edas 8, 9,10 y 14 de junio, realizaremos varias actividades tanto en el casco urbano como en el area rural de Roncesvalles.<\/strong><\/em><\/li>\n<\/ul>\n<p>La Alcald\u00eda de Roncesvalles, desde ya se prepara para celebrar el d\u00eda nacional del Campesino, y por esta raz\u00f3n desde ya invitamos a nuestra comunidad roncesvalluna a vincularse de este homenaje especial para nuestro municipio agr\u00edcola y ganadero.<\/p>\n<p>Todas las veredas est\u00e1n invitadas a la celebraci\u00f3n de este d\u00eda, el pr\u00f3ximo s\u00e1bado 8, domingo 9 y lunes 10 en la cabecera municipal, donde habr\u00e1n diferentes actividades culturales y deportivas y el homenaje a San Isidro Labrador &#8211; Patrono de los Campesinos; eventos que esperamos puedan disfrutar. El d\u00eda viernes 14 de junio llevaremos a cabo un homenaje a los campesinos y campesinas del centro poblado El Cedro y las veredas aleda\u00f1as, tambi\u00e9n con actividades culturales, deportivas y presentaci\u00f3n de artistas.<\/p>\n<p>Pero no solo se tendr\u00e1n las actividades antes en menci\u00f3n en el marco de esta celebraci\u00f3n tendremos importantes noticias para el desarrollo de nuestro municipio como la entrega simb\u00f3lica del convenio firmado con el Comit\u00e9 Departamental de Cafeteros, por un valor de m\u00e1s de $170 millones de pesos para el mejoramiento y mantenimiento de v\u00edas terciarias; la entrega de elementos log\u00edsticos para fortalecer la estrategia de mercados campesinos en el municipio de Roncesvalles, que estar\u00e1 disponible para las asociaciones y emprendimientos en sus exposiciones; la entrega de un kit de herramientas para cada vereda con el fin de atender peque\u00f1as emergencias y contribuir en el mantenimiento de las v\u00edas; y la entrega de materiales a dos Juntas de Acci\u00f3n Comunal para el fortalecimiento de sus acueductos comunitarios.<\/p>\n<p>Importantes actividades que desde ya se promueven desde la administraci\u00f3n \u00abJuntos avanzamos por Roncesvalles\u00bb, y de paso nuestro Alcaldes Eduardo Grajales, env\u00eda un mensaje de agradecimiento y de feliz d\u00eda a todos los campesinos.<\/p>\n<p>Finalmente, destacamos que el Honorable Concejo Municipal aprobaron el Plan de Desarrollo, el cual permite tener el instrumento para viabilizar t\u00e9cnica, jur\u00eddica y financieramente los proyectos que benefician a las comunidades de Roncesvalles.<\/p>\n","protected":false},"excerpt":{"rendered":"<p>Los d\u00edas 8, 9,10 y 14 de junio, realizaremos varias actividades tanto en el casco urbano como en el area rural de Roncesvalles. La Alcald\u00eda de Roncesvalles, desde ya se prepara para celebrar el d\u00eda nacional del Campesino, y por esta raz\u00f3n desde ya invitamos a nuestra comunidad roncesvalluna a<span class=\"more-link\"><a href=\"https:\/\/ciudadyregion.com.co\/index.php\/gran-celebracion-del-dia-nacional-del-campesino-en-roncesvalles\/regional\/\">Continuar Leyendo<\/a><\/span><\/p>\n","protected":false},"author":2,"featured_media":15664,"comment_status":"open","ping_status":"open","sticky":false,"template":"","format":"standard","meta":{"_uf_show_specific_survey":0,"_uf_disable_surveys":false,"_jetpack_memberships_contains_paid_content":false,"footnotes":"","jetpack_publicize_message":"","jetpack_publicize_feature_enabled":true,"jetpack_social_post_already_shared":true,"jetpack_social_options":{"image_generator_settings":{"template":"highway","enabled":false},"version":2}},"categories":[13],"tags":[],"class_list":["entry","author-diegoaguirre","post-15663","post","type-post","status-publish","format-standard","has-post-thumbnail","category-regional"],"jetpack_publicize_connections":[],"yoast_head":"<!-- This site is optimized with the Yoast SEO plugin v24.3 - https:\/\/yoast.com\/wordpress\/plugins\/seo\/ -->\n<title>Gran celebraci\u00f3n del D\u00eda Nacional del Campesino en Roncesvalles - Ciudad y Region<\/title>\n<meta name=\"robots\" content=\"index, follow, max-snippet:-1, max-image-preview:large, max-video-preview:-1\" \/>\n<link rel=\"canonical\" href=\"https:\/\/ciudadyregion.com.co\/index.php\/gran-celebracion-del-dia-nacional-del-campesino-en-roncesvalles\/regional\/\" \/>\n<meta property=\"og:locale\" content=\"es_ES\" \/>\n<meta property=\"og:type\" content=\"article\" \/>\n<meta property=\"og:title\" content=\"Gran celebraci\u00f3n del D\u00eda Nacional del Campesino en Roncesvalles - Ciudad y Region\" \/>\n<meta property=\"og:description\" content=\"Los d\u00edas 8, 9,10 y 14 de junio, realizaremos varias actividades tanto en el casco urbano como en el area rural de Roncesvalles. La Alcald\u00eda de Roncesvalles, desde ya se prepara para celebrar el d\u00eda nacional del Campesino, y por esta raz\u00f3n desde ya invitamos a nuestra comunidad roncesvalluna aContinuar Leyendo\" \/>\n<meta property=\"og:url\" content=\"https:\/\/ciudadyregion.com.co\/index.php\/gran-celebracion-del-dia-nacional-del-campesino-en-roncesvalles\/regional\/\" \/>\n<meta property=\"og:site_name\" content=\"Ciudad y Region\" \/>\n<meta property=\"article:published_time\" content=\"2024-06-06T12:36:00+00:00\" \/>\n<meta property=\"og:image\" content=\"https:\/\/ciudadyregion.com.co\/wp-content\/uploads\/2024\/06\/2-31.jpg\" \/>\n\t<meta property=\"og:image:width\" content=\"800\" \/>\n\t<meta property=\"og:image:height\" content=\"445\" \/>\n\t<meta property=\"og:image:type\" content=\"image\/jpeg\" \/>\n<meta name=\"author\" content=\"David Andr\u00e9s Aguirre\" \/>\n<meta name=\"twitter:card\" content=\"summary_large_image\" \/>\n<meta name=\"twitter:label1\" content=\"Escrito por\" \/>\n\t<meta name=\"twitter:data1\" content=\"David Andr\u00e9s Aguirre\" \/>\n\t<meta name=\"twitter:label2\" content=\"Tiempo de lectura\" \/>\n\t<meta name=\"twitter:data2\" content=\"2 minutos\" \/>\n<script type=\"application\/ld+json\" class=\"yoast-schema-graph\">{\"@context\":\"https:\/\/schema.org\",\"@graph\":[{\"@type\":\"WebPage\",\"@id\":\"https:\/\/ciudadyregion.com.co\/index.php\/gran-celebracion-del-dia-nacional-del-campesino-en-roncesvalles\/regional\/\",\"url\":\"https:\/\/ciudadyregion.com.co\/index.php\/gran-celebracion-del-dia-nacional-del-campesino-en-roncesvalles\/regional\/\",\"name\":\"Gran celebraci\u00f3n del D\u00eda Nacional del Campesino en Roncesvalles - Ciudad y Region\",\"isPartOf\":{\"@id\":\"https:\/\/ciudadyregion.com.co\/#website\"},\"primaryImageOfPage\":{\"@id\":\"https:\/\/ciudadyregion.com.co\/index.php\/gran-celebracion-del-dia-nacional-del-campesino-en-roncesvalles\/regional\/#primaryimage\"},\"image\":{\"@id\":\"https:\/\/ciudadyregion.com.co\/index.php\/gran-celebracion-del-dia-nacional-del-campesino-en-roncesvalles\/regional\/#primaryimage\"},\"thumbnailUrl\":\"https:\/\/i0.wp.com\/ciudadyregion.com.co\/wp-content\/uploads\/2024\/06\/2-31.jpg?fit=800%2C445&ssl=1\",\"datePublished\":\"2024-06-06T12:36:00+00:00\",\"dateModified\":\"2024-06-06T12:36:00+00:00\",\"author\":{\"@id\":\"https:\/\/ciudadyregion.com.co\/#\/schema\/person\/04a4954373ebc4051f46e8c65ff78622\"},\"breadcrumb\":{\"@id\":\"https:\/\/ciudadyregion.com.co\/index.php\/gran-celebracion-del-dia-nacional-del-campesino-en-roncesvalles\/regional\/#breadcrumb\"},\"inLanguage\":\"es\",\"potentialAction\":[{\"@type\":\"ReadAction\",\"target\":[\"https:\/\/ciudadyregion.com.co\/index.php\/gran-celebracion-del-dia-nacional-del-campesino-en-roncesvalles\/regional\/\"]}]},{\"@type\":\"ImageObject\",\"inLanguage\":\"es\",\"@id\":\"https:\/\/ciudadyregion.com.co\/index.php\/gran-celebracion-del-dia-nacional-del-campesino-en-roncesvalles\/regional\/#primaryimage\",\"url\":\"https:\/\/i0.wp.com\/ciudadyregion.com.co\/wp-content\/uploads\/2024\/06\/2-31.jpg?fit=800%2C445&ssl=1\",\"contentUrl\":\"https:\/\/i0.wp.com\/ciudadyregion.com.co\/wp-content\/uploads\/2024\/06\/2-31.jpg?fit=800%2C445&ssl=1\",\"width\":800,\"height\":445},{\"@type\":\"BreadcrumbList\",\"@id\":\"https:\/\/ciudadyregion.com.co\/index.php\/gran-celebracion-del-dia-nacional-del-campesino-en-roncesvalles\/regional\/#breadcrumb\",\"itemListElement\":[{\"@type\":\"ListItem\",\"position\":1,\"name\":\"Portada\",\"item\":\"https:\/\/ciudadyregion.com.co\/\"},{\"@type\":\"ListItem\",\"position\":2,\"name\":\"Gran celebraci\u00f3n del D\u00eda Nacional del Campesino en Roncesvalles\"}]},{\"@type\":\"WebSite\",\"@id\":\"https:\/\/ciudadyregion.com.co\/#website\",\"url\":\"https:\/\/ciudadyregion.com.co\/\",\"name\":\"Ciudad y Region\",\"description\":\"\",\"potentialAction\":[{\"@type\":\"SearchAction\",\"target\":{\"@type\":\"EntryPoint\",\"urlTemplate\":\"https:\/\/ciudadyregion.com.co\/?s={search_term_string}\"},\"query-input\":{\"@type\":\"PropertyValueSpecification\",\"valueRequired\":true,\"valueName\":\"search_term_string\"}}],\"inLanguage\":\"es\"},{\"@type\":\"Person\",\"@id\":\"https:\/\/ciudadyregion.com.co\/#\/schema\/person\/04a4954373ebc4051f46e8c65ff78622\",\"name\":\"David Andr\u00e9s Aguirre\",\"image\":{\"@type\":\"ImageObject\",\"inLanguage\":\"es\",\"@id\":\"https:\/\/ciudadyregion.com.co\/#\/schema\/person\/image\/\",\"url\":\"https:\/\/secure.gravatar.com\/avatar\/bc3c655860202182ee6d1b5edd042dbe?s=96&d=mm&r=g\",\"contentUrl\":\"https:\/\/secure.gravatar.com\/avatar\/bc3c655860202182ee6d1b5edd042dbe?s=96&d=mm&r=g\",\"caption\":\"David Andr\u00e9s Aguirre\"},\"url\":\"https:\/\/ciudadyregion.com.co\/index.php\/author\/diegoaguirre\/\"}]}<\/script>\n<!-- \/ Yoast SEO plugin. -->","yoast_head_json":{"title":"Gran celebraci\u00f3n del D\u00eda Nacional del Campesino en Roncesvalles - Ciudad y Region","robots":{"index":"index","follow":"follow","max-snippet":"max-snippet:-1","max-image-preview":"max-image-preview:large","max-video-preview":"max-video-preview:-1"},"canonical":"https:\/\/ciudadyregion.com.co\/index.php\/gran-celebracion-del-dia-nacional-del-campesino-en-roncesvalles\/regional\/","og_locale":"es_ES","og_type":"article","og_title":"Gran celebraci\u00f3n del D\u00eda Nacional del Campesino en Roncesvalles - Ciudad y Region","og_description":"Los d\u00edas 8, 9,10 y 14 de junio, realizaremos varias actividades tanto en el casco urbano como en el area rural de Roncesvalles. La Alcald\u00eda de Roncesvalles, desde ya se prepara para celebrar el d\u00eda nacional del Campesino, y por esta raz\u00f3n desde ya invitamos a nuestra comunidad roncesvalluna aContinuar Leyendo","og_url":"https:\/\/ciudadyregion.com.co\/index.php\/gran-celebracion-del-dia-nacional-del-campesino-en-roncesvalles\/regional\/","og_site_name":"Ciudad y Region","article_published_time":"2024-06-06T12:36:00+00:00","og_image":[{"width":800,"height":445,"url":"https:\/\/ciudadyregion.com.co\/wp-content\/uploads\/2024\/06\/2-31.jpg","type":"image\/jpeg"}],"author":"David Andr\u00e9s Aguirre","twitter_card":"summary_large_image","twitter_misc":{"Escrito por":"David Andr\u00e9s Aguirre","Tiempo de lectura":"2 minutos"},"schema":{"@context":"https:\/\/schema.org","@graph":[{"@type":"WebPage","@id":"https:\/\/ciudadyregion.com.co\/index.php\/gran-celebracion-del-dia-nacional-del-campesino-en-roncesvalles\/regional\/","url":"https:\/\/ciudadyregion.com.co\/index.php\/gran-celebracion-del-dia-nacional-del-campesino-en-roncesvalles\/regional\/","name":"Gran celebraci\u00f3n del D\u00eda Nacional del Campesino en Roncesvalles - Ciudad y Region","isPartOf":{"@id":"https:\/\/ciudadyregion.com.co\/#website"},"primaryImageOfPage":{"@id":"https:\/\/ciudadyregion.com.co\/index.php\/gran-celebracion-del-dia-nacional-del-campesino-en-roncesvalles\/regional\/#primaryimage"},"image":{"@id":"https:\/\/ciudadyregion.com.co\/index.php\/gran-celebracion-del-dia-nacional-del-campesino-en-roncesvalles\/regional\/#primaryimage"},"thumbnailUrl":"https:\/\/i0.wp.com\/ciudadyregion.com.co\/wp-content\/uploads\/2024\/06\/2-31.jpg?fit=800%2C445&ssl=1","datePublished":"2024-06-06T12:36:00+00:00","dateModified":"2024-06-06T12:36:00+00:00","author":{"@id":"https:\/\/ciudadyregion.com.co\/#\/schema\/person\/04a4954373ebc4051f46e8c65ff78622"},"breadcrumb":{"@id":"https:\/\/ciudadyregion.com.co\/index.php\/gran-celebracion-del-dia-nacional-del-campesino-en-roncesvalles\/regional\/#breadcrumb"},"inLanguage":"es","potentialAction":[{"@type":"ReadAction","target":["https:\/\/ciudadyregion.com.co\/index.php\/gran-celebracion-del-dia-nacional-del-campesino-en-roncesvalles\/regional\/"]}]},{"@type":"ImageObject","inLanguage":"es","@id":"https:\/\/ciudadyregion.com.co\/index.php\/gran-celebracion-del-dia-nacional-del-campesino-en-roncesvalles\/regional\/#primaryimage","url":"https:\/\/i0.wp.com\/ciudadyregion.com.co\/wp-content\/uploads\/2024\/06\/2-31.jpg?fit=800%2C445&ssl=1","contentUrl":"https:\/\/i0.wp.com\/ciudadyregion.com.co\/wp-content\/uploads\/2024\/06\/2-31.jpg?fit=800%2C445&ssl=1","width":800,"height":445},{"@type":"BreadcrumbList","@id":"https:\/\/ciudadyregion.com.co\/index.php\/gran-celebracion-del-dia-nacional-del-campesino-en-roncesvalles\/regional\/#breadcrumb","itemListElement":[{"@type":"ListItem","position":1,"name":"Portada","item":"https:\/\/ciudadyregion.com.co\/"},{"@type":"ListItem","position":2,"name":"Gran celebraci\u00f3n del D\u00eda Nacional del Campesino en Roncesvalles"}]},{"@type":"WebSite","@id":"https:\/\/ciudadyregion.com.co\/#website","url":"https:\/\/ciudadyregion.com.co\/","name":"Ciudad y Region","description":"","potentialAction":[{"@type":"SearchAction","target":{"@type":"EntryPoint","urlTemplate":"https:\/\/ciudadyregion.com.co\/?s={search_term_string}"},"query-input":{"@type":"PropertyValueSpecification","valueRequired":true,"valueName":"search_term_string"}}],"inLanguage":"es"},{"@type":"Person","@id":"https:\/\/ciudadyregion.com.co\/#\/schema\/person\/04a4954373ebc4051f46e8c65ff78622","name":"David Andr\u00e9s Aguirre","image":{"@type":"ImageObject","inLanguage":"es","@id":"https:\/\/ciudadyregion.com.co\/#\/schema\/person\/image\/","url":"https:\/\/secure.gravatar.com\/avatar\/bc3c655860202182ee6d1b5edd042dbe?s=96&d=mm&r=g","contentUrl":"https:\/\/secure.gravatar.com\/avatar\/bc3c655860202182ee6d1b5edd042dbe?s=96&d=mm&r=g","caption":"David Andr\u00e9s Aguirre"},"url":"https:\/\/ciudadyregion.com.co\/index.php\/author\/diegoaguirre\/"}]}},"jetpack_featured_media_url":"https:\/\/i0.wp.com\/ciudadyregion.com.co\/wp-content\/uploads\/2024\/06\/2-31.jpg?fit=800%2C445&ssl=1","jetpack_sharing_enabled":true,"jetpack_shortlink":"https:\/\/wp.me\/pbS7hh-44D","jetpack-related-posts":[],"_links":{"self":[{"href":"https:\/\/ciudadyregion.com.co\/index.php\/wp-json\/wp\/v2\/posts\/15663"}],"collection":[{"href":"https:\/\/ciudadyregion.com.co\/index.php\/wp-json\/wp\/v2\/posts"}],"about":[{"href":"https:\/\/ciudadyregion.com.co\/index.php\/wp-json\/wp\/v2\/types\/post"}],"author":[{"embeddable":true,"href":"https:\/\/ciudadyregion.com.co\/index.php\/wp-json\/wp\/v2\/users\/2"}],"replies":[{"embeddable":true,"href":"https:\/\/ciudadyregion.com.co\/index.php\/wp-json\/wp\/v2\/comments?post=15663"}],"version-history":[{"count":1,"href":"https:\/\/ciudadyregion.com.co\/index.php\/wp-json\/wp\/v2\/posts\/15663\/revisions"}],"predecessor-version":[{"id":15665,"href":"https:\/\/ciudadyregion.com.co\/index.php\/wp-json\/wp\/v2\/posts\/15663\/revisions\/15665"}],"wp:featuredmedia":[{"embeddable":true,"href":"https:\/\/ciudadyregion.com.co\/index.php\/wp-json\/wp\/v2\/media\/15664"}],"wp:attachment":[{"href":"https:\/\/ciudadyregion.com.co\/index.php\/wp-json\/wp\/v2\/media?parent=15663"}],"wp:term":[{"taxonomy":"category","embeddable":true,"href":"https:\/\/ciudadyregion.com.co\/index.php\/wp-json\/wp\/v2\/categories?post=15663"},{"taxonomy":"post_tag","embeddable":true,"href":"https:\/\/ciudadyregion.com.co\/index.php\/wp-json\/wp\/v2\/tags?post=15663"}],"curies":[{"name":"wp","href":"https:\/\/api.w.org\/{rel}","templated":true}]}}