{"id":15623,"date":"2024-06-06T04:51:40","date_gmt":"2024-06-06T09:51:40","guid":{"rendered":"https:\/\/ciudadyregion.com.co\/?p=15623"},"modified":"2024-06-06T10:32:36","modified_gmt":"2024-06-06T15:32:36","slug":"carcel-para-estos-2-hombres-que-al-parecer-abusaron-de-sus-hijas-menores-de-edad-en-el-tolima-una-de-ellas-quedo-embarazada","status":"publish","type":"post","link":"https:\/\/ciudadyregion.com.co\/index.php\/carcel-para-estos-2-hombres-que-al-parecer-abusaron-de-sus-hijas-menores-de-edad-en-el-tolima-una-de-ellas-quedo-embarazada\/judicial\/","title":{"rendered":"C\u00e1rcel para estos 2 hombres que al parecer abusaron de sus hijas menores de edad en el Tolima, una de ellas qued\u00f3 embarazada"},"content":{"rendered":"<ul>\n<li><em><strong>Una de las v\u00edctimas qued\u00f3 embarazada cuando ten\u00eda 16 a\u00f1os.<\/strong><\/em><\/li>\n<\/ul>\n<p>Por solicitud de la Fiscal\u00eda General de la Naci\u00f3n, jueces de control de garant\u00edas impusieron medida de aseguramiento en establecimiento carcelario en contra de los padres de dos menores de edad, por presuntamente haber abusado sexualmente de sus hijas en hechos ocurridos en Ibagu\u00e9 y en Icononzo (Tolima).<\/p>\n<p>El primer caso tuvo lugar durante las vacaciones de una ni\u00f1a de 10 a\u00f1os cuando visitaba a su padre en la capital tolimense, entre el 24 y el 29 de diciembre de 2023.<\/p>\n<p>Durante estos d\u00edas el hombre al parecer la habr\u00eda besado en la boca y tocado sus partes \u00edntimas. Presuntamente, tambi\u00e9n le mostr\u00f3 sus genitales y la puso a ver videos pornogr\u00e1ficos.<\/p>\n<p>Por estos hechos una fiscal del Centro de Atenci\u00f3n Integral a V\u00edctimas de Abuso Sexual (Caivas) de la Seccional Tolima le imput\u00f3 los delitos de acto sexual violento y acceso carnal violento, ambos agravados, que no acept\u00f3 haber cometido.<\/p>\n<p>El otro hecho involucra igualmente a otro pap\u00e1 que habr\u00eda abusado y embarazado a su hija de 16 a\u00f1os en 2014.<\/p>\n<p>La ni\u00f1a habr\u00eda sido sometida a diversos vej\u00e1menes sexuales por parte de su padre desde que ten\u00eda 9 a\u00f1os, en una vivienda ubicada en zona rural de Icononzo, donde finalmente qued\u00f3 embarazada.<\/p>\n<p>La Fiscal\u00eda a trav\u00e9s de un despacho ubicado en Melgar le imput\u00f3 los delitos de actos sexuales con menor de 14 a\u00f1os, acceso carnal abusivo con menor de 14 a\u00f1os y acceso carnal violento, todos agravados. Cargos que el indiciado no acept\u00f3.<\/p>\n","protected":false},"excerpt":{"rendered":"<p>Una de las v\u00edctimas qued\u00f3 embarazada cuando ten\u00eda 16 a\u00f1os. Por solicitud de la Fiscal\u00eda General de la Naci\u00f3n, jueces de control de garant\u00edas impusieron medida de aseguramiento en establecimiento carcelario en contra de los padres de dos menores de edad, por presuntamente haber abusado sexualmente de sus hijas en<span class=\"more-link\"><a href=\"https:\/\/ciudadyregion.com.co\/index.php\/carcel-para-estos-2-hombres-que-al-parecer-abusaron-de-sus-hijas-menores-de-edad-en-el-tolima-una-de-ellas-quedo-embarazada\/judicial\/\">Continuar Leyendo<\/a><\/span><\/p>\n","protected":false},"author":2,"featured_media":15624,"comment_status":"open","ping_status":"open","sticky":false,"template":"","format":"standard","meta":{"_uf_show_specific_survey":0,"_uf_disable_surveys":false,"_jetpack_memberships_contains_paid_content":false,"footnotes":"","jetpack_publicize_message":"","jetpack_publicize_feature_enabled":true,"jetpack_social_post_already_shared":true,"jetpack_social_options":{"image_generator_settings":{"template":"highway","enabled":false},"version":2}},"categories":[18],"tags":[],"class_list":["entry","author-diegoaguirre","post-15623","post","type-post","status-publish","format-standard","has-post-thumbnail","category-judicial"],"jetpack_publicize_connections":[],"yoast_head":"<!-- This site is optimized with the Yoast SEO plugin v24.3 - https:\/\/yoast.com\/wordpress\/plugins\/seo\/ -->\n<title>C\u00e1rcel para estos 2 hombres que al parecer abusaron de sus hijas menores de edad en el Tolima, una de ellas qued\u00f3 embarazada - Ciudad y Region<\/title>\n<meta name=\"robots\" content=\"index, follow, max-snippet:-1, max-image-preview:large, max-video-preview:-1\" \/>\n<link rel=\"canonical\" href=\"https:\/\/ciudadyregion.com.co\/index.php\/carcel-para-estos-2-hombres-que-al-parecer-abusaron-de-sus-hijas-menores-de-edad-en-el-tolima-una-de-ellas-quedo-embarazada\/judicial\/\" \/>\n<meta property=\"og:locale\" content=\"es_ES\" \/>\n<meta property=\"og:type\" content=\"article\" \/>\n<meta property=\"og:title\" content=\"C\u00e1rcel para estos 2 hombres que al parecer abusaron de sus hijas menores de edad en el Tolima, una de ellas qued\u00f3 embarazada - Ciudad y Region\" \/>\n<meta property=\"og:description\" content=\"Una de las v\u00edctimas qued\u00f3 embarazada cuando ten\u00eda 16 a\u00f1os. Por solicitud de la Fiscal\u00eda General de la Naci\u00f3n, jueces de control de garant\u00edas impusieron medida de aseguramiento en establecimiento carcelario en contra de los padres de dos menores de edad, por presuntamente haber abusado sexualmente de sus hijas enContinuar Leyendo\" \/>\n<meta property=\"og:url\" content=\"https:\/\/ciudadyregion.com.co\/index.php\/carcel-para-estos-2-hombres-que-al-parecer-abusaron-de-sus-hijas-menores-de-edad-en-el-tolima-una-de-ellas-quedo-embarazada\/judicial\/\" \/>\n<meta property=\"og:site_name\" content=\"Ciudad y Region\" \/>\n<meta property=\"article:published_time\" content=\"2024-06-06T09:51:40+00:00\" \/>\n<meta property=\"article:modified_time\" content=\"2024-06-06T15:32:36+00:00\" \/>\n<meta property=\"og:image\" content=\"https:\/\/ciudadyregion.com.co\/wp-content\/uploads\/2024\/06\/3-22.jpg\" \/>\n\t<meta property=\"og:image:width\" content=\"800\" \/>\n\t<meta property=\"og:image:height\" content=\"445\" \/>\n\t<meta property=\"og:image:type\" content=\"image\/jpeg\" \/>\n<meta name=\"author\" content=\"David Andr\u00e9s Aguirre\" \/>\n<meta name=\"twitter:card\" content=\"summary_large_image\" \/>\n<meta name=\"twitter:label1\" content=\"Escrito por\" \/>\n\t<meta name=\"twitter:data1\" content=\"David Andr\u00e9s Aguirre\" \/>\n\t<meta name=\"twitter:label2\" content=\"Tiempo de lectura\" \/>\n\t<meta name=\"twitter:data2\" content=\"2 minutos\" \/>\n<script type=\"application\/ld+json\" class=\"yoast-schema-graph\">{\"@context\":\"https:\/\/schema.org\",\"@graph\":[{\"@type\":\"WebPage\",\"@id\":\"https:\/\/ciudadyregion.com.co\/index.php\/carcel-para-estos-2-hombres-que-al-parecer-abusaron-de-sus-hijas-menores-de-edad-en-el-tolima-una-de-ellas-quedo-embarazada\/judicial\/\",\"url\":\"https:\/\/ciudadyregion.com.co\/index.php\/carcel-para-estos-2-hombres-que-al-parecer-abusaron-de-sus-hijas-menores-de-edad-en-el-tolima-una-de-ellas-quedo-embarazada\/judicial\/\",\"name\":\"C\u00e1rcel para estos 2 hombres que al parecer abusaron de sus hijas menores de edad en el Tolima, una de ellas qued\u00f3 embarazada - Ciudad y Region\",\"isPartOf\":{\"@id\":\"https:\/\/ciudadyregion.com.co\/#website\"},\"primaryImageOfPage\":{\"@id\":\"https:\/\/ciudadyregion.com.co\/index.php\/carcel-para-estos-2-hombres-que-al-parecer-abusaron-de-sus-hijas-menores-de-edad-en-el-tolima-una-de-ellas-quedo-embarazada\/judicial\/#primaryimage\"},\"image\":{\"@id\":\"https:\/\/ciudadyregion.com.co\/index.php\/carcel-para-estos-2-hombres-que-al-parecer-abusaron-de-sus-hijas-menores-de-edad-en-el-tolima-una-de-ellas-quedo-embarazada\/judicial\/#primaryimage\"},\"thumbnailUrl\":\"https:\/\/i0.wp.com\/ciudadyregion.com.co\/wp-content\/uploads\/2024\/06\/3-22.jpg?fit=800%2C445&ssl=1\",\"datePublished\":\"2024-06-06T09:51:40+00:00\",\"dateModified\":\"2024-06-06T15:32:36+00:00\",\"author\":{\"@id\":\"https:\/\/ciudadyregion.com.co\/#\/schema\/person\/04a4954373ebc4051f46e8c65ff78622\"},\"breadcrumb\":{\"@id\":\"https:\/\/ciudadyregion.com.co\/index.php\/carcel-para-estos-2-hombres-que-al-parecer-abusaron-de-sus-hijas-menores-de-edad-en-el-tolima-una-de-ellas-quedo-embarazada\/judicial\/#breadcrumb\"},\"inLanguage\":\"es\",\"potentialAction\":[{\"@type\":\"ReadAction\",\"target\":[\"https:\/\/ciudadyregion.com.co\/index.php\/carcel-para-estos-2-hombres-que-al-parecer-abusaron-de-sus-hijas-menores-de-edad-en-el-tolima-una-de-ellas-quedo-embarazada\/judicial\/\"]}]},{\"@type\":\"ImageObject\",\"inLanguage\":\"es\",\"@id\":\"https:\/\/ciudadyregion.com.co\/index.php\/carcel-para-estos-2-hombres-que-al-parecer-abusaron-de-sus-hijas-menores-de-edad-en-el-tolima-una-de-ellas-quedo-embarazada\/judicial\/#primaryimage\",\"url\":\"https:\/\/i0.wp.com\/ciudadyregion.com.co\/wp-content\/uploads\/2024\/06\/3-22.jpg?fit=800%2C445&ssl=1\",\"contentUrl\":\"https:\/\/i0.wp.com\/ciudadyregion.com.co\/wp-content\/uploads\/2024\/06\/3-22.jpg?fit=800%2C445&ssl=1\",\"width\":800,\"height\":445},{\"@type\":\"BreadcrumbList\",\"@id\":\"https:\/\/ciudadyregion.com.co\/index.php\/carcel-para-estos-2-hombres-que-al-parecer-abusaron-de-sus-hijas-menores-de-edad-en-el-tolima-una-de-ellas-quedo-embarazada\/judicial\/#breadcrumb\",\"itemListElement\":[{\"@type\":\"ListItem\",\"position\":1,\"name\":\"Portada\",\"item\":\"https:\/\/ciudadyregion.com.co\/\"},{\"@type\":\"ListItem\",\"position\":2,\"name\":\"C\u00e1rcel para estos 2 hombres que al parecer abusaron de sus hijas menores de edad en el Tolima, una de ellas qued\u00f3 embarazada\"}]},{\"@type\":\"WebSite\",\"@id\":\"https:\/\/ciudadyregion.com.co\/#website\",\"url\":\"https:\/\/ciudadyregion.com.co\/\",\"name\":\"Ciudad y Region\",\"description\":\"\",\"potentialAction\":[{\"@type\":\"SearchAction\",\"target\":{\"@type\":\"EntryPoint\",\"urlTemplate\":\"https:\/\/ciudadyregion.com.co\/?s={search_term_string}\"},\"query-input\":{\"@type\":\"PropertyValueSpecification\",\"valueRequired\":true,\"valueName\":\"search_term_string\"}}],\"inLanguage\":\"es\"},{\"@type\":\"Person\",\"@id\":\"https:\/\/ciudadyregion.com.co\/#\/schema\/person\/04a4954373ebc4051f46e8c65ff78622\",\"name\":\"David Andr\u00e9s Aguirre\",\"image\":{\"@type\":\"ImageObject\",\"inLanguage\":\"es\",\"@id\":\"https:\/\/ciudadyregion.com.co\/#\/schema\/person\/image\/\",\"url\":\"https:\/\/secure.gravatar.com\/avatar\/bc3c655860202182ee6d1b5edd042dbe?s=96&d=mm&r=g\",\"contentUrl\":\"https:\/\/secure.gravatar.com\/avatar\/bc3c655860202182ee6d1b5edd042dbe?s=96&d=mm&r=g\",\"caption\":\"David Andr\u00e9s Aguirre\"},\"url\":\"https:\/\/ciudadyregion.com.co\/index.php\/author\/diegoaguirre\/\"}]}<\/script>\n<!-- \/ Yoast SEO plugin. -->","yoast_head_json":{"title":"C\u00e1rcel para estos 2 hombres que al parecer abusaron de sus hijas menores de edad en el Tolima, una de ellas qued\u00f3 embarazada - Ciudad y Region","robots":{"index":"index","follow":"follow","max-snippet":"max-snippet:-1","max-image-preview":"max-image-preview:large","max-video-preview":"max-video-preview:-1"},"canonical":"https:\/\/ciudadyregion.com.co\/index.php\/carcel-para-estos-2-hombres-que-al-parecer-abusaron-de-sus-hijas-menores-de-edad-en-el-tolima-una-de-ellas-quedo-embarazada\/judicial\/","og_locale":"es_ES","og_type":"article","og_title":"C\u00e1rcel para estos 2 hombres que al parecer abusaron de sus hijas menores de edad en el Tolima, una de ellas qued\u00f3 embarazada - Ciudad y Region","og_description":"Una de las v\u00edctimas qued\u00f3 embarazada cuando ten\u00eda 16 a\u00f1os. Por solicitud de la Fiscal\u00eda General de la Naci\u00f3n, jueces de control de garant\u00edas impusieron medida de aseguramiento en establecimiento carcelario en contra de los padres de dos menores de edad, por presuntamente haber abusado sexualmente de sus hijas enContinuar Leyendo","og_url":"https:\/\/ciudadyregion.com.co\/index.php\/carcel-para-estos-2-hombres-que-al-parecer-abusaron-de-sus-hijas-menores-de-edad-en-el-tolima-una-de-ellas-quedo-embarazada\/judicial\/","og_site_name":"Ciudad y Region","article_published_time":"2024-06-06T09:51:40+00:00","article_modified_time":"2024-06-06T15:32:36+00:00","og_image":[{"width":800,"height":445,"url":"https:\/\/ciudadyregion.com.co\/wp-content\/uploads\/2024\/06\/3-22.jpg","type":"image\/jpeg"}],"author":"David Andr\u00e9s Aguirre","twitter_card":"summary_large_image","twitter_misc":{"Escrito por":"David Andr\u00e9s Aguirre","Tiempo de lectura":"2 minutos"},"schema":{"@context":"https:\/\/schema.org","@graph":[{"@type":"WebPage","@id":"https:\/\/ciudadyregion.com.co\/index.php\/carcel-para-estos-2-hombres-que-al-parecer-abusaron-de-sus-hijas-menores-de-edad-en-el-tolima-una-de-ellas-quedo-embarazada\/judicial\/","url":"https:\/\/ciudadyregion.com.co\/index.php\/carcel-para-estos-2-hombres-que-al-parecer-abusaron-de-sus-hijas-menores-de-edad-en-el-tolima-una-de-ellas-quedo-embarazada\/judicial\/","name":"C\u00e1rcel para estos 2 hombres que al parecer abusaron de sus hijas menores de edad en el Tolima, una de ellas qued\u00f3 embarazada - Ciudad y Region","isPartOf":{"@id":"https:\/\/ciudadyregion.com.co\/#website"},"primaryImageOfPage":{"@id":"https:\/\/ciudadyregion.com.co\/index.php\/carcel-para-estos-2-hombres-que-al-parecer-abusaron-de-sus-hijas-menores-de-edad-en-el-tolima-una-de-ellas-quedo-embarazada\/judicial\/#primaryimage"},"image":{"@id":"https:\/\/ciudadyregion.com.co\/index.php\/carcel-para-estos-2-hombres-que-al-parecer-abusaron-de-sus-hijas-menores-de-edad-en-el-tolima-una-de-ellas-quedo-embarazada\/judicial\/#primaryimage"},"thumbnailUrl":"https:\/\/i0.wp.com\/ciudadyregion.com.co\/wp-content\/uploads\/2024\/06\/3-22.jpg?fit=800%2C445&ssl=1","datePublished":"2024-06-06T09:51:40+00:00","dateModified":"2024-06-06T15:32:36+00:00","author":{"@id":"https:\/\/ciudadyregion.com.co\/#\/schema\/person\/04a4954373ebc4051f46e8c65ff78622"},"breadcrumb":{"@id":"https:\/\/ciudadyregion.com.co\/index.php\/carcel-para-estos-2-hombres-que-al-parecer-abusaron-de-sus-hijas-menores-de-edad-en-el-tolima-una-de-ellas-quedo-embarazada\/judicial\/#breadcrumb"},"inLanguage":"es","potentialAction":[{"@type":"ReadAction","target":["https:\/\/ciudadyregion.com.co\/index.php\/carcel-para-estos-2-hombres-que-al-parecer-abusaron-de-sus-hijas-menores-de-edad-en-el-tolima-una-de-ellas-quedo-embarazada\/judicial\/"]}]},{"@type":"ImageObject","inLanguage":"es","@id":"https:\/\/ciudadyregion.com.co\/index.php\/carcel-para-estos-2-hombres-que-al-parecer-abusaron-de-sus-hijas-menores-de-edad-en-el-tolima-una-de-ellas-quedo-embarazada\/judicial\/#primaryimage","url":"https:\/\/i0.wp.com\/ciudadyregion.com.co\/wp-content\/uploads\/2024\/06\/3-22.jpg?fit=800%2C445&ssl=1","contentUrl":"https:\/\/i0.wp.com\/ciudadyregion.com.co\/wp-content\/uploads\/2024\/06\/3-22.jpg?fit=800%2C445&ssl=1","width":800,"height":445},{"@type":"BreadcrumbList","@id":"https:\/\/ciudadyregion.com.co\/index.php\/carcel-para-estos-2-hombres-que-al-parecer-abusaron-de-sus-hijas-menores-de-edad-en-el-tolima-una-de-ellas-quedo-embarazada\/judicial\/#breadcrumb","itemListElement":[{"@type":"ListItem","position":1,"name":"Portada","item":"https:\/\/ciudadyregion.com.co\/"},{"@type":"ListItem","position":2,"name":"C\u00e1rcel para estos 2 hombres que al parecer abusaron de sus hijas menores de edad en el Tolima, una de ellas qued\u00f3 embarazada"}]},{"@type":"WebSite","@id":"https:\/\/ciudadyregion.com.co\/#website","url":"https:\/\/ciudadyregion.com.co\/","name":"Ciudad y Region","description":"","potentialAction":[{"@type":"SearchAction","target":{"@type":"EntryPoint","urlTemplate":"https:\/\/ciudadyregion.com.co\/?s={search_term_string}"},"query-input":{"@type":"PropertyValueSpecification","valueRequired":true,"valueName":"search_term_string"}}],"inLanguage":"es"},{"@type":"Person","@id":"https:\/\/ciudadyregion.com.co\/#\/schema\/person\/04a4954373ebc4051f46e8c65ff78622","name":"David Andr\u00e9s Aguirre","image":{"@type":"ImageObject","inLanguage":"es","@id":"https:\/\/ciudadyregion.com.co\/#\/schema\/person\/image\/","url":"https:\/\/secure.gravatar.com\/avatar\/bc3c655860202182ee6d1b5edd042dbe?s=96&d=mm&r=g","contentUrl":"https:\/\/secure.gravatar.com\/avatar\/bc3c655860202182ee6d1b5edd042dbe?s=96&d=mm&r=g","caption":"David Andr\u00e9s Aguirre"},"url":"https:\/\/ciudadyregion.com.co\/index.php\/author\/diegoaguirre\/"}]}},"jetpack_featured_media_url":"https:\/\/i0.wp.com\/ciudadyregion.com.co\/wp-content\/uploads\/2024\/06\/3-22.jpg?fit=800%2C445&ssl=1","jetpack_sharing_enabled":true,"jetpack_shortlink":"https:\/\/wp.me\/pbS7hh-43Z","jetpack-related-posts":[],"_links":{"self":[{"href":"https:\/\/ciudadyregion.com.co\/index.php\/wp-json\/wp\/v2\/posts\/15623"}],"collection":[{"href":"https:\/\/ciudadyregion.com.co\/index.php\/wp-json\/wp\/v2\/posts"}],"about":[{"href":"https:\/\/ciudadyregion.com.co\/index.php\/wp-json\/wp\/v2\/types\/post"}],"author":[{"embeddable":true,"href":"https:\/\/ciudadyregion.com.co\/index.php\/wp-json\/wp\/v2\/users\/2"}],"replies":[{"embeddable":true,"href":"https:\/\/ciudadyregion.com.co\/index.php\/wp-json\/wp\/v2\/comments?post=15623"}],"version-history":[{"count":1,"href":"https:\/\/ciudadyregion.com.co\/index.php\/wp-json\/wp\/v2\/posts\/15623\/revisions"}],"predecessor-version":[{"id":15625,"href":"https:\/\/ciudadyregion.com.co\/index.php\/wp-json\/wp\/v2\/posts\/15623\/revisions\/15625"}],"wp:featuredmedia":[{"embeddable":true,"href":"https:\/\/ciudadyregion.com.co\/index.php\/wp-json\/wp\/v2\/media\/15624"}],"wp:attachment":[{"href":"https:\/\/ciudadyregion.com.co\/index.php\/wp-json\/wp\/v2\/media?parent=15623"}],"wp:term":[{"taxonomy":"category","embeddable":true,"href":"https:\/\/ciudadyregion.com.co\/index.php\/wp-json\/wp\/v2\/categories?post=15623"},{"taxonomy":"post_tag","embeddable":true,"href":"https:\/\/ciudadyregion.com.co\/index.php\/wp-json\/wp\/v2\/tags?post=15623"}],"curies":[{"name":"wp","href":"https:\/\/api.w.org\/{rel}","templated":true}]}}