{"id":15592,"date":"2024-06-05T04:42:06","date_gmt":"2024-06-05T09:42:06","guid":{"rendered":"https:\/\/ciudadyregion.com.co\/?p=15592"},"modified":"2024-06-04T23:42:51","modified_gmt":"2024-06-05T04:42:51","slug":"carcel-para-padrastro-que-habria-abusado-sexualmente-a-una-menor-de-10-anos-en-la-pena-bolivar","status":"publish","type":"post","link":"https:\/\/ciudadyregion.com.co\/index.php\/carcel-para-padrastro-que-habria-abusado-sexualmente-a-una-menor-de-10-anos-en-la-pena-bolivar\/judicial\/","title":{"rendered":"C\u00e1rcel para padrastro que habr\u00eda abusado sexualmente\u00a0a una menor de 10 a\u00f1os en La Pe\u00f1a, Bol\u00edvar"},"content":{"rendered":"<p>Tras avalar los elementos materiales probatorios aportados por una fiscal de la Seccional Bol\u00edvar, un juez de control de garant\u00edas impuso medida de aseguramiento en establecimiento carcelario en contra de un hombre de 18 a\u00f1os quien, al parecer, abus\u00f3 sexualmente de su hijastra menor de edad.<\/p>\n<p>Los hechos se registraron en el corregimiento de La Pe\u00f1a, jurisdicci\u00f3n del municipio de Magangu\u00e9 (Bol\u00edvar), donde una vecina de la v\u00edctima, de 10 a\u00f1os, al notar que sangraba por sus partes \u00edntimas la traslad\u00f3 hasta un centro asistencial. All\u00ed, el personal m\u00e9dico evidenci\u00f3 que la ni\u00f1a hab\u00eda sido sometida a vej\u00e1menes sexuales.<\/p>\n<p>Seg\u00fan la investigaci\u00f3n, el padrastro de la menor ser\u00eda la persona que agredi\u00f3 sexualmente a la menor, y que dichos abusos los habr\u00eda realizado cuando su compa\u00f1era sentimental no se encontraba en la casa.<\/p>\n<p>Mediante orden judicial su captura se produjo en d\u00edas pasados en La Pe\u00f1a por parte de la Polic\u00eda Nacional.<\/p>\n<p>En el desarrollo de las audiencias preliminares, la fiscal del caso le imput\u00f3 al implicado el delito de acceso carnal abusivo con menor de 14 a\u00f1os, el cual no acept\u00f3.<\/p>\n<p>Su reclusi\u00f3n se llevar\u00e1 a cabo en la C\u00e1rcel Camilo Torres de Magangu\u00e9.<\/p>\n","protected":false},"excerpt":{"rendered":"<p>Tras avalar los elementos materiales probatorios aportados por una fiscal de la Seccional Bol\u00edvar, un juez de control de garant\u00edas impuso medida de aseguramiento en establecimiento carcelario en contra de un hombre de 18 a\u00f1os quien, al parecer, abus\u00f3 sexualmente de su hijastra menor de edad. Los hechos se registraron<span class=\"more-link\"><a href=\"https:\/\/ciudadyregion.com.co\/index.php\/carcel-para-padrastro-que-habria-abusado-sexualmente-a-una-menor-de-10-anos-en-la-pena-bolivar\/judicial\/\">Continuar Leyendo<\/a><\/span><\/p>\n","protected":false},"author":2,"featured_media":15593,"comment_status":"open","ping_status":"open","sticky":false,"template":"","format":"standard","meta":{"_uf_show_specific_survey":0,"_uf_disable_surveys":false,"_jetpack_memberships_contains_paid_content":false,"footnotes":"","jetpack_publicize_message":"","jetpack_publicize_feature_enabled":true,"jetpack_social_post_already_shared":true,"jetpack_social_options":{"image_generator_settings":{"template":"highway","enabled":false},"version":2}},"categories":[18],"tags":[],"class_list":["entry","author-diegoaguirre","post-15592","post","type-post","status-publish","format-standard","has-post-thumbnail","category-judicial"],"jetpack_publicize_connections":[],"yoast_head":"<!-- This site is optimized with the Yoast SEO plugin v24.3 - https:\/\/yoast.com\/wordpress\/plugins\/seo\/ -->\n<title>C\u00e1rcel para padrastro que habr\u00eda abusado sexualmente\u00a0a una menor de 10 a\u00f1os en La Pe\u00f1a, Bol\u00edvar - Ciudad y Region<\/title>\n<meta name=\"robots\" content=\"index, follow, max-snippet:-1, max-image-preview:large, max-video-preview:-1\" \/>\n<link rel=\"canonical\" href=\"https:\/\/ciudadyregion.com.co\/index.php\/carcel-para-padrastro-que-habria-abusado-sexualmente-a-una-menor-de-10-anos-en-la-pena-bolivar\/judicial\/\" \/>\n<meta property=\"og:locale\" content=\"es_ES\" \/>\n<meta property=\"og:type\" content=\"article\" \/>\n<meta property=\"og:title\" content=\"C\u00e1rcel para padrastro que habr\u00eda abusado sexualmente\u00a0a una menor de 10 a\u00f1os en La Pe\u00f1a, Bol\u00edvar - Ciudad y Region\" \/>\n<meta property=\"og:description\" content=\"Tras avalar los elementos materiales probatorios aportados por una fiscal de la Seccional Bol\u00edvar, un juez de control de garant\u00edas impuso medida de aseguramiento en establecimiento carcelario en contra de un hombre de 18 a\u00f1os quien, al parecer, abus\u00f3 sexualmente de su hijastra menor de edad. Los hechos se registraronContinuar Leyendo\" \/>\n<meta property=\"og:url\" content=\"https:\/\/ciudadyregion.com.co\/index.php\/carcel-para-padrastro-que-habria-abusado-sexualmente-a-una-menor-de-10-anos-en-la-pena-bolivar\/judicial\/\" \/>\n<meta property=\"og:site_name\" content=\"Ciudad y Region\" \/>\n<meta property=\"article:published_time\" content=\"2024-06-05T09:42:06+00:00\" \/>\n<meta property=\"article:modified_time\" content=\"2024-06-05T04:42:51+00:00\" \/>\n<meta property=\"og:image\" content=\"https:\/\/i0.wp.com\/ciudadyregion.com.co\/wp-content\/uploads\/2024\/06\/abuso-infantil-nina-violacion.jpg?fit=800%2C445&ssl=1\" \/>\n\t<meta property=\"og:image:width\" content=\"800\" \/>\n\t<meta property=\"og:image:height\" content=\"445\" \/>\n\t<meta property=\"og:image:type\" content=\"image\/jpeg\" \/>\n<meta name=\"author\" content=\"David Andr\u00e9s Aguirre\" \/>\n<meta name=\"twitter:card\" content=\"summary_large_image\" \/>\n<meta name=\"twitter:label1\" content=\"Escrito por\" \/>\n\t<meta name=\"twitter:data1\" content=\"David Andr\u00e9s Aguirre\" \/>\n\t<meta name=\"twitter:label2\" content=\"Tiempo de lectura\" \/>\n\t<meta name=\"twitter:data2\" content=\"1 minuto\" \/>\n<script type=\"application\/ld+json\" class=\"yoast-schema-graph\">{\"@context\":\"https:\/\/schema.org\",\"@graph\":[{\"@type\":\"WebPage\",\"@id\":\"https:\/\/ciudadyregion.com.co\/index.php\/carcel-para-padrastro-que-habria-abusado-sexualmente-a-una-menor-de-10-anos-en-la-pena-bolivar\/judicial\/\",\"url\":\"https:\/\/ciudadyregion.com.co\/index.php\/carcel-para-padrastro-que-habria-abusado-sexualmente-a-una-menor-de-10-anos-en-la-pena-bolivar\/judicial\/\",\"name\":\"C\u00e1rcel para padrastro que habr\u00eda abusado sexualmente\u00a0a una menor de 10 a\u00f1os en La Pe\u00f1a, Bol\u00edvar - Ciudad y Region\",\"isPartOf\":{\"@id\":\"https:\/\/ciudadyregion.com.co\/#website\"},\"primaryImageOfPage\":{\"@id\":\"https:\/\/ciudadyregion.com.co\/index.php\/carcel-para-padrastro-que-habria-abusado-sexualmente-a-una-menor-de-10-anos-en-la-pena-bolivar\/judicial\/#primaryimage\"},\"image\":{\"@id\":\"https:\/\/ciudadyregion.com.co\/index.php\/carcel-para-padrastro-que-habria-abusado-sexualmente-a-una-menor-de-10-anos-en-la-pena-bolivar\/judicial\/#primaryimage\"},\"thumbnailUrl\":\"https:\/\/i0.wp.com\/ciudadyregion.com.co\/wp-content\/uploads\/2024\/06\/abuso-infantil-nina-violacion.jpg?fit=800%2C445&ssl=1\",\"datePublished\":\"2024-06-05T09:42:06+00:00\",\"dateModified\":\"2024-06-05T04:42:51+00:00\",\"author\":{\"@id\":\"https:\/\/ciudadyregion.com.co\/#\/schema\/person\/04a4954373ebc4051f46e8c65ff78622\"},\"breadcrumb\":{\"@id\":\"https:\/\/ciudadyregion.com.co\/index.php\/carcel-para-padrastro-que-habria-abusado-sexualmente-a-una-menor-de-10-anos-en-la-pena-bolivar\/judicial\/#breadcrumb\"},\"inLanguage\":\"es\",\"potentialAction\":[{\"@type\":\"ReadAction\",\"target\":[\"https:\/\/ciudadyregion.com.co\/index.php\/carcel-para-padrastro-que-habria-abusado-sexualmente-a-una-menor-de-10-anos-en-la-pena-bolivar\/judicial\/\"]}]},{\"@type\":\"ImageObject\",\"inLanguage\":\"es\",\"@id\":\"https:\/\/ciudadyregion.com.co\/index.php\/carcel-para-padrastro-que-habria-abusado-sexualmente-a-una-menor-de-10-anos-en-la-pena-bolivar\/judicial\/#primaryimage\",\"url\":\"https:\/\/i0.wp.com\/ciudadyregion.com.co\/wp-content\/uploads\/2024\/06\/abuso-infantil-nina-violacion.jpg?fit=800%2C445&ssl=1\",\"contentUrl\":\"https:\/\/i0.wp.com\/ciudadyregion.com.co\/wp-content\/uploads\/2024\/06\/abuso-infantil-nina-violacion.jpg?fit=800%2C445&ssl=1\",\"width\":800,\"height\":445},{\"@type\":\"BreadcrumbList\",\"@id\":\"https:\/\/ciudadyregion.com.co\/index.php\/carcel-para-padrastro-que-habria-abusado-sexualmente-a-una-menor-de-10-anos-en-la-pena-bolivar\/judicial\/#breadcrumb\",\"itemListElement\":[{\"@type\":\"ListItem\",\"position\":1,\"name\":\"Portada\",\"item\":\"https:\/\/ciudadyregion.com.co\/\"},{\"@type\":\"ListItem\",\"position\":2,\"name\":\"C\u00e1rcel para padrastro que habr\u00eda abusado sexualmente\u00a0a una menor de 10 a\u00f1os en La Pe\u00f1a, Bol\u00edvar\"}]},{\"@type\":\"WebSite\",\"@id\":\"https:\/\/ciudadyregion.com.co\/#website\",\"url\":\"https:\/\/ciudadyregion.com.co\/\",\"name\":\"Ciudad y Region\",\"description\":\"\",\"potentialAction\":[{\"@type\":\"SearchAction\",\"target\":{\"@type\":\"EntryPoint\",\"urlTemplate\":\"https:\/\/ciudadyregion.com.co\/?s={search_term_string}\"},\"query-input\":{\"@type\":\"PropertyValueSpecification\",\"valueRequired\":true,\"valueName\":\"search_term_string\"}}],\"inLanguage\":\"es\"},{\"@type\":\"Person\",\"@id\":\"https:\/\/ciudadyregion.com.co\/#\/schema\/person\/04a4954373ebc4051f46e8c65ff78622\",\"name\":\"David Andr\u00e9s Aguirre\",\"image\":{\"@type\":\"ImageObject\",\"inLanguage\":\"es\",\"@id\":\"https:\/\/ciudadyregion.com.co\/#\/schema\/person\/image\/\",\"url\":\"https:\/\/secure.gravatar.com\/avatar\/bc3c655860202182ee6d1b5edd042dbe?s=96&d=mm&r=g\",\"contentUrl\":\"https:\/\/secure.gravatar.com\/avatar\/bc3c655860202182ee6d1b5edd042dbe?s=96&d=mm&r=g\",\"caption\":\"David Andr\u00e9s Aguirre\"},\"url\":\"https:\/\/ciudadyregion.com.co\/index.php\/author\/diegoaguirre\/\"}]}<\/script>\n<!-- \/ Yoast SEO plugin. -->","yoast_head_json":{"title":"C\u00e1rcel para padrastro que habr\u00eda abusado sexualmente\u00a0a una menor de 10 a\u00f1os en La Pe\u00f1a, Bol\u00edvar - Ciudad y Region","robots":{"index":"index","follow":"follow","max-snippet":"max-snippet:-1","max-image-preview":"max-image-preview:large","max-video-preview":"max-video-preview:-1"},"canonical":"https:\/\/ciudadyregion.com.co\/index.php\/carcel-para-padrastro-que-habria-abusado-sexualmente-a-una-menor-de-10-anos-en-la-pena-bolivar\/judicial\/","og_locale":"es_ES","og_type":"article","og_title":"C\u00e1rcel para padrastro que habr\u00eda abusado sexualmente\u00a0a una menor de 10 a\u00f1os en La Pe\u00f1a, Bol\u00edvar - Ciudad y Region","og_description":"Tras avalar los elementos materiales probatorios aportados por una fiscal de la Seccional Bol\u00edvar, un juez de control de garant\u00edas impuso medida de aseguramiento en establecimiento carcelario en contra de un hombre de 18 a\u00f1os quien, al parecer, abus\u00f3 sexualmente de su hijastra menor de edad. Los hechos se registraronContinuar Leyendo","og_url":"https:\/\/ciudadyregion.com.co\/index.php\/carcel-para-padrastro-que-habria-abusado-sexualmente-a-una-menor-de-10-anos-en-la-pena-bolivar\/judicial\/","og_site_name":"Ciudad y Region","article_published_time":"2024-06-05T09:42:06+00:00","article_modified_time":"2024-06-05T04:42:51+00:00","og_image":[{"width":800,"height":445,"url":"https:\/\/i0.wp.com\/ciudadyregion.com.co\/wp-content\/uploads\/2024\/06\/abuso-infantil-nina-violacion.jpg?fit=800%2C445&ssl=1","type":"image\/jpeg"}],"author":"David Andr\u00e9s Aguirre","twitter_card":"summary_large_image","twitter_misc":{"Escrito por":"David Andr\u00e9s Aguirre","Tiempo de lectura":"1 minuto"},"schema":{"@context":"https:\/\/schema.org","@graph":[{"@type":"WebPage","@id":"https:\/\/ciudadyregion.com.co\/index.php\/carcel-para-padrastro-que-habria-abusado-sexualmente-a-una-menor-de-10-anos-en-la-pena-bolivar\/judicial\/","url":"https:\/\/ciudadyregion.com.co\/index.php\/carcel-para-padrastro-que-habria-abusado-sexualmente-a-una-menor-de-10-anos-en-la-pena-bolivar\/judicial\/","name":"C\u00e1rcel para padrastro que habr\u00eda abusado sexualmente\u00a0a una menor de 10 a\u00f1os en La Pe\u00f1a, Bol\u00edvar - Ciudad y Region","isPartOf":{"@id":"https:\/\/ciudadyregion.com.co\/#website"},"primaryImageOfPage":{"@id":"https:\/\/ciudadyregion.com.co\/index.php\/carcel-para-padrastro-que-habria-abusado-sexualmente-a-una-menor-de-10-anos-en-la-pena-bolivar\/judicial\/#primaryimage"},"image":{"@id":"https:\/\/ciudadyregion.com.co\/index.php\/carcel-para-padrastro-que-habria-abusado-sexualmente-a-una-menor-de-10-anos-en-la-pena-bolivar\/judicial\/#primaryimage"},"thumbnailUrl":"https:\/\/i0.wp.com\/ciudadyregion.com.co\/wp-content\/uploads\/2024\/06\/abuso-infantil-nina-violacion.jpg?fit=800%2C445&ssl=1","datePublished":"2024-06-05T09:42:06+00:00","dateModified":"2024-06-05T04:42:51+00:00","author":{"@id":"https:\/\/ciudadyregion.com.co\/#\/schema\/person\/04a4954373ebc4051f46e8c65ff78622"},"breadcrumb":{"@id":"https:\/\/ciudadyregion.com.co\/index.php\/carcel-para-padrastro-que-habria-abusado-sexualmente-a-una-menor-de-10-anos-en-la-pena-bolivar\/judicial\/#breadcrumb"},"inLanguage":"es","potentialAction":[{"@type":"ReadAction","target":["https:\/\/ciudadyregion.com.co\/index.php\/carcel-para-padrastro-que-habria-abusado-sexualmente-a-una-menor-de-10-anos-en-la-pena-bolivar\/judicial\/"]}]},{"@type":"ImageObject","inLanguage":"es","@id":"https:\/\/ciudadyregion.com.co\/index.php\/carcel-para-padrastro-que-habria-abusado-sexualmente-a-una-menor-de-10-anos-en-la-pena-bolivar\/judicial\/#primaryimage","url":"https:\/\/i0.wp.com\/ciudadyregion.com.co\/wp-content\/uploads\/2024\/06\/abuso-infantil-nina-violacion.jpg?fit=800%2C445&ssl=1","contentUrl":"https:\/\/i0.wp.com\/ciudadyregion.com.co\/wp-content\/uploads\/2024\/06\/abuso-infantil-nina-violacion.jpg?fit=800%2C445&ssl=1","width":800,"height":445},{"@type":"BreadcrumbList","@id":"https:\/\/ciudadyregion.com.co\/index.php\/carcel-para-padrastro-que-habria-abusado-sexualmente-a-una-menor-de-10-anos-en-la-pena-bolivar\/judicial\/#breadcrumb","itemListElement":[{"@type":"ListItem","position":1,"name":"Portada","item":"https:\/\/ciudadyregion.com.co\/"},{"@type":"ListItem","position":2,"name":"C\u00e1rcel para padrastro que habr\u00eda abusado sexualmente\u00a0a una menor de 10 a\u00f1os en La Pe\u00f1a, Bol\u00edvar"}]},{"@type":"WebSite","@id":"https:\/\/ciudadyregion.com.co\/#website","url":"https:\/\/ciudadyregion.com.co\/","name":"Ciudad y Region","description":"","potentialAction":[{"@type":"SearchAction","target":{"@type":"EntryPoint","urlTemplate":"https:\/\/ciudadyregion.com.co\/?s={search_term_string}"},"query-input":{"@type":"PropertyValueSpecification","valueRequired":true,"valueName":"search_term_string"}}],"inLanguage":"es"},{"@type":"Person","@id":"https:\/\/ciudadyregion.com.co\/#\/schema\/person\/04a4954373ebc4051f46e8c65ff78622","name":"David Andr\u00e9s Aguirre","image":{"@type":"ImageObject","inLanguage":"es","@id":"https:\/\/ciudadyregion.com.co\/#\/schema\/person\/image\/","url":"https:\/\/secure.gravatar.com\/avatar\/bc3c655860202182ee6d1b5edd042dbe?s=96&d=mm&r=g","contentUrl":"https:\/\/secure.gravatar.com\/avatar\/bc3c655860202182ee6d1b5edd042dbe?s=96&d=mm&r=g","caption":"David Andr\u00e9s Aguirre"},"url":"https:\/\/ciudadyregion.com.co\/index.php\/author\/diegoaguirre\/"}]}},"jetpack_featured_media_url":"https:\/\/i0.wp.com\/ciudadyregion.com.co\/wp-content\/uploads\/2024\/06\/abuso-infantil-nina-violacion.jpg?fit=800%2C445&ssl=1","jetpack_sharing_enabled":true,"jetpack_shortlink":"https:\/\/wp.me\/pbS7hh-43u","jetpack-related-posts":[],"_links":{"self":[{"href":"https:\/\/ciudadyregion.com.co\/index.php\/wp-json\/wp\/v2\/posts\/15592"}],"collection":[{"href":"https:\/\/ciudadyregion.com.co\/index.php\/wp-json\/wp\/v2\/posts"}],"about":[{"href":"https:\/\/ciudadyregion.com.co\/index.php\/wp-json\/wp\/v2\/types\/post"}],"author":[{"embeddable":true,"href":"https:\/\/ciudadyregion.com.co\/index.php\/wp-json\/wp\/v2\/users\/2"}],"replies":[{"embeddable":true,"href":"https:\/\/ciudadyregion.com.co\/index.php\/wp-json\/wp\/v2\/comments?post=15592"}],"version-history":[{"count":2,"href":"https:\/\/ciudadyregion.com.co\/index.php\/wp-json\/wp\/v2\/posts\/15592\/revisions"}],"predecessor-version":[{"id":15595,"href":"https:\/\/ciudadyregion.com.co\/index.php\/wp-json\/wp\/v2\/posts\/15592\/revisions\/15595"}],"wp:featuredmedia":[{"embeddable":true,"href":"https:\/\/ciudadyregion.com.co\/index.php\/wp-json\/wp\/v2\/media\/15593"}],"wp:attachment":[{"href":"https:\/\/ciudadyregion.com.co\/index.php\/wp-json\/wp\/v2\/media?parent=15592"}],"wp:term":[{"taxonomy":"category","embeddable":true,"href":"https:\/\/ciudadyregion.com.co\/index.php\/wp-json\/wp\/v2\/categories?post=15592"},{"taxonomy":"post_tag","embeddable":true,"href":"https:\/\/ciudadyregion.com.co\/index.php\/wp-json\/wp\/v2\/tags?post=15592"}],"curies":[{"name":"wp","href":"https:\/\/api.w.org\/{rel}","templated":true}]}}