{"id":15589,"date":"2024-06-05T04:39:15","date_gmt":"2024-06-05T09:39:15","guid":{"rendered":"https:\/\/ciudadyregion.com.co\/?p=15589"},"modified":"2024-06-04T23:39:58","modified_gmt":"2024-06-05T04:39:58","slug":"monstruo-hombre-asesino-y-oculto-en-bolsas-el-cuerpo-de-una-menor-de-15-anos-y-le-adelantan-un-tercer-proceso-de-abuso-contra-menor-de-edad","status":"publish","type":"post","link":"https:\/\/ciudadyregion.com.co\/index.php\/monstruo-hombre-asesino-y-oculto-en-bolsas-el-cuerpo-de-una-menor-de-15-anos-y-le-adelantan-un-tercer-proceso-de-abuso-contra-menor-de-edad\/judicial\/","title":{"rendered":"Monstruo: Hombre asesin\u00f3 y ocult\u00f3 en bolsas el cuerpo de una menor de 15 a\u00f1os, y le adelantan un tercer proceso de abuso contra menor de edad"},"content":{"rendered":"<div class=\"\" data-block=\"true\" data-editor=\"fkktc\" data-offset-key=\"5vvdu-0-0\">\n<ul>\n<li class=\"_1mf _1mj\" data-offset-key=\"5vvdu-0-0\"><em><strong>El sentenciado es el mismo hombre que el 7 de diciembre de 2023 asesin\u00f3 y ocult\u00f3 en bolsas el cuerpo de una menor de 15 a\u00f1os. Por este hecho fue sentenciado a 47 a\u00f1os de prisi\u00f3n.<\/strong><\/em><\/li>\n<\/ul>\n<\/div>\n<div class=\"\" data-block=\"true\" data-editor=\"fkktc\" data-offset-key=\"4k6ph-0-0\">\n<ul>\n<li class=\"_1mf _1mj\" data-offset-key=\"4k6ph-0-0\"><em><strong>Contra esta misma persona la Fiscal\u00eda adelanta un tercer proceso por el abuso sexual contra una menor de edad. El caso est\u00e1 para lectura de sentencia.<\/strong><\/em><\/li>\n<\/ul>\n<\/div>\n<div class=\"\" data-block=\"true\" data-editor=\"fkktc\" data-offset-key=\"1tl5a-0-0\">\n<div class=\"_1mf _1mj\" data-offset-key=\"1tl5a-0-0\"><span data-offset-key=\"1tl5a-0-0\">\u00a0<\/span><\/div>\n<\/div>\n<div class=\"\" data-block=\"true\" data-editor=\"fkktc\" data-offset-key=\"cb9jd-0-0\">\n<div class=\"_1mf _1mj\" data-offset-key=\"cb9jd-0-0\"><span data-offset-key=\"cb9jd-0-0\">Las labores investigativas desplegadas por la Fiscal\u00eda General de la Naci\u00f3n permitieron que un juez de conocimiento en Cali (Valle del Cauca) impusiera una nueva condena, esta vez de 10 a\u00f1os de prisi\u00f3n, contra Harold Andrei Echeverry Orozco, de 40 a\u00f1os.<\/span><\/div>\n<div data-offset-key=\"cb9jd-0-0\"><\/div>\n<\/div>\n<div class=\"\" data-block=\"true\" data-editor=\"fkktc\" data-offset-key=\"6qkdo-0-0\">\n<div class=\"_1mf _1mj\" data-offset-key=\"6qkdo-0-0\"><span data-offset-key=\"6qkdo-0-0\">El material probatorio recaudado demostr\u00f3 que el sentenciado fue el responsable de abusar sexualmente, en al menos cuatro oportunidades, de una mujer de 29 a\u00f1os. Estos hechos ocurrieron el 3 de diciembre de 2023 en un taller del barrio San Judas de Cali.<\/span><\/div>\n<\/div>\n<div class=\"\" data-block=\"true\" data-editor=\"fkktc\" data-offset-key=\"6ak20-0-0\">\n<div class=\"_1mf _1mj\" data-offset-key=\"6ak20-0-0\"><span data-offset-key=\"6ak20-0-0\">\u00a0<\/span><\/div>\n<\/div>\n<div class=\"\" data-block=\"true\" data-editor=\"fkktc\" data-offset-key=\"epsjo-0-0\">\n<div class=\"_1mf _1mj\" data-offset-key=\"epsjo-0-0\"><span data-offset-key=\"epsjo-0-0\">Seg\u00fan la investigaci\u00f3n, la mujer fue abordada de manera violenta por Echeverry Orozco quien la intimid\u00f3 con lo que parec\u00eda ser un arma de fuego que simulaba llevar en el pantal\u00f3n.<\/span><\/div>\n<\/div>\n<div class=\"\" data-block=\"true\" data-editor=\"fkktc\" data-offset-key=\"173t3-0-0\">\n<div class=\"_1mf _1mj\" data-offset-key=\"173t3-0-0\"><span data-offset-key=\"173t3-0-0\">\u00a0<\/span><\/div>\n<\/div>\n<div class=\"\" data-block=\"true\" data-editor=\"fkktc\" data-offset-key=\"7lhdn-0-0\">\n<div class=\"_1mf _1mj\" data-offset-key=\"7lhdn-0-0\"><span data-offset-key=\"7lhdn-0-0\">La Fiscal\u00eda constat\u00f3 que en el inmueble el hombre manifest\u00f3 ser integrante de las Farc. Tambi\u00e9n afirm\u00f3 ocultar armas y canecas de \u00e1cido con partes de cuerpos de otras mujeres que se hab\u00edan negado a sus perversiones. Esto, mientras la amedrentada con un destornillador.<\/span><\/div>\n<\/div>\n<div class=\"\" data-block=\"true\" data-editor=\"fkktc\" data-offset-key=\"8jpfr-0-0\">\n<div class=\"_1mf _1mj\" data-offset-key=\"8jpfr-0-0\"><span data-offset-key=\"8jpfr-0-0\">\u00a0<\/span><\/div>\n<\/div>\n<div class=\"\" data-block=\"true\" data-editor=\"fkktc\" data-offset-key=\"cuo8s-0-0\">\n<div class=\"_1mf _1mj\" data-offset-key=\"cuo8s-0-0\"><span data-offset-key=\"cuo8s-0-0\">Luego de varias horas de retenci\u00f3n la mujer logr\u00f3 huir del lugar, mientras el hombre gritaba que publicar\u00eda en redes sociales lo ocurrido. La contundencia del material de prueba aportado por una fiscal de la Seccional Cali hizo que el hombre aceptara el cargo de acceso carnal violento imputado en su contra.<\/span><\/div>\n<\/div>\n<div class=\"\" data-block=\"true\" data-editor=\"fkktc\" data-offset-key=\"cmij7-0-0\">\n<div class=\"_1mf _1mj\" data-offset-key=\"cmij7-0-0\"><span data-offset-key=\"cmij7-0-0\">\u00a0<\/span><\/div>\n<\/div>\n<div class=\"\" data-block=\"true\" data-editor=\"fkktc\" data-offset-key=\"305de-0-0\">\n<div class=\"_1mf _1mj\" data-offset-key=\"305de-0-0\"><span data-offset-key=\"305de-0-0\">Al emitir la condena, el juez neg\u00f3 cualquier beneficio para el sentenciado, quien continuar\u00e1 privado de la libertad en la penitenciaria de Valledupar (Cesar).<\/span><\/div>\n<\/div>\n<div class=\"\" data-block=\"true\" data-editor=\"fkktc\" data-offset-key=\"rge1-0-0\">\n<div class=\"_1mf _1mj\" data-offset-key=\"rge1-0-0\"><span data-offset-key=\"rge1-0-0\">\u00a0<\/span><\/div>\n<\/div>\n<div class=\"\" data-block=\"true\" data-editor=\"fkktc\" data-offset-key=\"1pd7g-0-0\">\n<div class=\"_1mf _1mj\" data-offset-key=\"1pd7g-0-0\"><span data-offset-key=\"1pd7g-0-0\">Harold Andrei Echeverry Orozco fue capturado el pasado 11 de diciembre cuando se movilizaba en una motocicleta por v\u00eda p\u00fablica de Villavicencio (Meta). Esto en desarrollo de una investigaci\u00f3n por el homicidio de una menor de 15 a\u00f1os en hechos ocurridos el 7 de diciembre de 2023. El cuerpo de la v\u00edctima fue ocultado en bolsas. La Fiscal\u00eda obtuvo una condena a 47 a\u00f1os de prisi\u00f3n.<\/span><\/div>\n<\/div>\n<div class=\"\" data-block=\"true\" data-editor=\"fkktc\" data-offset-key=\"do4an-0-0\">\n<div class=\"_1mf _1mj\" data-offset-key=\"do4an-0-0\"><span data-offset-key=\"do4an-0-0\">\u00a0<\/span><\/div>\n<\/div>\n<div class=\"\" data-block=\"true\" data-editor=\"fkktc\" data-offset-key=\"i4nd-0-0\">\n<div class=\"_1mf _1mj\" data-offset-key=\"i4nd-0-0\"><span data-offset-key=\"i4nd-0-0\">En la actualidad el ente acusador espera otra lectura de sentencia condenatoria contra Echeverry Orozco, por el delito de acceso carnal violento agravado. El il\u00edcito, ocurri\u00f3 en octubre de 2015, en el barrio Mojia II, de la capital vallecaucana.<\/span><\/div>\n<\/div>\n<div class=\"\" data-block=\"true\" data-editor=\"fkktc\" data-offset-key=\"5mv5b-0-0\">\n<div class=\"_1mf _1mj\" data-offset-key=\"5mv5b-0-0\"><span data-offset-key=\"5mv5b-0-0\">\u00a0<\/span><\/div>\n<\/div>\n<div class=\"\" data-block=\"true\" data-editor=\"fkktc\" data-offset-key=\"2fb00-0-0\">\n<div class=\"_1mf _1mj\" data-offset-key=\"2fb00-0-0\"><span data-offset-key=\"2fb00-0-0\">La v\u00edctima es una menor de 12 a\u00f1os de edad, para la \u00e9poca de los hechos, a quien tambi\u00e9n, Echeverry Orozco, habr\u00eda agredido sexualmente y ejerci\u00f3 presi\u00f3n psicol\u00f3gica y f\u00edsica. La lectura de la sentencia est\u00e1 programada para el pr\u00f3ximo 31 de julio.<\/span><\/div>\n<\/div>\n","protected":false},"excerpt":{"rendered":"<p>El sentenciado es el mismo hombre que el 7 de diciembre de 2023 asesin\u00f3 y ocult\u00f3 en bolsas el cuerpo de una menor de 15 a\u00f1os. Por este hecho fue sentenciado a 47 a\u00f1os de prisi\u00f3n. Contra esta misma persona la Fiscal\u00eda adelanta un tercer proceso por el abuso sexual<span class=\"more-link\"><a href=\"https:\/\/ciudadyregion.com.co\/index.php\/monstruo-hombre-asesino-y-oculto-en-bolsas-el-cuerpo-de-una-menor-de-15-anos-y-le-adelantan-un-tercer-proceso-de-abuso-contra-menor-de-edad\/judicial\/\">Continuar Leyendo<\/a><\/span><\/p>\n","protected":false},"author":2,"featured_media":15590,"comment_status":"open","ping_status":"open","sticky":false,"template":"","format":"standard","meta":{"_uf_show_specific_survey":0,"_uf_disable_surveys":false,"_jetpack_memberships_contains_paid_content":false,"footnotes":"","jetpack_publicize_message":"","jetpack_publicize_feature_enabled":true,"jetpack_social_post_already_shared":true,"jetpack_social_options":{"image_generator_settings":{"template":"highway","enabled":false},"version":2}},"categories":[18],"tags":[],"class_list":["entry","author-diegoaguirre","post-15589","post","type-post","status-publish","format-standard","has-post-thumbnail","category-judicial"],"jetpack_publicize_connections":[],"yoast_head":"<!-- This site is optimized with the Yoast SEO plugin v24.3 - https:\/\/yoast.com\/wordpress\/plugins\/seo\/ -->\n<title>Monstruo: Hombre asesin\u00f3 y ocult\u00f3 en bolsas el cuerpo de una menor de 15 a\u00f1os, y le adelantan un tercer proceso de abuso contra menor de edad - Ciudad y Region<\/title>\n<meta name=\"robots\" content=\"index, follow, max-snippet:-1, max-image-preview:large, max-video-preview:-1\" \/>\n<link rel=\"canonical\" href=\"https:\/\/ciudadyregion.com.co\/index.php\/monstruo-hombre-asesino-y-oculto-en-bolsas-el-cuerpo-de-una-menor-de-15-anos-y-le-adelantan-un-tercer-proceso-de-abuso-contra-menor-de-edad\/judicial\/\" \/>\n<meta property=\"og:locale\" content=\"es_ES\" \/>\n<meta property=\"og:type\" content=\"article\" \/>\n<meta property=\"og:title\" content=\"Monstruo: Hombre asesin\u00f3 y ocult\u00f3 en bolsas el cuerpo de una menor de 15 a\u00f1os, y le adelantan un tercer proceso de abuso contra menor de edad - Ciudad y Region\" \/>\n<meta property=\"og:description\" content=\"El sentenciado es el mismo hombre que el 7 de diciembre de 2023 asesin\u00f3 y ocult\u00f3 en bolsas el cuerpo de una menor de 15 a\u00f1os. Por este hecho fue sentenciado a 47 a\u00f1os de prisi\u00f3n. Contra esta misma persona la Fiscal\u00eda adelanta un tercer proceso por el abuso sexualContinuar Leyendo\" \/>\n<meta property=\"og:url\" content=\"https:\/\/ciudadyregion.com.co\/index.php\/monstruo-hombre-asesino-y-oculto-en-bolsas-el-cuerpo-de-una-menor-de-15-anos-y-le-adelantan-un-tercer-proceso-de-abuso-contra-menor-de-edad\/judicial\/\" \/>\n<meta property=\"og:site_name\" content=\"Ciudad y Region\" \/>\n<meta property=\"article:published_time\" content=\"2024-06-05T09:39:15+00:00\" \/>\n<meta property=\"article:modified_time\" content=\"2024-06-05T04:39:58+00:00\" \/>\n<meta property=\"og:image\" content=\"https:\/\/i0.wp.com\/ciudadyregion.com.co\/wp-content\/uploads\/2024\/06\/2-2.jpg?fit=800%2C445&ssl=1\" \/>\n\t<meta property=\"og:image:width\" content=\"800\" \/>\n\t<meta property=\"og:image:height\" content=\"445\" \/>\n\t<meta property=\"og:image:type\" content=\"image\/jpeg\" \/>\n<meta name=\"author\" content=\"David Andr\u00e9s Aguirre\" \/>\n<meta name=\"twitter:card\" content=\"summary_large_image\" \/>\n<meta name=\"twitter:label1\" content=\"Escrito por\" \/>\n\t<meta name=\"twitter:data1\" content=\"David Andr\u00e9s Aguirre\" \/>\n\t<meta name=\"twitter:label2\" content=\"Tiempo de lectura\" \/>\n\t<meta name=\"twitter:data2\" content=\"3 minutos\" \/>\n<script type=\"application\/ld+json\" class=\"yoast-schema-graph\">{\"@context\":\"https:\/\/schema.org\",\"@graph\":[{\"@type\":\"WebPage\",\"@id\":\"https:\/\/ciudadyregion.com.co\/index.php\/monstruo-hombre-asesino-y-oculto-en-bolsas-el-cuerpo-de-una-menor-de-15-anos-y-le-adelantan-un-tercer-proceso-de-abuso-contra-menor-de-edad\/judicial\/\",\"url\":\"https:\/\/ciudadyregion.com.co\/index.php\/monstruo-hombre-asesino-y-oculto-en-bolsas-el-cuerpo-de-una-menor-de-15-anos-y-le-adelantan-un-tercer-proceso-de-abuso-contra-menor-de-edad\/judicial\/\",\"name\":\"Monstruo: Hombre asesin\u00f3 y ocult\u00f3 en bolsas el cuerpo de una menor de 15 a\u00f1os, y le adelantan un tercer proceso de abuso contra menor de edad - Ciudad y Region\",\"isPartOf\":{\"@id\":\"https:\/\/ciudadyregion.com.co\/#website\"},\"primaryImageOfPage\":{\"@id\":\"https:\/\/ciudadyregion.com.co\/index.php\/monstruo-hombre-asesino-y-oculto-en-bolsas-el-cuerpo-de-una-menor-de-15-anos-y-le-adelantan-un-tercer-proceso-de-abuso-contra-menor-de-edad\/judicial\/#primaryimage\"},\"image\":{\"@id\":\"https:\/\/ciudadyregion.com.co\/index.php\/monstruo-hombre-asesino-y-oculto-en-bolsas-el-cuerpo-de-una-menor-de-15-anos-y-le-adelantan-un-tercer-proceso-de-abuso-contra-menor-de-edad\/judicial\/#primaryimage\"},\"thumbnailUrl\":\"https:\/\/i0.wp.com\/ciudadyregion.com.co\/wp-content\/uploads\/2024\/06\/2-2.jpg?fit=800%2C445&ssl=1\",\"datePublished\":\"2024-06-05T09:39:15+00:00\",\"dateModified\":\"2024-06-05T04:39:58+00:00\",\"author\":{\"@id\":\"https:\/\/ciudadyregion.com.co\/#\/schema\/person\/04a4954373ebc4051f46e8c65ff78622\"},\"breadcrumb\":{\"@id\":\"https:\/\/ciudadyregion.com.co\/index.php\/monstruo-hombre-asesino-y-oculto-en-bolsas-el-cuerpo-de-una-menor-de-15-anos-y-le-adelantan-un-tercer-proceso-de-abuso-contra-menor-de-edad\/judicial\/#breadcrumb\"},\"inLanguage\":\"es\",\"potentialAction\":[{\"@type\":\"ReadAction\",\"target\":[\"https:\/\/ciudadyregion.com.co\/index.php\/monstruo-hombre-asesino-y-oculto-en-bolsas-el-cuerpo-de-una-menor-de-15-anos-y-le-adelantan-un-tercer-proceso-de-abuso-contra-menor-de-edad\/judicial\/\"]}]},{\"@type\":\"ImageObject\",\"inLanguage\":\"es\",\"@id\":\"https:\/\/ciudadyregion.com.co\/index.php\/monstruo-hombre-asesino-y-oculto-en-bolsas-el-cuerpo-de-una-menor-de-15-anos-y-le-adelantan-un-tercer-proceso-de-abuso-contra-menor-de-edad\/judicial\/#primaryimage\",\"url\":\"https:\/\/i0.wp.com\/ciudadyregion.com.co\/wp-content\/uploads\/2024\/06\/2-2.jpg?fit=800%2C445&ssl=1\",\"contentUrl\":\"https:\/\/i0.wp.com\/ciudadyregion.com.co\/wp-content\/uploads\/2024\/06\/2-2.jpg?fit=800%2C445&ssl=1\",\"width\":800,\"height\":445},{\"@type\":\"BreadcrumbList\",\"@id\":\"https:\/\/ciudadyregion.com.co\/index.php\/monstruo-hombre-asesino-y-oculto-en-bolsas-el-cuerpo-de-una-menor-de-15-anos-y-le-adelantan-un-tercer-proceso-de-abuso-contra-menor-de-edad\/judicial\/#breadcrumb\",\"itemListElement\":[{\"@type\":\"ListItem\",\"position\":1,\"name\":\"Portada\",\"item\":\"https:\/\/ciudadyregion.com.co\/\"},{\"@type\":\"ListItem\",\"position\":2,\"name\":\"Monstruo: Hombre asesin\u00f3 y ocult\u00f3 en bolsas el cuerpo de una menor de 15 a\u00f1os, y le adelantan un tercer proceso de abuso contra menor de edad\"}]},{\"@type\":\"WebSite\",\"@id\":\"https:\/\/ciudadyregion.com.co\/#website\",\"url\":\"https:\/\/ciudadyregion.com.co\/\",\"name\":\"Ciudad y Region\",\"description\":\"\",\"potentialAction\":[{\"@type\":\"SearchAction\",\"target\":{\"@type\":\"EntryPoint\",\"urlTemplate\":\"https:\/\/ciudadyregion.com.co\/?s={search_term_string}\"},\"query-input\":{\"@type\":\"PropertyValueSpecification\",\"valueRequired\":true,\"valueName\":\"search_term_string\"}}],\"inLanguage\":\"es\"},{\"@type\":\"Person\",\"@id\":\"https:\/\/ciudadyregion.com.co\/#\/schema\/person\/04a4954373ebc4051f46e8c65ff78622\",\"name\":\"David Andr\u00e9s Aguirre\",\"image\":{\"@type\":\"ImageObject\",\"inLanguage\":\"es\",\"@id\":\"https:\/\/ciudadyregion.com.co\/#\/schema\/person\/image\/\",\"url\":\"https:\/\/secure.gravatar.com\/avatar\/bc3c655860202182ee6d1b5edd042dbe?s=96&d=mm&r=g\",\"contentUrl\":\"https:\/\/secure.gravatar.com\/avatar\/bc3c655860202182ee6d1b5edd042dbe?s=96&d=mm&r=g\",\"caption\":\"David Andr\u00e9s Aguirre\"},\"url\":\"https:\/\/ciudadyregion.com.co\/index.php\/author\/diegoaguirre\/\"}]}<\/script>\n<!-- \/ Yoast SEO plugin. -->","yoast_head_json":{"title":"Monstruo: Hombre asesin\u00f3 y ocult\u00f3 en bolsas el cuerpo de una menor de 15 a\u00f1os, y le adelantan un tercer proceso de abuso contra menor de edad - Ciudad y Region","robots":{"index":"index","follow":"follow","max-snippet":"max-snippet:-1","max-image-preview":"max-image-preview:large","max-video-preview":"max-video-preview:-1"},"canonical":"https:\/\/ciudadyregion.com.co\/index.php\/monstruo-hombre-asesino-y-oculto-en-bolsas-el-cuerpo-de-una-menor-de-15-anos-y-le-adelantan-un-tercer-proceso-de-abuso-contra-menor-de-edad\/judicial\/","og_locale":"es_ES","og_type":"article","og_title":"Monstruo: Hombre asesin\u00f3 y ocult\u00f3 en bolsas el cuerpo de una menor de 15 a\u00f1os, y le adelantan un tercer proceso de abuso contra menor de edad - Ciudad y Region","og_description":"El sentenciado es el mismo hombre que el 7 de diciembre de 2023 asesin\u00f3 y ocult\u00f3 en bolsas el cuerpo de una menor de 15 a\u00f1os. Por este hecho fue sentenciado a 47 a\u00f1os de prisi\u00f3n. Contra esta misma persona la Fiscal\u00eda adelanta un tercer proceso por el abuso sexualContinuar Leyendo","og_url":"https:\/\/ciudadyregion.com.co\/index.php\/monstruo-hombre-asesino-y-oculto-en-bolsas-el-cuerpo-de-una-menor-de-15-anos-y-le-adelantan-un-tercer-proceso-de-abuso-contra-menor-de-edad\/judicial\/","og_site_name":"Ciudad y Region","article_published_time":"2024-06-05T09:39:15+00:00","article_modified_time":"2024-06-05T04:39:58+00:00","og_image":[{"width":800,"height":445,"url":"https:\/\/i0.wp.com\/ciudadyregion.com.co\/wp-content\/uploads\/2024\/06\/2-2.jpg?fit=800%2C445&ssl=1","type":"image\/jpeg"}],"author":"David Andr\u00e9s Aguirre","twitter_card":"summary_large_image","twitter_misc":{"Escrito por":"David Andr\u00e9s Aguirre","Tiempo de lectura":"3 minutos"},"schema":{"@context":"https:\/\/schema.org","@graph":[{"@type":"WebPage","@id":"https:\/\/ciudadyregion.com.co\/index.php\/monstruo-hombre-asesino-y-oculto-en-bolsas-el-cuerpo-de-una-menor-de-15-anos-y-le-adelantan-un-tercer-proceso-de-abuso-contra-menor-de-edad\/judicial\/","url":"https:\/\/ciudadyregion.com.co\/index.php\/monstruo-hombre-asesino-y-oculto-en-bolsas-el-cuerpo-de-una-menor-de-15-anos-y-le-adelantan-un-tercer-proceso-de-abuso-contra-menor-de-edad\/judicial\/","name":"Monstruo: Hombre asesin\u00f3 y ocult\u00f3 en bolsas el cuerpo de una menor de 15 a\u00f1os, y le adelantan un tercer proceso de abuso contra menor de edad - Ciudad y Region","isPartOf":{"@id":"https:\/\/ciudadyregion.com.co\/#website"},"primaryImageOfPage":{"@id":"https:\/\/ciudadyregion.com.co\/index.php\/monstruo-hombre-asesino-y-oculto-en-bolsas-el-cuerpo-de-una-menor-de-15-anos-y-le-adelantan-un-tercer-proceso-de-abuso-contra-menor-de-edad\/judicial\/#primaryimage"},"image":{"@id":"https:\/\/ciudadyregion.com.co\/index.php\/monstruo-hombre-asesino-y-oculto-en-bolsas-el-cuerpo-de-una-menor-de-15-anos-y-le-adelantan-un-tercer-proceso-de-abuso-contra-menor-de-edad\/judicial\/#primaryimage"},"thumbnailUrl":"https:\/\/i0.wp.com\/ciudadyregion.com.co\/wp-content\/uploads\/2024\/06\/2-2.jpg?fit=800%2C445&ssl=1","datePublished":"2024-06-05T09:39:15+00:00","dateModified":"2024-06-05T04:39:58+00:00","author":{"@id":"https:\/\/ciudadyregion.com.co\/#\/schema\/person\/04a4954373ebc4051f46e8c65ff78622"},"breadcrumb":{"@id":"https:\/\/ciudadyregion.com.co\/index.php\/monstruo-hombre-asesino-y-oculto-en-bolsas-el-cuerpo-de-una-menor-de-15-anos-y-le-adelantan-un-tercer-proceso-de-abuso-contra-menor-de-edad\/judicial\/#breadcrumb"},"inLanguage":"es","potentialAction":[{"@type":"ReadAction","target":["https:\/\/ciudadyregion.com.co\/index.php\/monstruo-hombre-asesino-y-oculto-en-bolsas-el-cuerpo-de-una-menor-de-15-anos-y-le-adelantan-un-tercer-proceso-de-abuso-contra-menor-de-edad\/judicial\/"]}]},{"@type":"ImageObject","inLanguage":"es","@id":"https:\/\/ciudadyregion.com.co\/index.php\/monstruo-hombre-asesino-y-oculto-en-bolsas-el-cuerpo-de-una-menor-de-15-anos-y-le-adelantan-un-tercer-proceso-de-abuso-contra-menor-de-edad\/judicial\/#primaryimage","url":"https:\/\/i0.wp.com\/ciudadyregion.com.co\/wp-content\/uploads\/2024\/06\/2-2.jpg?fit=800%2C445&ssl=1","contentUrl":"https:\/\/i0.wp.com\/ciudadyregion.com.co\/wp-content\/uploads\/2024\/06\/2-2.jpg?fit=800%2C445&ssl=1","width":800,"height":445},{"@type":"BreadcrumbList","@id":"https:\/\/ciudadyregion.com.co\/index.php\/monstruo-hombre-asesino-y-oculto-en-bolsas-el-cuerpo-de-una-menor-de-15-anos-y-le-adelantan-un-tercer-proceso-de-abuso-contra-menor-de-edad\/judicial\/#breadcrumb","itemListElement":[{"@type":"ListItem","position":1,"name":"Portada","item":"https:\/\/ciudadyregion.com.co\/"},{"@type":"ListItem","position":2,"name":"Monstruo: Hombre asesin\u00f3 y ocult\u00f3 en bolsas el cuerpo de una menor de 15 a\u00f1os, y le adelantan un tercer proceso de abuso contra menor de edad"}]},{"@type":"WebSite","@id":"https:\/\/ciudadyregion.com.co\/#website","url":"https:\/\/ciudadyregion.com.co\/","name":"Ciudad y Region","description":"","potentialAction":[{"@type":"SearchAction","target":{"@type":"EntryPoint","urlTemplate":"https:\/\/ciudadyregion.com.co\/?s={search_term_string}"},"query-input":{"@type":"PropertyValueSpecification","valueRequired":true,"valueName":"search_term_string"}}],"inLanguage":"es"},{"@type":"Person","@id":"https:\/\/ciudadyregion.com.co\/#\/schema\/person\/04a4954373ebc4051f46e8c65ff78622","name":"David Andr\u00e9s Aguirre","image":{"@type":"ImageObject","inLanguage":"es","@id":"https:\/\/ciudadyregion.com.co\/#\/schema\/person\/image\/","url":"https:\/\/secure.gravatar.com\/avatar\/bc3c655860202182ee6d1b5edd042dbe?s=96&d=mm&r=g","contentUrl":"https:\/\/secure.gravatar.com\/avatar\/bc3c655860202182ee6d1b5edd042dbe?s=96&d=mm&r=g","caption":"David Andr\u00e9s Aguirre"},"url":"https:\/\/ciudadyregion.com.co\/index.php\/author\/diegoaguirre\/"}]}},"jetpack_featured_media_url":"https:\/\/i0.wp.com\/ciudadyregion.com.co\/wp-content\/uploads\/2024\/06\/2-2.jpg?fit=800%2C445&ssl=1","jetpack_sharing_enabled":true,"jetpack_shortlink":"https:\/\/wp.me\/pbS7hh-43r","jetpack-related-posts":[],"_links":{"self":[{"href":"https:\/\/ciudadyregion.com.co\/index.php\/wp-json\/wp\/v2\/posts\/15589"}],"collection":[{"href":"https:\/\/ciudadyregion.com.co\/index.php\/wp-json\/wp\/v2\/posts"}],"about":[{"href":"https:\/\/ciudadyregion.com.co\/index.php\/wp-json\/wp\/v2\/types\/post"}],"author":[{"embeddable":true,"href":"https:\/\/ciudadyregion.com.co\/index.php\/wp-json\/wp\/v2\/users\/2"}],"replies":[{"embeddable":true,"href":"https:\/\/ciudadyregion.com.co\/index.php\/wp-json\/wp\/v2\/comments?post=15589"}],"version-history":[{"count":1,"href":"https:\/\/ciudadyregion.com.co\/index.php\/wp-json\/wp\/v2\/posts\/15589\/revisions"}],"predecessor-version":[{"id":15591,"href":"https:\/\/ciudadyregion.com.co\/index.php\/wp-json\/wp\/v2\/posts\/15589\/revisions\/15591"}],"wp:featuredmedia":[{"embeddable":true,"href":"https:\/\/ciudadyregion.com.co\/index.php\/wp-json\/wp\/v2\/media\/15590"}],"wp:attachment":[{"href":"https:\/\/ciudadyregion.com.co\/index.php\/wp-json\/wp\/v2\/media?parent=15589"}],"wp:term":[{"taxonomy":"category","embeddable":true,"href":"https:\/\/ciudadyregion.com.co\/index.php\/wp-json\/wp\/v2\/categories?post=15589"},{"taxonomy":"post_tag","embeddable":true,"href":"https:\/\/ciudadyregion.com.co\/index.php\/wp-json\/wp\/v2\/tags?post=15589"}],"curies":[{"name":"wp","href":"https:\/\/api.w.org\/{rel}","templated":true}]}}