{"id":15581,"date":"2024-06-05T04:27:19","date_gmt":"2024-06-05T09:27:19","guid":{"rendered":"https:\/\/ciudadyregion.com.co\/?p=15581"},"modified":"2024-06-04T23:28:24","modified_gmt":"2024-06-05T04:28:24","slug":"judicializada-juez-de-pereira-porque-no-habria-posesionado-a-una-persona-que-gano-concurso-de-meritos","status":"publish","type":"post","link":"https:\/\/ciudadyregion.com.co\/index.php\/judicializada-juez-de-pereira-porque-no-habria-posesionado-a-una-persona-que-gano-concurso-de-meritos\/judicial\/","title":{"rendered":"Judicializada juez de Pereira porque no habr\u00eda posesionado a una persona que gan\u00f3 concurso de m\u00e9ritos"},"content":{"rendered":"<p>La labor investigativa adelantada por la Fiscal\u00eda General de la Naci\u00f3n permiti\u00f3 la judicializaci\u00f3n de la juez civil de Pereira, Luisa Marina Correa Gonz\u00e1lez, presuntamente responsable de no nombrar a una persona que gan\u00f3 un concurso de m\u00e9ritos.<\/p>\n<p>En el curso de la investigaci\u00f3n se evidenci\u00f3 que entre septiembre y noviembre de 2022 Luis Carlos Montenegro Rodr\u00edguez, una persona en situaci\u00f3n de discapacidad auditiva y visual, gan\u00f3 un concurso de m\u00e9ritos y opt\u00f3 para el cargo de asistente judicial.<\/p>\n<p>Seg\u00fan se pudo evidenciar, la juez deb\u00eda posesionar a Montenegro Rodr\u00edguez para el respectivo cargo pero, al parecer, lo disuadi\u00f3 e indic\u00f3 que se sometiera a inducci\u00f3n y capacitaci\u00f3n con lo que habr\u00eda dilatado la posesi\u00f3n.<\/p>\n<p>Se presume que posteriormente Correa Gonz\u00e1lez emiti\u00f3 una resoluci\u00f3n suspendiendo de manera indefinida la posesi\u00f3n del ciudadano.<\/p>\n<p>En la investigaci\u00f3n fue posible determinar que la especialista en salud ocupacional de la IPS asignada para esta labor certific\u00f3 que Montenegro Rodr\u00edguez no presentaba restricciones para desempe\u00f1ar las funciones del cargo al que hab\u00eda concursado.<\/p>\n<p>Por estos hechos la juez fue imputada por los delitos de prevaricato por acci\u00f3n y por omisi\u00f3n.<\/p>\n<p>Luis Carlos Montenegro Rodr\u00edguez falleci\u00f3 en noviembre de 2022 debido a complicaciones de salud.<\/p>\n","protected":false},"excerpt":{"rendered":"<p>La labor investigativa adelantada por la Fiscal\u00eda General de la Naci\u00f3n permiti\u00f3 la judicializaci\u00f3n de la juez civil de Pereira, Luisa Marina Correa Gonz\u00e1lez, presuntamente responsable de no nombrar a una persona que gan\u00f3 un concurso de m\u00e9ritos. En el curso de la investigaci\u00f3n se evidenci\u00f3 que entre septiembre y<span class=\"more-link\"><a href=\"https:\/\/ciudadyregion.com.co\/index.php\/judicializada-juez-de-pereira-porque-no-habria-posesionado-a-una-persona-que-gano-concurso-de-meritos\/judicial\/\">Continuar Leyendo<\/a><\/span><\/p>\n","protected":false},"author":2,"featured_media":10902,"comment_status":"open","ping_status":"open","sticky":false,"template":"","format":"standard","meta":{"_uf_show_specific_survey":0,"_uf_disable_surveys":false,"_jetpack_memberships_contains_paid_content":false,"footnotes":"","jetpack_publicize_message":"","jetpack_publicize_feature_enabled":true,"jetpack_social_post_already_shared":true,"jetpack_social_options":{"image_generator_settings":{"template":"highway","enabled":false},"version":2}},"categories":[18],"tags":[],"class_list":["entry","author-diegoaguirre","post-15581","post","type-post","status-publish","format-standard","has-post-thumbnail","category-judicial"],"jetpack_publicize_connections":[],"yoast_head":"<!-- This site is optimized with the Yoast SEO plugin v24.3 - https:\/\/yoast.com\/wordpress\/plugins\/seo\/ -->\n<title>Judicializada juez de Pereira porque no habr\u00eda posesionado a una persona que gan\u00f3 concurso de m\u00e9ritos - Ciudad y Region<\/title>\n<meta name=\"robots\" content=\"index, follow, max-snippet:-1, max-image-preview:large, max-video-preview:-1\" \/>\n<link rel=\"canonical\" href=\"https:\/\/ciudadyregion.com.co\/index.php\/judicializada-juez-de-pereira-porque-no-habria-posesionado-a-una-persona-que-gano-concurso-de-meritos\/judicial\/\" \/>\n<meta property=\"og:locale\" content=\"es_ES\" \/>\n<meta property=\"og:type\" content=\"article\" \/>\n<meta property=\"og:title\" content=\"Judicializada juez de Pereira porque no habr\u00eda posesionado a una persona que gan\u00f3 concurso de m\u00e9ritos - Ciudad y Region\" \/>\n<meta property=\"og:description\" content=\"La labor investigativa adelantada por la Fiscal\u00eda General de la Naci\u00f3n permiti\u00f3 la judicializaci\u00f3n de la juez civil de Pereira, Luisa Marina Correa Gonz\u00e1lez, presuntamente responsable de no nombrar a una persona que gan\u00f3 un concurso de m\u00e9ritos. En el curso de la investigaci\u00f3n se evidenci\u00f3 que entre septiembre yContinuar Leyendo\" \/>\n<meta property=\"og:url\" content=\"https:\/\/ciudadyregion.com.co\/index.php\/judicializada-juez-de-pereira-porque-no-habria-posesionado-a-una-persona-que-gano-concurso-de-meritos\/judicial\/\" \/>\n<meta property=\"og:site_name\" content=\"Ciudad y Region\" \/>\n<meta property=\"article:published_time\" content=\"2024-06-05T09:27:19+00:00\" \/>\n<meta property=\"article:modified_time\" content=\"2024-06-05T04:28:24+00:00\" \/>\n<meta property=\"og:image\" content=\"https:\/\/i0.wp.com\/ciudadyregion.com.co\/wp-content\/uploads\/2024\/04\/juez-condena-edicto.jpg?fit=800%2C445&ssl=1\" \/>\n\t<meta property=\"og:image:width\" content=\"800\" \/>\n\t<meta property=\"og:image:height\" content=\"445\" \/>\n\t<meta property=\"og:image:type\" content=\"image\/jpeg\" \/>\n<meta name=\"author\" content=\"David Andr\u00e9s Aguirre\" \/>\n<meta name=\"twitter:card\" content=\"summary_large_image\" \/>\n<meta name=\"twitter:label1\" content=\"Escrito por\" \/>\n\t<meta name=\"twitter:data1\" content=\"David Andr\u00e9s Aguirre\" \/>\n\t<meta name=\"twitter:label2\" content=\"Tiempo de lectura\" \/>\n\t<meta name=\"twitter:data2\" content=\"1 minuto\" \/>\n<script type=\"application\/ld+json\" class=\"yoast-schema-graph\">{\"@context\":\"https:\/\/schema.org\",\"@graph\":[{\"@type\":\"WebPage\",\"@id\":\"https:\/\/ciudadyregion.com.co\/index.php\/judicializada-juez-de-pereira-porque-no-habria-posesionado-a-una-persona-que-gano-concurso-de-meritos\/judicial\/\",\"url\":\"https:\/\/ciudadyregion.com.co\/index.php\/judicializada-juez-de-pereira-porque-no-habria-posesionado-a-una-persona-que-gano-concurso-de-meritos\/judicial\/\",\"name\":\"Judicializada juez de Pereira porque no habr\u00eda posesionado a una persona que gan\u00f3 concurso de m\u00e9ritos - Ciudad y Region\",\"isPartOf\":{\"@id\":\"https:\/\/ciudadyregion.com.co\/#website\"},\"primaryImageOfPage\":{\"@id\":\"https:\/\/ciudadyregion.com.co\/index.php\/judicializada-juez-de-pereira-porque-no-habria-posesionado-a-una-persona-que-gano-concurso-de-meritos\/judicial\/#primaryimage\"},\"image\":{\"@id\":\"https:\/\/ciudadyregion.com.co\/index.php\/judicializada-juez-de-pereira-porque-no-habria-posesionado-a-una-persona-que-gano-concurso-de-meritos\/judicial\/#primaryimage\"},\"thumbnailUrl\":\"https:\/\/i0.wp.com\/ciudadyregion.com.co\/wp-content\/uploads\/2024\/04\/juez-condena-edicto.jpg?fit=800%2C445&ssl=1\",\"datePublished\":\"2024-06-05T09:27:19+00:00\",\"dateModified\":\"2024-06-05T04:28:24+00:00\",\"author\":{\"@id\":\"https:\/\/ciudadyregion.com.co\/#\/schema\/person\/04a4954373ebc4051f46e8c65ff78622\"},\"breadcrumb\":{\"@id\":\"https:\/\/ciudadyregion.com.co\/index.php\/judicializada-juez-de-pereira-porque-no-habria-posesionado-a-una-persona-que-gano-concurso-de-meritos\/judicial\/#breadcrumb\"},\"inLanguage\":\"es\",\"potentialAction\":[{\"@type\":\"ReadAction\",\"target\":[\"https:\/\/ciudadyregion.com.co\/index.php\/judicializada-juez-de-pereira-porque-no-habria-posesionado-a-una-persona-que-gano-concurso-de-meritos\/judicial\/\"]}]},{\"@type\":\"ImageObject\",\"inLanguage\":\"es\",\"@id\":\"https:\/\/ciudadyregion.com.co\/index.php\/judicializada-juez-de-pereira-porque-no-habria-posesionado-a-una-persona-que-gano-concurso-de-meritos\/judicial\/#primaryimage\",\"url\":\"https:\/\/i0.wp.com\/ciudadyregion.com.co\/wp-content\/uploads\/2024\/04\/juez-condena-edicto.jpg?fit=800%2C445&ssl=1\",\"contentUrl\":\"https:\/\/i0.wp.com\/ciudadyregion.com.co\/wp-content\/uploads\/2024\/04\/juez-condena-edicto.jpg?fit=800%2C445&ssl=1\",\"width\":800,\"height\":445},{\"@type\":\"BreadcrumbList\",\"@id\":\"https:\/\/ciudadyregion.com.co\/index.php\/judicializada-juez-de-pereira-porque-no-habria-posesionado-a-una-persona-que-gano-concurso-de-meritos\/judicial\/#breadcrumb\",\"itemListElement\":[{\"@type\":\"ListItem\",\"position\":1,\"name\":\"Portada\",\"item\":\"https:\/\/ciudadyregion.com.co\/\"},{\"@type\":\"ListItem\",\"position\":2,\"name\":\"Judicializada juez de Pereira porque no habr\u00eda posesionado a una persona que gan\u00f3 concurso de m\u00e9ritos\"}]},{\"@type\":\"WebSite\",\"@id\":\"https:\/\/ciudadyregion.com.co\/#website\",\"url\":\"https:\/\/ciudadyregion.com.co\/\",\"name\":\"Ciudad y Region\",\"description\":\"\",\"potentialAction\":[{\"@type\":\"SearchAction\",\"target\":{\"@type\":\"EntryPoint\",\"urlTemplate\":\"https:\/\/ciudadyregion.com.co\/?s={search_term_string}\"},\"query-input\":{\"@type\":\"PropertyValueSpecification\",\"valueRequired\":true,\"valueName\":\"search_term_string\"}}],\"inLanguage\":\"es\"},{\"@type\":\"Person\",\"@id\":\"https:\/\/ciudadyregion.com.co\/#\/schema\/person\/04a4954373ebc4051f46e8c65ff78622\",\"name\":\"David Andr\u00e9s Aguirre\",\"image\":{\"@type\":\"ImageObject\",\"inLanguage\":\"es\",\"@id\":\"https:\/\/ciudadyregion.com.co\/#\/schema\/person\/image\/\",\"url\":\"https:\/\/secure.gravatar.com\/avatar\/bc3c655860202182ee6d1b5edd042dbe?s=96&d=mm&r=g\",\"contentUrl\":\"https:\/\/secure.gravatar.com\/avatar\/bc3c655860202182ee6d1b5edd042dbe?s=96&d=mm&r=g\",\"caption\":\"David Andr\u00e9s Aguirre\"},\"url\":\"https:\/\/ciudadyregion.com.co\/index.php\/author\/diegoaguirre\/\"}]}<\/script>\n<!-- \/ Yoast SEO plugin. -->","yoast_head_json":{"title":"Judicializada juez de Pereira porque no habr\u00eda posesionado a una persona que gan\u00f3 concurso de m\u00e9ritos - Ciudad y Region","robots":{"index":"index","follow":"follow","max-snippet":"max-snippet:-1","max-image-preview":"max-image-preview:large","max-video-preview":"max-video-preview:-1"},"canonical":"https:\/\/ciudadyregion.com.co\/index.php\/judicializada-juez-de-pereira-porque-no-habria-posesionado-a-una-persona-que-gano-concurso-de-meritos\/judicial\/","og_locale":"es_ES","og_type":"article","og_title":"Judicializada juez de Pereira porque no habr\u00eda posesionado a una persona que gan\u00f3 concurso de m\u00e9ritos - Ciudad y Region","og_description":"La labor investigativa adelantada por la Fiscal\u00eda General de la Naci\u00f3n permiti\u00f3 la judicializaci\u00f3n de la juez civil de Pereira, Luisa Marina Correa Gonz\u00e1lez, presuntamente responsable de no nombrar a una persona que gan\u00f3 un concurso de m\u00e9ritos. En el curso de la investigaci\u00f3n se evidenci\u00f3 que entre septiembre yContinuar Leyendo","og_url":"https:\/\/ciudadyregion.com.co\/index.php\/judicializada-juez-de-pereira-porque-no-habria-posesionado-a-una-persona-que-gano-concurso-de-meritos\/judicial\/","og_site_name":"Ciudad y Region","article_published_time":"2024-06-05T09:27:19+00:00","article_modified_time":"2024-06-05T04:28:24+00:00","og_image":[{"width":800,"height":445,"url":"https:\/\/i0.wp.com\/ciudadyregion.com.co\/wp-content\/uploads\/2024\/04\/juez-condena-edicto.jpg?fit=800%2C445&ssl=1","type":"image\/jpeg"}],"author":"David Andr\u00e9s Aguirre","twitter_card":"summary_large_image","twitter_misc":{"Escrito por":"David Andr\u00e9s Aguirre","Tiempo de lectura":"1 minuto"},"schema":{"@context":"https:\/\/schema.org","@graph":[{"@type":"WebPage","@id":"https:\/\/ciudadyregion.com.co\/index.php\/judicializada-juez-de-pereira-porque-no-habria-posesionado-a-una-persona-que-gano-concurso-de-meritos\/judicial\/","url":"https:\/\/ciudadyregion.com.co\/index.php\/judicializada-juez-de-pereira-porque-no-habria-posesionado-a-una-persona-que-gano-concurso-de-meritos\/judicial\/","name":"Judicializada juez de Pereira porque no habr\u00eda posesionado a una persona que gan\u00f3 concurso de m\u00e9ritos - Ciudad y Region","isPartOf":{"@id":"https:\/\/ciudadyregion.com.co\/#website"},"primaryImageOfPage":{"@id":"https:\/\/ciudadyregion.com.co\/index.php\/judicializada-juez-de-pereira-porque-no-habria-posesionado-a-una-persona-que-gano-concurso-de-meritos\/judicial\/#primaryimage"},"image":{"@id":"https:\/\/ciudadyregion.com.co\/index.php\/judicializada-juez-de-pereira-porque-no-habria-posesionado-a-una-persona-que-gano-concurso-de-meritos\/judicial\/#primaryimage"},"thumbnailUrl":"https:\/\/i0.wp.com\/ciudadyregion.com.co\/wp-content\/uploads\/2024\/04\/juez-condena-edicto.jpg?fit=800%2C445&ssl=1","datePublished":"2024-06-05T09:27:19+00:00","dateModified":"2024-06-05T04:28:24+00:00","author":{"@id":"https:\/\/ciudadyregion.com.co\/#\/schema\/person\/04a4954373ebc4051f46e8c65ff78622"},"breadcrumb":{"@id":"https:\/\/ciudadyregion.com.co\/index.php\/judicializada-juez-de-pereira-porque-no-habria-posesionado-a-una-persona-que-gano-concurso-de-meritos\/judicial\/#breadcrumb"},"inLanguage":"es","potentialAction":[{"@type":"ReadAction","target":["https:\/\/ciudadyregion.com.co\/index.php\/judicializada-juez-de-pereira-porque-no-habria-posesionado-a-una-persona-que-gano-concurso-de-meritos\/judicial\/"]}]},{"@type":"ImageObject","inLanguage":"es","@id":"https:\/\/ciudadyregion.com.co\/index.php\/judicializada-juez-de-pereira-porque-no-habria-posesionado-a-una-persona-que-gano-concurso-de-meritos\/judicial\/#primaryimage","url":"https:\/\/i0.wp.com\/ciudadyregion.com.co\/wp-content\/uploads\/2024\/04\/juez-condena-edicto.jpg?fit=800%2C445&ssl=1","contentUrl":"https:\/\/i0.wp.com\/ciudadyregion.com.co\/wp-content\/uploads\/2024\/04\/juez-condena-edicto.jpg?fit=800%2C445&ssl=1","width":800,"height":445},{"@type":"BreadcrumbList","@id":"https:\/\/ciudadyregion.com.co\/index.php\/judicializada-juez-de-pereira-porque-no-habria-posesionado-a-una-persona-que-gano-concurso-de-meritos\/judicial\/#breadcrumb","itemListElement":[{"@type":"ListItem","position":1,"name":"Portada","item":"https:\/\/ciudadyregion.com.co\/"},{"@type":"ListItem","position":2,"name":"Judicializada juez de Pereira porque no habr\u00eda posesionado a una persona que gan\u00f3 concurso de m\u00e9ritos"}]},{"@type":"WebSite","@id":"https:\/\/ciudadyregion.com.co\/#website","url":"https:\/\/ciudadyregion.com.co\/","name":"Ciudad y Region","description":"","potentialAction":[{"@type":"SearchAction","target":{"@type":"EntryPoint","urlTemplate":"https:\/\/ciudadyregion.com.co\/?s={search_term_string}"},"query-input":{"@type":"PropertyValueSpecification","valueRequired":true,"valueName":"search_term_string"}}],"inLanguage":"es"},{"@type":"Person","@id":"https:\/\/ciudadyregion.com.co\/#\/schema\/person\/04a4954373ebc4051f46e8c65ff78622","name":"David Andr\u00e9s Aguirre","image":{"@type":"ImageObject","inLanguage":"es","@id":"https:\/\/ciudadyregion.com.co\/#\/schema\/person\/image\/","url":"https:\/\/secure.gravatar.com\/avatar\/bc3c655860202182ee6d1b5edd042dbe?s=96&d=mm&r=g","contentUrl":"https:\/\/secure.gravatar.com\/avatar\/bc3c655860202182ee6d1b5edd042dbe?s=96&d=mm&r=g","caption":"David Andr\u00e9s Aguirre"},"url":"https:\/\/ciudadyregion.com.co\/index.php\/author\/diegoaguirre\/"}]}},"jetpack_featured_media_url":"https:\/\/i0.wp.com\/ciudadyregion.com.co\/wp-content\/uploads\/2024\/04\/juez-condena-edicto.jpg?fit=800%2C445&ssl=1","jetpack_sharing_enabled":true,"jetpack_shortlink":"https:\/\/wp.me\/pbS7hh-43j","jetpack-related-posts":[],"_links":{"self":[{"href":"https:\/\/ciudadyregion.com.co\/index.php\/wp-json\/wp\/v2\/posts\/15581"}],"collection":[{"href":"https:\/\/ciudadyregion.com.co\/index.php\/wp-json\/wp\/v2\/posts"}],"about":[{"href":"https:\/\/ciudadyregion.com.co\/index.php\/wp-json\/wp\/v2\/types\/post"}],"author":[{"embeddable":true,"href":"https:\/\/ciudadyregion.com.co\/index.php\/wp-json\/wp\/v2\/users\/2"}],"replies":[{"embeddable":true,"href":"https:\/\/ciudadyregion.com.co\/index.php\/wp-json\/wp\/v2\/comments?post=15581"}],"version-history":[{"count":1,"href":"https:\/\/ciudadyregion.com.co\/index.php\/wp-json\/wp\/v2\/posts\/15581\/revisions"}],"predecessor-version":[{"id":15582,"href":"https:\/\/ciudadyregion.com.co\/index.php\/wp-json\/wp\/v2\/posts\/15581\/revisions\/15582"}],"wp:featuredmedia":[{"embeddable":true,"href":"https:\/\/ciudadyregion.com.co\/index.php\/wp-json\/wp\/v2\/media\/10902"}],"wp:attachment":[{"href":"https:\/\/ciudadyregion.com.co\/index.php\/wp-json\/wp\/v2\/media?parent=15581"}],"wp:term":[{"taxonomy":"category","embeddable":true,"href":"https:\/\/ciudadyregion.com.co\/index.php\/wp-json\/wp\/v2\/categories?post=15581"},{"taxonomy":"post_tag","embeddable":true,"href":"https:\/\/ciudadyregion.com.co\/index.php\/wp-json\/wp\/v2\/tags?post=15581"}],"curies":[{"name":"wp","href":"https:\/\/api.w.org\/{rel}","templated":true}]}}