{"id":15551,"date":"2024-06-05T04:50:37","date_gmt":"2024-06-05T09:50:37","guid":{"rendered":"https:\/\/ciudadyregion.com.co\/?p=15551"},"modified":"2024-06-04T22:51:12","modified_gmt":"2024-06-05T03:51:12","slug":"que-no-se-le-olvide-asi-quedara-el-pico-y-placa-de-ibague-a-partir-de-julio","status":"publish","type":"post","link":"https:\/\/ciudadyregion.com.co\/index.php\/que-no-se-le-olvide-asi-quedara-el-pico-y-placa-de-ibague-a-partir-de-julio\/ibague\/","title":{"rendered":"\u00a1Que no se le olvide! As\u00ed quedar\u00e1 el pico y placa de Ibagu\u00e9 a partir de julio"},"content":{"rendered":"<div>La Alcald\u00eda de Ibagu\u00e9 anunci\u00f3 que, a partir del pr\u00f3ximo primero de julio, el pico y placa cambiar\u00e1 en la capital tolimense.<\/div>\n<div><span style=\"font-family: Arial, Verdana;\">\u00a0<\/span><\/div>\n<div><span style=\"font-family: Arial, Verdana;\">Seg\u00fan el Decreto 0155 del 6 de febrero de 2024, la medida tendr\u00e1 una modificaci\u00f3n en la rotaci\u00f3n de n\u00fameros y quedar\u00e1 de la siguiente manera:<\/span><\/div>\n<ul>\n<li><span style=\"font-family: Arial, Verdana;\">LUNES: 4 Y 5<\/span><\/li>\n<li><span style=\"font-family: Arial, Verdana;\">MARTES: 6 Y 7<\/span><\/li>\n<li><span style=\"font-family: Arial, Verdana;\">MIERCOLES: 8 Y 9<\/span><\/li>\n<li><span style=\"font-family: Arial, Verdana;\">JUEVES: 0 Y 1\u00a0<\/span><\/li>\n<li><span style=\"font-family: Arial, Verdana;\">VIERNES 2 Y 3<\/span><\/li>\n<\/ul>\n<div><span style=\"font-family: Arial, Verdana;\">\u00a0<\/span><\/div>\n<div><span style=\"font-family: Arial, Verdana;\">De acuerdo con el secretario de Movilidad, Ricardo Fabi\u00e1n Rodr\u00edguez, la nueva medida ir\u00e1 hasta el 31 de diciembre en el mismo horario: de 6:00 de la ma\u00f1ana hasta las 9:00 de la noche.<\/span><\/div>\n<div><span style=\"font-family: Arial, Verdana;\">\u00a0<\/span><\/div>\n<div><span style=\"font-family: Arial, Verdana;\">De igual manera, explic\u00f3 que los primeros d\u00edas de la medida se aplicar\u00e1n comparendos pedag\u00f3gicos.<\/span><\/div>\n<div><span style=\"font-family: Arial, Verdana;\">\u00a0<\/span><\/div>\n<blockquote>\n<div><span style=\"font-family: Arial, Verdana;\"><i>\u201cLa primera semana del primero al 5 de julio se aplicar\u00e1n comparendos pedag\u00f3gicos, que consisten en asistir a un curso de seguridad vial, mientras la comunidad aprende la modificaci\u00f3n. Luego se realizar\u00e1n comparendos econ\u00f3micos<\/i>\u201d, indic\u00f3 Rodr\u00edguez.\u00a0<\/span><\/div>\n<\/blockquote>\n<div><span style=\"font-family: Arial, Verdana;\">\u00a0<\/span><\/div>\n<div><span style=\"font-family: Arial, Verdana;\">Por otro lado, se mantendr\u00e1 la medida de la \u2018hora valle\u2019 para los veh\u00edculos matriculados en Ibagu\u00e9, que podr\u00e1n transitar por toda la ciudad en el horario comprendido de 9:00 a 11:00 de la ma\u00f1ana y de 3:00 a 5:00 de la tarde.<\/span><\/div>\n<div><span style=\"font-family: Arial, Verdana;\">\u00a0<\/span><\/div>\n<div><span style=\"font-family: Arial, Verdana;\">Recuerde que de no cumplir con esta restricci\u00f3n deber\u00e1 pagar un comparendo de $650.000 y la inmovilizaci\u00f3n de su veh\u00edculo.<\/span><\/div>\n","protected":false},"excerpt":{"rendered":"<p>La Alcald\u00eda de Ibagu\u00e9 anunci\u00f3 que, a partir del pr\u00f3ximo primero de julio, el pico y placa cambiar\u00e1 en la capital tolimense. \u00a0 Seg\u00fan el Decreto 0155 del 6 de febrero de 2024, la medida tendr\u00e1 una modificaci\u00f3n en la rotaci\u00f3n de n\u00fameros y quedar\u00e1 de la siguiente manera: LUNES:<span class=\"more-link\"><a href=\"https:\/\/ciudadyregion.com.co\/index.php\/que-no-se-le-olvide-asi-quedara-el-pico-y-placa-de-ibague-a-partir-de-julio\/ibague\/\">Continuar Leyendo<\/a><\/span><\/p>\n","protected":false},"author":2,"featured_media":1004,"comment_status":"open","ping_status":"open","sticky":false,"template":"","format":"standard","meta":{"_uf_show_specific_survey":0,"_uf_disable_surveys":false,"_jetpack_memberships_contains_paid_content":false,"footnotes":"","jetpack_publicize_message":"","jetpack_publicize_feature_enabled":true,"jetpack_social_post_already_shared":true,"jetpack_social_options":{"image_generator_settings":{"template":"highway","enabled":false},"version":2}},"categories":[14],"tags":[],"class_list":["entry","author-diegoaguirre","post-15551","post","type-post","status-publish","format-standard","has-post-thumbnail","category-ibague"],"jetpack_publicize_connections":[],"yoast_head":"<!-- This site is optimized with the Yoast SEO plugin v24.3 - https:\/\/yoast.com\/wordpress\/plugins\/seo\/ -->\n<title>\u00a1Que no se le olvide! As\u00ed quedar\u00e1 el pico y placa de Ibagu\u00e9 a partir de julio - Ciudad y Region<\/title>\n<meta name=\"robots\" content=\"index, follow, max-snippet:-1, max-image-preview:large, max-video-preview:-1\" \/>\n<link rel=\"canonical\" href=\"https:\/\/ciudadyregion.com.co\/index.php\/que-no-se-le-olvide-asi-quedara-el-pico-y-placa-de-ibague-a-partir-de-julio\/ibague\/\" \/>\n<meta property=\"og:locale\" content=\"es_ES\" \/>\n<meta property=\"og:type\" content=\"article\" \/>\n<meta property=\"og:title\" content=\"\u00a1Que no se le olvide! As\u00ed quedar\u00e1 el pico y placa de Ibagu\u00e9 a partir de julio - Ciudad y Region\" \/>\n<meta property=\"og:description\" content=\"La Alcald\u00eda de Ibagu\u00e9 anunci\u00f3 que, a partir del pr\u00f3ximo primero de julio, el pico y placa cambiar\u00e1 en la capital tolimense. \u00a0 Seg\u00fan el Decreto 0155 del 6 de febrero de 2024, la medida tendr\u00e1 una modificaci\u00f3n en la rotaci\u00f3n de n\u00fameros y quedar\u00e1 de la siguiente manera: LUNES:Continuar Leyendo\" \/>\n<meta property=\"og:url\" content=\"https:\/\/ciudadyregion.com.co\/index.php\/que-no-se-le-olvide-asi-quedara-el-pico-y-placa-de-ibague-a-partir-de-julio\/ibague\/\" \/>\n<meta property=\"og:site_name\" content=\"Ciudad y Region\" \/>\n<meta property=\"article:published_time\" content=\"2024-06-05T09:50:37+00:00\" \/>\n<meta property=\"article:modified_time\" content=\"2024-06-05T03:51:12+00:00\" \/>\n<meta property=\"og:image\" content=\"https:\/\/i0.wp.com\/ciudadyregion.com.co\/wp-content\/uploads\/2023\/11\/8-Transito.jpg?fit=800%2C445&ssl=1\" \/>\n\t<meta property=\"og:image:width\" content=\"800\" \/>\n\t<meta property=\"og:image:height\" content=\"445\" \/>\n\t<meta property=\"og:image:type\" content=\"image\/jpeg\" \/>\n<meta name=\"author\" content=\"David Andr\u00e9s Aguirre\" \/>\n<meta name=\"twitter:card\" content=\"summary_large_image\" \/>\n<meta name=\"twitter:label1\" content=\"Escrito por\" \/>\n\t<meta name=\"twitter:data1\" content=\"David Andr\u00e9s Aguirre\" \/>\n\t<meta name=\"twitter:label2\" content=\"Tiempo de lectura\" \/>\n\t<meta name=\"twitter:data2\" content=\"1 minuto\" \/>\n<script type=\"application\/ld+json\" class=\"yoast-schema-graph\">{\"@context\":\"https:\/\/schema.org\",\"@graph\":[{\"@type\":\"WebPage\",\"@id\":\"https:\/\/ciudadyregion.com.co\/index.php\/que-no-se-le-olvide-asi-quedara-el-pico-y-placa-de-ibague-a-partir-de-julio\/ibague\/\",\"url\":\"https:\/\/ciudadyregion.com.co\/index.php\/que-no-se-le-olvide-asi-quedara-el-pico-y-placa-de-ibague-a-partir-de-julio\/ibague\/\",\"name\":\"\u00a1Que no se le olvide! As\u00ed quedar\u00e1 el pico y placa de Ibagu\u00e9 a partir de julio - Ciudad y Region\",\"isPartOf\":{\"@id\":\"https:\/\/ciudadyregion.com.co\/#website\"},\"primaryImageOfPage\":{\"@id\":\"https:\/\/ciudadyregion.com.co\/index.php\/que-no-se-le-olvide-asi-quedara-el-pico-y-placa-de-ibague-a-partir-de-julio\/ibague\/#primaryimage\"},\"image\":{\"@id\":\"https:\/\/ciudadyregion.com.co\/index.php\/que-no-se-le-olvide-asi-quedara-el-pico-y-placa-de-ibague-a-partir-de-julio\/ibague\/#primaryimage\"},\"thumbnailUrl\":\"https:\/\/i0.wp.com\/ciudadyregion.com.co\/wp-content\/uploads\/2023\/11\/8-Transito.jpg?fit=800%2C445&ssl=1\",\"datePublished\":\"2024-06-05T09:50:37+00:00\",\"dateModified\":\"2024-06-05T03:51:12+00:00\",\"author\":{\"@id\":\"https:\/\/ciudadyregion.com.co\/#\/schema\/person\/04a4954373ebc4051f46e8c65ff78622\"},\"breadcrumb\":{\"@id\":\"https:\/\/ciudadyregion.com.co\/index.php\/que-no-se-le-olvide-asi-quedara-el-pico-y-placa-de-ibague-a-partir-de-julio\/ibague\/#breadcrumb\"},\"inLanguage\":\"es\",\"potentialAction\":[{\"@type\":\"ReadAction\",\"target\":[\"https:\/\/ciudadyregion.com.co\/index.php\/que-no-se-le-olvide-asi-quedara-el-pico-y-placa-de-ibague-a-partir-de-julio\/ibague\/\"]}]},{\"@type\":\"ImageObject\",\"inLanguage\":\"es\",\"@id\":\"https:\/\/ciudadyregion.com.co\/index.php\/que-no-se-le-olvide-asi-quedara-el-pico-y-placa-de-ibague-a-partir-de-julio\/ibague\/#primaryimage\",\"url\":\"https:\/\/i0.wp.com\/ciudadyregion.com.co\/wp-content\/uploads\/2023\/11\/8-Transito.jpg?fit=800%2C445&ssl=1\",\"contentUrl\":\"https:\/\/i0.wp.com\/ciudadyregion.com.co\/wp-content\/uploads\/2023\/11\/8-Transito.jpg?fit=800%2C445&ssl=1\",\"width\":800,\"height\":445},{\"@type\":\"BreadcrumbList\",\"@id\":\"https:\/\/ciudadyregion.com.co\/index.php\/que-no-se-le-olvide-asi-quedara-el-pico-y-placa-de-ibague-a-partir-de-julio\/ibague\/#breadcrumb\",\"itemListElement\":[{\"@type\":\"ListItem\",\"position\":1,\"name\":\"Portada\",\"item\":\"https:\/\/ciudadyregion.com.co\/\"},{\"@type\":\"ListItem\",\"position\":2,\"name\":\"\u00a1Que no se le olvide! As\u00ed quedar\u00e1 el pico y placa de Ibagu\u00e9 a partir de julio\"}]},{\"@type\":\"WebSite\",\"@id\":\"https:\/\/ciudadyregion.com.co\/#website\",\"url\":\"https:\/\/ciudadyregion.com.co\/\",\"name\":\"Ciudad y Region\",\"description\":\"\",\"potentialAction\":[{\"@type\":\"SearchAction\",\"target\":{\"@type\":\"EntryPoint\",\"urlTemplate\":\"https:\/\/ciudadyregion.com.co\/?s={search_term_string}\"},\"query-input\":{\"@type\":\"PropertyValueSpecification\",\"valueRequired\":true,\"valueName\":\"search_term_string\"}}],\"inLanguage\":\"es\"},{\"@type\":\"Person\",\"@id\":\"https:\/\/ciudadyregion.com.co\/#\/schema\/person\/04a4954373ebc4051f46e8c65ff78622\",\"name\":\"David Andr\u00e9s Aguirre\",\"image\":{\"@type\":\"ImageObject\",\"inLanguage\":\"es\",\"@id\":\"https:\/\/ciudadyregion.com.co\/#\/schema\/person\/image\/\",\"url\":\"https:\/\/secure.gravatar.com\/avatar\/bc3c655860202182ee6d1b5edd042dbe?s=96&d=mm&r=g\",\"contentUrl\":\"https:\/\/secure.gravatar.com\/avatar\/bc3c655860202182ee6d1b5edd042dbe?s=96&d=mm&r=g\",\"caption\":\"David Andr\u00e9s Aguirre\"},\"url\":\"https:\/\/ciudadyregion.com.co\/index.php\/author\/diegoaguirre\/\"}]}<\/script>\n<!-- \/ Yoast SEO plugin. -->","yoast_head_json":{"title":"\u00a1Que no se le olvide! As\u00ed quedar\u00e1 el pico y placa de Ibagu\u00e9 a partir de julio - Ciudad y Region","robots":{"index":"index","follow":"follow","max-snippet":"max-snippet:-1","max-image-preview":"max-image-preview:large","max-video-preview":"max-video-preview:-1"},"canonical":"https:\/\/ciudadyregion.com.co\/index.php\/que-no-se-le-olvide-asi-quedara-el-pico-y-placa-de-ibague-a-partir-de-julio\/ibague\/","og_locale":"es_ES","og_type":"article","og_title":"\u00a1Que no se le olvide! As\u00ed quedar\u00e1 el pico y placa de Ibagu\u00e9 a partir de julio - Ciudad y Region","og_description":"La Alcald\u00eda de Ibagu\u00e9 anunci\u00f3 que, a partir del pr\u00f3ximo primero de julio, el pico y placa cambiar\u00e1 en la capital tolimense. \u00a0 Seg\u00fan el Decreto 0155 del 6 de febrero de 2024, la medida tendr\u00e1 una modificaci\u00f3n en la rotaci\u00f3n de n\u00fameros y quedar\u00e1 de la siguiente manera: LUNES:Continuar Leyendo","og_url":"https:\/\/ciudadyregion.com.co\/index.php\/que-no-se-le-olvide-asi-quedara-el-pico-y-placa-de-ibague-a-partir-de-julio\/ibague\/","og_site_name":"Ciudad y Region","article_published_time":"2024-06-05T09:50:37+00:00","article_modified_time":"2024-06-05T03:51:12+00:00","og_image":[{"width":800,"height":445,"url":"https:\/\/i0.wp.com\/ciudadyregion.com.co\/wp-content\/uploads\/2023\/11\/8-Transito.jpg?fit=800%2C445&ssl=1","type":"image\/jpeg"}],"author":"David Andr\u00e9s Aguirre","twitter_card":"summary_large_image","twitter_misc":{"Escrito por":"David Andr\u00e9s Aguirre","Tiempo de lectura":"1 minuto"},"schema":{"@context":"https:\/\/schema.org","@graph":[{"@type":"WebPage","@id":"https:\/\/ciudadyregion.com.co\/index.php\/que-no-se-le-olvide-asi-quedara-el-pico-y-placa-de-ibague-a-partir-de-julio\/ibague\/","url":"https:\/\/ciudadyregion.com.co\/index.php\/que-no-se-le-olvide-asi-quedara-el-pico-y-placa-de-ibague-a-partir-de-julio\/ibague\/","name":"\u00a1Que no se le olvide! As\u00ed quedar\u00e1 el pico y placa de Ibagu\u00e9 a partir de julio - Ciudad y Region","isPartOf":{"@id":"https:\/\/ciudadyregion.com.co\/#website"},"primaryImageOfPage":{"@id":"https:\/\/ciudadyregion.com.co\/index.php\/que-no-se-le-olvide-asi-quedara-el-pico-y-placa-de-ibague-a-partir-de-julio\/ibague\/#primaryimage"},"image":{"@id":"https:\/\/ciudadyregion.com.co\/index.php\/que-no-se-le-olvide-asi-quedara-el-pico-y-placa-de-ibague-a-partir-de-julio\/ibague\/#primaryimage"},"thumbnailUrl":"https:\/\/i0.wp.com\/ciudadyregion.com.co\/wp-content\/uploads\/2023\/11\/8-Transito.jpg?fit=800%2C445&ssl=1","datePublished":"2024-06-05T09:50:37+00:00","dateModified":"2024-06-05T03:51:12+00:00","author":{"@id":"https:\/\/ciudadyregion.com.co\/#\/schema\/person\/04a4954373ebc4051f46e8c65ff78622"},"breadcrumb":{"@id":"https:\/\/ciudadyregion.com.co\/index.php\/que-no-se-le-olvide-asi-quedara-el-pico-y-placa-de-ibague-a-partir-de-julio\/ibague\/#breadcrumb"},"inLanguage":"es","potentialAction":[{"@type":"ReadAction","target":["https:\/\/ciudadyregion.com.co\/index.php\/que-no-se-le-olvide-asi-quedara-el-pico-y-placa-de-ibague-a-partir-de-julio\/ibague\/"]}]},{"@type":"ImageObject","inLanguage":"es","@id":"https:\/\/ciudadyregion.com.co\/index.php\/que-no-se-le-olvide-asi-quedara-el-pico-y-placa-de-ibague-a-partir-de-julio\/ibague\/#primaryimage","url":"https:\/\/i0.wp.com\/ciudadyregion.com.co\/wp-content\/uploads\/2023\/11\/8-Transito.jpg?fit=800%2C445&ssl=1","contentUrl":"https:\/\/i0.wp.com\/ciudadyregion.com.co\/wp-content\/uploads\/2023\/11\/8-Transito.jpg?fit=800%2C445&ssl=1","width":800,"height":445},{"@type":"BreadcrumbList","@id":"https:\/\/ciudadyregion.com.co\/index.php\/que-no-se-le-olvide-asi-quedara-el-pico-y-placa-de-ibague-a-partir-de-julio\/ibague\/#breadcrumb","itemListElement":[{"@type":"ListItem","position":1,"name":"Portada","item":"https:\/\/ciudadyregion.com.co\/"},{"@type":"ListItem","position":2,"name":"\u00a1Que no se le olvide! As\u00ed quedar\u00e1 el pico y placa de Ibagu\u00e9 a partir de julio"}]},{"@type":"WebSite","@id":"https:\/\/ciudadyregion.com.co\/#website","url":"https:\/\/ciudadyregion.com.co\/","name":"Ciudad y Region","description":"","potentialAction":[{"@type":"SearchAction","target":{"@type":"EntryPoint","urlTemplate":"https:\/\/ciudadyregion.com.co\/?s={search_term_string}"},"query-input":{"@type":"PropertyValueSpecification","valueRequired":true,"valueName":"search_term_string"}}],"inLanguage":"es"},{"@type":"Person","@id":"https:\/\/ciudadyregion.com.co\/#\/schema\/person\/04a4954373ebc4051f46e8c65ff78622","name":"David Andr\u00e9s Aguirre","image":{"@type":"ImageObject","inLanguage":"es","@id":"https:\/\/ciudadyregion.com.co\/#\/schema\/person\/image\/","url":"https:\/\/secure.gravatar.com\/avatar\/bc3c655860202182ee6d1b5edd042dbe?s=96&d=mm&r=g","contentUrl":"https:\/\/secure.gravatar.com\/avatar\/bc3c655860202182ee6d1b5edd042dbe?s=96&d=mm&r=g","caption":"David Andr\u00e9s Aguirre"},"url":"https:\/\/ciudadyregion.com.co\/index.php\/author\/diegoaguirre\/"}]}},"jetpack_featured_media_url":"https:\/\/i0.wp.com\/ciudadyregion.com.co\/wp-content\/uploads\/2023\/11\/8-Transito.jpg?fit=800%2C445&ssl=1","jetpack_sharing_enabled":true,"jetpack_shortlink":"https:\/\/wp.me\/pbS7hh-42P","jetpack-related-posts":[],"_links":{"self":[{"href":"https:\/\/ciudadyregion.com.co\/index.php\/wp-json\/wp\/v2\/posts\/15551"}],"collection":[{"href":"https:\/\/ciudadyregion.com.co\/index.php\/wp-json\/wp\/v2\/posts"}],"about":[{"href":"https:\/\/ciudadyregion.com.co\/index.php\/wp-json\/wp\/v2\/types\/post"}],"author":[{"embeddable":true,"href":"https:\/\/ciudadyregion.com.co\/index.php\/wp-json\/wp\/v2\/users\/2"}],"replies":[{"embeddable":true,"href":"https:\/\/ciudadyregion.com.co\/index.php\/wp-json\/wp\/v2\/comments?post=15551"}],"version-history":[{"count":1,"href":"https:\/\/ciudadyregion.com.co\/index.php\/wp-json\/wp\/v2\/posts\/15551\/revisions"}],"predecessor-version":[{"id":15552,"href":"https:\/\/ciudadyregion.com.co\/index.php\/wp-json\/wp\/v2\/posts\/15551\/revisions\/15552"}],"wp:featuredmedia":[{"embeddable":true,"href":"https:\/\/ciudadyregion.com.co\/index.php\/wp-json\/wp\/v2\/media\/1004"}],"wp:attachment":[{"href":"https:\/\/ciudadyregion.com.co\/index.php\/wp-json\/wp\/v2\/media?parent=15551"}],"wp:term":[{"taxonomy":"category","embeddable":true,"href":"https:\/\/ciudadyregion.com.co\/index.php\/wp-json\/wp\/v2\/categories?post=15551"},{"taxonomy":"post_tag","embeddable":true,"href":"https:\/\/ciudadyregion.com.co\/index.php\/wp-json\/wp\/v2\/tags?post=15551"}],"curies":[{"name":"wp","href":"https:\/\/api.w.org\/{rel}","templated":true}]}}