{"id":15545,"date":"2024-06-05T04:43:24","date_gmt":"2024-06-05T09:43:24","guid":{"rendered":"https:\/\/ciudadyregion.com.co\/?p=15545"},"modified":"2024-06-04T22:44:04","modified_gmt":"2024-06-05T03:44:04","slug":"capturaron-a-fabrianny-en-lerida-por-homicidio-agravado","status":"publish","type":"post","link":"https:\/\/ciudadyregion.com.co\/index.php\/capturaron-a-fabrianny-en-lerida-por-homicidio-agravado\/judicial\/","title":{"rendered":"Capturaron a &#8216;Fabrianny&#8217; en L\u00e9rida por homicidio agravado"},"content":{"rendered":"<ul>\n<li><em><strong>El capturado fue dejado a disposici\u00f3n de autoridad competente, el cual despu\u00e9s de audiencia fue cobijado con medida de aseguramiento intramural.<\/strong><\/em><\/li>\n<li><em><strong>A esta hora contin\u00faan los operativos contra el delito en todo el departamento.<\/strong><\/em><\/li>\n<\/ul>\n<p>En desarrollo a la estrategia integral contra el delito en especial el homicidio, el departamento de Polic\u00eda Tolima en las \u00faltimas horas con personal de la unidad b\u00e1sica de investigaci\u00f3n criminal Sijin de la estaci\u00f3n de Polic\u00eda L\u00e9rida e inteligencia con apoyo del Ej\u00e9rcito Nacional Batall\u00f3n Patriotas, lograron la captura de un sujeto requerido por el delito de homicidio agravado.<\/p>\n<p>El hecho se present\u00f3 sobre las 07:46 de la ma\u00f1ana, gracias a labores investigativas y de polic\u00eda judicial que permitieron que los uniformados llegaran hasta el parque principal del municipio de L\u00e9rida, lugar donde se logr\u00f3 la materializaci\u00f3n y captura de un sujeto conocido como \u2018Fabrianny\u2019, a quienes le figuraba orden vigente, expedida por el juzgado segundo promiscuo municipal de L\u00e9rida, por el delito antes en menci\u00f3n.<\/p>\n<p>El capturado fue dejado a disposici\u00f3n de la autoridad solicitante, el cual despu\u00e9s de audiencia virtual fue cobijado con medida de aseguramiento en centro penitenciario y carcelario.<\/p>\n<p>Cabe anotar que esta captura se da como resultado de una importante investigaci\u00f3n adelanta bajo coordinaci\u00f3n de la Fiscal\u00eda N\u00b011 de vida de Ibagu\u00e9, por hechos presentados el pasado 06 de febrero del a\u00f1o en curso, en zona rural de L\u00e9rida, lugar donde producto de m\u00faltiples lesiones con arma cortopunzante (machete), pierde la vida una persona de sexo masculino.<\/p>\n","protected":false},"excerpt":{"rendered":"<p>El capturado fue dejado a disposici\u00f3n de autoridad competente, el cual despu\u00e9s de audiencia fue cobijado con medida de aseguramiento intramural. A esta hora contin\u00faan los operativos contra el delito en todo el departamento. En desarrollo a la estrategia integral contra el delito en especial el homicidio, el departamento de<span class=\"more-link\"><a href=\"https:\/\/ciudadyregion.com.co\/index.php\/capturaron-a-fabrianny-en-lerida-por-homicidio-agravado\/judicial\/\">Continuar Leyendo<\/a><\/span><\/p>\n","protected":false},"author":2,"featured_media":15546,"comment_status":"open","ping_status":"open","sticky":false,"template":"","format":"standard","meta":{"_uf_show_specific_survey":0,"_uf_disable_surveys":false,"_jetpack_memberships_contains_paid_content":false,"footnotes":"","jetpack_publicize_message":"","jetpack_publicize_feature_enabled":true,"jetpack_social_post_already_shared":true,"jetpack_social_options":{"image_generator_settings":{"template":"highway","enabled":false},"version":2}},"categories":[18],"tags":[],"class_list":["entry","author-diegoaguirre","post-15545","post","type-post","status-publish","format-standard","has-post-thumbnail","category-judicial"],"jetpack_publicize_connections":[],"yoast_head":"<!-- This site is optimized with the Yoast SEO plugin v24.3 - https:\/\/yoast.com\/wordpress\/plugins\/seo\/ -->\n<title>Capturaron a &#039;Fabrianny&#039; en L\u00e9rida por homicidio agravado - Ciudad y Region<\/title>\n<meta name=\"robots\" content=\"index, follow, max-snippet:-1, max-image-preview:large, max-video-preview:-1\" \/>\n<link rel=\"canonical\" href=\"https:\/\/ciudadyregion.com.co\/index.php\/capturaron-a-fabrianny-en-lerida-por-homicidio-agravado\/judicial\/\" \/>\n<meta property=\"og:locale\" content=\"es_ES\" \/>\n<meta property=\"og:type\" content=\"article\" \/>\n<meta property=\"og:title\" content=\"Capturaron a &#039;Fabrianny&#039; en L\u00e9rida por homicidio agravado - Ciudad y Region\" \/>\n<meta property=\"og:description\" content=\"El capturado fue dejado a disposici\u00f3n de autoridad competente, el cual despu\u00e9s de audiencia fue cobijado con medida de aseguramiento intramural. A esta hora contin\u00faan los operativos contra el delito en todo el departamento. En desarrollo a la estrategia integral contra el delito en especial el homicidio, el departamento deContinuar Leyendo\" \/>\n<meta property=\"og:url\" content=\"https:\/\/ciudadyregion.com.co\/index.php\/capturaron-a-fabrianny-en-lerida-por-homicidio-agravado\/judicial\/\" \/>\n<meta property=\"og:site_name\" content=\"Ciudad y Region\" \/>\n<meta property=\"article:published_time\" content=\"2024-06-05T09:43:24+00:00\" \/>\n<meta property=\"article:modified_time\" content=\"2024-06-05T03:44:04+00:00\" \/>\n<meta property=\"og:image\" content=\"https:\/\/i0.wp.com\/ciudadyregion.com.co\/wp-content\/uploads\/2024\/06\/9.jpg?fit=800%2C445&ssl=1\" \/>\n\t<meta property=\"og:image:width\" content=\"800\" \/>\n\t<meta property=\"og:image:height\" content=\"445\" \/>\n\t<meta property=\"og:image:type\" content=\"image\/jpeg\" \/>\n<meta name=\"author\" content=\"David Andr\u00e9s Aguirre\" \/>\n<meta name=\"twitter:card\" content=\"summary_large_image\" \/>\n<meta name=\"twitter:label1\" content=\"Escrito por\" \/>\n\t<meta name=\"twitter:data1\" content=\"David Andr\u00e9s Aguirre\" \/>\n\t<meta name=\"twitter:label2\" content=\"Tiempo de lectura\" \/>\n\t<meta name=\"twitter:data2\" content=\"2 minutos\" \/>\n<script type=\"application\/ld+json\" class=\"yoast-schema-graph\">{\"@context\":\"https:\/\/schema.org\",\"@graph\":[{\"@type\":\"WebPage\",\"@id\":\"https:\/\/ciudadyregion.com.co\/index.php\/capturaron-a-fabrianny-en-lerida-por-homicidio-agravado\/judicial\/\",\"url\":\"https:\/\/ciudadyregion.com.co\/index.php\/capturaron-a-fabrianny-en-lerida-por-homicidio-agravado\/judicial\/\",\"name\":\"Capturaron a 'Fabrianny' en L\u00e9rida por homicidio agravado - Ciudad y Region\",\"isPartOf\":{\"@id\":\"https:\/\/ciudadyregion.com.co\/#website\"},\"primaryImageOfPage\":{\"@id\":\"https:\/\/ciudadyregion.com.co\/index.php\/capturaron-a-fabrianny-en-lerida-por-homicidio-agravado\/judicial\/#primaryimage\"},\"image\":{\"@id\":\"https:\/\/ciudadyregion.com.co\/index.php\/capturaron-a-fabrianny-en-lerida-por-homicidio-agravado\/judicial\/#primaryimage\"},\"thumbnailUrl\":\"https:\/\/i0.wp.com\/ciudadyregion.com.co\/wp-content\/uploads\/2024\/06\/9.jpg?fit=800%2C445&ssl=1\",\"datePublished\":\"2024-06-05T09:43:24+00:00\",\"dateModified\":\"2024-06-05T03:44:04+00:00\",\"author\":{\"@id\":\"https:\/\/ciudadyregion.com.co\/#\/schema\/person\/04a4954373ebc4051f46e8c65ff78622\"},\"breadcrumb\":{\"@id\":\"https:\/\/ciudadyregion.com.co\/index.php\/capturaron-a-fabrianny-en-lerida-por-homicidio-agravado\/judicial\/#breadcrumb\"},\"inLanguage\":\"es\",\"potentialAction\":[{\"@type\":\"ReadAction\",\"target\":[\"https:\/\/ciudadyregion.com.co\/index.php\/capturaron-a-fabrianny-en-lerida-por-homicidio-agravado\/judicial\/\"]}]},{\"@type\":\"ImageObject\",\"inLanguage\":\"es\",\"@id\":\"https:\/\/ciudadyregion.com.co\/index.php\/capturaron-a-fabrianny-en-lerida-por-homicidio-agravado\/judicial\/#primaryimage\",\"url\":\"https:\/\/i0.wp.com\/ciudadyregion.com.co\/wp-content\/uploads\/2024\/06\/9.jpg?fit=800%2C445&ssl=1\",\"contentUrl\":\"https:\/\/i0.wp.com\/ciudadyregion.com.co\/wp-content\/uploads\/2024\/06\/9.jpg?fit=800%2C445&ssl=1\",\"width\":800,\"height\":445},{\"@type\":\"BreadcrumbList\",\"@id\":\"https:\/\/ciudadyregion.com.co\/index.php\/capturaron-a-fabrianny-en-lerida-por-homicidio-agravado\/judicial\/#breadcrumb\",\"itemListElement\":[{\"@type\":\"ListItem\",\"position\":1,\"name\":\"Portada\",\"item\":\"https:\/\/ciudadyregion.com.co\/\"},{\"@type\":\"ListItem\",\"position\":2,\"name\":\"Capturaron a &#8216;Fabrianny&#8217; en L\u00e9rida por homicidio agravado\"}]},{\"@type\":\"WebSite\",\"@id\":\"https:\/\/ciudadyregion.com.co\/#website\",\"url\":\"https:\/\/ciudadyregion.com.co\/\",\"name\":\"Ciudad y Region\",\"description\":\"\",\"potentialAction\":[{\"@type\":\"SearchAction\",\"target\":{\"@type\":\"EntryPoint\",\"urlTemplate\":\"https:\/\/ciudadyregion.com.co\/?s={search_term_string}\"},\"query-input\":{\"@type\":\"PropertyValueSpecification\",\"valueRequired\":true,\"valueName\":\"search_term_string\"}}],\"inLanguage\":\"es\"},{\"@type\":\"Person\",\"@id\":\"https:\/\/ciudadyregion.com.co\/#\/schema\/person\/04a4954373ebc4051f46e8c65ff78622\",\"name\":\"David Andr\u00e9s Aguirre\",\"image\":{\"@type\":\"ImageObject\",\"inLanguage\":\"es\",\"@id\":\"https:\/\/ciudadyregion.com.co\/#\/schema\/person\/image\/\",\"url\":\"https:\/\/secure.gravatar.com\/avatar\/bc3c655860202182ee6d1b5edd042dbe?s=96&d=mm&r=g\",\"contentUrl\":\"https:\/\/secure.gravatar.com\/avatar\/bc3c655860202182ee6d1b5edd042dbe?s=96&d=mm&r=g\",\"caption\":\"David Andr\u00e9s Aguirre\"},\"url\":\"https:\/\/ciudadyregion.com.co\/index.php\/author\/diegoaguirre\/\"}]}<\/script>\n<!-- \/ Yoast SEO plugin. -->","yoast_head_json":{"title":"Capturaron a 'Fabrianny' en L\u00e9rida por homicidio agravado - Ciudad y Region","robots":{"index":"index","follow":"follow","max-snippet":"max-snippet:-1","max-image-preview":"max-image-preview:large","max-video-preview":"max-video-preview:-1"},"canonical":"https:\/\/ciudadyregion.com.co\/index.php\/capturaron-a-fabrianny-en-lerida-por-homicidio-agravado\/judicial\/","og_locale":"es_ES","og_type":"article","og_title":"Capturaron a 'Fabrianny' en L\u00e9rida por homicidio agravado - Ciudad y Region","og_description":"El capturado fue dejado a disposici\u00f3n de autoridad competente, el cual despu\u00e9s de audiencia fue cobijado con medida de aseguramiento intramural. A esta hora contin\u00faan los operativos contra el delito en todo el departamento. En desarrollo a la estrategia integral contra el delito en especial el homicidio, el departamento deContinuar Leyendo","og_url":"https:\/\/ciudadyregion.com.co\/index.php\/capturaron-a-fabrianny-en-lerida-por-homicidio-agravado\/judicial\/","og_site_name":"Ciudad y Region","article_published_time":"2024-06-05T09:43:24+00:00","article_modified_time":"2024-06-05T03:44:04+00:00","og_image":[{"width":800,"height":445,"url":"https:\/\/i0.wp.com\/ciudadyregion.com.co\/wp-content\/uploads\/2024\/06\/9.jpg?fit=800%2C445&ssl=1","type":"image\/jpeg"}],"author":"David Andr\u00e9s Aguirre","twitter_card":"summary_large_image","twitter_misc":{"Escrito por":"David Andr\u00e9s Aguirre","Tiempo de lectura":"2 minutos"},"schema":{"@context":"https:\/\/schema.org","@graph":[{"@type":"WebPage","@id":"https:\/\/ciudadyregion.com.co\/index.php\/capturaron-a-fabrianny-en-lerida-por-homicidio-agravado\/judicial\/","url":"https:\/\/ciudadyregion.com.co\/index.php\/capturaron-a-fabrianny-en-lerida-por-homicidio-agravado\/judicial\/","name":"Capturaron a 'Fabrianny' en L\u00e9rida por homicidio agravado - Ciudad y Region","isPartOf":{"@id":"https:\/\/ciudadyregion.com.co\/#website"},"primaryImageOfPage":{"@id":"https:\/\/ciudadyregion.com.co\/index.php\/capturaron-a-fabrianny-en-lerida-por-homicidio-agravado\/judicial\/#primaryimage"},"image":{"@id":"https:\/\/ciudadyregion.com.co\/index.php\/capturaron-a-fabrianny-en-lerida-por-homicidio-agravado\/judicial\/#primaryimage"},"thumbnailUrl":"https:\/\/i0.wp.com\/ciudadyregion.com.co\/wp-content\/uploads\/2024\/06\/9.jpg?fit=800%2C445&ssl=1","datePublished":"2024-06-05T09:43:24+00:00","dateModified":"2024-06-05T03:44:04+00:00","author":{"@id":"https:\/\/ciudadyregion.com.co\/#\/schema\/person\/04a4954373ebc4051f46e8c65ff78622"},"breadcrumb":{"@id":"https:\/\/ciudadyregion.com.co\/index.php\/capturaron-a-fabrianny-en-lerida-por-homicidio-agravado\/judicial\/#breadcrumb"},"inLanguage":"es","potentialAction":[{"@type":"ReadAction","target":["https:\/\/ciudadyregion.com.co\/index.php\/capturaron-a-fabrianny-en-lerida-por-homicidio-agravado\/judicial\/"]}]},{"@type":"ImageObject","inLanguage":"es","@id":"https:\/\/ciudadyregion.com.co\/index.php\/capturaron-a-fabrianny-en-lerida-por-homicidio-agravado\/judicial\/#primaryimage","url":"https:\/\/i0.wp.com\/ciudadyregion.com.co\/wp-content\/uploads\/2024\/06\/9.jpg?fit=800%2C445&ssl=1","contentUrl":"https:\/\/i0.wp.com\/ciudadyregion.com.co\/wp-content\/uploads\/2024\/06\/9.jpg?fit=800%2C445&ssl=1","width":800,"height":445},{"@type":"BreadcrumbList","@id":"https:\/\/ciudadyregion.com.co\/index.php\/capturaron-a-fabrianny-en-lerida-por-homicidio-agravado\/judicial\/#breadcrumb","itemListElement":[{"@type":"ListItem","position":1,"name":"Portada","item":"https:\/\/ciudadyregion.com.co\/"},{"@type":"ListItem","position":2,"name":"Capturaron a &#8216;Fabrianny&#8217; en L\u00e9rida por homicidio agravado"}]},{"@type":"WebSite","@id":"https:\/\/ciudadyregion.com.co\/#website","url":"https:\/\/ciudadyregion.com.co\/","name":"Ciudad y Region","description":"","potentialAction":[{"@type":"SearchAction","target":{"@type":"EntryPoint","urlTemplate":"https:\/\/ciudadyregion.com.co\/?s={search_term_string}"},"query-input":{"@type":"PropertyValueSpecification","valueRequired":true,"valueName":"search_term_string"}}],"inLanguage":"es"},{"@type":"Person","@id":"https:\/\/ciudadyregion.com.co\/#\/schema\/person\/04a4954373ebc4051f46e8c65ff78622","name":"David Andr\u00e9s Aguirre","image":{"@type":"ImageObject","inLanguage":"es","@id":"https:\/\/ciudadyregion.com.co\/#\/schema\/person\/image\/","url":"https:\/\/secure.gravatar.com\/avatar\/bc3c655860202182ee6d1b5edd042dbe?s=96&d=mm&r=g","contentUrl":"https:\/\/secure.gravatar.com\/avatar\/bc3c655860202182ee6d1b5edd042dbe?s=96&d=mm&r=g","caption":"David Andr\u00e9s Aguirre"},"url":"https:\/\/ciudadyregion.com.co\/index.php\/author\/diegoaguirre\/"}]}},"jetpack_featured_media_url":"https:\/\/i0.wp.com\/ciudadyregion.com.co\/wp-content\/uploads\/2024\/06\/9.jpg?fit=800%2C445&ssl=1","jetpack_sharing_enabled":true,"jetpack_shortlink":"https:\/\/wp.me\/pbS7hh-42J","jetpack-related-posts":[],"_links":{"self":[{"href":"https:\/\/ciudadyregion.com.co\/index.php\/wp-json\/wp\/v2\/posts\/15545"}],"collection":[{"href":"https:\/\/ciudadyregion.com.co\/index.php\/wp-json\/wp\/v2\/posts"}],"about":[{"href":"https:\/\/ciudadyregion.com.co\/index.php\/wp-json\/wp\/v2\/types\/post"}],"author":[{"embeddable":true,"href":"https:\/\/ciudadyregion.com.co\/index.php\/wp-json\/wp\/v2\/users\/2"}],"replies":[{"embeddable":true,"href":"https:\/\/ciudadyregion.com.co\/index.php\/wp-json\/wp\/v2\/comments?post=15545"}],"version-history":[{"count":1,"href":"https:\/\/ciudadyregion.com.co\/index.php\/wp-json\/wp\/v2\/posts\/15545\/revisions"}],"predecessor-version":[{"id":15547,"href":"https:\/\/ciudadyregion.com.co\/index.php\/wp-json\/wp\/v2\/posts\/15545\/revisions\/15547"}],"wp:featuredmedia":[{"embeddable":true,"href":"https:\/\/ciudadyregion.com.co\/index.php\/wp-json\/wp\/v2\/media\/15546"}],"wp:attachment":[{"href":"https:\/\/ciudadyregion.com.co\/index.php\/wp-json\/wp\/v2\/media?parent=15545"}],"wp:term":[{"taxonomy":"category","embeddable":true,"href":"https:\/\/ciudadyregion.com.co\/index.php\/wp-json\/wp\/v2\/categories?post=15545"},{"taxonomy":"post_tag","embeddable":true,"href":"https:\/\/ciudadyregion.com.co\/index.php\/wp-json\/wp\/v2\/tags?post=15545"}],"curies":[{"name":"wp","href":"https:\/\/api.w.org\/{rel}","templated":true}]}}