{"id":1549,"date":"2023-11-09T11:17:19","date_gmt":"2023-11-09T16:17:19","guid":{"rendered":"https:\/\/ciudadyregion.com.co\/?p=1549"},"modified":"2023-11-09T11:17:19","modified_gmt":"2023-11-09T16:17:19","slug":"funcionarios-de-la-cancilleria-viajaran-a-haiti-para-conocer-situacion-de-los-17-colombianos-detenidos","status":"publish","type":"post","link":"https:\/\/ciudadyregion.com.co\/index.php\/funcionarios-de-la-cancilleria-viajaran-a-haiti-para-conocer-situacion-de-los-17-colombianos-detenidos\/internacional\/","title":{"rendered":"Funcionarios de la Canciller\u00eda viajar\u00e1n a Hait\u00ed para conocer situaci\u00f3n de los 17 colombianos detenidos"},"content":{"rendered":"<ul>\n<li>El Ministerio de Relaciones Exteriores se\u00f1al\u00f3 que, tras casi 20 a\u00f1os sin representaci\u00f3n diplom\u00e1tica en ese pa\u00eds, se inaugurar\u00e1 de manera oficial el consulado de Colombia en Puerto Pr\u00edncipe.<\/li>\n<\/ul>\n<p>El canciller \u00c1lvaro Leyva Dur\u00e1n viajar\u00e1 el pr\u00f3ximo 14 de diciembre a Hait\u00ed, donde tendr\u00e1 encuentros con las autoridades de ese pa\u00eds caribe\u00f1o y funcionarios de la Canciller\u00eda se trasladar\u00e1n a esa naci\u00f3n para conocer la situaci\u00f3n de los 17 ciudadanos colombianos detenidos por su presunta participaci\u00f3n en el asesinato del presidente haitiano, Jovenel Mo\u00efse, en 2021.<\/p>\n<p>As\u00ed lo inform\u00f3 el Ministerio de Relaciones Exteriores, luego de que el canciller Leyva se reuniera en Bogot\u00e1 con el encargado de negocios de Hait\u00ed en Colombia, Pierre Philippe Brunet.<\/p>\n<p>El canciller Leyva estar\u00e1 en ese pa\u00eds el 14 y el 15 de diciembre, junto con el vicedefensor del Pueblo, Jorge Calero; el embajador de Colombia en Rep\u00fablica Dominicana, Dar\u00edo Villamizar; y la jefa de la oficina asesora jur\u00eddica interna del Ministerio de Relaciones Exteriores, Francy Paola Ram\u00edrez.<\/p>\n<p>\u201cDurante la visita, se prev\u00e9 que el canciller sostenga un encuentro con Ariel Henry, primer ministro de Hait\u00ed, y con el ministro de Relaciones Exteriores de ese pa\u00eds caribe\u00f1o, Jean V\u00edctor Geneus\u00bb, indic\u00f3 la Canciller\u00eda.<\/p>\n<p>Agreg\u00f3 que \u201cadicionalmente, y tras casi 20 a\u00f1os sin representaci\u00f3n diplom\u00e1tica en ese pa\u00eds, se inaugurar\u00e1 de manera oficial el consulado en Puerto Pr\u00edncipe\u00bb.<\/p>\n<p>Leyva manifest\u00f3 que Colombia tiene una deuda hist\u00f3rica con el pueblo haitiano y expres\u00f3 su inter\u00e9s en fortalecer el relacionamiento con la Rep\u00fablica de Hait\u00ed.<\/p>\n<p>Precis\u00f3 que esta semana el coordinador del Grupo Interno de Trabajo de Asuntos Legales de la Canciller\u00eda, Andr\u00e9s Mendoza Paredes, viajar\u00e1 a Hait\u00ed para conocer de primera mano la situaci\u00f3n de los 17 connacionales privados de la libertad.<\/p>\n<p>\u201cDurante la visita del canciller Leyva a Hait\u00ed se buscar\u00e1 avanzar en mecanismos de cooperaci\u00f3n sobre temas de seguridad y defensa, drogas, comercio e inversi\u00f3n, turismo, conectividad a\u00e9rea, seguridad alimentaria, gesti\u00f3n del riesgo de desastres, protecci\u00f3n civil y asuntos migratorios\u00bb, indic\u00f3 la Canciller\u00eda.<\/p>\n","protected":false},"excerpt":{"rendered":"<p>El Ministerio de Relaciones Exteriores se\u00f1al\u00f3 que, tras casi 20 a\u00f1os sin representaci\u00f3n diplom\u00e1tica en ese pa\u00eds, se inaugurar\u00e1 de manera oficial el consulado de Colombia en Puerto Pr\u00edncipe. El canciller \u00c1lvaro Leyva Dur\u00e1n viajar\u00e1 el pr\u00f3ximo 14 de diciembre a Hait\u00ed, donde tendr\u00e1 encuentros con las autoridades de ese<span class=\"more-link\"><a href=\"https:\/\/ciudadyregion.com.co\/index.php\/funcionarios-de-la-cancilleria-viajaran-a-haiti-para-conocer-situacion-de-los-17-colombianos-detenidos\/internacional\/\">Continuar Leyendo<\/a><\/span><\/p>\n","protected":false},"author":2,"featured_media":1550,"comment_status":"open","ping_status":"open","sticky":false,"template":"","format":"standard","meta":{"_uf_show_specific_survey":0,"_uf_disable_surveys":false,"_jetpack_memberships_contains_paid_content":false,"footnotes":"","jetpack_publicize_message":"","jetpack_publicize_feature_enabled":true,"jetpack_social_post_already_shared":false,"jetpack_social_options":{"image_generator_settings":{"template":"highway","enabled":false},"version":2}},"categories":[20],"tags":[],"class_list":["entry","author-diegoaguirre","post-1549","post","type-post","status-publish","format-standard","has-post-thumbnail","category-internacional"],"jetpack_publicize_connections":[],"yoast_head":"<!-- This site is optimized with the Yoast SEO plugin v24.3 - https:\/\/yoast.com\/wordpress\/plugins\/seo\/ -->\n<title>Funcionarios de la Canciller\u00eda viajar\u00e1n a Hait\u00ed para conocer situaci\u00f3n de los 17 colombianos detenidos - Ciudad y Region<\/title>\n<meta name=\"robots\" content=\"index, follow, max-snippet:-1, max-image-preview:large, max-video-preview:-1\" \/>\n<link rel=\"canonical\" href=\"https:\/\/ciudadyregion.com.co\/index.php\/funcionarios-de-la-cancilleria-viajaran-a-haiti-para-conocer-situacion-de-los-17-colombianos-detenidos\/internacional\/\" \/>\n<meta property=\"og:locale\" content=\"es_ES\" \/>\n<meta property=\"og:type\" content=\"article\" \/>\n<meta property=\"og:title\" content=\"Funcionarios de la Canciller\u00eda viajar\u00e1n a Hait\u00ed para conocer situaci\u00f3n de los 17 colombianos detenidos - Ciudad y Region\" \/>\n<meta property=\"og:description\" content=\"El Ministerio de Relaciones Exteriores se\u00f1al\u00f3 que, tras casi 20 a\u00f1os sin representaci\u00f3n diplom\u00e1tica en ese pa\u00eds, se inaugurar\u00e1 de manera oficial el consulado de Colombia en Puerto Pr\u00edncipe. El canciller \u00c1lvaro Leyva Dur\u00e1n viajar\u00e1 el pr\u00f3ximo 14 de diciembre a Hait\u00ed, donde tendr\u00e1 encuentros con las autoridades de eseContinuar Leyendo\" \/>\n<meta property=\"og:url\" content=\"https:\/\/ciudadyregion.com.co\/index.php\/funcionarios-de-la-cancilleria-viajaran-a-haiti-para-conocer-situacion-de-los-17-colombianos-detenidos\/internacional\/\" \/>\n<meta property=\"og:site_name\" content=\"Ciudad y Region\" \/>\n<meta property=\"article:published_time\" content=\"2023-11-09T16:17:19+00:00\" \/>\n<meta property=\"og:image\" content=\"https:\/\/ciudadyregion.com.co\/wp-content\/uploads\/2023\/11\/5-8.jpg\" \/>\n\t<meta property=\"og:image:width\" content=\"800\" \/>\n\t<meta property=\"og:image:height\" content=\"445\" \/>\n\t<meta property=\"og:image:type\" content=\"image\/jpeg\" \/>\n<meta name=\"author\" content=\"David Andr\u00e9s Aguirre\" \/>\n<meta name=\"twitter:card\" content=\"summary_large_image\" \/>\n<meta name=\"twitter:label1\" content=\"Escrito por\" \/>\n\t<meta name=\"twitter:data1\" content=\"David Andr\u00e9s Aguirre\" \/>\n\t<meta name=\"twitter:label2\" content=\"Tiempo de lectura\" \/>\n\t<meta name=\"twitter:data2\" content=\"2 minutos\" \/>\n<script type=\"application\/ld+json\" class=\"yoast-schema-graph\">{\"@context\":\"https:\/\/schema.org\",\"@graph\":[{\"@type\":\"WebPage\",\"@id\":\"https:\/\/ciudadyregion.com.co\/index.php\/funcionarios-de-la-cancilleria-viajaran-a-haiti-para-conocer-situacion-de-los-17-colombianos-detenidos\/internacional\/\",\"url\":\"https:\/\/ciudadyregion.com.co\/index.php\/funcionarios-de-la-cancilleria-viajaran-a-haiti-para-conocer-situacion-de-los-17-colombianos-detenidos\/internacional\/\",\"name\":\"Funcionarios de la Canciller\u00eda viajar\u00e1n a Hait\u00ed para conocer situaci\u00f3n de los 17 colombianos detenidos - Ciudad y Region\",\"isPartOf\":{\"@id\":\"https:\/\/ciudadyregion.com.co\/#website\"},\"primaryImageOfPage\":{\"@id\":\"https:\/\/ciudadyregion.com.co\/index.php\/funcionarios-de-la-cancilleria-viajaran-a-haiti-para-conocer-situacion-de-los-17-colombianos-detenidos\/internacional\/#primaryimage\"},\"image\":{\"@id\":\"https:\/\/ciudadyregion.com.co\/index.php\/funcionarios-de-la-cancilleria-viajaran-a-haiti-para-conocer-situacion-de-los-17-colombianos-detenidos\/internacional\/#primaryimage\"},\"thumbnailUrl\":\"https:\/\/i0.wp.com\/ciudadyregion.com.co\/wp-content\/uploads\/2023\/11\/5-8.jpg?fit=800%2C445&ssl=1\",\"datePublished\":\"2023-11-09T16:17:19+00:00\",\"dateModified\":\"2023-11-09T16:17:19+00:00\",\"author\":{\"@id\":\"https:\/\/ciudadyregion.com.co\/#\/schema\/person\/04a4954373ebc4051f46e8c65ff78622\"},\"breadcrumb\":{\"@id\":\"https:\/\/ciudadyregion.com.co\/index.php\/funcionarios-de-la-cancilleria-viajaran-a-haiti-para-conocer-situacion-de-los-17-colombianos-detenidos\/internacional\/#breadcrumb\"},\"inLanguage\":\"es\",\"potentialAction\":[{\"@type\":\"ReadAction\",\"target\":[\"https:\/\/ciudadyregion.com.co\/index.php\/funcionarios-de-la-cancilleria-viajaran-a-haiti-para-conocer-situacion-de-los-17-colombianos-detenidos\/internacional\/\"]}]},{\"@type\":\"ImageObject\",\"inLanguage\":\"es\",\"@id\":\"https:\/\/ciudadyregion.com.co\/index.php\/funcionarios-de-la-cancilleria-viajaran-a-haiti-para-conocer-situacion-de-los-17-colombianos-detenidos\/internacional\/#primaryimage\",\"url\":\"https:\/\/i0.wp.com\/ciudadyregion.com.co\/wp-content\/uploads\/2023\/11\/5-8.jpg?fit=800%2C445&ssl=1\",\"contentUrl\":\"https:\/\/i0.wp.com\/ciudadyregion.com.co\/wp-content\/uploads\/2023\/11\/5-8.jpg?fit=800%2C445&ssl=1\",\"width\":800,\"height\":445},{\"@type\":\"BreadcrumbList\",\"@id\":\"https:\/\/ciudadyregion.com.co\/index.php\/funcionarios-de-la-cancilleria-viajaran-a-haiti-para-conocer-situacion-de-los-17-colombianos-detenidos\/internacional\/#breadcrumb\",\"itemListElement\":[{\"@type\":\"ListItem\",\"position\":1,\"name\":\"Portada\",\"item\":\"https:\/\/ciudadyregion.com.co\/\"},{\"@type\":\"ListItem\",\"position\":2,\"name\":\"Funcionarios de la Canciller\u00eda viajar\u00e1n a Hait\u00ed para conocer situaci\u00f3n de los 17 colombianos detenidos\"}]},{\"@type\":\"WebSite\",\"@id\":\"https:\/\/ciudadyregion.com.co\/#website\",\"url\":\"https:\/\/ciudadyregion.com.co\/\",\"name\":\"Ciudad y Region\",\"description\":\"\",\"potentialAction\":[{\"@type\":\"SearchAction\",\"target\":{\"@type\":\"EntryPoint\",\"urlTemplate\":\"https:\/\/ciudadyregion.com.co\/?s={search_term_string}\"},\"query-input\":{\"@type\":\"PropertyValueSpecification\",\"valueRequired\":true,\"valueName\":\"search_term_string\"}}],\"inLanguage\":\"es\"},{\"@type\":\"Person\",\"@id\":\"https:\/\/ciudadyregion.com.co\/#\/schema\/person\/04a4954373ebc4051f46e8c65ff78622\",\"name\":\"David Andr\u00e9s Aguirre\",\"image\":{\"@type\":\"ImageObject\",\"inLanguage\":\"es\",\"@id\":\"https:\/\/ciudadyregion.com.co\/#\/schema\/person\/image\/\",\"url\":\"https:\/\/secure.gravatar.com\/avatar\/bc3c655860202182ee6d1b5edd042dbe?s=96&d=mm&r=g\",\"contentUrl\":\"https:\/\/secure.gravatar.com\/avatar\/bc3c655860202182ee6d1b5edd042dbe?s=96&d=mm&r=g\",\"caption\":\"David Andr\u00e9s Aguirre\"},\"url\":\"https:\/\/ciudadyregion.com.co\/index.php\/author\/diegoaguirre\/\"}]}<\/script>\n<!-- \/ Yoast SEO plugin. -->","yoast_head_json":{"title":"Funcionarios de la Canciller\u00eda viajar\u00e1n a Hait\u00ed para conocer situaci\u00f3n de los 17 colombianos detenidos - Ciudad y Region","robots":{"index":"index","follow":"follow","max-snippet":"max-snippet:-1","max-image-preview":"max-image-preview:large","max-video-preview":"max-video-preview:-1"},"canonical":"https:\/\/ciudadyregion.com.co\/index.php\/funcionarios-de-la-cancilleria-viajaran-a-haiti-para-conocer-situacion-de-los-17-colombianos-detenidos\/internacional\/","og_locale":"es_ES","og_type":"article","og_title":"Funcionarios de la Canciller\u00eda viajar\u00e1n a Hait\u00ed para conocer situaci\u00f3n de los 17 colombianos detenidos - Ciudad y Region","og_description":"El Ministerio de Relaciones Exteriores se\u00f1al\u00f3 que, tras casi 20 a\u00f1os sin representaci\u00f3n diplom\u00e1tica en ese pa\u00eds, se inaugurar\u00e1 de manera oficial el consulado de Colombia en Puerto Pr\u00edncipe. El canciller \u00c1lvaro Leyva Dur\u00e1n viajar\u00e1 el pr\u00f3ximo 14 de diciembre a Hait\u00ed, donde tendr\u00e1 encuentros con las autoridades de eseContinuar Leyendo","og_url":"https:\/\/ciudadyregion.com.co\/index.php\/funcionarios-de-la-cancilleria-viajaran-a-haiti-para-conocer-situacion-de-los-17-colombianos-detenidos\/internacional\/","og_site_name":"Ciudad y Region","article_published_time":"2023-11-09T16:17:19+00:00","og_image":[{"width":800,"height":445,"url":"https:\/\/ciudadyregion.com.co\/wp-content\/uploads\/2023\/11\/5-8.jpg","type":"image\/jpeg"}],"author":"David Andr\u00e9s Aguirre","twitter_card":"summary_large_image","twitter_misc":{"Escrito por":"David Andr\u00e9s Aguirre","Tiempo de lectura":"2 minutos"},"schema":{"@context":"https:\/\/schema.org","@graph":[{"@type":"WebPage","@id":"https:\/\/ciudadyregion.com.co\/index.php\/funcionarios-de-la-cancilleria-viajaran-a-haiti-para-conocer-situacion-de-los-17-colombianos-detenidos\/internacional\/","url":"https:\/\/ciudadyregion.com.co\/index.php\/funcionarios-de-la-cancilleria-viajaran-a-haiti-para-conocer-situacion-de-los-17-colombianos-detenidos\/internacional\/","name":"Funcionarios de la Canciller\u00eda viajar\u00e1n a Hait\u00ed para conocer situaci\u00f3n de los 17 colombianos detenidos - Ciudad y Region","isPartOf":{"@id":"https:\/\/ciudadyregion.com.co\/#website"},"primaryImageOfPage":{"@id":"https:\/\/ciudadyregion.com.co\/index.php\/funcionarios-de-la-cancilleria-viajaran-a-haiti-para-conocer-situacion-de-los-17-colombianos-detenidos\/internacional\/#primaryimage"},"image":{"@id":"https:\/\/ciudadyregion.com.co\/index.php\/funcionarios-de-la-cancilleria-viajaran-a-haiti-para-conocer-situacion-de-los-17-colombianos-detenidos\/internacional\/#primaryimage"},"thumbnailUrl":"https:\/\/i0.wp.com\/ciudadyregion.com.co\/wp-content\/uploads\/2023\/11\/5-8.jpg?fit=800%2C445&ssl=1","datePublished":"2023-11-09T16:17:19+00:00","dateModified":"2023-11-09T16:17:19+00:00","author":{"@id":"https:\/\/ciudadyregion.com.co\/#\/schema\/person\/04a4954373ebc4051f46e8c65ff78622"},"breadcrumb":{"@id":"https:\/\/ciudadyregion.com.co\/index.php\/funcionarios-de-la-cancilleria-viajaran-a-haiti-para-conocer-situacion-de-los-17-colombianos-detenidos\/internacional\/#breadcrumb"},"inLanguage":"es","potentialAction":[{"@type":"ReadAction","target":["https:\/\/ciudadyregion.com.co\/index.php\/funcionarios-de-la-cancilleria-viajaran-a-haiti-para-conocer-situacion-de-los-17-colombianos-detenidos\/internacional\/"]}]},{"@type":"ImageObject","inLanguage":"es","@id":"https:\/\/ciudadyregion.com.co\/index.php\/funcionarios-de-la-cancilleria-viajaran-a-haiti-para-conocer-situacion-de-los-17-colombianos-detenidos\/internacional\/#primaryimage","url":"https:\/\/i0.wp.com\/ciudadyregion.com.co\/wp-content\/uploads\/2023\/11\/5-8.jpg?fit=800%2C445&ssl=1","contentUrl":"https:\/\/i0.wp.com\/ciudadyregion.com.co\/wp-content\/uploads\/2023\/11\/5-8.jpg?fit=800%2C445&ssl=1","width":800,"height":445},{"@type":"BreadcrumbList","@id":"https:\/\/ciudadyregion.com.co\/index.php\/funcionarios-de-la-cancilleria-viajaran-a-haiti-para-conocer-situacion-de-los-17-colombianos-detenidos\/internacional\/#breadcrumb","itemListElement":[{"@type":"ListItem","position":1,"name":"Portada","item":"https:\/\/ciudadyregion.com.co\/"},{"@type":"ListItem","position":2,"name":"Funcionarios de la Canciller\u00eda viajar\u00e1n a Hait\u00ed para conocer situaci\u00f3n de los 17 colombianos detenidos"}]},{"@type":"WebSite","@id":"https:\/\/ciudadyregion.com.co\/#website","url":"https:\/\/ciudadyregion.com.co\/","name":"Ciudad y Region","description":"","potentialAction":[{"@type":"SearchAction","target":{"@type":"EntryPoint","urlTemplate":"https:\/\/ciudadyregion.com.co\/?s={search_term_string}"},"query-input":{"@type":"PropertyValueSpecification","valueRequired":true,"valueName":"search_term_string"}}],"inLanguage":"es"},{"@type":"Person","@id":"https:\/\/ciudadyregion.com.co\/#\/schema\/person\/04a4954373ebc4051f46e8c65ff78622","name":"David Andr\u00e9s Aguirre","image":{"@type":"ImageObject","inLanguage":"es","@id":"https:\/\/ciudadyregion.com.co\/#\/schema\/person\/image\/","url":"https:\/\/secure.gravatar.com\/avatar\/bc3c655860202182ee6d1b5edd042dbe?s=96&d=mm&r=g","contentUrl":"https:\/\/secure.gravatar.com\/avatar\/bc3c655860202182ee6d1b5edd042dbe?s=96&d=mm&r=g","caption":"David Andr\u00e9s Aguirre"},"url":"https:\/\/ciudadyregion.com.co\/index.php\/author\/diegoaguirre\/"}]}},"jetpack_featured_media_url":"https:\/\/i0.wp.com\/ciudadyregion.com.co\/wp-content\/uploads\/2023\/11\/5-8.jpg?fit=800%2C445&ssl=1","jetpack_sharing_enabled":true,"jetpack_shortlink":"https:\/\/wp.me\/pbS7hh-oZ","jetpack-related-posts":[],"_links":{"self":[{"href":"https:\/\/ciudadyregion.com.co\/index.php\/wp-json\/wp\/v2\/posts\/1549"}],"collection":[{"href":"https:\/\/ciudadyregion.com.co\/index.php\/wp-json\/wp\/v2\/posts"}],"about":[{"href":"https:\/\/ciudadyregion.com.co\/index.php\/wp-json\/wp\/v2\/types\/post"}],"author":[{"embeddable":true,"href":"https:\/\/ciudadyregion.com.co\/index.php\/wp-json\/wp\/v2\/users\/2"}],"replies":[{"embeddable":true,"href":"https:\/\/ciudadyregion.com.co\/index.php\/wp-json\/wp\/v2\/comments?post=1549"}],"version-history":[{"count":1,"href":"https:\/\/ciudadyregion.com.co\/index.php\/wp-json\/wp\/v2\/posts\/1549\/revisions"}],"predecessor-version":[{"id":1551,"href":"https:\/\/ciudadyregion.com.co\/index.php\/wp-json\/wp\/v2\/posts\/1549\/revisions\/1551"}],"wp:featuredmedia":[{"embeddable":true,"href":"https:\/\/ciudadyregion.com.co\/index.php\/wp-json\/wp\/v2\/media\/1550"}],"wp:attachment":[{"href":"https:\/\/ciudadyregion.com.co\/index.php\/wp-json\/wp\/v2\/media?parent=1549"}],"wp:term":[{"taxonomy":"category","embeddable":true,"href":"https:\/\/ciudadyregion.com.co\/index.php\/wp-json\/wp\/v2\/categories?post=1549"},{"taxonomy":"post_tag","embeddable":true,"href":"https:\/\/ciudadyregion.com.co\/index.php\/wp-json\/wp\/v2\/tags?post=1549"}],"curies":[{"name":"wp","href":"https:\/\/api.w.org\/{rel}","templated":true}]}}