{"id":1546,"date":"2023-11-09T11:14:54","date_gmt":"2023-11-09T16:14:54","guid":{"rendered":"https:\/\/ciudadyregion.com.co\/?p=1546"},"modified":"2023-11-09T11:14:54","modified_gmt":"2023-11-09T16:14:54","slug":"francia-ratifico-apoyo-a-la-politica-de-paz-total-de-petro","status":"publish","type":"post","link":"https:\/\/ciudadyregion.com.co\/index.php\/francia-ratifico-apoyo-a-la-politica-de-paz-total-de-petro\/internacional\/","title":{"rendered":"Francia ratific\u00f3 apoyo a la pol\u00edtica de \u00abPaz Total\u00bb de Petro"},"content":{"rendered":"<ul>\n<li>As\u00ed lo expres\u00f3 el gobierno franc\u00e9s durante la Reuni\u00f3n del Mecanismo de Consultas Pol\u00edticas Bilaterales, liderada por el viceministro de Relaciones Exteriores de Colombia, Francisco Coy, y por la secretaria general del Ministerio de Europa y Asuntos Exteriores de Francia, Caroline Ferrari.<\/li>\n<\/ul>\n<p>El Gobierno de Francia ratific\u00f3 su respaldo a la pol\u00edtica de Paz Total que promueve el Gobierno del presidente Gustavo Petro Urrego y expres\u00f3 sus coincidencias con Colombia en la acci\u00f3n frente al cambio clim\u00e1tico y la transici\u00f3n energ\u00e9tica.<\/p>\n<p>As\u00ed lo expres\u00f3 el Gobierno franc\u00e9s durante la Reuni\u00f3n del Mecanismo de Consultas Pol\u00edticas Bilaterales, realizada en Par\u00eds y liderada por parte de Colombia por el viceministro de Relaciones Exteriores, Francisco Coy, y por la secretaria general adjunta del Ministerio de Europa y Asuntos Exteriores de Francia, Caroline Ferrari.<\/p>\n<blockquote><p>\u201cEn la reuni\u00f3n de consultas pol\u00edticas, Colombia y Francia abordaron sus coincidencias en la b\u00fasqueda de la paz, como valor com\u00fan, la lucha contra el cambio clim\u00e1tico, la transici\u00f3n energ\u00e9tica, la pol\u00edtica exterior feminista, en medio de los grandes desaf\u00edos globales\u00bb, inform\u00f3 la Canciller\u00eda colombiana.<\/p>\n<p>Agreg\u00f3 que \u201cFrancia ratific\u00f3 su respaldo con la Paz Total en Colombia, tanto a nivel bilateral como multilateral, y se adelant\u00f3 una revisi\u00f3n de los temas relacionados con la paz, el problema mundial de las drogas, la reforma rural integral, la transici\u00f3n energ\u00e9tica, el cambio clim\u00e1tico, los asuntos econ\u00f3micos y comerciales, las posibilidades de establecer un di\u00e1logo estrat\u00e9gico cultural, la pol\u00edtica exterior feminista; as\u00ed como el impulso a la negociaci\u00f3n de acuerdos bilaterales\u00bb.<\/p><\/blockquote>\n<p>La delegaci\u00f3n de Colombia estuvo integrada por el embajador en Francia, Alfonso Prada, y su equipo de trabajo, as\u00ed como por el director de la Oficina Comercial de ProColombia en Francia, Camilo Mart\u00ednez.<\/p>\n<p>El mecanismo, que se reuni\u00f3 en la sede del Ministerio en Par\u00eds, hab\u00eda tenido su \u00faltima sesi\u00f3n en 2021, en la modalidad virtual.<\/p>\n","protected":false},"excerpt":{"rendered":"<p>As\u00ed lo expres\u00f3 el gobierno franc\u00e9s durante la Reuni\u00f3n del Mecanismo de Consultas Pol\u00edticas Bilaterales, liderada por el viceministro de Relaciones Exteriores de Colombia, Francisco Coy, y por la secretaria general del Ministerio de Europa y Asuntos Exteriores de Francia, Caroline Ferrari. El Gobierno de Francia ratific\u00f3 su respaldo a<span class=\"more-link\"><a href=\"https:\/\/ciudadyregion.com.co\/index.php\/francia-ratifico-apoyo-a-la-politica-de-paz-total-de-petro\/internacional\/\">Continuar Leyendo<\/a><\/span><\/p>\n","protected":false},"author":2,"featured_media":1547,"comment_status":"open","ping_status":"open","sticky":false,"template":"","format":"standard","meta":{"_uf_show_specific_survey":0,"_uf_disable_surveys":false,"_jetpack_memberships_contains_paid_content":false,"footnotes":"","jetpack_publicize_message":"","jetpack_publicize_feature_enabled":true,"jetpack_social_post_already_shared":false,"jetpack_social_options":{"image_generator_settings":{"template":"highway","enabled":false},"version":2}},"categories":[20],"tags":[],"class_list":["entry","author-diegoaguirre","post-1546","post","type-post","status-publish","format-standard","has-post-thumbnail","category-internacional"],"jetpack_publicize_connections":[],"yoast_head":"<!-- This site is optimized with the Yoast SEO plugin v24.3 - https:\/\/yoast.com\/wordpress\/plugins\/seo\/ -->\n<title>Francia ratific\u00f3 apoyo a la pol\u00edtica de &quot;Paz Total&quot; de Petro - Ciudad y Region<\/title>\n<meta name=\"robots\" content=\"index, follow, max-snippet:-1, max-image-preview:large, max-video-preview:-1\" \/>\n<link rel=\"canonical\" href=\"https:\/\/ciudadyregion.com.co\/index.php\/francia-ratifico-apoyo-a-la-politica-de-paz-total-de-petro\/internacional\/\" \/>\n<meta property=\"og:locale\" content=\"es_ES\" \/>\n<meta property=\"og:type\" content=\"article\" \/>\n<meta property=\"og:title\" content=\"Francia ratific\u00f3 apoyo a la pol\u00edtica de &quot;Paz Total&quot; de Petro - Ciudad y Region\" \/>\n<meta property=\"og:description\" content=\"As\u00ed lo expres\u00f3 el gobierno franc\u00e9s durante la Reuni\u00f3n del Mecanismo de Consultas Pol\u00edticas Bilaterales, liderada por el viceministro de Relaciones Exteriores de Colombia, Francisco Coy, y por la secretaria general del Ministerio de Europa y Asuntos Exteriores de Francia, Caroline Ferrari. El Gobierno de Francia ratific\u00f3 su respaldo aContinuar Leyendo\" \/>\n<meta property=\"og:url\" content=\"https:\/\/ciudadyregion.com.co\/index.php\/francia-ratifico-apoyo-a-la-politica-de-paz-total-de-petro\/internacional\/\" \/>\n<meta property=\"og:site_name\" content=\"Ciudad y Region\" \/>\n<meta property=\"article:published_time\" content=\"2023-11-09T16:14:54+00:00\" \/>\n<meta property=\"og:image\" content=\"https:\/\/ciudadyregion.com.co\/wp-content\/uploads\/2023\/11\/4-8.jpg\" \/>\n\t<meta property=\"og:image:width\" content=\"800\" \/>\n\t<meta property=\"og:image:height\" content=\"445\" \/>\n\t<meta property=\"og:image:type\" content=\"image\/jpeg\" \/>\n<meta name=\"author\" content=\"David Andr\u00e9s Aguirre\" \/>\n<meta name=\"twitter:card\" content=\"summary_large_image\" \/>\n<meta name=\"twitter:label1\" content=\"Escrito por\" \/>\n\t<meta name=\"twitter:data1\" content=\"David Andr\u00e9s Aguirre\" \/>\n\t<meta name=\"twitter:label2\" content=\"Tiempo de lectura\" \/>\n\t<meta name=\"twitter:data2\" content=\"2 minutos\" \/>\n<script type=\"application\/ld+json\" class=\"yoast-schema-graph\">{\"@context\":\"https:\/\/schema.org\",\"@graph\":[{\"@type\":\"WebPage\",\"@id\":\"https:\/\/ciudadyregion.com.co\/index.php\/francia-ratifico-apoyo-a-la-politica-de-paz-total-de-petro\/internacional\/\",\"url\":\"https:\/\/ciudadyregion.com.co\/index.php\/francia-ratifico-apoyo-a-la-politica-de-paz-total-de-petro\/internacional\/\",\"name\":\"Francia ratific\u00f3 apoyo a la pol\u00edtica de \\\"Paz Total\\\" de Petro - Ciudad y Region\",\"isPartOf\":{\"@id\":\"https:\/\/ciudadyregion.com.co\/#website\"},\"primaryImageOfPage\":{\"@id\":\"https:\/\/ciudadyregion.com.co\/index.php\/francia-ratifico-apoyo-a-la-politica-de-paz-total-de-petro\/internacional\/#primaryimage\"},\"image\":{\"@id\":\"https:\/\/ciudadyregion.com.co\/index.php\/francia-ratifico-apoyo-a-la-politica-de-paz-total-de-petro\/internacional\/#primaryimage\"},\"thumbnailUrl\":\"https:\/\/i0.wp.com\/ciudadyregion.com.co\/wp-content\/uploads\/2023\/11\/4-8.jpg?fit=800%2C445&ssl=1\",\"datePublished\":\"2023-11-09T16:14:54+00:00\",\"dateModified\":\"2023-11-09T16:14:54+00:00\",\"author\":{\"@id\":\"https:\/\/ciudadyregion.com.co\/#\/schema\/person\/04a4954373ebc4051f46e8c65ff78622\"},\"breadcrumb\":{\"@id\":\"https:\/\/ciudadyregion.com.co\/index.php\/francia-ratifico-apoyo-a-la-politica-de-paz-total-de-petro\/internacional\/#breadcrumb\"},\"inLanguage\":\"es\",\"potentialAction\":[{\"@type\":\"ReadAction\",\"target\":[\"https:\/\/ciudadyregion.com.co\/index.php\/francia-ratifico-apoyo-a-la-politica-de-paz-total-de-petro\/internacional\/\"]}]},{\"@type\":\"ImageObject\",\"inLanguage\":\"es\",\"@id\":\"https:\/\/ciudadyregion.com.co\/index.php\/francia-ratifico-apoyo-a-la-politica-de-paz-total-de-petro\/internacional\/#primaryimage\",\"url\":\"https:\/\/i0.wp.com\/ciudadyregion.com.co\/wp-content\/uploads\/2023\/11\/4-8.jpg?fit=800%2C445&ssl=1\",\"contentUrl\":\"https:\/\/i0.wp.com\/ciudadyregion.com.co\/wp-content\/uploads\/2023\/11\/4-8.jpg?fit=800%2C445&ssl=1\",\"width\":800,\"height\":445},{\"@type\":\"BreadcrumbList\",\"@id\":\"https:\/\/ciudadyregion.com.co\/index.php\/francia-ratifico-apoyo-a-la-politica-de-paz-total-de-petro\/internacional\/#breadcrumb\",\"itemListElement\":[{\"@type\":\"ListItem\",\"position\":1,\"name\":\"Portada\",\"item\":\"https:\/\/ciudadyregion.com.co\/\"},{\"@type\":\"ListItem\",\"position\":2,\"name\":\"Francia ratific\u00f3 apoyo a la pol\u00edtica de &#8220;Paz Total&#8221; de Petro\"}]},{\"@type\":\"WebSite\",\"@id\":\"https:\/\/ciudadyregion.com.co\/#website\",\"url\":\"https:\/\/ciudadyregion.com.co\/\",\"name\":\"Ciudad y Region\",\"description\":\"\",\"potentialAction\":[{\"@type\":\"SearchAction\",\"target\":{\"@type\":\"EntryPoint\",\"urlTemplate\":\"https:\/\/ciudadyregion.com.co\/?s={search_term_string}\"},\"query-input\":{\"@type\":\"PropertyValueSpecification\",\"valueRequired\":true,\"valueName\":\"search_term_string\"}}],\"inLanguage\":\"es\"},{\"@type\":\"Person\",\"@id\":\"https:\/\/ciudadyregion.com.co\/#\/schema\/person\/04a4954373ebc4051f46e8c65ff78622\",\"name\":\"David Andr\u00e9s Aguirre\",\"image\":{\"@type\":\"ImageObject\",\"inLanguage\":\"es\",\"@id\":\"https:\/\/ciudadyregion.com.co\/#\/schema\/person\/image\/\",\"url\":\"https:\/\/secure.gravatar.com\/avatar\/bc3c655860202182ee6d1b5edd042dbe?s=96&d=mm&r=g\",\"contentUrl\":\"https:\/\/secure.gravatar.com\/avatar\/bc3c655860202182ee6d1b5edd042dbe?s=96&d=mm&r=g\",\"caption\":\"David Andr\u00e9s Aguirre\"},\"url\":\"https:\/\/ciudadyregion.com.co\/index.php\/author\/diegoaguirre\/\"}]}<\/script>\n<!-- \/ Yoast SEO plugin. -->","yoast_head_json":{"title":"Francia ratific\u00f3 apoyo a la pol\u00edtica de \"Paz Total\" de Petro - Ciudad y Region","robots":{"index":"index","follow":"follow","max-snippet":"max-snippet:-1","max-image-preview":"max-image-preview:large","max-video-preview":"max-video-preview:-1"},"canonical":"https:\/\/ciudadyregion.com.co\/index.php\/francia-ratifico-apoyo-a-la-politica-de-paz-total-de-petro\/internacional\/","og_locale":"es_ES","og_type":"article","og_title":"Francia ratific\u00f3 apoyo a la pol\u00edtica de \"Paz Total\" de Petro - Ciudad y Region","og_description":"As\u00ed lo expres\u00f3 el gobierno franc\u00e9s durante la Reuni\u00f3n del Mecanismo de Consultas Pol\u00edticas Bilaterales, liderada por el viceministro de Relaciones Exteriores de Colombia, Francisco Coy, y por la secretaria general del Ministerio de Europa y Asuntos Exteriores de Francia, Caroline Ferrari. El Gobierno de Francia ratific\u00f3 su respaldo aContinuar Leyendo","og_url":"https:\/\/ciudadyregion.com.co\/index.php\/francia-ratifico-apoyo-a-la-politica-de-paz-total-de-petro\/internacional\/","og_site_name":"Ciudad y Region","article_published_time":"2023-11-09T16:14:54+00:00","og_image":[{"width":800,"height":445,"url":"https:\/\/ciudadyregion.com.co\/wp-content\/uploads\/2023\/11\/4-8.jpg","type":"image\/jpeg"}],"author":"David Andr\u00e9s Aguirre","twitter_card":"summary_large_image","twitter_misc":{"Escrito por":"David Andr\u00e9s Aguirre","Tiempo de lectura":"2 minutos"},"schema":{"@context":"https:\/\/schema.org","@graph":[{"@type":"WebPage","@id":"https:\/\/ciudadyregion.com.co\/index.php\/francia-ratifico-apoyo-a-la-politica-de-paz-total-de-petro\/internacional\/","url":"https:\/\/ciudadyregion.com.co\/index.php\/francia-ratifico-apoyo-a-la-politica-de-paz-total-de-petro\/internacional\/","name":"Francia ratific\u00f3 apoyo a la pol\u00edtica de \"Paz Total\" de Petro - Ciudad y Region","isPartOf":{"@id":"https:\/\/ciudadyregion.com.co\/#website"},"primaryImageOfPage":{"@id":"https:\/\/ciudadyregion.com.co\/index.php\/francia-ratifico-apoyo-a-la-politica-de-paz-total-de-petro\/internacional\/#primaryimage"},"image":{"@id":"https:\/\/ciudadyregion.com.co\/index.php\/francia-ratifico-apoyo-a-la-politica-de-paz-total-de-petro\/internacional\/#primaryimage"},"thumbnailUrl":"https:\/\/i0.wp.com\/ciudadyregion.com.co\/wp-content\/uploads\/2023\/11\/4-8.jpg?fit=800%2C445&ssl=1","datePublished":"2023-11-09T16:14:54+00:00","dateModified":"2023-11-09T16:14:54+00:00","author":{"@id":"https:\/\/ciudadyregion.com.co\/#\/schema\/person\/04a4954373ebc4051f46e8c65ff78622"},"breadcrumb":{"@id":"https:\/\/ciudadyregion.com.co\/index.php\/francia-ratifico-apoyo-a-la-politica-de-paz-total-de-petro\/internacional\/#breadcrumb"},"inLanguage":"es","potentialAction":[{"@type":"ReadAction","target":["https:\/\/ciudadyregion.com.co\/index.php\/francia-ratifico-apoyo-a-la-politica-de-paz-total-de-petro\/internacional\/"]}]},{"@type":"ImageObject","inLanguage":"es","@id":"https:\/\/ciudadyregion.com.co\/index.php\/francia-ratifico-apoyo-a-la-politica-de-paz-total-de-petro\/internacional\/#primaryimage","url":"https:\/\/i0.wp.com\/ciudadyregion.com.co\/wp-content\/uploads\/2023\/11\/4-8.jpg?fit=800%2C445&ssl=1","contentUrl":"https:\/\/i0.wp.com\/ciudadyregion.com.co\/wp-content\/uploads\/2023\/11\/4-8.jpg?fit=800%2C445&ssl=1","width":800,"height":445},{"@type":"BreadcrumbList","@id":"https:\/\/ciudadyregion.com.co\/index.php\/francia-ratifico-apoyo-a-la-politica-de-paz-total-de-petro\/internacional\/#breadcrumb","itemListElement":[{"@type":"ListItem","position":1,"name":"Portada","item":"https:\/\/ciudadyregion.com.co\/"},{"@type":"ListItem","position":2,"name":"Francia ratific\u00f3 apoyo a la pol\u00edtica de &#8220;Paz Total&#8221; de Petro"}]},{"@type":"WebSite","@id":"https:\/\/ciudadyregion.com.co\/#website","url":"https:\/\/ciudadyregion.com.co\/","name":"Ciudad y Region","description":"","potentialAction":[{"@type":"SearchAction","target":{"@type":"EntryPoint","urlTemplate":"https:\/\/ciudadyregion.com.co\/?s={search_term_string}"},"query-input":{"@type":"PropertyValueSpecification","valueRequired":true,"valueName":"search_term_string"}}],"inLanguage":"es"},{"@type":"Person","@id":"https:\/\/ciudadyregion.com.co\/#\/schema\/person\/04a4954373ebc4051f46e8c65ff78622","name":"David Andr\u00e9s Aguirre","image":{"@type":"ImageObject","inLanguage":"es","@id":"https:\/\/ciudadyregion.com.co\/#\/schema\/person\/image\/","url":"https:\/\/secure.gravatar.com\/avatar\/bc3c655860202182ee6d1b5edd042dbe?s=96&d=mm&r=g","contentUrl":"https:\/\/secure.gravatar.com\/avatar\/bc3c655860202182ee6d1b5edd042dbe?s=96&d=mm&r=g","caption":"David Andr\u00e9s Aguirre"},"url":"https:\/\/ciudadyregion.com.co\/index.php\/author\/diegoaguirre\/"}]}},"jetpack_featured_media_url":"https:\/\/i0.wp.com\/ciudadyregion.com.co\/wp-content\/uploads\/2023\/11\/4-8.jpg?fit=800%2C445&ssl=1","jetpack_sharing_enabled":true,"jetpack_shortlink":"https:\/\/wp.me\/pbS7hh-oW","jetpack-related-posts":[],"_links":{"self":[{"href":"https:\/\/ciudadyregion.com.co\/index.php\/wp-json\/wp\/v2\/posts\/1546"}],"collection":[{"href":"https:\/\/ciudadyregion.com.co\/index.php\/wp-json\/wp\/v2\/posts"}],"about":[{"href":"https:\/\/ciudadyregion.com.co\/index.php\/wp-json\/wp\/v2\/types\/post"}],"author":[{"embeddable":true,"href":"https:\/\/ciudadyregion.com.co\/index.php\/wp-json\/wp\/v2\/users\/2"}],"replies":[{"embeddable":true,"href":"https:\/\/ciudadyregion.com.co\/index.php\/wp-json\/wp\/v2\/comments?post=1546"}],"version-history":[{"count":1,"href":"https:\/\/ciudadyregion.com.co\/index.php\/wp-json\/wp\/v2\/posts\/1546\/revisions"}],"predecessor-version":[{"id":1548,"href":"https:\/\/ciudadyregion.com.co\/index.php\/wp-json\/wp\/v2\/posts\/1546\/revisions\/1548"}],"wp:featuredmedia":[{"embeddable":true,"href":"https:\/\/ciudadyregion.com.co\/index.php\/wp-json\/wp\/v2\/media\/1547"}],"wp:attachment":[{"href":"https:\/\/ciudadyregion.com.co\/index.php\/wp-json\/wp\/v2\/media?parent=1546"}],"wp:term":[{"taxonomy":"category","embeddable":true,"href":"https:\/\/ciudadyregion.com.co\/index.php\/wp-json\/wp\/v2\/categories?post=1546"},{"taxonomy":"post_tag","embeddable":true,"href":"https:\/\/ciudadyregion.com.co\/index.php\/wp-json\/wp\/v2\/tags?post=1546"}],"curies":[{"name":"wp","href":"https:\/\/api.w.org\/{rel}","templated":true}]}}