{"id":15459,"date":"2024-06-04T07:51:33","date_gmt":"2024-06-04T12:51:33","guid":{"rendered":"https:\/\/ciudadyregion.com.co\/?p=15459"},"modified":"2024-06-04T07:51:33","modified_gmt":"2024-06-04T12:51:33","slug":"un-balance-sin-precedentes-dejo-la-feria-regional-de-cafe-en-rioblanco-tolima-sembrando-cafe-cosechando-paz","status":"publish","type":"post","link":"https:\/\/ciudadyregion.com.co\/index.php\/un-balance-sin-precedentes-dejo-la-feria-regional-de-cafe-en-rioblanco-tolima-sembrando-cafe-cosechando-paz\/regional\/","title":{"rendered":"Un balance sin precedentes dej\u00f3 la Feria Regional de Caf\u00e9 en Rioblanco, Tolima: \u201cSembrando Caf\u00e9, Cosechando Paz\u201d"},"content":{"rendered":"<div><\/div>\n<div>La reciente Feria Regional de Caf\u00e9, bajo el lema \u00abSembrando Caf\u00e9, Cosechando Paz\u00bb, culmin\u00f3 con un rotundo \u00e9xito el pasado fin de semana en el municipio de Rioblanco, Tolima. El evento, que cont\u00f3 con la presencia de la gobernadora del departamento, Adriana Magali Matiz, y la representante a la C\u00e1mara, Delcy\u00a0 Isaza, fue un testimonio del compromiso y la pasi\u00f3n de la regi\u00f3n por su caf\u00e9.<\/div>\n<div><\/div>\n<div>En esta primera feria\u00a0 se presentaron m\u00e1s de 300 muestras de caf\u00e9 para el concurso &#8216;El mejor caf\u00e9 de la regi\u00f3n&#8217; donde el premio se qued\u00f3 en casa. Con un porcentaje de 89.18 Maximiliano Guti\u00e9rrez mostr\u00f3 una taza de alta calidad de variedad Geisha. M\u00e1s de 80 participantes compitieron en tres categor\u00edas, cataci\u00f3n y barismo.<\/div>\n<div><\/div>\n<div>El alcalde de Rioblanco, Daniel Eduardo Rodr\u00edguez Ray\u00f3, expres\u00f3 su gratitud hacia los patrocinadores, asociaciones y participantes; destacando la importancia de mantener viva esta feria a\u00f1o tras a\u00f1o y lograr que se institucionalice en el municipio.<\/div>\n<div><\/div>\n<blockquote>\n<div>\u00abEsta feria nos permite mostrar al pa\u00eds lo mejor de nuestro caf\u00e9 y lo que tenemos para ofrecer\u00bb, afirm\u00f3.<\/div>\n<\/blockquote>\n<div><\/div>\n<div>El respaldo de ocho alcaldes del sur del departamento del Tolima y un apasionado por el tema del caf\u00e9 en el departamento, Santiago Barreto, resalta el compromiso de la regi\u00f3n con la paz y la prosperidad, demostrando que el #Para\u00edsoDelSur es un territorio donde se siembra caf\u00e9 y se cosecha paz.<\/div>\n<div><\/div>\n<div>M\u00e1s de 80 asociaciones del departamento se congregaron para celebrar esta festividad con una muestra empresarial en la que la variedad, calidad y la agroindustria fueron las estrellas.<\/div>\n<div><\/div>\n<div>El juez l\u00edder, catador Q-Grader, Star Cooper, Newerley Guti\u00e9rrez, quien acompa\u00f1\u00f3 el evento durante los tres d\u00edas, elogi\u00f3 el entusiasmo de los participantes y el creciente inter\u00e9s de los caficultores por mejorar sus pr\u00e1cticas.<\/div>\n<div><\/div>\n<blockquote>\n<div>\u00abVer a los j\u00f3venes y ni\u00f1os involucrados en el cultivo del caf\u00e9 es verdaderamente inspirador\u00bb, coment\u00f3.<\/div>\n<\/blockquote>\n<div><\/div>\n<div>Los campeones de los concursos fueron anunciados al finalizar la feria: en la categor\u00eda infantil de cataci\u00f3n, Dervin Felipe Rojas se llev\u00f3 el premio; mientras que en la categor\u00eda de adultos, Duber S\u00e1nchez fue el ganador. Paula Andrea Serna fue coronada como la campeona del concurso de barismo.<\/div>\n<div><\/div>\n<div>La Feria Regional de Caf\u00e9 en Rioblanco no solo fue un tributo al exquisito sabor del caf\u00e9, sino tambi\u00e9n un testimonio del compromiso de la regi\u00f3n con su cultura, su comunidad y su futuro.<\/div>\n","protected":false},"excerpt":{"rendered":"<p>La reciente Feria Regional de Caf\u00e9, bajo el lema \u00abSembrando Caf\u00e9, Cosechando Paz\u00bb, culmin\u00f3 con un rotundo \u00e9xito el pasado fin de semana en el municipio de Rioblanco, Tolima. El evento, que cont\u00f3 con la presencia de la gobernadora del departamento, Adriana Magali Matiz, y la representante a la C\u00e1mara,<span class=\"more-link\"><a href=\"https:\/\/ciudadyregion.com.co\/index.php\/un-balance-sin-precedentes-dejo-la-feria-regional-de-cafe-en-rioblanco-tolima-sembrando-cafe-cosechando-paz\/regional\/\">Continuar Leyendo<\/a><\/span><\/p>\n","protected":false},"author":2,"featured_media":15460,"comment_status":"open","ping_status":"open","sticky":false,"template":"","format":"standard","meta":{"_uf_show_specific_survey":0,"_uf_disable_surveys":false,"_jetpack_memberships_contains_paid_content":false,"footnotes":"","jetpack_publicize_message":"","jetpack_publicize_feature_enabled":true,"jetpack_social_post_already_shared":true,"jetpack_social_options":{"image_generator_settings":{"template":"highway","enabled":false},"version":2}},"categories":[13],"tags":[],"class_list":["entry","author-diegoaguirre","post-15459","post","type-post","status-publish","format-standard","has-post-thumbnail","category-regional"],"jetpack_publicize_connections":[],"yoast_head":"<!-- This site is optimized with the Yoast SEO plugin v24.3 - https:\/\/yoast.com\/wordpress\/plugins\/seo\/ -->\n<title>Un balance sin precedentes dej\u00f3 la Feria Regional de Caf\u00e9 en Rioblanco, Tolima: \u201cSembrando Caf\u00e9, Cosechando Paz\u201d - Ciudad y Region<\/title>\n<meta name=\"robots\" content=\"index, follow, max-snippet:-1, max-image-preview:large, max-video-preview:-1\" \/>\n<link rel=\"canonical\" href=\"https:\/\/ciudadyregion.com.co\/index.php\/un-balance-sin-precedentes-dejo-la-feria-regional-de-cafe-en-rioblanco-tolima-sembrando-cafe-cosechando-paz\/regional\/\" \/>\n<meta property=\"og:locale\" content=\"es_ES\" \/>\n<meta property=\"og:type\" content=\"article\" \/>\n<meta property=\"og:title\" content=\"Un balance sin precedentes dej\u00f3 la Feria Regional de Caf\u00e9 en Rioblanco, Tolima: \u201cSembrando Caf\u00e9, Cosechando Paz\u201d - Ciudad y Region\" \/>\n<meta property=\"og:description\" content=\"La reciente Feria Regional de Caf\u00e9, bajo el lema \u00abSembrando Caf\u00e9, Cosechando Paz\u00bb, culmin\u00f3 con un rotundo \u00e9xito el pasado fin de semana en el municipio de Rioblanco, Tolima. El evento, que cont\u00f3 con la presencia de la gobernadora del departamento, Adriana Magali Matiz, y la representante a la C\u00e1mara,Continuar Leyendo\" \/>\n<meta property=\"og:url\" content=\"https:\/\/ciudadyregion.com.co\/index.php\/un-balance-sin-precedentes-dejo-la-feria-regional-de-cafe-en-rioblanco-tolima-sembrando-cafe-cosechando-paz\/regional\/\" \/>\n<meta property=\"og:site_name\" content=\"Ciudad y Region\" \/>\n<meta property=\"article:published_time\" content=\"2024-06-04T12:51:33+00:00\" \/>\n<meta property=\"og:image\" content=\"https:\/\/ciudadyregion.com.co\/wp-content\/uploads\/2024\/06\/8-13.jpg\" \/>\n\t<meta property=\"og:image:width\" content=\"800\" \/>\n\t<meta property=\"og:image:height\" content=\"445\" \/>\n\t<meta property=\"og:image:type\" content=\"image\/jpeg\" \/>\n<meta name=\"author\" content=\"David Andr\u00e9s Aguirre\" \/>\n<meta name=\"twitter:card\" content=\"summary_large_image\" \/>\n<meta name=\"twitter:label1\" content=\"Escrito por\" \/>\n\t<meta name=\"twitter:data1\" content=\"David Andr\u00e9s Aguirre\" \/>\n\t<meta name=\"twitter:label2\" content=\"Tiempo de lectura\" \/>\n\t<meta name=\"twitter:data2\" content=\"2 minutos\" \/>\n<script type=\"application\/ld+json\" class=\"yoast-schema-graph\">{\"@context\":\"https:\/\/schema.org\",\"@graph\":[{\"@type\":\"WebPage\",\"@id\":\"https:\/\/ciudadyregion.com.co\/index.php\/un-balance-sin-precedentes-dejo-la-feria-regional-de-cafe-en-rioblanco-tolima-sembrando-cafe-cosechando-paz\/regional\/\",\"url\":\"https:\/\/ciudadyregion.com.co\/index.php\/un-balance-sin-precedentes-dejo-la-feria-regional-de-cafe-en-rioblanco-tolima-sembrando-cafe-cosechando-paz\/regional\/\",\"name\":\"Un balance sin precedentes dej\u00f3 la Feria Regional de Caf\u00e9 en Rioblanco, Tolima: \u201cSembrando Caf\u00e9, Cosechando Paz\u201d - Ciudad y Region\",\"isPartOf\":{\"@id\":\"https:\/\/ciudadyregion.com.co\/#website\"},\"primaryImageOfPage\":{\"@id\":\"https:\/\/ciudadyregion.com.co\/index.php\/un-balance-sin-precedentes-dejo-la-feria-regional-de-cafe-en-rioblanco-tolima-sembrando-cafe-cosechando-paz\/regional\/#primaryimage\"},\"image\":{\"@id\":\"https:\/\/ciudadyregion.com.co\/index.php\/un-balance-sin-precedentes-dejo-la-feria-regional-de-cafe-en-rioblanco-tolima-sembrando-cafe-cosechando-paz\/regional\/#primaryimage\"},\"thumbnailUrl\":\"https:\/\/i0.wp.com\/ciudadyregion.com.co\/wp-content\/uploads\/2024\/06\/8-13.jpg?fit=800%2C445&ssl=1\",\"datePublished\":\"2024-06-04T12:51:33+00:00\",\"dateModified\":\"2024-06-04T12:51:33+00:00\",\"author\":{\"@id\":\"https:\/\/ciudadyregion.com.co\/#\/schema\/person\/04a4954373ebc4051f46e8c65ff78622\"},\"breadcrumb\":{\"@id\":\"https:\/\/ciudadyregion.com.co\/index.php\/un-balance-sin-precedentes-dejo-la-feria-regional-de-cafe-en-rioblanco-tolima-sembrando-cafe-cosechando-paz\/regional\/#breadcrumb\"},\"inLanguage\":\"es\",\"potentialAction\":[{\"@type\":\"ReadAction\",\"target\":[\"https:\/\/ciudadyregion.com.co\/index.php\/un-balance-sin-precedentes-dejo-la-feria-regional-de-cafe-en-rioblanco-tolima-sembrando-cafe-cosechando-paz\/regional\/\"]}]},{\"@type\":\"ImageObject\",\"inLanguage\":\"es\",\"@id\":\"https:\/\/ciudadyregion.com.co\/index.php\/un-balance-sin-precedentes-dejo-la-feria-regional-de-cafe-en-rioblanco-tolima-sembrando-cafe-cosechando-paz\/regional\/#primaryimage\",\"url\":\"https:\/\/i0.wp.com\/ciudadyregion.com.co\/wp-content\/uploads\/2024\/06\/8-13.jpg?fit=800%2C445&ssl=1\",\"contentUrl\":\"https:\/\/i0.wp.com\/ciudadyregion.com.co\/wp-content\/uploads\/2024\/06\/8-13.jpg?fit=800%2C445&ssl=1\",\"width\":800,\"height\":445},{\"@type\":\"BreadcrumbList\",\"@id\":\"https:\/\/ciudadyregion.com.co\/index.php\/un-balance-sin-precedentes-dejo-la-feria-regional-de-cafe-en-rioblanco-tolima-sembrando-cafe-cosechando-paz\/regional\/#breadcrumb\",\"itemListElement\":[{\"@type\":\"ListItem\",\"position\":1,\"name\":\"Portada\",\"item\":\"https:\/\/ciudadyregion.com.co\/\"},{\"@type\":\"ListItem\",\"position\":2,\"name\":\"Un balance sin precedentes dej\u00f3 la Feria Regional de Caf\u00e9 en Rioblanco, Tolima: \u201cSembrando Caf\u00e9, Cosechando Paz\u201d\"}]},{\"@type\":\"WebSite\",\"@id\":\"https:\/\/ciudadyregion.com.co\/#website\",\"url\":\"https:\/\/ciudadyregion.com.co\/\",\"name\":\"Ciudad y Region\",\"description\":\"\",\"potentialAction\":[{\"@type\":\"SearchAction\",\"target\":{\"@type\":\"EntryPoint\",\"urlTemplate\":\"https:\/\/ciudadyregion.com.co\/?s={search_term_string}\"},\"query-input\":{\"@type\":\"PropertyValueSpecification\",\"valueRequired\":true,\"valueName\":\"search_term_string\"}}],\"inLanguage\":\"es\"},{\"@type\":\"Person\",\"@id\":\"https:\/\/ciudadyregion.com.co\/#\/schema\/person\/04a4954373ebc4051f46e8c65ff78622\",\"name\":\"David Andr\u00e9s Aguirre\",\"image\":{\"@type\":\"ImageObject\",\"inLanguage\":\"es\",\"@id\":\"https:\/\/ciudadyregion.com.co\/#\/schema\/person\/image\/\",\"url\":\"https:\/\/secure.gravatar.com\/avatar\/bc3c655860202182ee6d1b5edd042dbe?s=96&d=mm&r=g\",\"contentUrl\":\"https:\/\/secure.gravatar.com\/avatar\/bc3c655860202182ee6d1b5edd042dbe?s=96&d=mm&r=g\",\"caption\":\"David Andr\u00e9s Aguirre\"},\"url\":\"https:\/\/ciudadyregion.com.co\/index.php\/author\/diegoaguirre\/\"}]}<\/script>\n<!-- \/ Yoast SEO plugin. -->","yoast_head_json":{"title":"Un balance sin precedentes dej\u00f3 la Feria Regional de Caf\u00e9 en Rioblanco, Tolima: \u201cSembrando Caf\u00e9, Cosechando Paz\u201d - Ciudad y Region","robots":{"index":"index","follow":"follow","max-snippet":"max-snippet:-1","max-image-preview":"max-image-preview:large","max-video-preview":"max-video-preview:-1"},"canonical":"https:\/\/ciudadyregion.com.co\/index.php\/un-balance-sin-precedentes-dejo-la-feria-regional-de-cafe-en-rioblanco-tolima-sembrando-cafe-cosechando-paz\/regional\/","og_locale":"es_ES","og_type":"article","og_title":"Un balance sin precedentes dej\u00f3 la Feria Regional de Caf\u00e9 en Rioblanco, Tolima: \u201cSembrando Caf\u00e9, Cosechando Paz\u201d - Ciudad y Region","og_description":"La reciente Feria Regional de Caf\u00e9, bajo el lema \u00abSembrando Caf\u00e9, Cosechando Paz\u00bb, culmin\u00f3 con un rotundo \u00e9xito el pasado fin de semana en el municipio de Rioblanco, Tolima. El evento, que cont\u00f3 con la presencia de la gobernadora del departamento, Adriana Magali Matiz, y la representante a la C\u00e1mara,Continuar Leyendo","og_url":"https:\/\/ciudadyregion.com.co\/index.php\/un-balance-sin-precedentes-dejo-la-feria-regional-de-cafe-en-rioblanco-tolima-sembrando-cafe-cosechando-paz\/regional\/","og_site_name":"Ciudad y Region","article_published_time":"2024-06-04T12:51:33+00:00","og_image":[{"width":800,"height":445,"url":"https:\/\/ciudadyregion.com.co\/wp-content\/uploads\/2024\/06\/8-13.jpg","type":"image\/jpeg"}],"author":"David Andr\u00e9s Aguirre","twitter_card":"summary_large_image","twitter_misc":{"Escrito por":"David Andr\u00e9s Aguirre","Tiempo de lectura":"2 minutos"},"schema":{"@context":"https:\/\/schema.org","@graph":[{"@type":"WebPage","@id":"https:\/\/ciudadyregion.com.co\/index.php\/un-balance-sin-precedentes-dejo-la-feria-regional-de-cafe-en-rioblanco-tolima-sembrando-cafe-cosechando-paz\/regional\/","url":"https:\/\/ciudadyregion.com.co\/index.php\/un-balance-sin-precedentes-dejo-la-feria-regional-de-cafe-en-rioblanco-tolima-sembrando-cafe-cosechando-paz\/regional\/","name":"Un balance sin precedentes dej\u00f3 la Feria Regional de Caf\u00e9 en Rioblanco, Tolima: \u201cSembrando Caf\u00e9, Cosechando Paz\u201d - Ciudad y Region","isPartOf":{"@id":"https:\/\/ciudadyregion.com.co\/#website"},"primaryImageOfPage":{"@id":"https:\/\/ciudadyregion.com.co\/index.php\/un-balance-sin-precedentes-dejo-la-feria-regional-de-cafe-en-rioblanco-tolima-sembrando-cafe-cosechando-paz\/regional\/#primaryimage"},"image":{"@id":"https:\/\/ciudadyregion.com.co\/index.php\/un-balance-sin-precedentes-dejo-la-feria-regional-de-cafe-en-rioblanco-tolima-sembrando-cafe-cosechando-paz\/regional\/#primaryimage"},"thumbnailUrl":"https:\/\/i0.wp.com\/ciudadyregion.com.co\/wp-content\/uploads\/2024\/06\/8-13.jpg?fit=800%2C445&ssl=1","datePublished":"2024-06-04T12:51:33+00:00","dateModified":"2024-06-04T12:51:33+00:00","author":{"@id":"https:\/\/ciudadyregion.com.co\/#\/schema\/person\/04a4954373ebc4051f46e8c65ff78622"},"breadcrumb":{"@id":"https:\/\/ciudadyregion.com.co\/index.php\/un-balance-sin-precedentes-dejo-la-feria-regional-de-cafe-en-rioblanco-tolima-sembrando-cafe-cosechando-paz\/regional\/#breadcrumb"},"inLanguage":"es","potentialAction":[{"@type":"ReadAction","target":["https:\/\/ciudadyregion.com.co\/index.php\/un-balance-sin-precedentes-dejo-la-feria-regional-de-cafe-en-rioblanco-tolima-sembrando-cafe-cosechando-paz\/regional\/"]}]},{"@type":"ImageObject","inLanguage":"es","@id":"https:\/\/ciudadyregion.com.co\/index.php\/un-balance-sin-precedentes-dejo-la-feria-regional-de-cafe-en-rioblanco-tolima-sembrando-cafe-cosechando-paz\/regional\/#primaryimage","url":"https:\/\/i0.wp.com\/ciudadyregion.com.co\/wp-content\/uploads\/2024\/06\/8-13.jpg?fit=800%2C445&ssl=1","contentUrl":"https:\/\/i0.wp.com\/ciudadyregion.com.co\/wp-content\/uploads\/2024\/06\/8-13.jpg?fit=800%2C445&ssl=1","width":800,"height":445},{"@type":"BreadcrumbList","@id":"https:\/\/ciudadyregion.com.co\/index.php\/un-balance-sin-precedentes-dejo-la-feria-regional-de-cafe-en-rioblanco-tolima-sembrando-cafe-cosechando-paz\/regional\/#breadcrumb","itemListElement":[{"@type":"ListItem","position":1,"name":"Portada","item":"https:\/\/ciudadyregion.com.co\/"},{"@type":"ListItem","position":2,"name":"Un balance sin precedentes dej\u00f3 la Feria Regional de Caf\u00e9 en Rioblanco, Tolima: \u201cSembrando Caf\u00e9, Cosechando Paz\u201d"}]},{"@type":"WebSite","@id":"https:\/\/ciudadyregion.com.co\/#website","url":"https:\/\/ciudadyregion.com.co\/","name":"Ciudad y Region","description":"","potentialAction":[{"@type":"SearchAction","target":{"@type":"EntryPoint","urlTemplate":"https:\/\/ciudadyregion.com.co\/?s={search_term_string}"},"query-input":{"@type":"PropertyValueSpecification","valueRequired":true,"valueName":"search_term_string"}}],"inLanguage":"es"},{"@type":"Person","@id":"https:\/\/ciudadyregion.com.co\/#\/schema\/person\/04a4954373ebc4051f46e8c65ff78622","name":"David Andr\u00e9s Aguirre","image":{"@type":"ImageObject","inLanguage":"es","@id":"https:\/\/ciudadyregion.com.co\/#\/schema\/person\/image\/","url":"https:\/\/secure.gravatar.com\/avatar\/bc3c655860202182ee6d1b5edd042dbe?s=96&d=mm&r=g","contentUrl":"https:\/\/secure.gravatar.com\/avatar\/bc3c655860202182ee6d1b5edd042dbe?s=96&d=mm&r=g","caption":"David Andr\u00e9s Aguirre"},"url":"https:\/\/ciudadyregion.com.co\/index.php\/author\/diegoaguirre\/"}]}},"jetpack_featured_media_url":"https:\/\/i0.wp.com\/ciudadyregion.com.co\/wp-content\/uploads\/2024\/06\/8-13.jpg?fit=800%2C445&ssl=1","jetpack_sharing_enabled":true,"jetpack_shortlink":"https:\/\/wp.me\/pbS7hh-41l","jetpack-related-posts":[],"_links":{"self":[{"href":"https:\/\/ciudadyregion.com.co\/index.php\/wp-json\/wp\/v2\/posts\/15459"}],"collection":[{"href":"https:\/\/ciudadyregion.com.co\/index.php\/wp-json\/wp\/v2\/posts"}],"about":[{"href":"https:\/\/ciudadyregion.com.co\/index.php\/wp-json\/wp\/v2\/types\/post"}],"author":[{"embeddable":true,"href":"https:\/\/ciudadyregion.com.co\/index.php\/wp-json\/wp\/v2\/users\/2"}],"replies":[{"embeddable":true,"href":"https:\/\/ciudadyregion.com.co\/index.php\/wp-json\/wp\/v2\/comments?post=15459"}],"version-history":[{"count":1,"href":"https:\/\/ciudadyregion.com.co\/index.php\/wp-json\/wp\/v2\/posts\/15459\/revisions"}],"predecessor-version":[{"id":15461,"href":"https:\/\/ciudadyregion.com.co\/index.php\/wp-json\/wp\/v2\/posts\/15459\/revisions\/15461"}],"wp:featuredmedia":[{"embeddable":true,"href":"https:\/\/ciudadyregion.com.co\/index.php\/wp-json\/wp\/v2\/media\/15460"}],"wp:attachment":[{"href":"https:\/\/ciudadyregion.com.co\/index.php\/wp-json\/wp\/v2\/media?parent=15459"}],"wp:term":[{"taxonomy":"category","embeddable":true,"href":"https:\/\/ciudadyregion.com.co\/index.php\/wp-json\/wp\/v2\/categories?post=15459"},{"taxonomy":"post_tag","embeddable":true,"href":"https:\/\/ciudadyregion.com.co\/index.php\/wp-json\/wp\/v2\/tags?post=15459"}],"curies":[{"name":"wp","href":"https:\/\/api.w.org\/{rel}","templated":true}]}}