{"id":15400,"date":"2024-06-01T04:05:53","date_gmt":"2024-06-01T09:05:53","guid":{"rendered":"https:\/\/ciudadyregion.com.co\/?p=15400"},"modified":"2024-05-31T22:06:40","modified_gmt":"2024-06-01T03:06:40","slug":"careros-cierran-un-parqueadero-publico-del-centro-de-ibague-por-cobro-excesivo-en-las-tarifas","status":"publish","type":"post","link":"https:\/\/ciudadyregion.com.co\/index.php\/careros-cierran-un-parqueadero-publico-del-centro-de-ibague-por-cobro-excesivo-en-las-tarifas\/ibague\/","title":{"rendered":"&#8216;Careros&#8217;: Cierran un parqueadero p\u00fablico del centro de Ibagu\u00e9 por cobro excesivo en las tarifas"},"content":{"rendered":"<div>La Alcald\u00eda de Ibagu\u00e9 y la Polic\u00eda Metropolitana de Ibagu\u00e9 realizaron el cierre temporal de un parqueadero p\u00fablico, tras encontrar que este lugar cobraba de m\u00e1s por la prestaci\u00f3n del servicio.<\/div>\n<div><\/div>\n<blockquote>\n<div>\u201c<i>Se determin\u00f3 que efectivamente el parqueadero no cumple con dichas tarifas, excedi\u00e9ndose del tope dado en la resoluci\u00f3n de categorizaci\u00f3n que emite la Direcci\u00f3n de Justicia, por lo cual se procedi\u00f3 a aplicar la respectiva medida correctiva por parte de la Polic\u00eda<\/i>\u00ab, indic\u00f3 Lina Rinc\u00f3n asesora de la Alcald\u00eda de Ibagu\u00e9.<\/div>\n<\/blockquote>\n<div><\/div>\n<div>Es de aclarar que, debido a las condiciones del parqueadero, este correspond\u00eda a segunda categor\u00eda, por tanto puede cobrar como m\u00e1ximo una tarifa de 2.750 pesos, sin embargo el lugar estaba cobrando $3.000.<\/div>\n<div><\/div>\n<div>As\u00ed las cosas, es importante tener en cuenta que la Administraci\u00f3n Municipal por medio del Decreto 0253 del 2024, estableci\u00f3 las tarifas de parqueaderos, as\u00ed: categor\u00eda especial por hora o fracci\u00f3n diurna $3.850 y nocturna $3.950; categor\u00eda primera diurna $3.400 y nocturna de $3.550.<\/div>\n<div><\/div>\n<div>De igual forma, categor\u00eda segunda diurna $2.750 y nocturna $3.050; categor\u00eda tercera $2.400 y nocturna $2.450; categor\u00eda para moto diurna $1.750 y nocturna $1.950.<\/div>\n","protected":false},"excerpt":{"rendered":"<p>La Alcald\u00eda de Ibagu\u00e9 y la Polic\u00eda Metropolitana de Ibagu\u00e9 realizaron el cierre temporal de un parqueadero p\u00fablico, tras encontrar que este lugar cobraba de m\u00e1s por la prestaci\u00f3n del servicio. \u201cSe determin\u00f3 que efectivamente el parqueadero no cumple con dichas tarifas, excedi\u00e9ndose del tope dado en la resoluci\u00f3n de<span class=\"more-link\"><a href=\"https:\/\/ciudadyregion.com.co\/index.php\/careros-cierran-un-parqueadero-publico-del-centro-de-ibague-por-cobro-excesivo-en-las-tarifas\/ibague\/\">Continuar Leyendo<\/a><\/span><\/p>\n","protected":false},"author":2,"featured_media":15401,"comment_status":"open","ping_status":"open","sticky":false,"template":"","format":"standard","meta":{"_uf_show_specific_survey":0,"_uf_disable_surveys":false,"_jetpack_memberships_contains_paid_content":false,"footnotes":"","jetpack_publicize_message":"","jetpack_publicize_feature_enabled":true,"jetpack_social_post_already_shared":true,"jetpack_social_options":{"image_generator_settings":{"template":"highway","enabled":false},"version":2}},"categories":[14],"tags":[],"class_list":["entry","author-diegoaguirre","post-15400","post","type-post","status-publish","format-standard","has-post-thumbnail","category-ibague"],"jetpack_publicize_connections":[],"yoast_head":"<!-- This site is optimized with the Yoast SEO plugin v24.3 - https:\/\/yoast.com\/wordpress\/plugins\/seo\/ -->\n<title>&#039;Careros&#039;: Cierran un parqueadero p\u00fablico del centro de Ibagu\u00e9 por cobro excesivo en las tarifas - Ciudad y Region<\/title>\n<meta name=\"robots\" content=\"index, follow, max-snippet:-1, max-image-preview:large, max-video-preview:-1\" \/>\n<link rel=\"canonical\" href=\"https:\/\/ciudadyregion.com.co\/index.php\/careros-cierran-un-parqueadero-publico-del-centro-de-ibague-por-cobro-excesivo-en-las-tarifas\/ibague\/\" \/>\n<meta property=\"og:locale\" content=\"es_ES\" \/>\n<meta property=\"og:type\" content=\"article\" \/>\n<meta property=\"og:title\" content=\"&#039;Careros&#039;: Cierran un parqueadero p\u00fablico del centro de Ibagu\u00e9 por cobro excesivo en las tarifas - Ciudad y Region\" \/>\n<meta property=\"og:description\" content=\"La Alcald\u00eda de Ibagu\u00e9 y la Polic\u00eda Metropolitana de Ibagu\u00e9 realizaron el cierre temporal de un parqueadero p\u00fablico, tras encontrar que este lugar cobraba de m\u00e1s por la prestaci\u00f3n del servicio. \u201cSe determin\u00f3 que efectivamente el parqueadero no cumple con dichas tarifas, excedi\u00e9ndose del tope dado en la resoluci\u00f3n deContinuar Leyendo\" \/>\n<meta property=\"og:url\" content=\"https:\/\/ciudadyregion.com.co\/index.php\/careros-cierran-un-parqueadero-publico-del-centro-de-ibague-por-cobro-excesivo-en-las-tarifas\/ibague\/\" \/>\n<meta property=\"og:site_name\" content=\"Ciudad y Region\" \/>\n<meta property=\"article:published_time\" content=\"2024-06-01T09:05:53+00:00\" \/>\n<meta property=\"article:modified_time\" content=\"2024-06-01T03:06:40+00:00\" \/>\n<meta property=\"og:image\" content=\"https:\/\/i0.wp.com\/ciudadyregion.com.co\/wp-content\/uploads\/2024\/05\/7-19.jpg?fit=800%2C445&ssl=1\" \/>\n\t<meta property=\"og:image:width\" content=\"800\" \/>\n\t<meta property=\"og:image:height\" content=\"445\" \/>\n\t<meta property=\"og:image:type\" content=\"image\/jpeg\" \/>\n<meta name=\"author\" content=\"David Andr\u00e9s Aguirre\" \/>\n<meta name=\"twitter:card\" content=\"summary_large_image\" \/>\n<meta name=\"twitter:label1\" content=\"Escrito por\" \/>\n\t<meta name=\"twitter:data1\" content=\"David Andr\u00e9s Aguirre\" \/>\n\t<meta name=\"twitter:label2\" content=\"Tiempo de lectura\" \/>\n\t<meta name=\"twitter:data2\" content=\"1 minuto\" \/>\n<script type=\"application\/ld+json\" class=\"yoast-schema-graph\">{\"@context\":\"https:\/\/schema.org\",\"@graph\":[{\"@type\":\"WebPage\",\"@id\":\"https:\/\/ciudadyregion.com.co\/index.php\/careros-cierran-un-parqueadero-publico-del-centro-de-ibague-por-cobro-excesivo-en-las-tarifas\/ibague\/\",\"url\":\"https:\/\/ciudadyregion.com.co\/index.php\/careros-cierran-un-parqueadero-publico-del-centro-de-ibague-por-cobro-excesivo-en-las-tarifas\/ibague\/\",\"name\":\"'Careros': Cierran un parqueadero p\u00fablico del centro de Ibagu\u00e9 por cobro excesivo en las tarifas - Ciudad y Region\",\"isPartOf\":{\"@id\":\"https:\/\/ciudadyregion.com.co\/#website\"},\"primaryImageOfPage\":{\"@id\":\"https:\/\/ciudadyregion.com.co\/index.php\/careros-cierran-un-parqueadero-publico-del-centro-de-ibague-por-cobro-excesivo-en-las-tarifas\/ibague\/#primaryimage\"},\"image\":{\"@id\":\"https:\/\/ciudadyregion.com.co\/index.php\/careros-cierran-un-parqueadero-publico-del-centro-de-ibague-por-cobro-excesivo-en-las-tarifas\/ibague\/#primaryimage\"},\"thumbnailUrl\":\"https:\/\/i0.wp.com\/ciudadyregion.com.co\/wp-content\/uploads\/2024\/05\/7-19.jpg?fit=800%2C445&ssl=1\",\"datePublished\":\"2024-06-01T09:05:53+00:00\",\"dateModified\":\"2024-06-01T03:06:40+00:00\",\"author\":{\"@id\":\"https:\/\/ciudadyregion.com.co\/#\/schema\/person\/04a4954373ebc4051f46e8c65ff78622\"},\"breadcrumb\":{\"@id\":\"https:\/\/ciudadyregion.com.co\/index.php\/careros-cierran-un-parqueadero-publico-del-centro-de-ibague-por-cobro-excesivo-en-las-tarifas\/ibague\/#breadcrumb\"},\"inLanguage\":\"es\",\"potentialAction\":[{\"@type\":\"ReadAction\",\"target\":[\"https:\/\/ciudadyregion.com.co\/index.php\/careros-cierran-un-parqueadero-publico-del-centro-de-ibague-por-cobro-excesivo-en-las-tarifas\/ibague\/\"]}]},{\"@type\":\"ImageObject\",\"inLanguage\":\"es\",\"@id\":\"https:\/\/ciudadyregion.com.co\/index.php\/careros-cierran-un-parqueadero-publico-del-centro-de-ibague-por-cobro-excesivo-en-las-tarifas\/ibague\/#primaryimage\",\"url\":\"https:\/\/i0.wp.com\/ciudadyregion.com.co\/wp-content\/uploads\/2024\/05\/7-19.jpg?fit=800%2C445&ssl=1\",\"contentUrl\":\"https:\/\/i0.wp.com\/ciudadyregion.com.co\/wp-content\/uploads\/2024\/05\/7-19.jpg?fit=800%2C445&ssl=1\",\"width\":800,\"height\":445},{\"@type\":\"BreadcrumbList\",\"@id\":\"https:\/\/ciudadyregion.com.co\/index.php\/careros-cierran-un-parqueadero-publico-del-centro-de-ibague-por-cobro-excesivo-en-las-tarifas\/ibague\/#breadcrumb\",\"itemListElement\":[{\"@type\":\"ListItem\",\"position\":1,\"name\":\"Portada\",\"item\":\"https:\/\/ciudadyregion.com.co\/\"},{\"@type\":\"ListItem\",\"position\":2,\"name\":\"&#8216;Careros&#8217;: Cierran un parqueadero p\u00fablico del centro de Ibagu\u00e9 por cobro excesivo en las tarifas\"}]},{\"@type\":\"WebSite\",\"@id\":\"https:\/\/ciudadyregion.com.co\/#website\",\"url\":\"https:\/\/ciudadyregion.com.co\/\",\"name\":\"Ciudad y Region\",\"description\":\"\",\"potentialAction\":[{\"@type\":\"SearchAction\",\"target\":{\"@type\":\"EntryPoint\",\"urlTemplate\":\"https:\/\/ciudadyregion.com.co\/?s={search_term_string}\"},\"query-input\":{\"@type\":\"PropertyValueSpecification\",\"valueRequired\":true,\"valueName\":\"search_term_string\"}}],\"inLanguage\":\"es\"},{\"@type\":\"Person\",\"@id\":\"https:\/\/ciudadyregion.com.co\/#\/schema\/person\/04a4954373ebc4051f46e8c65ff78622\",\"name\":\"David Andr\u00e9s Aguirre\",\"image\":{\"@type\":\"ImageObject\",\"inLanguage\":\"es\",\"@id\":\"https:\/\/ciudadyregion.com.co\/#\/schema\/person\/image\/\",\"url\":\"https:\/\/secure.gravatar.com\/avatar\/bc3c655860202182ee6d1b5edd042dbe?s=96&d=mm&r=g\",\"contentUrl\":\"https:\/\/secure.gravatar.com\/avatar\/bc3c655860202182ee6d1b5edd042dbe?s=96&d=mm&r=g\",\"caption\":\"David Andr\u00e9s Aguirre\"},\"url\":\"https:\/\/ciudadyregion.com.co\/index.php\/author\/diegoaguirre\/\"}]}<\/script>\n<!-- \/ Yoast SEO plugin. -->","yoast_head_json":{"title":"'Careros': Cierran un parqueadero p\u00fablico del centro de Ibagu\u00e9 por cobro excesivo en las tarifas - Ciudad y Region","robots":{"index":"index","follow":"follow","max-snippet":"max-snippet:-1","max-image-preview":"max-image-preview:large","max-video-preview":"max-video-preview:-1"},"canonical":"https:\/\/ciudadyregion.com.co\/index.php\/careros-cierran-un-parqueadero-publico-del-centro-de-ibague-por-cobro-excesivo-en-las-tarifas\/ibague\/","og_locale":"es_ES","og_type":"article","og_title":"'Careros': Cierran un parqueadero p\u00fablico del centro de Ibagu\u00e9 por cobro excesivo en las tarifas - Ciudad y Region","og_description":"La Alcald\u00eda de Ibagu\u00e9 y la Polic\u00eda Metropolitana de Ibagu\u00e9 realizaron el cierre temporal de un parqueadero p\u00fablico, tras encontrar que este lugar cobraba de m\u00e1s por la prestaci\u00f3n del servicio. \u201cSe determin\u00f3 que efectivamente el parqueadero no cumple con dichas tarifas, excedi\u00e9ndose del tope dado en la resoluci\u00f3n deContinuar Leyendo","og_url":"https:\/\/ciudadyregion.com.co\/index.php\/careros-cierran-un-parqueadero-publico-del-centro-de-ibague-por-cobro-excesivo-en-las-tarifas\/ibague\/","og_site_name":"Ciudad y Region","article_published_time":"2024-06-01T09:05:53+00:00","article_modified_time":"2024-06-01T03:06:40+00:00","og_image":[{"width":800,"height":445,"url":"https:\/\/i0.wp.com\/ciudadyregion.com.co\/wp-content\/uploads\/2024\/05\/7-19.jpg?fit=800%2C445&ssl=1","type":"image\/jpeg"}],"author":"David Andr\u00e9s Aguirre","twitter_card":"summary_large_image","twitter_misc":{"Escrito por":"David Andr\u00e9s Aguirre","Tiempo de lectura":"1 minuto"},"schema":{"@context":"https:\/\/schema.org","@graph":[{"@type":"WebPage","@id":"https:\/\/ciudadyregion.com.co\/index.php\/careros-cierran-un-parqueadero-publico-del-centro-de-ibague-por-cobro-excesivo-en-las-tarifas\/ibague\/","url":"https:\/\/ciudadyregion.com.co\/index.php\/careros-cierran-un-parqueadero-publico-del-centro-de-ibague-por-cobro-excesivo-en-las-tarifas\/ibague\/","name":"'Careros': Cierran un parqueadero p\u00fablico del centro de Ibagu\u00e9 por cobro excesivo en las tarifas - Ciudad y Region","isPartOf":{"@id":"https:\/\/ciudadyregion.com.co\/#website"},"primaryImageOfPage":{"@id":"https:\/\/ciudadyregion.com.co\/index.php\/careros-cierran-un-parqueadero-publico-del-centro-de-ibague-por-cobro-excesivo-en-las-tarifas\/ibague\/#primaryimage"},"image":{"@id":"https:\/\/ciudadyregion.com.co\/index.php\/careros-cierran-un-parqueadero-publico-del-centro-de-ibague-por-cobro-excesivo-en-las-tarifas\/ibague\/#primaryimage"},"thumbnailUrl":"https:\/\/i0.wp.com\/ciudadyregion.com.co\/wp-content\/uploads\/2024\/05\/7-19.jpg?fit=800%2C445&ssl=1","datePublished":"2024-06-01T09:05:53+00:00","dateModified":"2024-06-01T03:06:40+00:00","author":{"@id":"https:\/\/ciudadyregion.com.co\/#\/schema\/person\/04a4954373ebc4051f46e8c65ff78622"},"breadcrumb":{"@id":"https:\/\/ciudadyregion.com.co\/index.php\/careros-cierran-un-parqueadero-publico-del-centro-de-ibague-por-cobro-excesivo-en-las-tarifas\/ibague\/#breadcrumb"},"inLanguage":"es","potentialAction":[{"@type":"ReadAction","target":["https:\/\/ciudadyregion.com.co\/index.php\/careros-cierran-un-parqueadero-publico-del-centro-de-ibague-por-cobro-excesivo-en-las-tarifas\/ibague\/"]}]},{"@type":"ImageObject","inLanguage":"es","@id":"https:\/\/ciudadyregion.com.co\/index.php\/careros-cierran-un-parqueadero-publico-del-centro-de-ibague-por-cobro-excesivo-en-las-tarifas\/ibague\/#primaryimage","url":"https:\/\/i0.wp.com\/ciudadyregion.com.co\/wp-content\/uploads\/2024\/05\/7-19.jpg?fit=800%2C445&ssl=1","contentUrl":"https:\/\/i0.wp.com\/ciudadyregion.com.co\/wp-content\/uploads\/2024\/05\/7-19.jpg?fit=800%2C445&ssl=1","width":800,"height":445},{"@type":"BreadcrumbList","@id":"https:\/\/ciudadyregion.com.co\/index.php\/careros-cierran-un-parqueadero-publico-del-centro-de-ibague-por-cobro-excesivo-en-las-tarifas\/ibague\/#breadcrumb","itemListElement":[{"@type":"ListItem","position":1,"name":"Portada","item":"https:\/\/ciudadyregion.com.co\/"},{"@type":"ListItem","position":2,"name":"&#8216;Careros&#8217;: Cierran un parqueadero p\u00fablico del centro de Ibagu\u00e9 por cobro excesivo en las tarifas"}]},{"@type":"WebSite","@id":"https:\/\/ciudadyregion.com.co\/#website","url":"https:\/\/ciudadyregion.com.co\/","name":"Ciudad y Region","description":"","potentialAction":[{"@type":"SearchAction","target":{"@type":"EntryPoint","urlTemplate":"https:\/\/ciudadyregion.com.co\/?s={search_term_string}"},"query-input":{"@type":"PropertyValueSpecification","valueRequired":true,"valueName":"search_term_string"}}],"inLanguage":"es"},{"@type":"Person","@id":"https:\/\/ciudadyregion.com.co\/#\/schema\/person\/04a4954373ebc4051f46e8c65ff78622","name":"David Andr\u00e9s Aguirre","image":{"@type":"ImageObject","inLanguage":"es","@id":"https:\/\/ciudadyregion.com.co\/#\/schema\/person\/image\/","url":"https:\/\/secure.gravatar.com\/avatar\/bc3c655860202182ee6d1b5edd042dbe?s=96&d=mm&r=g","contentUrl":"https:\/\/secure.gravatar.com\/avatar\/bc3c655860202182ee6d1b5edd042dbe?s=96&d=mm&r=g","caption":"David Andr\u00e9s Aguirre"},"url":"https:\/\/ciudadyregion.com.co\/index.php\/author\/diegoaguirre\/"}]}},"jetpack_featured_media_url":"https:\/\/i0.wp.com\/ciudadyregion.com.co\/wp-content\/uploads\/2024\/05\/7-19.jpg?fit=800%2C445&ssl=1","jetpack_sharing_enabled":true,"jetpack_shortlink":"https:\/\/wp.me\/pbS7hh-40o","jetpack-related-posts":[],"_links":{"self":[{"href":"https:\/\/ciudadyregion.com.co\/index.php\/wp-json\/wp\/v2\/posts\/15400"}],"collection":[{"href":"https:\/\/ciudadyregion.com.co\/index.php\/wp-json\/wp\/v2\/posts"}],"about":[{"href":"https:\/\/ciudadyregion.com.co\/index.php\/wp-json\/wp\/v2\/types\/post"}],"author":[{"embeddable":true,"href":"https:\/\/ciudadyregion.com.co\/index.php\/wp-json\/wp\/v2\/users\/2"}],"replies":[{"embeddable":true,"href":"https:\/\/ciudadyregion.com.co\/index.php\/wp-json\/wp\/v2\/comments?post=15400"}],"version-history":[{"count":1,"href":"https:\/\/ciudadyregion.com.co\/index.php\/wp-json\/wp\/v2\/posts\/15400\/revisions"}],"predecessor-version":[{"id":15402,"href":"https:\/\/ciudadyregion.com.co\/index.php\/wp-json\/wp\/v2\/posts\/15400\/revisions\/15402"}],"wp:featuredmedia":[{"embeddable":true,"href":"https:\/\/ciudadyregion.com.co\/index.php\/wp-json\/wp\/v2\/media\/15401"}],"wp:attachment":[{"href":"https:\/\/ciudadyregion.com.co\/index.php\/wp-json\/wp\/v2\/media?parent=15400"}],"wp:term":[{"taxonomy":"category","embeddable":true,"href":"https:\/\/ciudadyregion.com.co\/index.php\/wp-json\/wp\/v2\/categories?post=15400"},{"taxonomy":"post_tag","embeddable":true,"href":"https:\/\/ciudadyregion.com.co\/index.php\/wp-json\/wp\/v2\/tags?post=15400"}],"curies":[{"name":"wp","href":"https:\/\/api.w.org\/{rel}","templated":true}]}}