{"id":15343,"date":"2024-06-01T04:06:43","date_gmt":"2024-06-01T09:06:43","guid":{"rendered":"https:\/\/ciudadyregion.com.co\/?p=15343"},"modified":"2024-05-31T12:08:09","modified_gmt":"2024-05-31T17:08:09","slug":"la-primera-dama-de-la-nacion-y-grupo-familia-lanzan-jornada-de-salud-menstrual-para-mujeres-privadas-de-la-libertad","status":"publish","type":"post","link":"https:\/\/ciudadyregion.com.co\/index.php\/la-primera-dama-de-la-nacion-y-grupo-familia-lanzan-jornada-de-salud-menstrual-para-mujeres-privadas-de-la-libertad\/nacional\/","title":{"rendered":"La Primera Dama de la Naci\u00f3n y Grupo Familia lanzan jornada de salud menstrual para mujeres privadas de la libertad"},"content":{"rendered":"<ul>\n<li><strong><em>Esta iniciativa permite generar espacios de escucha activa para identificar necesidades, condiciones y futuros proyectos que fortalezcan el proceso de resocializaci\u00f3n en los centros penitenciarios.\u00a0<\/em><\/strong><\/li>\n<li><strong><em>Monter\u00eda y Sincelejo son las primeras ciudades en recibir estas capacitaciones, que se extender\u00e1n a los centros penitenciarios de otras ciudades del pa\u00eds.<\/em><\/strong><\/li>\n<\/ul>\n<div>En un esfuerzo conjunto por mejorar la salud y fortalecer el bienestar de las mujeres privadas de libertad, la Primera Dama de la Naci\u00f3n, Ver\u00f3nica Alcocer Garc\u00eda, en colaboraci\u00f3n con el Grupo Familia, lanz\u00f3 la jornada de salud menstrual en las ciudades de Monter\u00eda y Sincelejo.<\/div>\n<div><\/div>\n<div>Esta iniciativa busca brindar educaci\u00f3n y recursos esenciales sobre salud menstrual a las mujeres privadas de la libertad, fomentando la dignidad, mediante el autocuidado y respeto por el cuerpo.<\/div>\n<div><\/div>\n<div>La primera dama destac\u00f3 la importancia de esta alianza y el compromiso social con la salud femenina, especialmente de aquellas en situaci\u00f3n de privaci\u00f3n de libertad, e hizo un llamado a fortalecer la atenci\u00f3n en los centros penitenciarios.<\/div>\n<div><\/div>\n<blockquote>\n<div>\u201cTodos merecemos una segunda oportunidad y esa gente a la que la sociedad no ve, es a la que yo trato de hacer visible. Todos somos importantes en la construcci\u00f3n de la sociedad, somos una sola naci\u00f3n y, por eso, es tan importante llevar el mensaje de la reconciliaci\u00f3n, que comienza cuando aceptamos y damos una segunda oportunidad a las personas que por alguna raz\u00f3n se han equivocado\u201d, afirm\u00f3 la Primera Dama.<\/div>\n<\/blockquote>\n<div><\/div>\n<div>En los centros penitenciarios se llev\u00f3 a cabo un espacio de escucha activa, para evaluar las necesidades, condiciones y oportunidades de resocializaci\u00f3n que permitan al personal privado de la libertad, mejorar sus condiciones de vida.<\/div>\n<div><\/div>\n<div>El Grupo Familia proporcion\u00f3 productos de higiene menstrual y realiz\u00f3 talleres informativos, enfocados en la promoci\u00f3n del autocuidado.<\/div>\n<div><\/div>\n<div>\u201cHa sido muy satisfactorio encontrar puntos de encuentro entre la Primera Dama y la marca Nosotras en el trabajo por las mujeres y poder llegar, en conjunto, a estas mujeres que tanto necesitan una palabra de aliento y capacitQaciones fue muy valioso para ambas partes y aprendimos acerca de esas necesidades que esperamos seguir solucionando y ayudando en la medida de lo posible\u201d, dijo Ana Mar\u00eda Correa, senior brand manager de Nosotras.<\/div>\n<div><\/div>\n<div>Esta iniciativa marca el inicio de una serie de jornadas que la Primera Dama y el Grupo Familia adelantar\u00e1n por los diferentes centros penitenciarios del pa\u00eds, para contribuir en la resocializaci\u00f3n en los centros penitenciarios.<\/div>\n<div><\/div>\n<h2>Visita a hospitales<\/h2>\n<div><\/div>\n<div>Como parte de la jornada, la se\u00f1ora Ver\u00f3nica Alcocer comparti\u00f3 con los pacientes de las \u00e1reas de hospitalizaci\u00f3n, neonatolog\u00eda, materno-infantil y adulto mayor de los hospitales de San Juan de Sahag\u00fan; Universitario de Sincelejo y Corozal, respectivamente.<\/div>\n","protected":false},"excerpt":{"rendered":"<p>Esta iniciativa permite generar espacios de escucha activa para identificar necesidades, condiciones y futuros proyectos que fortalezcan el proceso de resocializaci\u00f3n en los centros penitenciarios.\u00a0 Monter\u00eda y Sincelejo son las primeras ciudades en recibir estas capacitaciones, que se extender\u00e1n a los centros penitenciarios de otras ciudades del pa\u00eds. En un<span class=\"more-link\"><a href=\"https:\/\/ciudadyregion.com.co\/index.php\/la-primera-dama-de-la-nacion-y-grupo-familia-lanzan-jornada-de-salud-menstrual-para-mujeres-privadas-de-la-libertad\/nacional\/\">Continuar Leyendo<\/a><\/span><\/p>\n","protected":false},"author":2,"featured_media":15346,"comment_status":"open","ping_status":"open","sticky":false,"template":"","format":"standard","meta":{"_uf_show_specific_survey":0,"_uf_disable_surveys":false,"_jetpack_memberships_contains_paid_content":false,"footnotes":"","jetpack_publicize_message":"","jetpack_publicize_feature_enabled":true,"jetpack_social_post_already_shared":true,"jetpack_social_options":{"image_generator_settings":{"template":"highway","enabled":false},"version":2}},"categories":[23],"tags":[],"class_list":["entry","author-diegoaguirre","post-15343","post","type-post","status-publish","format-standard","has-post-thumbnail","category-nacional"],"jetpack_publicize_connections":[],"yoast_head":"<!-- This site is optimized with the Yoast SEO plugin v24.3 - https:\/\/yoast.com\/wordpress\/plugins\/seo\/ -->\n<title>La Primera Dama de la Naci\u00f3n y Grupo Familia lanzan jornada de salud menstrual para mujeres privadas de la libertad - Ciudad y Region<\/title>\n<meta name=\"robots\" content=\"index, follow, max-snippet:-1, max-image-preview:large, max-video-preview:-1\" \/>\n<link rel=\"canonical\" href=\"https:\/\/ciudadyregion.com.co\/index.php\/la-primera-dama-de-la-nacion-y-grupo-familia-lanzan-jornada-de-salud-menstrual-para-mujeres-privadas-de-la-libertad\/nacional\/\" \/>\n<meta property=\"og:locale\" content=\"es_ES\" \/>\n<meta property=\"og:type\" content=\"article\" \/>\n<meta property=\"og:title\" content=\"La Primera Dama de la Naci\u00f3n y Grupo Familia lanzan jornada de salud menstrual para mujeres privadas de la libertad - Ciudad y Region\" \/>\n<meta property=\"og:description\" content=\"Esta iniciativa permite generar espacios de escucha activa para identificar necesidades, condiciones y futuros proyectos que fortalezcan el proceso de resocializaci\u00f3n en los centros penitenciarios.\u00a0 Monter\u00eda y Sincelejo son las primeras ciudades en recibir estas capacitaciones, que se extender\u00e1n a los centros penitenciarios de otras ciudades del pa\u00eds. En unContinuar Leyendo\" \/>\n<meta property=\"og:url\" content=\"https:\/\/ciudadyregion.com.co\/index.php\/la-primera-dama-de-la-nacion-y-grupo-familia-lanzan-jornada-de-salud-menstrual-para-mujeres-privadas-de-la-libertad\/nacional\/\" \/>\n<meta property=\"og:site_name\" content=\"Ciudad y Region\" \/>\n<meta property=\"article:published_time\" content=\"2024-06-01T09:06:43+00:00\" \/>\n<meta property=\"article:modified_time\" content=\"2024-05-31T17:08:09+00:00\" \/>\n<meta property=\"og:image\" content=\"https:\/\/i0.wp.com\/ciudadyregion.com.co\/wp-content\/uploads\/2024\/05\/1-25-1.jpg?fit=800%2C445&ssl=1\" \/>\n\t<meta property=\"og:image:width\" content=\"800\" \/>\n\t<meta property=\"og:image:height\" content=\"445\" \/>\n\t<meta property=\"og:image:type\" content=\"image\/jpeg\" \/>\n<meta name=\"author\" content=\"David Andr\u00e9s Aguirre\" \/>\n<meta name=\"twitter:card\" content=\"summary_large_image\" \/>\n<meta name=\"twitter:label1\" content=\"Escrito por\" \/>\n\t<meta name=\"twitter:data1\" content=\"David Andr\u00e9s Aguirre\" \/>\n\t<meta name=\"twitter:label2\" content=\"Tiempo de lectura\" \/>\n\t<meta name=\"twitter:data2\" content=\"2 minutos\" \/>\n<script type=\"application\/ld+json\" class=\"yoast-schema-graph\">{\"@context\":\"https:\/\/schema.org\",\"@graph\":[{\"@type\":\"WebPage\",\"@id\":\"https:\/\/ciudadyregion.com.co\/index.php\/la-primera-dama-de-la-nacion-y-grupo-familia-lanzan-jornada-de-salud-menstrual-para-mujeres-privadas-de-la-libertad\/nacional\/\",\"url\":\"https:\/\/ciudadyregion.com.co\/index.php\/la-primera-dama-de-la-nacion-y-grupo-familia-lanzan-jornada-de-salud-menstrual-para-mujeres-privadas-de-la-libertad\/nacional\/\",\"name\":\"La Primera Dama de la Naci\u00f3n y Grupo Familia lanzan jornada de salud menstrual para mujeres privadas de la libertad - Ciudad y Region\",\"isPartOf\":{\"@id\":\"https:\/\/ciudadyregion.com.co\/#website\"},\"primaryImageOfPage\":{\"@id\":\"https:\/\/ciudadyregion.com.co\/index.php\/la-primera-dama-de-la-nacion-y-grupo-familia-lanzan-jornada-de-salud-menstrual-para-mujeres-privadas-de-la-libertad\/nacional\/#primaryimage\"},\"image\":{\"@id\":\"https:\/\/ciudadyregion.com.co\/index.php\/la-primera-dama-de-la-nacion-y-grupo-familia-lanzan-jornada-de-salud-menstrual-para-mujeres-privadas-de-la-libertad\/nacional\/#primaryimage\"},\"thumbnailUrl\":\"https:\/\/i0.wp.com\/ciudadyregion.com.co\/wp-content\/uploads\/2024\/05\/1-25-1.jpg?fit=800%2C445&ssl=1\",\"datePublished\":\"2024-06-01T09:06:43+00:00\",\"dateModified\":\"2024-05-31T17:08:09+00:00\",\"author\":{\"@id\":\"https:\/\/ciudadyregion.com.co\/#\/schema\/person\/04a4954373ebc4051f46e8c65ff78622\"},\"breadcrumb\":{\"@id\":\"https:\/\/ciudadyregion.com.co\/index.php\/la-primera-dama-de-la-nacion-y-grupo-familia-lanzan-jornada-de-salud-menstrual-para-mujeres-privadas-de-la-libertad\/nacional\/#breadcrumb\"},\"inLanguage\":\"es\",\"potentialAction\":[{\"@type\":\"ReadAction\",\"target\":[\"https:\/\/ciudadyregion.com.co\/index.php\/la-primera-dama-de-la-nacion-y-grupo-familia-lanzan-jornada-de-salud-menstrual-para-mujeres-privadas-de-la-libertad\/nacional\/\"]}]},{\"@type\":\"ImageObject\",\"inLanguage\":\"es\",\"@id\":\"https:\/\/ciudadyregion.com.co\/index.php\/la-primera-dama-de-la-nacion-y-grupo-familia-lanzan-jornada-de-salud-menstrual-para-mujeres-privadas-de-la-libertad\/nacional\/#primaryimage\",\"url\":\"https:\/\/i0.wp.com\/ciudadyregion.com.co\/wp-content\/uploads\/2024\/05\/1-25-1.jpg?fit=800%2C445&ssl=1\",\"contentUrl\":\"https:\/\/i0.wp.com\/ciudadyregion.com.co\/wp-content\/uploads\/2024\/05\/1-25-1.jpg?fit=800%2C445&ssl=1\",\"width\":800,\"height\":445},{\"@type\":\"BreadcrumbList\",\"@id\":\"https:\/\/ciudadyregion.com.co\/index.php\/la-primera-dama-de-la-nacion-y-grupo-familia-lanzan-jornada-de-salud-menstrual-para-mujeres-privadas-de-la-libertad\/nacional\/#breadcrumb\",\"itemListElement\":[{\"@type\":\"ListItem\",\"position\":1,\"name\":\"Portada\",\"item\":\"https:\/\/ciudadyregion.com.co\/\"},{\"@type\":\"ListItem\",\"position\":2,\"name\":\"La Primera Dama de la Naci\u00f3n y Grupo Familia lanzan jornada de salud menstrual para mujeres privadas de la libertad\"}]},{\"@type\":\"WebSite\",\"@id\":\"https:\/\/ciudadyregion.com.co\/#website\",\"url\":\"https:\/\/ciudadyregion.com.co\/\",\"name\":\"Ciudad y Region\",\"description\":\"\",\"potentialAction\":[{\"@type\":\"SearchAction\",\"target\":{\"@type\":\"EntryPoint\",\"urlTemplate\":\"https:\/\/ciudadyregion.com.co\/?s={search_term_string}\"},\"query-input\":{\"@type\":\"PropertyValueSpecification\",\"valueRequired\":true,\"valueName\":\"search_term_string\"}}],\"inLanguage\":\"es\"},{\"@type\":\"Person\",\"@id\":\"https:\/\/ciudadyregion.com.co\/#\/schema\/person\/04a4954373ebc4051f46e8c65ff78622\",\"name\":\"David Andr\u00e9s Aguirre\",\"image\":{\"@type\":\"ImageObject\",\"inLanguage\":\"es\",\"@id\":\"https:\/\/ciudadyregion.com.co\/#\/schema\/person\/image\/\",\"url\":\"https:\/\/secure.gravatar.com\/avatar\/bc3c655860202182ee6d1b5edd042dbe?s=96&d=mm&r=g\",\"contentUrl\":\"https:\/\/secure.gravatar.com\/avatar\/bc3c655860202182ee6d1b5edd042dbe?s=96&d=mm&r=g\",\"caption\":\"David Andr\u00e9s Aguirre\"},\"url\":\"https:\/\/ciudadyregion.com.co\/index.php\/author\/diegoaguirre\/\"}]}<\/script>\n<!-- \/ Yoast SEO plugin. -->","yoast_head_json":{"title":"La Primera Dama de la Naci\u00f3n y Grupo Familia lanzan jornada de salud menstrual para mujeres privadas de la libertad - Ciudad y Region","robots":{"index":"index","follow":"follow","max-snippet":"max-snippet:-1","max-image-preview":"max-image-preview:large","max-video-preview":"max-video-preview:-1"},"canonical":"https:\/\/ciudadyregion.com.co\/index.php\/la-primera-dama-de-la-nacion-y-grupo-familia-lanzan-jornada-de-salud-menstrual-para-mujeres-privadas-de-la-libertad\/nacional\/","og_locale":"es_ES","og_type":"article","og_title":"La Primera Dama de la Naci\u00f3n y Grupo Familia lanzan jornada de salud menstrual para mujeres privadas de la libertad - Ciudad y Region","og_description":"Esta iniciativa permite generar espacios de escucha activa para identificar necesidades, condiciones y futuros proyectos que fortalezcan el proceso de resocializaci\u00f3n en los centros penitenciarios.\u00a0 Monter\u00eda y Sincelejo son las primeras ciudades en recibir estas capacitaciones, que se extender\u00e1n a los centros penitenciarios de otras ciudades del pa\u00eds. En unContinuar Leyendo","og_url":"https:\/\/ciudadyregion.com.co\/index.php\/la-primera-dama-de-la-nacion-y-grupo-familia-lanzan-jornada-de-salud-menstrual-para-mujeres-privadas-de-la-libertad\/nacional\/","og_site_name":"Ciudad y Region","article_published_time":"2024-06-01T09:06:43+00:00","article_modified_time":"2024-05-31T17:08:09+00:00","og_image":[{"width":800,"height":445,"url":"https:\/\/i0.wp.com\/ciudadyregion.com.co\/wp-content\/uploads\/2024\/05\/1-25-1.jpg?fit=800%2C445&ssl=1","type":"image\/jpeg"}],"author":"David Andr\u00e9s Aguirre","twitter_card":"summary_large_image","twitter_misc":{"Escrito por":"David Andr\u00e9s Aguirre","Tiempo de lectura":"2 minutos"},"schema":{"@context":"https:\/\/schema.org","@graph":[{"@type":"WebPage","@id":"https:\/\/ciudadyregion.com.co\/index.php\/la-primera-dama-de-la-nacion-y-grupo-familia-lanzan-jornada-de-salud-menstrual-para-mujeres-privadas-de-la-libertad\/nacional\/","url":"https:\/\/ciudadyregion.com.co\/index.php\/la-primera-dama-de-la-nacion-y-grupo-familia-lanzan-jornada-de-salud-menstrual-para-mujeres-privadas-de-la-libertad\/nacional\/","name":"La Primera Dama de la Naci\u00f3n y Grupo Familia lanzan jornada de salud menstrual para mujeres privadas de la libertad - Ciudad y Region","isPartOf":{"@id":"https:\/\/ciudadyregion.com.co\/#website"},"primaryImageOfPage":{"@id":"https:\/\/ciudadyregion.com.co\/index.php\/la-primera-dama-de-la-nacion-y-grupo-familia-lanzan-jornada-de-salud-menstrual-para-mujeres-privadas-de-la-libertad\/nacional\/#primaryimage"},"image":{"@id":"https:\/\/ciudadyregion.com.co\/index.php\/la-primera-dama-de-la-nacion-y-grupo-familia-lanzan-jornada-de-salud-menstrual-para-mujeres-privadas-de-la-libertad\/nacional\/#primaryimage"},"thumbnailUrl":"https:\/\/i0.wp.com\/ciudadyregion.com.co\/wp-content\/uploads\/2024\/05\/1-25-1.jpg?fit=800%2C445&ssl=1","datePublished":"2024-06-01T09:06:43+00:00","dateModified":"2024-05-31T17:08:09+00:00","author":{"@id":"https:\/\/ciudadyregion.com.co\/#\/schema\/person\/04a4954373ebc4051f46e8c65ff78622"},"breadcrumb":{"@id":"https:\/\/ciudadyregion.com.co\/index.php\/la-primera-dama-de-la-nacion-y-grupo-familia-lanzan-jornada-de-salud-menstrual-para-mujeres-privadas-de-la-libertad\/nacional\/#breadcrumb"},"inLanguage":"es","potentialAction":[{"@type":"ReadAction","target":["https:\/\/ciudadyregion.com.co\/index.php\/la-primera-dama-de-la-nacion-y-grupo-familia-lanzan-jornada-de-salud-menstrual-para-mujeres-privadas-de-la-libertad\/nacional\/"]}]},{"@type":"ImageObject","inLanguage":"es","@id":"https:\/\/ciudadyregion.com.co\/index.php\/la-primera-dama-de-la-nacion-y-grupo-familia-lanzan-jornada-de-salud-menstrual-para-mujeres-privadas-de-la-libertad\/nacional\/#primaryimage","url":"https:\/\/i0.wp.com\/ciudadyregion.com.co\/wp-content\/uploads\/2024\/05\/1-25-1.jpg?fit=800%2C445&ssl=1","contentUrl":"https:\/\/i0.wp.com\/ciudadyregion.com.co\/wp-content\/uploads\/2024\/05\/1-25-1.jpg?fit=800%2C445&ssl=1","width":800,"height":445},{"@type":"BreadcrumbList","@id":"https:\/\/ciudadyregion.com.co\/index.php\/la-primera-dama-de-la-nacion-y-grupo-familia-lanzan-jornada-de-salud-menstrual-para-mujeres-privadas-de-la-libertad\/nacional\/#breadcrumb","itemListElement":[{"@type":"ListItem","position":1,"name":"Portada","item":"https:\/\/ciudadyregion.com.co\/"},{"@type":"ListItem","position":2,"name":"La Primera Dama de la Naci\u00f3n y Grupo Familia lanzan jornada de salud menstrual para mujeres privadas de la libertad"}]},{"@type":"WebSite","@id":"https:\/\/ciudadyregion.com.co\/#website","url":"https:\/\/ciudadyregion.com.co\/","name":"Ciudad y Region","description":"","potentialAction":[{"@type":"SearchAction","target":{"@type":"EntryPoint","urlTemplate":"https:\/\/ciudadyregion.com.co\/?s={search_term_string}"},"query-input":{"@type":"PropertyValueSpecification","valueRequired":true,"valueName":"search_term_string"}}],"inLanguage":"es"},{"@type":"Person","@id":"https:\/\/ciudadyregion.com.co\/#\/schema\/person\/04a4954373ebc4051f46e8c65ff78622","name":"David Andr\u00e9s Aguirre","image":{"@type":"ImageObject","inLanguage":"es","@id":"https:\/\/ciudadyregion.com.co\/#\/schema\/person\/image\/","url":"https:\/\/secure.gravatar.com\/avatar\/bc3c655860202182ee6d1b5edd042dbe?s=96&d=mm&r=g","contentUrl":"https:\/\/secure.gravatar.com\/avatar\/bc3c655860202182ee6d1b5edd042dbe?s=96&d=mm&r=g","caption":"David Andr\u00e9s Aguirre"},"url":"https:\/\/ciudadyregion.com.co\/index.php\/author\/diegoaguirre\/"}]}},"jetpack_featured_media_url":"https:\/\/i0.wp.com\/ciudadyregion.com.co\/wp-content\/uploads\/2024\/05\/1-25-1.jpg?fit=800%2C445&ssl=1","jetpack_sharing_enabled":true,"jetpack_shortlink":"https:\/\/wp.me\/pbS7hh-3Zt","jetpack-related-posts":[],"_links":{"self":[{"href":"https:\/\/ciudadyregion.com.co\/index.php\/wp-json\/wp\/v2\/posts\/15343"}],"collection":[{"href":"https:\/\/ciudadyregion.com.co\/index.php\/wp-json\/wp\/v2\/posts"}],"about":[{"href":"https:\/\/ciudadyregion.com.co\/index.php\/wp-json\/wp\/v2\/types\/post"}],"author":[{"embeddable":true,"href":"https:\/\/ciudadyregion.com.co\/index.php\/wp-json\/wp\/v2\/users\/2"}],"replies":[{"embeddable":true,"href":"https:\/\/ciudadyregion.com.co\/index.php\/wp-json\/wp\/v2\/comments?post=15343"}],"version-history":[{"count":3,"href":"https:\/\/ciudadyregion.com.co\/index.php\/wp-json\/wp\/v2\/posts\/15343\/revisions"}],"predecessor-version":[{"id":15349,"href":"https:\/\/ciudadyregion.com.co\/index.php\/wp-json\/wp\/v2\/posts\/15343\/revisions\/15349"}],"wp:featuredmedia":[{"embeddable":true,"href":"https:\/\/ciudadyregion.com.co\/index.php\/wp-json\/wp\/v2\/media\/15346"}],"wp:attachment":[{"href":"https:\/\/ciudadyregion.com.co\/index.php\/wp-json\/wp\/v2\/media?parent=15343"}],"wp:term":[{"taxonomy":"category","embeddable":true,"href":"https:\/\/ciudadyregion.com.co\/index.php\/wp-json\/wp\/v2\/categories?post=15343"},{"taxonomy":"post_tag","embeddable":true,"href":"https:\/\/ciudadyregion.com.co\/index.php\/wp-json\/wp\/v2\/tags?post=15343"}],"curies":[{"name":"wp","href":"https:\/\/api.w.org\/{rel}","templated":true}]}}