{"id":15294,"date":"2024-05-31T04:30:44","date_gmt":"2024-05-31T09:30:44","guid":{"rendered":"https:\/\/ciudadyregion.com.co\/?p=15294"},"modified":"2024-05-30T23:31:38","modified_gmt":"2024-05-31T04:31:38","slug":"5-personas-seran-enviadas-a-la-carcel-por-el-secuestro-y-hurto-a-un-guia-turistico-en-medellin","status":"publish","type":"post","link":"https:\/\/ciudadyregion.com.co\/index.php\/5-personas-seran-enviadas-a-la-carcel-por-el-secuestro-y-hurto-a-un-guia-turistico-en-medellin\/judicial\/","title":{"rendered":"5 Personas ser\u00e1n enviadas a la c\u00e1rcel por el secuestro y hurto a un gu\u00eda tur\u00edstico en Medell\u00edn"},"content":{"rendered":"<div>Por solicitud de la Fiscal\u00eda General\u00a0 de la Naci\u00f3n, un juez de control de garant\u00edas impuso medida de aseguramiento en centro de reclusi\u00f3n a cinco personas que habr\u00edan participado en el secuestro y hurto \u00a0a un \u00a0gu\u00eda tur\u00edstico en Medell\u00edn (Antioquia).<\/div>\n<div><\/div>\n<div>Los hechos investigados ocurrieron la tarde del pasado 28 de abril cuando la v\u00edctima fue contactada para acompa\u00f1ar a unos ciudadanos australianos.<\/div>\n<div><\/div>\n<div>Al llegar al barrio El Poblado de Medell\u00edn, el gu\u00eda tur\u00edstico fue recogido por un taxi en el que, al parecer, fue intimidado con armas blancas y de fuego para que entregara sus pertenencias y su tel\u00e9fono celular.<\/div>\n<div><\/div>\n<div>Los investigadores establecieron que uno de los asaltantes al parecer grab\u00f3 las actividades il\u00edcitas y llam\u00f3 a un hombre conocido con el alias de Patr\u00f3n, quien orden\u00f3 golpear al retenido y despojarlo de los elementos que portaba, incluido sus documentos de identificaci\u00f3n.<\/div>\n<div><\/div>\n<div>Minutos despu\u00e9s, el secuestrado ser\u00eda lanzado desde el veh\u00edculo de servicio p\u00fablico en un sector del barrio Guayabal.<\/div>\n<div><\/div>\n<div>Estas cinco personas fueron capturadas mediante orden judicial por servidores del Gaula de la Polic\u00eda Nacional. Tres son mujeres de nacionalidad venezolana: Derbis David Hern\u00e1ndez Dur\u00e1n, Oriana Michel Mendible Morales y Yuraima Elizabeth Estupi\u00f1\u00e1n Alvarado. Los otros dos son colombianos: Santiago Asprilla Castro y Andr\u00e9s Felipe \u00c1lvarez Carrascal, alias Patr\u00f3n.<\/div>\n<div><\/div>\n<div>Durante las audiencias no se allanaron a los cargos imputados por la Fiscal\u00eda por los delitos de secuestro simple y hurto calificado y agravado.<\/div>\n<div><\/div>\n<div>Adem\u00e1s, la Fiscal\u00eda orden\u00f3 compulsar copias para que se investigue a \u00c1lvarez Carrascal por el delito de pornograf\u00eda con persona menor de 18 a\u00f1os, toda vez que en su celular fueron halladas im\u00e1genes que podr\u00edan comprometerlo con esa actividad il\u00edcita.<\/div>\n","protected":false},"excerpt":{"rendered":"<p>Por solicitud de la Fiscal\u00eda General\u00a0 de la Naci\u00f3n, un juez de control de garant\u00edas impuso medida de aseguramiento en centro de reclusi\u00f3n a cinco personas que habr\u00edan participado en el secuestro y hurto \u00a0a un \u00a0gu\u00eda tur\u00edstico en Medell\u00edn (Antioquia). Los hechos investigados ocurrieron la tarde del pasado 28<span class=\"more-link\"><a href=\"https:\/\/ciudadyregion.com.co\/index.php\/5-personas-seran-enviadas-a-la-carcel-por-el-secuestro-y-hurto-a-un-guia-turistico-en-medellin\/judicial\/\">Continuar Leyendo<\/a><\/span><\/p>\n","protected":false},"author":2,"featured_media":15295,"comment_status":"open","ping_status":"open","sticky":false,"template":"","format":"standard","meta":{"_uf_show_specific_survey":0,"_uf_disable_surveys":false,"_jetpack_memberships_contains_paid_content":false,"footnotes":"","jetpack_publicize_message":"","jetpack_publicize_feature_enabled":true,"jetpack_social_post_already_shared":true,"jetpack_social_options":{"image_generator_settings":{"template":"highway","enabled":false},"version":2}},"categories":[18],"tags":[],"class_list":["entry","author-diegoaguirre","post-15294","post","type-post","status-publish","format-standard","has-post-thumbnail","category-judicial"],"jetpack_publicize_connections":[],"yoast_head":"<!-- This site is optimized with the Yoast SEO plugin v24.3 - https:\/\/yoast.com\/wordpress\/plugins\/seo\/ -->\n<title>5 Personas ser\u00e1n enviadas a la c\u00e1rcel por el secuestro y hurto a un gu\u00eda tur\u00edstico en Medell\u00edn - Ciudad y Region<\/title>\n<meta name=\"robots\" content=\"index, follow, max-snippet:-1, max-image-preview:large, max-video-preview:-1\" \/>\n<link rel=\"canonical\" href=\"https:\/\/ciudadyregion.com.co\/index.php\/5-personas-seran-enviadas-a-la-carcel-por-el-secuestro-y-hurto-a-un-guia-turistico-en-medellin\/judicial\/\" \/>\n<meta property=\"og:locale\" content=\"es_ES\" \/>\n<meta property=\"og:type\" content=\"article\" \/>\n<meta property=\"og:title\" content=\"5 Personas ser\u00e1n enviadas a la c\u00e1rcel por el secuestro y hurto a un gu\u00eda tur\u00edstico en Medell\u00edn - Ciudad y Region\" \/>\n<meta property=\"og:description\" content=\"Por solicitud de la Fiscal\u00eda General\u00a0 de la Naci\u00f3n, un juez de control de garant\u00edas impuso medida de aseguramiento en centro de reclusi\u00f3n a cinco personas que habr\u00edan participado en el secuestro y hurto \u00a0a un \u00a0gu\u00eda tur\u00edstico en Medell\u00edn (Antioquia). Los hechos investigados ocurrieron la tarde del pasado 28Continuar Leyendo\" \/>\n<meta property=\"og:url\" content=\"https:\/\/ciudadyregion.com.co\/index.php\/5-personas-seran-enviadas-a-la-carcel-por-el-secuestro-y-hurto-a-un-guia-turistico-en-medellin\/judicial\/\" \/>\n<meta property=\"og:site_name\" content=\"Ciudad y Region\" \/>\n<meta property=\"article:published_time\" content=\"2024-05-31T09:30:44+00:00\" \/>\n<meta property=\"article:modified_time\" content=\"2024-05-31T04:31:38+00:00\" \/>\n<meta property=\"og:image\" content=\"https:\/\/i0.wp.com\/ciudadyregion.com.co\/wp-content\/uploads\/2024\/05\/5-11.jpg?fit=800%2C445&ssl=1\" \/>\n\t<meta property=\"og:image:width\" content=\"800\" \/>\n\t<meta property=\"og:image:height\" content=\"445\" \/>\n\t<meta property=\"og:image:type\" content=\"image\/jpeg\" \/>\n<meta name=\"author\" content=\"David Andr\u00e9s Aguirre\" \/>\n<meta name=\"twitter:card\" content=\"summary_large_image\" \/>\n<meta name=\"twitter:label1\" content=\"Escrito por\" \/>\n\t<meta name=\"twitter:data1\" content=\"David Andr\u00e9s Aguirre\" \/>\n\t<meta name=\"twitter:label2\" content=\"Tiempo de lectura\" \/>\n\t<meta name=\"twitter:data2\" content=\"2 minutos\" \/>\n<script type=\"application\/ld+json\" class=\"yoast-schema-graph\">{\"@context\":\"https:\/\/schema.org\",\"@graph\":[{\"@type\":\"WebPage\",\"@id\":\"https:\/\/ciudadyregion.com.co\/index.php\/5-personas-seran-enviadas-a-la-carcel-por-el-secuestro-y-hurto-a-un-guia-turistico-en-medellin\/judicial\/\",\"url\":\"https:\/\/ciudadyregion.com.co\/index.php\/5-personas-seran-enviadas-a-la-carcel-por-el-secuestro-y-hurto-a-un-guia-turistico-en-medellin\/judicial\/\",\"name\":\"5 Personas ser\u00e1n enviadas a la c\u00e1rcel por el secuestro y hurto a un gu\u00eda tur\u00edstico en Medell\u00edn - Ciudad y Region\",\"isPartOf\":{\"@id\":\"https:\/\/ciudadyregion.com.co\/#website\"},\"primaryImageOfPage\":{\"@id\":\"https:\/\/ciudadyregion.com.co\/index.php\/5-personas-seran-enviadas-a-la-carcel-por-el-secuestro-y-hurto-a-un-guia-turistico-en-medellin\/judicial\/#primaryimage\"},\"image\":{\"@id\":\"https:\/\/ciudadyregion.com.co\/index.php\/5-personas-seran-enviadas-a-la-carcel-por-el-secuestro-y-hurto-a-un-guia-turistico-en-medellin\/judicial\/#primaryimage\"},\"thumbnailUrl\":\"https:\/\/i0.wp.com\/ciudadyregion.com.co\/wp-content\/uploads\/2024\/05\/5-11.jpg?fit=800%2C445&ssl=1\",\"datePublished\":\"2024-05-31T09:30:44+00:00\",\"dateModified\":\"2024-05-31T04:31:38+00:00\",\"author\":{\"@id\":\"https:\/\/ciudadyregion.com.co\/#\/schema\/person\/04a4954373ebc4051f46e8c65ff78622\"},\"breadcrumb\":{\"@id\":\"https:\/\/ciudadyregion.com.co\/index.php\/5-personas-seran-enviadas-a-la-carcel-por-el-secuestro-y-hurto-a-un-guia-turistico-en-medellin\/judicial\/#breadcrumb\"},\"inLanguage\":\"es\",\"potentialAction\":[{\"@type\":\"ReadAction\",\"target\":[\"https:\/\/ciudadyregion.com.co\/index.php\/5-personas-seran-enviadas-a-la-carcel-por-el-secuestro-y-hurto-a-un-guia-turistico-en-medellin\/judicial\/\"]}]},{\"@type\":\"ImageObject\",\"inLanguage\":\"es\",\"@id\":\"https:\/\/ciudadyregion.com.co\/index.php\/5-personas-seran-enviadas-a-la-carcel-por-el-secuestro-y-hurto-a-un-guia-turistico-en-medellin\/judicial\/#primaryimage\",\"url\":\"https:\/\/i0.wp.com\/ciudadyregion.com.co\/wp-content\/uploads\/2024\/05\/5-11.jpg?fit=800%2C445&ssl=1\",\"contentUrl\":\"https:\/\/i0.wp.com\/ciudadyregion.com.co\/wp-content\/uploads\/2024\/05\/5-11.jpg?fit=800%2C445&ssl=1\",\"width\":800,\"height\":445},{\"@type\":\"BreadcrumbList\",\"@id\":\"https:\/\/ciudadyregion.com.co\/index.php\/5-personas-seran-enviadas-a-la-carcel-por-el-secuestro-y-hurto-a-un-guia-turistico-en-medellin\/judicial\/#breadcrumb\",\"itemListElement\":[{\"@type\":\"ListItem\",\"position\":1,\"name\":\"Portada\",\"item\":\"https:\/\/ciudadyregion.com.co\/\"},{\"@type\":\"ListItem\",\"position\":2,\"name\":\"5 Personas ser\u00e1n enviadas a la c\u00e1rcel por el secuestro y hurto a un gu\u00eda tur\u00edstico en Medell\u00edn\"}]},{\"@type\":\"WebSite\",\"@id\":\"https:\/\/ciudadyregion.com.co\/#website\",\"url\":\"https:\/\/ciudadyregion.com.co\/\",\"name\":\"Ciudad y Region\",\"description\":\"\",\"potentialAction\":[{\"@type\":\"SearchAction\",\"target\":{\"@type\":\"EntryPoint\",\"urlTemplate\":\"https:\/\/ciudadyregion.com.co\/?s={search_term_string}\"},\"query-input\":{\"@type\":\"PropertyValueSpecification\",\"valueRequired\":true,\"valueName\":\"search_term_string\"}}],\"inLanguage\":\"es\"},{\"@type\":\"Person\",\"@id\":\"https:\/\/ciudadyregion.com.co\/#\/schema\/person\/04a4954373ebc4051f46e8c65ff78622\",\"name\":\"David Andr\u00e9s Aguirre\",\"image\":{\"@type\":\"ImageObject\",\"inLanguage\":\"es\",\"@id\":\"https:\/\/ciudadyregion.com.co\/#\/schema\/person\/image\/\",\"url\":\"https:\/\/secure.gravatar.com\/avatar\/bc3c655860202182ee6d1b5edd042dbe?s=96&d=mm&r=g\",\"contentUrl\":\"https:\/\/secure.gravatar.com\/avatar\/bc3c655860202182ee6d1b5edd042dbe?s=96&d=mm&r=g\",\"caption\":\"David Andr\u00e9s Aguirre\"},\"url\":\"https:\/\/ciudadyregion.com.co\/index.php\/author\/diegoaguirre\/\"}]}<\/script>\n<!-- \/ Yoast SEO plugin. -->","yoast_head_json":{"title":"5 Personas ser\u00e1n enviadas a la c\u00e1rcel por el secuestro y hurto a un gu\u00eda tur\u00edstico en Medell\u00edn - Ciudad y Region","robots":{"index":"index","follow":"follow","max-snippet":"max-snippet:-1","max-image-preview":"max-image-preview:large","max-video-preview":"max-video-preview:-1"},"canonical":"https:\/\/ciudadyregion.com.co\/index.php\/5-personas-seran-enviadas-a-la-carcel-por-el-secuestro-y-hurto-a-un-guia-turistico-en-medellin\/judicial\/","og_locale":"es_ES","og_type":"article","og_title":"5 Personas ser\u00e1n enviadas a la c\u00e1rcel por el secuestro y hurto a un gu\u00eda tur\u00edstico en Medell\u00edn - Ciudad y Region","og_description":"Por solicitud de la Fiscal\u00eda General\u00a0 de la Naci\u00f3n, un juez de control de garant\u00edas impuso medida de aseguramiento en centro de reclusi\u00f3n a cinco personas que habr\u00edan participado en el secuestro y hurto \u00a0a un \u00a0gu\u00eda tur\u00edstico en Medell\u00edn (Antioquia). Los hechos investigados ocurrieron la tarde del pasado 28Continuar Leyendo","og_url":"https:\/\/ciudadyregion.com.co\/index.php\/5-personas-seran-enviadas-a-la-carcel-por-el-secuestro-y-hurto-a-un-guia-turistico-en-medellin\/judicial\/","og_site_name":"Ciudad y Region","article_published_time":"2024-05-31T09:30:44+00:00","article_modified_time":"2024-05-31T04:31:38+00:00","og_image":[{"width":800,"height":445,"url":"https:\/\/i0.wp.com\/ciudadyregion.com.co\/wp-content\/uploads\/2024\/05\/5-11.jpg?fit=800%2C445&ssl=1","type":"image\/jpeg"}],"author":"David Andr\u00e9s Aguirre","twitter_card":"summary_large_image","twitter_misc":{"Escrito por":"David Andr\u00e9s Aguirre","Tiempo de lectura":"2 minutos"},"schema":{"@context":"https:\/\/schema.org","@graph":[{"@type":"WebPage","@id":"https:\/\/ciudadyregion.com.co\/index.php\/5-personas-seran-enviadas-a-la-carcel-por-el-secuestro-y-hurto-a-un-guia-turistico-en-medellin\/judicial\/","url":"https:\/\/ciudadyregion.com.co\/index.php\/5-personas-seran-enviadas-a-la-carcel-por-el-secuestro-y-hurto-a-un-guia-turistico-en-medellin\/judicial\/","name":"5 Personas ser\u00e1n enviadas a la c\u00e1rcel por el secuestro y hurto a un gu\u00eda tur\u00edstico en Medell\u00edn - Ciudad y Region","isPartOf":{"@id":"https:\/\/ciudadyregion.com.co\/#website"},"primaryImageOfPage":{"@id":"https:\/\/ciudadyregion.com.co\/index.php\/5-personas-seran-enviadas-a-la-carcel-por-el-secuestro-y-hurto-a-un-guia-turistico-en-medellin\/judicial\/#primaryimage"},"image":{"@id":"https:\/\/ciudadyregion.com.co\/index.php\/5-personas-seran-enviadas-a-la-carcel-por-el-secuestro-y-hurto-a-un-guia-turistico-en-medellin\/judicial\/#primaryimage"},"thumbnailUrl":"https:\/\/i0.wp.com\/ciudadyregion.com.co\/wp-content\/uploads\/2024\/05\/5-11.jpg?fit=800%2C445&ssl=1","datePublished":"2024-05-31T09:30:44+00:00","dateModified":"2024-05-31T04:31:38+00:00","author":{"@id":"https:\/\/ciudadyregion.com.co\/#\/schema\/person\/04a4954373ebc4051f46e8c65ff78622"},"breadcrumb":{"@id":"https:\/\/ciudadyregion.com.co\/index.php\/5-personas-seran-enviadas-a-la-carcel-por-el-secuestro-y-hurto-a-un-guia-turistico-en-medellin\/judicial\/#breadcrumb"},"inLanguage":"es","potentialAction":[{"@type":"ReadAction","target":["https:\/\/ciudadyregion.com.co\/index.php\/5-personas-seran-enviadas-a-la-carcel-por-el-secuestro-y-hurto-a-un-guia-turistico-en-medellin\/judicial\/"]}]},{"@type":"ImageObject","inLanguage":"es","@id":"https:\/\/ciudadyregion.com.co\/index.php\/5-personas-seran-enviadas-a-la-carcel-por-el-secuestro-y-hurto-a-un-guia-turistico-en-medellin\/judicial\/#primaryimage","url":"https:\/\/i0.wp.com\/ciudadyregion.com.co\/wp-content\/uploads\/2024\/05\/5-11.jpg?fit=800%2C445&ssl=1","contentUrl":"https:\/\/i0.wp.com\/ciudadyregion.com.co\/wp-content\/uploads\/2024\/05\/5-11.jpg?fit=800%2C445&ssl=1","width":800,"height":445},{"@type":"BreadcrumbList","@id":"https:\/\/ciudadyregion.com.co\/index.php\/5-personas-seran-enviadas-a-la-carcel-por-el-secuestro-y-hurto-a-un-guia-turistico-en-medellin\/judicial\/#breadcrumb","itemListElement":[{"@type":"ListItem","position":1,"name":"Portada","item":"https:\/\/ciudadyregion.com.co\/"},{"@type":"ListItem","position":2,"name":"5 Personas ser\u00e1n enviadas a la c\u00e1rcel por el secuestro y hurto a un gu\u00eda tur\u00edstico en Medell\u00edn"}]},{"@type":"WebSite","@id":"https:\/\/ciudadyregion.com.co\/#website","url":"https:\/\/ciudadyregion.com.co\/","name":"Ciudad y Region","description":"","potentialAction":[{"@type":"SearchAction","target":{"@type":"EntryPoint","urlTemplate":"https:\/\/ciudadyregion.com.co\/?s={search_term_string}"},"query-input":{"@type":"PropertyValueSpecification","valueRequired":true,"valueName":"search_term_string"}}],"inLanguage":"es"},{"@type":"Person","@id":"https:\/\/ciudadyregion.com.co\/#\/schema\/person\/04a4954373ebc4051f46e8c65ff78622","name":"David Andr\u00e9s Aguirre","image":{"@type":"ImageObject","inLanguage":"es","@id":"https:\/\/ciudadyregion.com.co\/#\/schema\/person\/image\/","url":"https:\/\/secure.gravatar.com\/avatar\/bc3c655860202182ee6d1b5edd042dbe?s=96&d=mm&r=g","contentUrl":"https:\/\/secure.gravatar.com\/avatar\/bc3c655860202182ee6d1b5edd042dbe?s=96&d=mm&r=g","caption":"David Andr\u00e9s Aguirre"},"url":"https:\/\/ciudadyregion.com.co\/index.php\/author\/diegoaguirre\/"}]}},"jetpack_featured_media_url":"https:\/\/i0.wp.com\/ciudadyregion.com.co\/wp-content\/uploads\/2024\/05\/5-11.jpg?fit=800%2C445&ssl=1","jetpack_sharing_enabled":true,"jetpack_shortlink":"https:\/\/wp.me\/pbS7hh-3YG","jetpack-related-posts":[],"_links":{"self":[{"href":"https:\/\/ciudadyregion.com.co\/index.php\/wp-json\/wp\/v2\/posts\/15294"}],"collection":[{"href":"https:\/\/ciudadyregion.com.co\/index.php\/wp-json\/wp\/v2\/posts"}],"about":[{"href":"https:\/\/ciudadyregion.com.co\/index.php\/wp-json\/wp\/v2\/types\/post"}],"author":[{"embeddable":true,"href":"https:\/\/ciudadyregion.com.co\/index.php\/wp-json\/wp\/v2\/users\/2"}],"replies":[{"embeddable":true,"href":"https:\/\/ciudadyregion.com.co\/index.php\/wp-json\/wp\/v2\/comments?post=15294"}],"version-history":[{"count":1,"href":"https:\/\/ciudadyregion.com.co\/index.php\/wp-json\/wp\/v2\/posts\/15294\/revisions"}],"predecessor-version":[{"id":15296,"href":"https:\/\/ciudadyregion.com.co\/index.php\/wp-json\/wp\/v2\/posts\/15294\/revisions\/15296"}],"wp:featuredmedia":[{"embeddable":true,"href":"https:\/\/ciudadyregion.com.co\/index.php\/wp-json\/wp\/v2\/media\/15295"}],"wp:attachment":[{"href":"https:\/\/ciudadyregion.com.co\/index.php\/wp-json\/wp\/v2\/media?parent=15294"}],"wp:term":[{"taxonomy":"category","embeddable":true,"href":"https:\/\/ciudadyregion.com.co\/index.php\/wp-json\/wp\/v2\/categories?post=15294"},{"taxonomy":"post_tag","embeddable":true,"href":"https:\/\/ciudadyregion.com.co\/index.php\/wp-json\/wp\/v2\/tags?post=15294"}],"curies":[{"name":"wp","href":"https:\/\/api.w.org\/{rel}","templated":true}]}}