{"id":15268,"date":"2024-05-31T04:03:50","date_gmt":"2024-05-31T09:03:50","guid":{"rendered":"https:\/\/ciudadyregion.com.co\/?p=15268"},"modified":"2024-05-30T23:04:40","modified_gmt":"2024-05-31T04:04:40","slug":"la-copa-del-mundo-sub-17-de-futbol-de-salon-estara-hoy-viernes-en-ibague","status":"publish","type":"post","link":"https:\/\/ciudadyregion.com.co\/index.php\/la-copa-del-mundo-sub-17-de-futbol-de-salon-estara-hoy-viernes-en-ibague\/deportes\/","title":{"rendered":"La Copa del Mundo Sub 17 de F\u00fatbol de Sal\u00f3n estar\u00e1 hoy viernes en Ibagu\u00e9"},"content":{"rendered":"<div>Gracias a la gesti\u00f3n realizada por la Alcald\u00eda y el Imdri, aprovechando el desarrollo del Campeonato Nacional Sub 21, la Copa Mundo ser\u00e1 exhibida en la Capital Musical.<\/div>\n<div><span style=\"font-family: Arial, Verdana;\">\u00a0<\/span><\/div>\n<div><span style=\"font-family: Arial, Verdana;\">Por eso, gran expectativa se ha generado luego de la confirmaci\u00f3n por parte de la Federaci\u00f3n Colombiana de F\u00fatbol de Sal\u00f3n, por haber elegido a Ibagu\u00e9 como la primera ciudad para este acto que llena de orgullo a esta disciplina.\u00a0<\/span><\/div>\n<div><span style=\"font-family: Arial, Verdana;\">\u00a0<\/span><\/div>\n<div><span style=\"font-family: Arial, Verdana;\">El objetivo es dar a conocer el avance del f\u00fatbol de sal\u00f3n en el pa\u00eds, especialmente en la tierra ibaguere\u00f1a que hoy recibe a 10 delegaciones con cerca de 120 deportistas en el Campeonato Interligas Sub 21.\u00a0<\/span><\/div>\n<div><span style=\"font-family: Arial, Verdana;\">\u00a0<\/span><\/div>\n<div><span style=\"font-family: Arial, Verdana;\">El acto se realizar\u00e1 este 31 de mayo en el Hotel Doral Inn a la 1:00 p.m., junto a los deportistas, entrenadores y directivos de las ligas participantes, adem\u00e1s de los medios de comunicaci\u00f3n y autoridades locales.\u00a0<\/span><\/div>\n<div><span style=\"font-family: Arial, Verdana;\">\u00a0<\/span><\/div>\n<blockquote>\n<div><span style=\"font-family: Arial, Verdana;\"><i>\u201cEsto es una confianza al trabajo articulado, hoy a Ibagu\u00e9 la ven como la casa del f\u00fatbol de sal\u00f3n por el apoyo, respaldo y el gran escenario con el que se cuenta, el Coliseo Mayor\u201d,<\/i>\u00a0dijo Alfonso Ospina, presidente de la Liga de F\u00fatbol de Sal\u00f3n del Tolima.\u00a0<\/span><\/div>\n<\/blockquote>\n<div><span style=\"font-family: Arial, Verdana;\">\u00a0<\/span><\/div>\n<div><span style=\"font-family: Arial, Verdana;\">Cabe destacar que Ibagu\u00e9 ha sido sede durante este 2024 del Campeonato Departamental, Campeonato Nacional Sub 17, Campeonato Nacional Sub 21 y el Campeonato Sudamericano de Clubes.<\/span><\/div>\n","protected":false},"excerpt":{"rendered":"<p>Gracias a la gesti\u00f3n realizada por la Alcald\u00eda y el Imdri, aprovechando el desarrollo del Campeonato Nacional Sub 21, la Copa Mundo ser\u00e1 exhibida en la Capital Musical. \u00a0 Por eso, gran expectativa se ha generado luego de la confirmaci\u00f3n por parte de la Federaci\u00f3n Colombiana de F\u00fatbol de Sal\u00f3n,<span class=\"more-link\"><a href=\"https:\/\/ciudadyregion.com.co\/index.php\/la-copa-del-mundo-sub-17-de-futbol-de-salon-estara-hoy-viernes-en-ibague\/deportes\/\">Continuar Leyendo<\/a><\/span><\/p>\n","protected":false},"author":2,"featured_media":15269,"comment_status":"open","ping_status":"open","sticky":false,"template":"","format":"standard","meta":{"_uf_show_specific_survey":0,"_uf_disable_surveys":false,"_jetpack_memberships_contains_paid_content":false,"footnotes":"","jetpack_publicize_message":"","jetpack_publicize_feature_enabled":true,"jetpack_social_post_already_shared":true,"jetpack_social_options":{"image_generator_settings":{"template":"highway","enabled":false},"version":2}},"categories":[15,14],"tags":[],"class_list":["entry","author-diegoaguirre","post-15268","post","type-post","status-publish","format-standard","has-post-thumbnail","category-deportes","category-ibague"],"jetpack_publicize_connections":[],"yoast_head":"<!-- This site is optimized with the Yoast SEO plugin v24.3 - https:\/\/yoast.com\/wordpress\/plugins\/seo\/ -->\n<title>La Copa del Mundo Sub 17 de F\u00fatbol de Sal\u00f3n estar\u00e1 hoy viernes en Ibagu\u00e9 - Ciudad y Region<\/title>\n<meta name=\"robots\" content=\"index, follow, max-snippet:-1, max-image-preview:large, max-video-preview:-1\" \/>\n<link rel=\"canonical\" href=\"https:\/\/ciudadyregion.com.co\/index.php\/la-copa-del-mundo-sub-17-de-futbol-de-salon-estara-hoy-viernes-en-ibague\/deportes\/\" \/>\n<meta property=\"og:locale\" content=\"es_ES\" \/>\n<meta property=\"og:type\" content=\"article\" \/>\n<meta property=\"og:title\" content=\"La Copa del Mundo Sub 17 de F\u00fatbol de Sal\u00f3n estar\u00e1 hoy viernes en Ibagu\u00e9 - Ciudad y Region\" \/>\n<meta property=\"og:description\" content=\"Gracias a la gesti\u00f3n realizada por la Alcald\u00eda y el Imdri, aprovechando el desarrollo del Campeonato Nacional Sub 21, la Copa Mundo ser\u00e1 exhibida en la Capital Musical. \u00a0 Por eso, gran expectativa se ha generado luego de la confirmaci\u00f3n por parte de la Federaci\u00f3n Colombiana de F\u00fatbol de Sal\u00f3n,Continuar Leyendo\" \/>\n<meta property=\"og:url\" content=\"https:\/\/ciudadyregion.com.co\/index.php\/la-copa-del-mundo-sub-17-de-futbol-de-salon-estara-hoy-viernes-en-ibague\/deportes\/\" \/>\n<meta property=\"og:site_name\" content=\"Ciudad y Region\" \/>\n<meta property=\"article:published_time\" content=\"2024-05-31T09:03:50+00:00\" \/>\n<meta property=\"article:modified_time\" content=\"2024-05-31T04:04:40+00:00\" \/>\n<meta property=\"og:image\" content=\"https:\/\/i0.wp.com\/ciudadyregion.com.co\/wp-content\/uploads\/2024\/05\/6-18.jpg?fit=800%2C445&ssl=1\" \/>\n\t<meta property=\"og:image:width\" content=\"800\" \/>\n\t<meta property=\"og:image:height\" content=\"445\" \/>\n\t<meta property=\"og:image:type\" content=\"image\/jpeg\" \/>\n<meta name=\"author\" content=\"David Andr\u00e9s Aguirre\" \/>\n<meta name=\"twitter:card\" content=\"summary_large_image\" \/>\n<meta name=\"twitter:label1\" content=\"Escrito por\" \/>\n\t<meta name=\"twitter:data1\" content=\"David Andr\u00e9s Aguirre\" \/>\n\t<meta name=\"twitter:label2\" content=\"Tiempo de lectura\" \/>\n\t<meta name=\"twitter:data2\" content=\"1 minuto\" \/>\n<script type=\"application\/ld+json\" class=\"yoast-schema-graph\">{\"@context\":\"https:\/\/schema.org\",\"@graph\":[{\"@type\":\"WebPage\",\"@id\":\"https:\/\/ciudadyregion.com.co\/index.php\/la-copa-del-mundo-sub-17-de-futbol-de-salon-estara-hoy-viernes-en-ibague\/deportes\/\",\"url\":\"https:\/\/ciudadyregion.com.co\/index.php\/la-copa-del-mundo-sub-17-de-futbol-de-salon-estara-hoy-viernes-en-ibague\/deportes\/\",\"name\":\"La Copa del Mundo Sub 17 de F\u00fatbol de Sal\u00f3n estar\u00e1 hoy viernes en Ibagu\u00e9 - Ciudad y Region\",\"isPartOf\":{\"@id\":\"https:\/\/ciudadyregion.com.co\/#website\"},\"primaryImageOfPage\":{\"@id\":\"https:\/\/ciudadyregion.com.co\/index.php\/la-copa-del-mundo-sub-17-de-futbol-de-salon-estara-hoy-viernes-en-ibague\/deportes\/#primaryimage\"},\"image\":{\"@id\":\"https:\/\/ciudadyregion.com.co\/index.php\/la-copa-del-mundo-sub-17-de-futbol-de-salon-estara-hoy-viernes-en-ibague\/deportes\/#primaryimage\"},\"thumbnailUrl\":\"https:\/\/i0.wp.com\/ciudadyregion.com.co\/wp-content\/uploads\/2024\/05\/6-18.jpg?fit=800%2C445&ssl=1\",\"datePublished\":\"2024-05-31T09:03:50+00:00\",\"dateModified\":\"2024-05-31T04:04:40+00:00\",\"author\":{\"@id\":\"https:\/\/ciudadyregion.com.co\/#\/schema\/person\/04a4954373ebc4051f46e8c65ff78622\"},\"breadcrumb\":{\"@id\":\"https:\/\/ciudadyregion.com.co\/index.php\/la-copa-del-mundo-sub-17-de-futbol-de-salon-estara-hoy-viernes-en-ibague\/deportes\/#breadcrumb\"},\"inLanguage\":\"es\",\"potentialAction\":[{\"@type\":\"ReadAction\",\"target\":[\"https:\/\/ciudadyregion.com.co\/index.php\/la-copa-del-mundo-sub-17-de-futbol-de-salon-estara-hoy-viernes-en-ibague\/deportes\/\"]}]},{\"@type\":\"ImageObject\",\"inLanguage\":\"es\",\"@id\":\"https:\/\/ciudadyregion.com.co\/index.php\/la-copa-del-mundo-sub-17-de-futbol-de-salon-estara-hoy-viernes-en-ibague\/deportes\/#primaryimage\",\"url\":\"https:\/\/i0.wp.com\/ciudadyregion.com.co\/wp-content\/uploads\/2024\/05\/6-18.jpg?fit=800%2C445&ssl=1\",\"contentUrl\":\"https:\/\/i0.wp.com\/ciudadyregion.com.co\/wp-content\/uploads\/2024\/05\/6-18.jpg?fit=800%2C445&ssl=1\",\"width\":800,\"height\":445},{\"@type\":\"BreadcrumbList\",\"@id\":\"https:\/\/ciudadyregion.com.co\/index.php\/la-copa-del-mundo-sub-17-de-futbol-de-salon-estara-hoy-viernes-en-ibague\/deportes\/#breadcrumb\",\"itemListElement\":[{\"@type\":\"ListItem\",\"position\":1,\"name\":\"Portada\",\"item\":\"https:\/\/ciudadyregion.com.co\/\"},{\"@type\":\"ListItem\",\"position\":2,\"name\":\"La Copa del Mundo Sub 17 de F\u00fatbol de Sal\u00f3n estar\u00e1 hoy viernes en Ibagu\u00e9\"}]},{\"@type\":\"WebSite\",\"@id\":\"https:\/\/ciudadyregion.com.co\/#website\",\"url\":\"https:\/\/ciudadyregion.com.co\/\",\"name\":\"Ciudad y Region\",\"description\":\"\",\"potentialAction\":[{\"@type\":\"SearchAction\",\"target\":{\"@type\":\"EntryPoint\",\"urlTemplate\":\"https:\/\/ciudadyregion.com.co\/?s={search_term_string}\"},\"query-input\":{\"@type\":\"PropertyValueSpecification\",\"valueRequired\":true,\"valueName\":\"search_term_string\"}}],\"inLanguage\":\"es\"},{\"@type\":\"Person\",\"@id\":\"https:\/\/ciudadyregion.com.co\/#\/schema\/person\/04a4954373ebc4051f46e8c65ff78622\",\"name\":\"David Andr\u00e9s Aguirre\",\"image\":{\"@type\":\"ImageObject\",\"inLanguage\":\"es\",\"@id\":\"https:\/\/ciudadyregion.com.co\/#\/schema\/person\/image\/\",\"url\":\"https:\/\/secure.gravatar.com\/avatar\/bc3c655860202182ee6d1b5edd042dbe?s=96&d=mm&r=g\",\"contentUrl\":\"https:\/\/secure.gravatar.com\/avatar\/bc3c655860202182ee6d1b5edd042dbe?s=96&d=mm&r=g\",\"caption\":\"David Andr\u00e9s Aguirre\"},\"url\":\"https:\/\/ciudadyregion.com.co\/index.php\/author\/diegoaguirre\/\"}]}<\/script>\n<!-- \/ Yoast SEO plugin. -->","yoast_head_json":{"title":"La Copa del Mundo Sub 17 de F\u00fatbol de Sal\u00f3n estar\u00e1 hoy viernes en Ibagu\u00e9 - Ciudad y Region","robots":{"index":"index","follow":"follow","max-snippet":"max-snippet:-1","max-image-preview":"max-image-preview:large","max-video-preview":"max-video-preview:-1"},"canonical":"https:\/\/ciudadyregion.com.co\/index.php\/la-copa-del-mundo-sub-17-de-futbol-de-salon-estara-hoy-viernes-en-ibague\/deportes\/","og_locale":"es_ES","og_type":"article","og_title":"La Copa del Mundo Sub 17 de F\u00fatbol de Sal\u00f3n estar\u00e1 hoy viernes en Ibagu\u00e9 - Ciudad y Region","og_description":"Gracias a la gesti\u00f3n realizada por la Alcald\u00eda y el Imdri, aprovechando el desarrollo del Campeonato Nacional Sub 21, la Copa Mundo ser\u00e1 exhibida en la Capital Musical. \u00a0 Por eso, gran expectativa se ha generado luego de la confirmaci\u00f3n por parte de la Federaci\u00f3n Colombiana de F\u00fatbol de Sal\u00f3n,Continuar Leyendo","og_url":"https:\/\/ciudadyregion.com.co\/index.php\/la-copa-del-mundo-sub-17-de-futbol-de-salon-estara-hoy-viernes-en-ibague\/deportes\/","og_site_name":"Ciudad y Region","article_published_time":"2024-05-31T09:03:50+00:00","article_modified_time":"2024-05-31T04:04:40+00:00","og_image":[{"width":800,"height":445,"url":"https:\/\/i0.wp.com\/ciudadyregion.com.co\/wp-content\/uploads\/2024\/05\/6-18.jpg?fit=800%2C445&ssl=1","type":"image\/jpeg"}],"author":"David Andr\u00e9s Aguirre","twitter_card":"summary_large_image","twitter_misc":{"Escrito por":"David Andr\u00e9s Aguirre","Tiempo de lectura":"1 minuto"},"schema":{"@context":"https:\/\/schema.org","@graph":[{"@type":"WebPage","@id":"https:\/\/ciudadyregion.com.co\/index.php\/la-copa-del-mundo-sub-17-de-futbol-de-salon-estara-hoy-viernes-en-ibague\/deportes\/","url":"https:\/\/ciudadyregion.com.co\/index.php\/la-copa-del-mundo-sub-17-de-futbol-de-salon-estara-hoy-viernes-en-ibague\/deportes\/","name":"La Copa del Mundo Sub 17 de F\u00fatbol de Sal\u00f3n estar\u00e1 hoy viernes en Ibagu\u00e9 - Ciudad y Region","isPartOf":{"@id":"https:\/\/ciudadyregion.com.co\/#website"},"primaryImageOfPage":{"@id":"https:\/\/ciudadyregion.com.co\/index.php\/la-copa-del-mundo-sub-17-de-futbol-de-salon-estara-hoy-viernes-en-ibague\/deportes\/#primaryimage"},"image":{"@id":"https:\/\/ciudadyregion.com.co\/index.php\/la-copa-del-mundo-sub-17-de-futbol-de-salon-estara-hoy-viernes-en-ibague\/deportes\/#primaryimage"},"thumbnailUrl":"https:\/\/i0.wp.com\/ciudadyregion.com.co\/wp-content\/uploads\/2024\/05\/6-18.jpg?fit=800%2C445&ssl=1","datePublished":"2024-05-31T09:03:50+00:00","dateModified":"2024-05-31T04:04:40+00:00","author":{"@id":"https:\/\/ciudadyregion.com.co\/#\/schema\/person\/04a4954373ebc4051f46e8c65ff78622"},"breadcrumb":{"@id":"https:\/\/ciudadyregion.com.co\/index.php\/la-copa-del-mundo-sub-17-de-futbol-de-salon-estara-hoy-viernes-en-ibague\/deportes\/#breadcrumb"},"inLanguage":"es","potentialAction":[{"@type":"ReadAction","target":["https:\/\/ciudadyregion.com.co\/index.php\/la-copa-del-mundo-sub-17-de-futbol-de-salon-estara-hoy-viernes-en-ibague\/deportes\/"]}]},{"@type":"ImageObject","inLanguage":"es","@id":"https:\/\/ciudadyregion.com.co\/index.php\/la-copa-del-mundo-sub-17-de-futbol-de-salon-estara-hoy-viernes-en-ibague\/deportes\/#primaryimage","url":"https:\/\/i0.wp.com\/ciudadyregion.com.co\/wp-content\/uploads\/2024\/05\/6-18.jpg?fit=800%2C445&ssl=1","contentUrl":"https:\/\/i0.wp.com\/ciudadyregion.com.co\/wp-content\/uploads\/2024\/05\/6-18.jpg?fit=800%2C445&ssl=1","width":800,"height":445},{"@type":"BreadcrumbList","@id":"https:\/\/ciudadyregion.com.co\/index.php\/la-copa-del-mundo-sub-17-de-futbol-de-salon-estara-hoy-viernes-en-ibague\/deportes\/#breadcrumb","itemListElement":[{"@type":"ListItem","position":1,"name":"Portada","item":"https:\/\/ciudadyregion.com.co\/"},{"@type":"ListItem","position":2,"name":"La Copa del Mundo Sub 17 de F\u00fatbol de Sal\u00f3n estar\u00e1 hoy viernes en Ibagu\u00e9"}]},{"@type":"WebSite","@id":"https:\/\/ciudadyregion.com.co\/#website","url":"https:\/\/ciudadyregion.com.co\/","name":"Ciudad y Region","description":"","potentialAction":[{"@type":"SearchAction","target":{"@type":"EntryPoint","urlTemplate":"https:\/\/ciudadyregion.com.co\/?s={search_term_string}"},"query-input":{"@type":"PropertyValueSpecification","valueRequired":true,"valueName":"search_term_string"}}],"inLanguage":"es"},{"@type":"Person","@id":"https:\/\/ciudadyregion.com.co\/#\/schema\/person\/04a4954373ebc4051f46e8c65ff78622","name":"David Andr\u00e9s Aguirre","image":{"@type":"ImageObject","inLanguage":"es","@id":"https:\/\/ciudadyregion.com.co\/#\/schema\/person\/image\/","url":"https:\/\/secure.gravatar.com\/avatar\/bc3c655860202182ee6d1b5edd042dbe?s=96&d=mm&r=g","contentUrl":"https:\/\/secure.gravatar.com\/avatar\/bc3c655860202182ee6d1b5edd042dbe?s=96&d=mm&r=g","caption":"David Andr\u00e9s Aguirre"},"url":"https:\/\/ciudadyregion.com.co\/index.php\/author\/diegoaguirre\/"}]}},"jetpack_featured_media_url":"https:\/\/i0.wp.com\/ciudadyregion.com.co\/wp-content\/uploads\/2024\/05\/6-18.jpg?fit=800%2C445&ssl=1","jetpack_sharing_enabled":true,"jetpack_shortlink":"https:\/\/wp.me\/pbS7hh-3Yg","jetpack-related-posts":[],"_links":{"self":[{"href":"https:\/\/ciudadyregion.com.co\/index.php\/wp-json\/wp\/v2\/posts\/15268"}],"collection":[{"href":"https:\/\/ciudadyregion.com.co\/index.php\/wp-json\/wp\/v2\/posts"}],"about":[{"href":"https:\/\/ciudadyregion.com.co\/index.php\/wp-json\/wp\/v2\/types\/post"}],"author":[{"embeddable":true,"href":"https:\/\/ciudadyregion.com.co\/index.php\/wp-json\/wp\/v2\/users\/2"}],"replies":[{"embeddable":true,"href":"https:\/\/ciudadyregion.com.co\/index.php\/wp-json\/wp\/v2\/comments?post=15268"}],"version-history":[{"count":1,"href":"https:\/\/ciudadyregion.com.co\/index.php\/wp-json\/wp\/v2\/posts\/15268\/revisions"}],"predecessor-version":[{"id":15270,"href":"https:\/\/ciudadyregion.com.co\/index.php\/wp-json\/wp\/v2\/posts\/15268\/revisions\/15270"}],"wp:featuredmedia":[{"embeddable":true,"href":"https:\/\/ciudadyregion.com.co\/index.php\/wp-json\/wp\/v2\/media\/15269"}],"wp:attachment":[{"href":"https:\/\/ciudadyregion.com.co\/index.php\/wp-json\/wp\/v2\/media?parent=15268"}],"wp:term":[{"taxonomy":"category","embeddable":true,"href":"https:\/\/ciudadyregion.com.co\/index.php\/wp-json\/wp\/v2\/categories?post=15268"},{"taxonomy":"post_tag","embeddable":true,"href":"https:\/\/ciudadyregion.com.co\/index.php\/wp-json\/wp\/v2\/tags?post=15268"}],"curies":[{"name":"wp","href":"https:\/\/api.w.org\/{rel}","templated":true}]}}