{"id":15243,"date":"2024-05-31T04:32:48","date_gmt":"2024-05-31T09:32:48","guid":{"rendered":"https:\/\/ciudadyregion.com.co\/?p=15243"},"modified":"2024-05-30T22:33:27","modified_gmt":"2024-05-31T03:33:27","slug":"un-constructor-de-paz-asi-califico-el-presidente-petro-al-propietario-y-vendedor-del-predio-que-hoy-paso-a-manos-de-campesinos-en-cordoba","status":"publish","type":"post","link":"https:\/\/ciudadyregion.com.co\/index.php\/un-constructor-de-paz-asi-califico-el-presidente-petro-al-propietario-y-vendedor-del-predio-que-hoy-paso-a-manos-de-campesinos-en-cordoba\/nacional\/","title":{"rendered":"\u00abUn constructor de paz\u00bb, As\u00ed calific\u00f3 el presidente Petro al propietario y vendedor del predio que hoy pas\u00f3 a manos de campesinos en C\u00f3rdoba"},"content":{"rendered":"<ul>\n<li><strong><em>\u201cHay quienes ahora le tienen temor a la palabra democracia, incluso creen que la democracia no es el pueblo; que se destruye la democracia si se convoca al pueblo a expresarse, a movilizarse, a organizarse y a tener poder\u00bb, dijo el mandatario durante una nueva entrega de tierras de la Reforma Agraria en C\u00f3rdoba.<\/em><\/strong><\/li>\n<li><strong><em>\u201cLa tierra ha sido en Colombia el origen de la guerra y ahora tiene que ser el origen de la paz\u00bb, dijo el mandatario.<\/em><\/strong><\/li>\n<\/ul>\n<p>El presidente Gustavo Petro hizo un reconocimiento especial a Juan Carlos Mart\u00ednez Rodr\u00edguez, due\u00f1o del predio de la finca &#8216;Los Billetes&#8217; \u2013en Pueblo Nuevo, C\u00f3rdoba\u2013, que vendi\u00f3 a la Agencia Nacional de Tierras (ANT) y que hoy, como parte de la Reforma Agraria, pas\u00f3 a manos de unas 1.500 familias campesinas de la regi\u00f3n.<\/p>\n<p>El jefe de Estado habl\u00f3 desde el predio Los Billetes, corregimiento de Cintura, en Pueblo Nuevo, C\u00f3rdoba, tras entregar 6 mil hect\u00e1reas de tierras a campesinos del sur del Caribe, entre ellas 2 mil para habitantes del departamento de C\u00f3rdoba y 4 mil para poblaci\u00f3n del Magdalena.<\/p>\n<p>Tras escuchar a los campesinos beneficiados que le agradecieron emocionados, porque por fin cumplieron sus sue\u00f1os de tener tierra, el presidente Petro expres\u00f3 que \u201choy es de esos d\u00edas halagadores por los que vale la pena haber triunfado\u00bb.<\/p>\n<blockquote><p>\u201cLa tierra en Colombia ha sido hasta ahora el origen de la violencia y de la guerra y tiene que ser ahora el origen de la paz\u00bb, dijo el mandatario.<\/p><\/blockquote>\n<p>En este sentido, el jefe de Estado dijo que Mart\u00ednez Rodr\u00edguez es un ejemplo para que muchos m\u00e1s propietarios hagan lo mismo. El mandatario le agradeci\u00f3 \u201cpor haber tenido el coraz\u00f3n, el c\u00e1lculo y la inteligencia\u00bb al vender su predio para la Reforma Agraria, y confi\u00f3 en que ojal\u00e1 sea millones las hect\u00e1reas de tierra que se entreguen de aqu\u00ed en adelante, tal como lo estipula el Acuerdo de Paz.<\/p>\n<blockquote><p>\u201cUsted es un constructor de paz. Le da un ejemplo a Colombia. Que se llene de felicidad su coraz\u00f3n y el de los suyos\u00bb, le expres\u00f3 el presidente de la Rep\u00fablica.<\/p><\/blockquote>\n<h2>Poder constituyente<\/h2>\n<p>\u200bDe otro lado, en su discurso, el jefe de Estado explic\u00f3 el significado del poder constituyente y de la convocatoria al pueblo para que se exprese y se organice.<\/p>\n<blockquote><p>\u201cHay quienes ahora le tienen temor a la palabra democracia, incluso creen que la democracia no es el pueblo; que se destruye la democracia si se convoca al pueblo a expresarse, a movilizarse, a organizarse y a tener poder\u00bb, manifest\u00f3.<\/p><\/blockquote>\n<p>Al respecto enfatiz\u00f3:<\/p>\n<blockquote><p>\u201cNo he hablado aqu\u00ed de una Asamblea Constituyente, como repite una y otra vez la prensa a\u00fan, que para reelegirme. Los que se reeligieron fueron otros, que incluso cambiaron la Constituci\u00f3n para ello. Estoy hablando de un poder constituyente. No confundan el objetivo con los medios: poder constituyente es poder del pueblo, es capacidad de decisi\u00f3n, es capacidad de organizaci\u00f3n, es poderle decir a toda la sociedad colombiana que el pueblo tiene poder, que decide, que quiere cambiar la historia de Colombia\u00bb, continu\u00f3.<\/p><\/blockquote>\n<p>El jefe de Estado sostuvo que \u201cese es el camino de la construcci\u00f3n de la democracia; no hay democracia sin el pueblo, no hay democracia sin una pobrer\u00eda, que se organice para dejar de ser pobres\u00bb.<\/p>\n<p>Y explic\u00f3:<\/p>\n<blockquote><p>\u201cLa democracia, aquella en donde la gente no solo decide, sino que la gente progresa, la gente derriba los obst\u00e1culos a la libertad, la gente supera las necesidades juntas, decidiendo en com\u00fan, decidiendo como un pueblo, decidiendo como un r\u00edo tormentoso que se junta pero que llega tranquilo hasta el mar, el mar de la humanidad, el mar de la vida\u00bb.<\/p><\/blockquote>\n<p>El mandatario indic\u00f3 ante unos dos mil campesinos de la regi\u00f3n y funcionarios de su gobierno, autoridades civiles, locales, militares y periodistas, que<\/p>\n<blockquote><p>\u201ceso es lo que queremos constituir aqu\u00ed con el pueblo campesino, con el pueblo femenino, con el pueblo humilde y con el pueblo juvenil de C\u00f3rdoba, el gran Caribe libertario en donde se alz\u00f3 la bandera de la Rep\u00fablica y de la libertad que nunca nos dejamos arrebatar\u00bb.<\/p><\/blockquote>\n","protected":false},"excerpt":{"rendered":"<p>\u201cHay quienes ahora le tienen temor a la palabra democracia, incluso creen que la democracia no es el pueblo; que se destruye la democracia si se convoca al pueblo a expresarse, a movilizarse, a organizarse y a tener poder\u00bb, dijo el mandatario durante una nueva entrega de tierras de la<span class=\"more-link\"><a href=\"https:\/\/ciudadyregion.com.co\/index.php\/un-constructor-de-paz-asi-califico-el-presidente-petro-al-propietario-y-vendedor-del-predio-que-hoy-paso-a-manos-de-campesinos-en-cordoba\/nacional\/\">Continuar Leyendo<\/a><\/span><\/p>\n","protected":false},"author":2,"featured_media":8787,"comment_status":"open","ping_status":"open","sticky":false,"template":"","format":"standard","meta":{"_uf_show_specific_survey":0,"_uf_disable_surveys":false,"_jetpack_memberships_contains_paid_content":false,"footnotes":"","jetpack_publicize_message":"","jetpack_publicize_feature_enabled":true,"jetpack_social_post_already_shared":true,"jetpack_social_options":{"image_generator_settings":{"template":"highway","enabled":false},"version":2}},"categories":[23],"tags":[],"class_list":["entry","author-diegoaguirre","post-15243","post","type-post","status-publish","format-standard","has-post-thumbnail","category-nacional"],"jetpack_publicize_connections":[],"yoast_head":"<!-- This site is optimized with the Yoast SEO plugin v24.3 - https:\/\/yoast.com\/wordpress\/plugins\/seo\/ -->\n<title>&quot;Un constructor de paz&quot;, As\u00ed calific\u00f3 el presidente Petro al propietario y vendedor del predio que hoy pas\u00f3 a manos de campesinos en C\u00f3rdoba - Ciudad y Region<\/title>\n<meta name=\"robots\" content=\"index, follow, max-snippet:-1, max-image-preview:large, max-video-preview:-1\" \/>\n<link rel=\"canonical\" href=\"https:\/\/ciudadyregion.com.co\/index.php\/un-constructor-de-paz-asi-califico-el-presidente-petro-al-propietario-y-vendedor-del-predio-que-hoy-paso-a-manos-de-campesinos-en-cordoba\/nacional\/\" \/>\n<meta property=\"og:locale\" content=\"es_ES\" \/>\n<meta property=\"og:type\" content=\"article\" \/>\n<meta property=\"og:title\" content=\"&quot;Un constructor de paz&quot;, As\u00ed calific\u00f3 el presidente Petro al propietario y vendedor del predio que hoy pas\u00f3 a manos de campesinos en C\u00f3rdoba - Ciudad y Region\" \/>\n<meta property=\"og:description\" content=\"\u201cHay quienes ahora le tienen temor a la palabra democracia, incluso creen que la democracia no es el pueblo; que se destruye la democracia si se convoca al pueblo a expresarse, a movilizarse, a organizarse y a tener poder\u00bb, dijo el mandatario durante una nueva entrega de tierras de laContinuar Leyendo\" \/>\n<meta property=\"og:url\" content=\"https:\/\/ciudadyregion.com.co\/index.php\/un-constructor-de-paz-asi-califico-el-presidente-petro-al-propietario-y-vendedor-del-predio-que-hoy-paso-a-manos-de-campesinos-en-cordoba\/nacional\/\" \/>\n<meta property=\"og:site_name\" content=\"Ciudad y Region\" \/>\n<meta property=\"article:published_time\" content=\"2024-05-31T09:32:48+00:00\" \/>\n<meta property=\"article:modified_time\" content=\"2024-05-31T03:33:27+00:00\" \/>\n<meta property=\"og:image\" content=\"https:\/\/i0.wp.com\/ciudadyregion.com.co\/wp-content\/uploads\/2024\/03\/petro.jpg?fit=800%2C445&ssl=1\" \/>\n\t<meta property=\"og:image:width\" content=\"800\" \/>\n\t<meta property=\"og:image:height\" content=\"445\" \/>\n\t<meta property=\"og:image:type\" content=\"image\/jpeg\" \/>\n<meta name=\"author\" content=\"David Andr\u00e9s Aguirre\" \/>\n<meta name=\"twitter:card\" content=\"summary_large_image\" \/>\n<meta name=\"twitter:label1\" content=\"Escrito por\" \/>\n\t<meta name=\"twitter:data1\" content=\"David Andr\u00e9s Aguirre\" \/>\n\t<meta name=\"twitter:label2\" content=\"Tiempo de lectura\" \/>\n\t<meta name=\"twitter:data2\" content=\"2 minutos\" \/>\n<script type=\"application\/ld+json\" class=\"yoast-schema-graph\">{\"@context\":\"https:\/\/schema.org\",\"@graph\":[{\"@type\":\"WebPage\",\"@id\":\"https:\/\/ciudadyregion.com.co\/index.php\/un-constructor-de-paz-asi-califico-el-presidente-petro-al-propietario-y-vendedor-del-predio-que-hoy-paso-a-manos-de-campesinos-en-cordoba\/nacional\/\",\"url\":\"https:\/\/ciudadyregion.com.co\/index.php\/un-constructor-de-paz-asi-califico-el-presidente-petro-al-propietario-y-vendedor-del-predio-que-hoy-paso-a-manos-de-campesinos-en-cordoba\/nacional\/\",\"name\":\"\\\"Un constructor de paz\\\", As\u00ed calific\u00f3 el presidente Petro al propietario y vendedor del predio que hoy pas\u00f3 a manos de campesinos en C\u00f3rdoba - Ciudad y Region\",\"isPartOf\":{\"@id\":\"https:\/\/ciudadyregion.com.co\/#website\"},\"primaryImageOfPage\":{\"@id\":\"https:\/\/ciudadyregion.com.co\/index.php\/un-constructor-de-paz-asi-califico-el-presidente-petro-al-propietario-y-vendedor-del-predio-que-hoy-paso-a-manos-de-campesinos-en-cordoba\/nacional\/#primaryimage\"},\"image\":{\"@id\":\"https:\/\/ciudadyregion.com.co\/index.php\/un-constructor-de-paz-asi-califico-el-presidente-petro-al-propietario-y-vendedor-del-predio-que-hoy-paso-a-manos-de-campesinos-en-cordoba\/nacional\/#primaryimage\"},\"thumbnailUrl\":\"https:\/\/i0.wp.com\/ciudadyregion.com.co\/wp-content\/uploads\/2024\/03\/petro.jpg?fit=800%2C445&ssl=1\",\"datePublished\":\"2024-05-31T09:32:48+00:00\",\"dateModified\":\"2024-05-31T03:33:27+00:00\",\"author\":{\"@id\":\"https:\/\/ciudadyregion.com.co\/#\/schema\/person\/04a4954373ebc4051f46e8c65ff78622\"},\"breadcrumb\":{\"@id\":\"https:\/\/ciudadyregion.com.co\/index.php\/un-constructor-de-paz-asi-califico-el-presidente-petro-al-propietario-y-vendedor-del-predio-que-hoy-paso-a-manos-de-campesinos-en-cordoba\/nacional\/#breadcrumb\"},\"inLanguage\":\"es\",\"potentialAction\":[{\"@type\":\"ReadAction\",\"target\":[\"https:\/\/ciudadyregion.com.co\/index.php\/un-constructor-de-paz-asi-califico-el-presidente-petro-al-propietario-y-vendedor-del-predio-que-hoy-paso-a-manos-de-campesinos-en-cordoba\/nacional\/\"]}]},{\"@type\":\"ImageObject\",\"inLanguage\":\"es\",\"@id\":\"https:\/\/ciudadyregion.com.co\/index.php\/un-constructor-de-paz-asi-califico-el-presidente-petro-al-propietario-y-vendedor-del-predio-que-hoy-paso-a-manos-de-campesinos-en-cordoba\/nacional\/#primaryimage\",\"url\":\"https:\/\/i0.wp.com\/ciudadyregion.com.co\/wp-content\/uploads\/2024\/03\/petro.jpg?fit=800%2C445&ssl=1\",\"contentUrl\":\"https:\/\/i0.wp.com\/ciudadyregion.com.co\/wp-content\/uploads\/2024\/03\/petro.jpg?fit=800%2C445&ssl=1\",\"width\":800,\"height\":445},{\"@type\":\"BreadcrumbList\",\"@id\":\"https:\/\/ciudadyregion.com.co\/index.php\/un-constructor-de-paz-asi-califico-el-presidente-petro-al-propietario-y-vendedor-del-predio-que-hoy-paso-a-manos-de-campesinos-en-cordoba\/nacional\/#breadcrumb\",\"itemListElement\":[{\"@type\":\"ListItem\",\"position\":1,\"name\":\"Portada\",\"item\":\"https:\/\/ciudadyregion.com.co\/\"},{\"@type\":\"ListItem\",\"position\":2,\"name\":\"&#8220;Un constructor de paz&#8221;, As\u00ed calific\u00f3 el presidente Petro al propietario y vendedor del predio que hoy pas\u00f3 a manos de campesinos en C\u00f3rdoba\"}]},{\"@type\":\"WebSite\",\"@id\":\"https:\/\/ciudadyregion.com.co\/#website\",\"url\":\"https:\/\/ciudadyregion.com.co\/\",\"name\":\"Ciudad y Region\",\"description\":\"\",\"potentialAction\":[{\"@type\":\"SearchAction\",\"target\":{\"@type\":\"EntryPoint\",\"urlTemplate\":\"https:\/\/ciudadyregion.com.co\/?s={search_term_string}\"},\"query-input\":{\"@type\":\"PropertyValueSpecification\",\"valueRequired\":true,\"valueName\":\"search_term_string\"}}],\"inLanguage\":\"es\"},{\"@type\":\"Person\",\"@id\":\"https:\/\/ciudadyregion.com.co\/#\/schema\/person\/04a4954373ebc4051f46e8c65ff78622\",\"name\":\"David Andr\u00e9s Aguirre\",\"image\":{\"@type\":\"ImageObject\",\"inLanguage\":\"es\",\"@id\":\"https:\/\/ciudadyregion.com.co\/#\/schema\/person\/image\/\",\"url\":\"https:\/\/secure.gravatar.com\/avatar\/bc3c655860202182ee6d1b5edd042dbe?s=96&d=mm&r=g\",\"contentUrl\":\"https:\/\/secure.gravatar.com\/avatar\/bc3c655860202182ee6d1b5edd042dbe?s=96&d=mm&r=g\",\"caption\":\"David Andr\u00e9s Aguirre\"},\"url\":\"https:\/\/ciudadyregion.com.co\/index.php\/author\/diegoaguirre\/\"}]}<\/script>\n<!-- \/ Yoast SEO plugin. -->","yoast_head_json":{"title":"\"Un constructor de paz\", As\u00ed calific\u00f3 el presidente Petro al propietario y vendedor del predio que hoy pas\u00f3 a manos de campesinos en C\u00f3rdoba - Ciudad y Region","robots":{"index":"index","follow":"follow","max-snippet":"max-snippet:-1","max-image-preview":"max-image-preview:large","max-video-preview":"max-video-preview:-1"},"canonical":"https:\/\/ciudadyregion.com.co\/index.php\/un-constructor-de-paz-asi-califico-el-presidente-petro-al-propietario-y-vendedor-del-predio-que-hoy-paso-a-manos-de-campesinos-en-cordoba\/nacional\/","og_locale":"es_ES","og_type":"article","og_title":"\"Un constructor de paz\", As\u00ed calific\u00f3 el presidente Petro al propietario y vendedor del predio que hoy pas\u00f3 a manos de campesinos en C\u00f3rdoba - Ciudad y Region","og_description":"\u201cHay quienes ahora le tienen temor a la palabra democracia, incluso creen que la democracia no es el pueblo; que se destruye la democracia si se convoca al pueblo a expresarse, a movilizarse, a organizarse y a tener poder\u00bb, dijo el mandatario durante una nueva entrega de tierras de laContinuar Leyendo","og_url":"https:\/\/ciudadyregion.com.co\/index.php\/un-constructor-de-paz-asi-califico-el-presidente-petro-al-propietario-y-vendedor-del-predio-que-hoy-paso-a-manos-de-campesinos-en-cordoba\/nacional\/","og_site_name":"Ciudad y Region","article_published_time":"2024-05-31T09:32:48+00:00","article_modified_time":"2024-05-31T03:33:27+00:00","og_image":[{"width":800,"height":445,"url":"https:\/\/i0.wp.com\/ciudadyregion.com.co\/wp-content\/uploads\/2024\/03\/petro.jpg?fit=800%2C445&ssl=1","type":"image\/jpeg"}],"author":"David Andr\u00e9s Aguirre","twitter_card":"summary_large_image","twitter_misc":{"Escrito por":"David Andr\u00e9s Aguirre","Tiempo de lectura":"2 minutos"},"schema":{"@context":"https:\/\/schema.org","@graph":[{"@type":"WebPage","@id":"https:\/\/ciudadyregion.com.co\/index.php\/un-constructor-de-paz-asi-califico-el-presidente-petro-al-propietario-y-vendedor-del-predio-que-hoy-paso-a-manos-de-campesinos-en-cordoba\/nacional\/","url":"https:\/\/ciudadyregion.com.co\/index.php\/un-constructor-de-paz-asi-califico-el-presidente-petro-al-propietario-y-vendedor-del-predio-que-hoy-paso-a-manos-de-campesinos-en-cordoba\/nacional\/","name":"\"Un constructor de paz\", As\u00ed calific\u00f3 el presidente Petro al propietario y vendedor del predio que hoy pas\u00f3 a manos de campesinos en C\u00f3rdoba - Ciudad y Region","isPartOf":{"@id":"https:\/\/ciudadyregion.com.co\/#website"},"primaryImageOfPage":{"@id":"https:\/\/ciudadyregion.com.co\/index.php\/un-constructor-de-paz-asi-califico-el-presidente-petro-al-propietario-y-vendedor-del-predio-que-hoy-paso-a-manos-de-campesinos-en-cordoba\/nacional\/#primaryimage"},"image":{"@id":"https:\/\/ciudadyregion.com.co\/index.php\/un-constructor-de-paz-asi-califico-el-presidente-petro-al-propietario-y-vendedor-del-predio-que-hoy-paso-a-manos-de-campesinos-en-cordoba\/nacional\/#primaryimage"},"thumbnailUrl":"https:\/\/i0.wp.com\/ciudadyregion.com.co\/wp-content\/uploads\/2024\/03\/petro.jpg?fit=800%2C445&ssl=1","datePublished":"2024-05-31T09:32:48+00:00","dateModified":"2024-05-31T03:33:27+00:00","author":{"@id":"https:\/\/ciudadyregion.com.co\/#\/schema\/person\/04a4954373ebc4051f46e8c65ff78622"},"breadcrumb":{"@id":"https:\/\/ciudadyregion.com.co\/index.php\/un-constructor-de-paz-asi-califico-el-presidente-petro-al-propietario-y-vendedor-del-predio-que-hoy-paso-a-manos-de-campesinos-en-cordoba\/nacional\/#breadcrumb"},"inLanguage":"es","potentialAction":[{"@type":"ReadAction","target":["https:\/\/ciudadyregion.com.co\/index.php\/un-constructor-de-paz-asi-califico-el-presidente-petro-al-propietario-y-vendedor-del-predio-que-hoy-paso-a-manos-de-campesinos-en-cordoba\/nacional\/"]}]},{"@type":"ImageObject","inLanguage":"es","@id":"https:\/\/ciudadyregion.com.co\/index.php\/un-constructor-de-paz-asi-califico-el-presidente-petro-al-propietario-y-vendedor-del-predio-que-hoy-paso-a-manos-de-campesinos-en-cordoba\/nacional\/#primaryimage","url":"https:\/\/i0.wp.com\/ciudadyregion.com.co\/wp-content\/uploads\/2024\/03\/petro.jpg?fit=800%2C445&ssl=1","contentUrl":"https:\/\/i0.wp.com\/ciudadyregion.com.co\/wp-content\/uploads\/2024\/03\/petro.jpg?fit=800%2C445&ssl=1","width":800,"height":445},{"@type":"BreadcrumbList","@id":"https:\/\/ciudadyregion.com.co\/index.php\/un-constructor-de-paz-asi-califico-el-presidente-petro-al-propietario-y-vendedor-del-predio-que-hoy-paso-a-manos-de-campesinos-en-cordoba\/nacional\/#breadcrumb","itemListElement":[{"@type":"ListItem","position":1,"name":"Portada","item":"https:\/\/ciudadyregion.com.co\/"},{"@type":"ListItem","position":2,"name":"&#8220;Un constructor de paz&#8221;, As\u00ed calific\u00f3 el presidente Petro al propietario y vendedor del predio que hoy pas\u00f3 a manos de campesinos en C\u00f3rdoba"}]},{"@type":"WebSite","@id":"https:\/\/ciudadyregion.com.co\/#website","url":"https:\/\/ciudadyregion.com.co\/","name":"Ciudad y Region","description":"","potentialAction":[{"@type":"SearchAction","target":{"@type":"EntryPoint","urlTemplate":"https:\/\/ciudadyregion.com.co\/?s={search_term_string}"},"query-input":{"@type":"PropertyValueSpecification","valueRequired":true,"valueName":"search_term_string"}}],"inLanguage":"es"},{"@type":"Person","@id":"https:\/\/ciudadyregion.com.co\/#\/schema\/person\/04a4954373ebc4051f46e8c65ff78622","name":"David Andr\u00e9s Aguirre","image":{"@type":"ImageObject","inLanguage":"es","@id":"https:\/\/ciudadyregion.com.co\/#\/schema\/person\/image\/","url":"https:\/\/secure.gravatar.com\/avatar\/bc3c655860202182ee6d1b5edd042dbe?s=96&d=mm&r=g","contentUrl":"https:\/\/secure.gravatar.com\/avatar\/bc3c655860202182ee6d1b5edd042dbe?s=96&d=mm&r=g","caption":"David Andr\u00e9s Aguirre"},"url":"https:\/\/ciudadyregion.com.co\/index.php\/author\/diegoaguirre\/"}]}},"jetpack_featured_media_url":"https:\/\/i0.wp.com\/ciudadyregion.com.co\/wp-content\/uploads\/2024\/03\/petro.jpg?fit=800%2C445&ssl=1","jetpack_sharing_enabled":true,"jetpack_shortlink":"https:\/\/wp.me\/pbS7hh-3XR","jetpack-related-posts":[],"_links":{"self":[{"href":"https:\/\/ciudadyregion.com.co\/index.php\/wp-json\/wp\/v2\/posts\/15243"}],"collection":[{"href":"https:\/\/ciudadyregion.com.co\/index.php\/wp-json\/wp\/v2\/posts"}],"about":[{"href":"https:\/\/ciudadyregion.com.co\/index.php\/wp-json\/wp\/v2\/types\/post"}],"author":[{"embeddable":true,"href":"https:\/\/ciudadyregion.com.co\/index.php\/wp-json\/wp\/v2\/users\/2"}],"replies":[{"embeddable":true,"href":"https:\/\/ciudadyregion.com.co\/index.php\/wp-json\/wp\/v2\/comments?post=15243"}],"version-history":[{"count":2,"href":"https:\/\/ciudadyregion.com.co\/index.php\/wp-json\/wp\/v2\/posts\/15243\/revisions"}],"predecessor-version":[{"id":15245,"href":"https:\/\/ciudadyregion.com.co\/index.php\/wp-json\/wp\/v2\/posts\/15243\/revisions\/15245"}],"wp:featuredmedia":[{"embeddable":true,"href":"https:\/\/ciudadyregion.com.co\/index.php\/wp-json\/wp\/v2\/media\/8787"}],"wp:attachment":[{"href":"https:\/\/ciudadyregion.com.co\/index.php\/wp-json\/wp\/v2\/media?parent=15243"}],"wp:term":[{"taxonomy":"category","embeddable":true,"href":"https:\/\/ciudadyregion.com.co\/index.php\/wp-json\/wp\/v2\/categories?post=15243"},{"taxonomy":"post_tag","embeddable":true,"href":"https:\/\/ciudadyregion.com.co\/index.php\/wp-json\/wp\/v2\/tags?post=15243"}],"curies":[{"name":"wp","href":"https:\/\/api.w.org\/{rel}","templated":true}]}}