{"id":15241,"date":"2024-05-31T04:28:58","date_gmt":"2024-05-31T09:28:58","guid":{"rendered":"https:\/\/ciudadyregion.com.co\/?p=15241"},"modified":"2024-05-31T07:38:40","modified_gmt":"2024-05-31T12:38:40","slug":"hay-que-apretar-mas-el-paso-para-que-la-reforma-agraria-sea-posible-en-colombia-presidente-petro","status":"publish","type":"post","link":"https:\/\/ciudadyregion.com.co\/index.php\/hay-que-apretar-mas-el-paso-para-que-la-reforma-agraria-sea-posible-en-colombia-presidente-petro\/politica\/","title":{"rendered":"\u00abHay que apretar m\u00e1s el paso para que la Reforma Agraria sea posible en Colombia\u00bb: presidente Petro"},"content":{"rendered":"<ul>\n<li><strong><em>El jefe de Estado destac\u00f3 que el Gobierno est\u00e1 realizando la Reforma Agraria de manera pac\u00edfica y agreg\u00f3 que la tierra debe ser para todos y todas.<\/em><\/strong><\/li>\n<li><strong><em>El mandatario particip\u00f3 en la entrega de 2.000 hect\u00e1reas de tierra f\u00e9rtil en tres municipios de C\u00f3rdoba.<\/em><\/strong><\/li>\n<\/ul>\n<p>El presidente Gustavo Petro Urrego hizo este jueves un llamado a que la pol\u00edtica de Reforma Agraria sea acelerada con fundamento en la eficiencia del Estado y pidi\u00f3 darle cabida a la mujer campesina en todo el territorio nacional.<\/p>\n<blockquote><p>\u201cHay que apretar m\u00e1s el paso, no nos queda mucho tiempo. Hay que apretar en los tr\u00e1mites, en la capacidad, en la eficiencia del Estado, en la voluntad y en la fuerza que solo sale del coraz\u00f3n cuando un objetivo se quiere con el alma y por tanto se puede conseguir. Hay que apretar el paso para que sea posible la Reforma Agraria\u00bb, manifest\u00f3.<\/p><\/blockquote>\n<p>El jefe de Estado hizo la afirmaci\u00f3n durante el acto de entrega de 2.000 hect\u00e1reas de tierra f\u00e9rtil en los municipios de Pueblo Nuevo, Ci\u00e9naga de Oro y Chin\u00fa, en el departamento de C\u00f3rdoba.<\/p>\n<p>Destac\u00f3 que el Gobierno est\u00e1 realizando la Reforma Agraria de manera pac\u00edfica y agreg\u00f3 que la tierra debe ser para todos y todas.<\/p>\n<p>\u201cHoy, como presidente, estamos abriendo un camino pac\u00edfico, un camino donde estas tierras anchas, veQrdes y f\u00e9rtiles, llenas de grandes \u00e1rboles, puedan decirle a su propia sociedad que son tan anchas que pueden darles cabida a todas y todos, comenzando por la mujer campesina\u00bb, indic\u00f3.<\/p>\n<p>En ese sentido, pidi\u00f3 a la ministra de Agricultura y Desarrollo Rural, Jhenifer Mojica, y al director de la Agencia Nacional de Tierras, Felipe Harman, acelerar el paso para aumentar el n\u00famero de entrega de predios al pueblo campesino.<\/p>\n<blockquote><p>\u201cOjal\u00e1 le podamos sumar un cero. Que ya no vengamos como anta\u00f1o a entregar 200 hect\u00e1reas. Ahora venimos a entregar 2.000, pero yo quiero que ma\u00f1ana vengamos a entregar 20.000. Y que ese cero se adicione con uno m\u00e1s y podamos en toda Colombia entregar 200.000 hect\u00e1reas; que la entrega de tierras al pueblo sea como el Acuerdo de Paz, por millones de hect\u00e1reas\u00bb, precis\u00f3.<\/p><\/blockquote>\n<p>Inst\u00f3 a los campesinos del Caribe colombiano a organizarse en comit\u00e9s para acelerar la Reforma Agraria.<\/p>\n<blockquote><p>\u201cPueden ver como otros s\u00ed tienen tierra y a\u00fan ellos no. Organizarse en comit\u00e9s por la reforma agraria. Comit\u00e9s campesinos que puedan construirse en corregimientos, en cada vereda, en cada municipio de C\u00f3rdoba, de Sucre, de Bol\u00edvar, del Magdalena y del Cesar, y all\u00e1 en La Guajira\u00bb, asever\u00f3.<\/p><\/blockquote>\n","protected":false},"excerpt":{"rendered":"<p>El jefe de Estado destac\u00f3 que el Gobierno est\u00e1 realizando la Reforma Agraria de manera pac\u00edfica y agreg\u00f3 que la tierra debe ser para todos y todas. El mandatario particip\u00f3 en la entrega de 2.000 hect\u00e1reas de tierra f\u00e9rtil en tres municipios de C\u00f3rdoba. El presidente Gustavo Petro Urrego hizo<span class=\"more-link\"><a href=\"https:\/\/ciudadyregion.com.co\/index.php\/hay-que-apretar-mas-el-paso-para-que-la-reforma-agraria-sea-posible-en-colombia-presidente-petro\/politica\/\">Continuar Leyendo<\/a><\/span><\/p>\n","protected":false},"author":2,"featured_media":15138,"comment_status":"open","ping_status":"open","sticky":false,"template":"","format":"standard","meta":{"_uf_show_specific_survey":0,"_uf_disable_surveys":false,"_jetpack_memberships_contains_paid_content":false,"footnotes":"","jetpack_publicize_message":"","jetpack_publicize_feature_enabled":true,"jetpack_social_post_already_shared":true,"jetpack_social_options":{"image_generator_settings":{"template":"highway","enabled":false},"version":2}},"categories":[17],"tags":[],"class_list":["entry","author-diegoaguirre","post-15241","post","type-post","status-publish","format-standard","has-post-thumbnail","category-politica"],"jetpack_publicize_connections":[],"yoast_head":"<!-- This site is optimized with the Yoast SEO plugin v24.3 - https:\/\/yoast.com\/wordpress\/plugins\/seo\/ -->\n<title>&quot;Hay que apretar m\u00e1s el paso para que la Reforma Agraria sea posible en Colombia&quot;: presidente Petro - Ciudad y Region<\/title>\n<meta name=\"robots\" content=\"index, follow, max-snippet:-1, max-image-preview:large, max-video-preview:-1\" \/>\n<link rel=\"canonical\" href=\"https:\/\/ciudadyregion.com.co\/index.php\/hay-que-apretar-mas-el-paso-para-que-la-reforma-agraria-sea-posible-en-colombia-presidente-petro\/politica\/\" \/>\n<meta property=\"og:locale\" content=\"es_ES\" \/>\n<meta property=\"og:type\" content=\"article\" \/>\n<meta property=\"og:title\" content=\"&quot;Hay que apretar m\u00e1s el paso para que la Reforma Agraria sea posible en Colombia&quot;: presidente Petro - Ciudad y Region\" \/>\n<meta property=\"og:description\" content=\"El jefe de Estado destac\u00f3 que el Gobierno est\u00e1 realizando la Reforma Agraria de manera pac\u00edfica y agreg\u00f3 que la tierra debe ser para todos y todas. El mandatario particip\u00f3 en la entrega de 2.000 hect\u00e1reas de tierra f\u00e9rtil en tres municipios de C\u00f3rdoba. El presidente Gustavo Petro Urrego hizoContinuar Leyendo\" \/>\n<meta property=\"og:url\" content=\"https:\/\/ciudadyregion.com.co\/index.php\/hay-que-apretar-mas-el-paso-para-que-la-reforma-agraria-sea-posible-en-colombia-presidente-petro\/politica\/\" \/>\n<meta property=\"og:site_name\" content=\"Ciudad y Region\" \/>\n<meta property=\"article:published_time\" content=\"2024-05-31T09:28:58+00:00\" \/>\n<meta property=\"article:modified_time\" content=\"2024-05-31T12:38:40+00:00\" \/>\n<meta property=\"og:image\" content=\"https:\/\/ciudadyregion.com.co\/wp-content\/uploads\/2024\/05\/PETRO-4-1.jpg\" \/>\n\t<meta property=\"og:image:width\" content=\"800\" \/>\n\t<meta property=\"og:image:height\" content=\"445\" \/>\n\t<meta property=\"og:image:type\" content=\"image\/jpeg\" \/>\n<meta name=\"author\" content=\"David Andr\u00e9s Aguirre\" \/>\n<meta name=\"twitter:card\" content=\"summary_large_image\" \/>\n<meta name=\"twitter:label1\" content=\"Escrito por\" \/>\n\t<meta name=\"twitter:data1\" content=\"David Andr\u00e9s Aguirre\" \/>\n\t<meta name=\"twitter:label2\" content=\"Tiempo de lectura\" \/>\n\t<meta name=\"twitter:data2\" content=\"2 minutos\" \/>\n<script type=\"application\/ld+json\" class=\"yoast-schema-graph\">{\"@context\":\"https:\/\/schema.org\",\"@graph\":[{\"@type\":\"WebPage\",\"@id\":\"https:\/\/ciudadyregion.com.co\/index.php\/hay-que-apretar-mas-el-paso-para-que-la-reforma-agraria-sea-posible-en-colombia-presidente-petro\/politica\/\",\"url\":\"https:\/\/ciudadyregion.com.co\/index.php\/hay-que-apretar-mas-el-paso-para-que-la-reforma-agraria-sea-posible-en-colombia-presidente-petro\/politica\/\",\"name\":\"\\\"Hay que apretar m\u00e1s el paso para que la Reforma Agraria sea posible en Colombia\\\": presidente Petro - Ciudad y Region\",\"isPartOf\":{\"@id\":\"https:\/\/ciudadyregion.com.co\/#website\"},\"primaryImageOfPage\":{\"@id\":\"https:\/\/ciudadyregion.com.co\/index.php\/hay-que-apretar-mas-el-paso-para-que-la-reforma-agraria-sea-posible-en-colombia-presidente-petro\/politica\/#primaryimage\"},\"image\":{\"@id\":\"https:\/\/ciudadyregion.com.co\/index.php\/hay-que-apretar-mas-el-paso-para-que-la-reforma-agraria-sea-posible-en-colombia-presidente-petro\/politica\/#primaryimage\"},\"thumbnailUrl\":\"https:\/\/i0.wp.com\/ciudadyregion.com.co\/wp-content\/uploads\/2024\/05\/PETRO-4-1.jpg?fit=800%2C445&ssl=1\",\"datePublished\":\"2024-05-31T09:28:58+00:00\",\"dateModified\":\"2024-05-31T12:38:40+00:00\",\"author\":{\"@id\":\"https:\/\/ciudadyregion.com.co\/#\/schema\/person\/04a4954373ebc4051f46e8c65ff78622\"},\"breadcrumb\":{\"@id\":\"https:\/\/ciudadyregion.com.co\/index.php\/hay-que-apretar-mas-el-paso-para-que-la-reforma-agraria-sea-posible-en-colombia-presidente-petro\/politica\/#breadcrumb\"},\"inLanguage\":\"es\",\"potentialAction\":[{\"@type\":\"ReadAction\",\"target\":[\"https:\/\/ciudadyregion.com.co\/index.php\/hay-que-apretar-mas-el-paso-para-que-la-reforma-agraria-sea-posible-en-colombia-presidente-petro\/politica\/\"]}]},{\"@type\":\"ImageObject\",\"inLanguage\":\"es\",\"@id\":\"https:\/\/ciudadyregion.com.co\/index.php\/hay-que-apretar-mas-el-paso-para-que-la-reforma-agraria-sea-posible-en-colombia-presidente-petro\/politica\/#primaryimage\",\"url\":\"https:\/\/i0.wp.com\/ciudadyregion.com.co\/wp-content\/uploads\/2024\/05\/PETRO-4-1.jpg?fit=800%2C445&ssl=1\",\"contentUrl\":\"https:\/\/i0.wp.com\/ciudadyregion.com.co\/wp-content\/uploads\/2024\/05\/PETRO-4-1.jpg?fit=800%2C445&ssl=1\",\"width\":800,\"height\":445},{\"@type\":\"BreadcrumbList\",\"@id\":\"https:\/\/ciudadyregion.com.co\/index.php\/hay-que-apretar-mas-el-paso-para-que-la-reforma-agraria-sea-posible-en-colombia-presidente-petro\/politica\/#breadcrumb\",\"itemListElement\":[{\"@type\":\"ListItem\",\"position\":1,\"name\":\"Portada\",\"item\":\"https:\/\/ciudadyregion.com.co\/\"},{\"@type\":\"ListItem\",\"position\":2,\"name\":\"&#8220;Hay que apretar m\u00e1s el paso para que la Reforma Agraria sea posible en Colombia&#8221;: presidente Petro\"}]},{\"@type\":\"WebSite\",\"@id\":\"https:\/\/ciudadyregion.com.co\/#website\",\"url\":\"https:\/\/ciudadyregion.com.co\/\",\"name\":\"Ciudad y Region\",\"description\":\"\",\"potentialAction\":[{\"@type\":\"SearchAction\",\"target\":{\"@type\":\"EntryPoint\",\"urlTemplate\":\"https:\/\/ciudadyregion.com.co\/?s={search_term_string}\"},\"query-input\":{\"@type\":\"PropertyValueSpecification\",\"valueRequired\":true,\"valueName\":\"search_term_string\"}}],\"inLanguage\":\"es\"},{\"@type\":\"Person\",\"@id\":\"https:\/\/ciudadyregion.com.co\/#\/schema\/person\/04a4954373ebc4051f46e8c65ff78622\",\"name\":\"David Andr\u00e9s Aguirre\",\"image\":{\"@type\":\"ImageObject\",\"inLanguage\":\"es\",\"@id\":\"https:\/\/ciudadyregion.com.co\/#\/schema\/person\/image\/\",\"url\":\"https:\/\/secure.gravatar.com\/avatar\/bc3c655860202182ee6d1b5edd042dbe?s=96&d=mm&r=g\",\"contentUrl\":\"https:\/\/secure.gravatar.com\/avatar\/bc3c655860202182ee6d1b5edd042dbe?s=96&d=mm&r=g\",\"caption\":\"David Andr\u00e9s Aguirre\"},\"url\":\"https:\/\/ciudadyregion.com.co\/index.php\/author\/diegoaguirre\/\"}]}<\/script>\n<!-- \/ Yoast SEO plugin. -->","yoast_head_json":{"title":"\"Hay que apretar m\u00e1s el paso para que la Reforma Agraria sea posible en Colombia\": presidente Petro - Ciudad y Region","robots":{"index":"index","follow":"follow","max-snippet":"max-snippet:-1","max-image-preview":"max-image-preview:large","max-video-preview":"max-video-preview:-1"},"canonical":"https:\/\/ciudadyregion.com.co\/index.php\/hay-que-apretar-mas-el-paso-para-que-la-reforma-agraria-sea-posible-en-colombia-presidente-petro\/politica\/","og_locale":"es_ES","og_type":"article","og_title":"\"Hay que apretar m\u00e1s el paso para que la Reforma Agraria sea posible en Colombia\": presidente Petro - Ciudad y Region","og_description":"El jefe de Estado destac\u00f3 que el Gobierno est\u00e1 realizando la Reforma Agraria de manera pac\u00edfica y agreg\u00f3 que la tierra debe ser para todos y todas. El mandatario particip\u00f3 en la entrega de 2.000 hect\u00e1reas de tierra f\u00e9rtil en tres municipios de C\u00f3rdoba. El presidente Gustavo Petro Urrego hizoContinuar Leyendo","og_url":"https:\/\/ciudadyregion.com.co\/index.php\/hay-que-apretar-mas-el-paso-para-que-la-reforma-agraria-sea-posible-en-colombia-presidente-petro\/politica\/","og_site_name":"Ciudad y Region","article_published_time":"2024-05-31T09:28:58+00:00","article_modified_time":"2024-05-31T12:38:40+00:00","og_image":[{"width":800,"height":445,"url":"https:\/\/ciudadyregion.com.co\/wp-content\/uploads\/2024\/05\/PETRO-4-1.jpg","type":"image\/jpeg"}],"author":"David Andr\u00e9s Aguirre","twitter_card":"summary_large_image","twitter_misc":{"Escrito por":"David Andr\u00e9s Aguirre","Tiempo de lectura":"2 minutos"},"schema":{"@context":"https:\/\/schema.org","@graph":[{"@type":"WebPage","@id":"https:\/\/ciudadyregion.com.co\/index.php\/hay-que-apretar-mas-el-paso-para-que-la-reforma-agraria-sea-posible-en-colombia-presidente-petro\/politica\/","url":"https:\/\/ciudadyregion.com.co\/index.php\/hay-que-apretar-mas-el-paso-para-que-la-reforma-agraria-sea-posible-en-colombia-presidente-petro\/politica\/","name":"\"Hay que apretar m\u00e1s el paso para que la Reforma Agraria sea posible en Colombia\": presidente Petro - Ciudad y Region","isPartOf":{"@id":"https:\/\/ciudadyregion.com.co\/#website"},"primaryImageOfPage":{"@id":"https:\/\/ciudadyregion.com.co\/index.php\/hay-que-apretar-mas-el-paso-para-que-la-reforma-agraria-sea-posible-en-colombia-presidente-petro\/politica\/#primaryimage"},"image":{"@id":"https:\/\/ciudadyregion.com.co\/index.php\/hay-que-apretar-mas-el-paso-para-que-la-reforma-agraria-sea-posible-en-colombia-presidente-petro\/politica\/#primaryimage"},"thumbnailUrl":"https:\/\/i0.wp.com\/ciudadyregion.com.co\/wp-content\/uploads\/2024\/05\/PETRO-4-1.jpg?fit=800%2C445&ssl=1","datePublished":"2024-05-31T09:28:58+00:00","dateModified":"2024-05-31T12:38:40+00:00","author":{"@id":"https:\/\/ciudadyregion.com.co\/#\/schema\/person\/04a4954373ebc4051f46e8c65ff78622"},"breadcrumb":{"@id":"https:\/\/ciudadyregion.com.co\/index.php\/hay-que-apretar-mas-el-paso-para-que-la-reforma-agraria-sea-posible-en-colombia-presidente-petro\/politica\/#breadcrumb"},"inLanguage":"es","potentialAction":[{"@type":"ReadAction","target":["https:\/\/ciudadyregion.com.co\/index.php\/hay-que-apretar-mas-el-paso-para-que-la-reforma-agraria-sea-posible-en-colombia-presidente-petro\/politica\/"]}]},{"@type":"ImageObject","inLanguage":"es","@id":"https:\/\/ciudadyregion.com.co\/index.php\/hay-que-apretar-mas-el-paso-para-que-la-reforma-agraria-sea-posible-en-colombia-presidente-petro\/politica\/#primaryimage","url":"https:\/\/i0.wp.com\/ciudadyregion.com.co\/wp-content\/uploads\/2024\/05\/PETRO-4-1.jpg?fit=800%2C445&ssl=1","contentUrl":"https:\/\/i0.wp.com\/ciudadyregion.com.co\/wp-content\/uploads\/2024\/05\/PETRO-4-1.jpg?fit=800%2C445&ssl=1","width":800,"height":445},{"@type":"BreadcrumbList","@id":"https:\/\/ciudadyregion.com.co\/index.php\/hay-que-apretar-mas-el-paso-para-que-la-reforma-agraria-sea-posible-en-colombia-presidente-petro\/politica\/#breadcrumb","itemListElement":[{"@type":"ListItem","position":1,"name":"Portada","item":"https:\/\/ciudadyregion.com.co\/"},{"@type":"ListItem","position":2,"name":"&#8220;Hay que apretar m\u00e1s el paso para que la Reforma Agraria sea posible en Colombia&#8221;: presidente Petro"}]},{"@type":"WebSite","@id":"https:\/\/ciudadyregion.com.co\/#website","url":"https:\/\/ciudadyregion.com.co\/","name":"Ciudad y Region","description":"","potentialAction":[{"@type":"SearchAction","target":{"@type":"EntryPoint","urlTemplate":"https:\/\/ciudadyregion.com.co\/?s={search_term_string}"},"query-input":{"@type":"PropertyValueSpecification","valueRequired":true,"valueName":"search_term_string"}}],"inLanguage":"es"},{"@type":"Person","@id":"https:\/\/ciudadyregion.com.co\/#\/schema\/person\/04a4954373ebc4051f46e8c65ff78622","name":"David Andr\u00e9s Aguirre","image":{"@type":"ImageObject","inLanguage":"es","@id":"https:\/\/ciudadyregion.com.co\/#\/schema\/person\/image\/","url":"https:\/\/secure.gravatar.com\/avatar\/bc3c655860202182ee6d1b5edd042dbe?s=96&d=mm&r=g","contentUrl":"https:\/\/secure.gravatar.com\/avatar\/bc3c655860202182ee6d1b5edd042dbe?s=96&d=mm&r=g","caption":"David Andr\u00e9s Aguirre"},"url":"https:\/\/ciudadyregion.com.co\/index.php\/author\/diegoaguirre\/"}]}},"jetpack_featured_media_url":"https:\/\/i0.wp.com\/ciudadyregion.com.co\/wp-content\/uploads\/2024\/05\/PETRO-4-1.jpg?fit=800%2C445&ssl=1","jetpack_sharing_enabled":true,"jetpack_shortlink":"https:\/\/wp.me\/pbS7hh-3XP","jetpack-related-posts":[],"_links":{"self":[{"href":"https:\/\/ciudadyregion.com.co\/index.php\/wp-json\/wp\/v2\/posts\/15241"}],"collection":[{"href":"https:\/\/ciudadyregion.com.co\/index.php\/wp-json\/wp\/v2\/posts"}],"about":[{"href":"https:\/\/ciudadyregion.com.co\/index.php\/wp-json\/wp\/v2\/types\/post"}],"author":[{"embeddable":true,"href":"https:\/\/ciudadyregion.com.co\/index.php\/wp-json\/wp\/v2\/users\/2"}],"replies":[{"embeddable":true,"href":"https:\/\/ciudadyregion.com.co\/index.php\/wp-json\/wp\/v2\/comments?post=15241"}],"version-history":[{"count":1,"href":"https:\/\/ciudadyregion.com.co\/index.php\/wp-json\/wp\/v2\/posts\/15241\/revisions"}],"predecessor-version":[{"id":15242,"href":"https:\/\/ciudadyregion.com.co\/index.php\/wp-json\/wp\/v2\/posts\/15241\/revisions\/15242"}],"wp:featuredmedia":[{"embeddable":true,"href":"https:\/\/ciudadyregion.com.co\/index.php\/wp-json\/wp\/v2\/media\/15138"}],"wp:attachment":[{"href":"https:\/\/ciudadyregion.com.co\/index.php\/wp-json\/wp\/v2\/media?parent=15241"}],"wp:term":[{"taxonomy":"category","embeddable":true,"href":"https:\/\/ciudadyregion.com.co\/index.php\/wp-json\/wp\/v2\/categories?post=15241"},{"taxonomy":"post_tag","embeddable":true,"href":"https:\/\/ciudadyregion.com.co\/index.php\/wp-json\/wp\/v2\/tags?post=15241"}],"curies":[{"name":"wp","href":"https:\/\/api.w.org\/{rel}","templated":true}]}}