{"id":15180,"date":"2024-05-30T10:29:46","date_gmt":"2024-05-30T15:29:46","guid":{"rendered":"https:\/\/ciudadyregion.com.co\/?p=15180"},"modified":"2024-05-30T10:29:46","modified_gmt":"2024-05-30T15:29:46","slug":"36-anos-de-prision-para-el-hombre-que-atento-contra-la-vida-y-abuso-sexualmente-de-una-estudiante-en-bogota","status":"publish","type":"post","link":"https:\/\/ciudadyregion.com.co\/index.php\/36-anos-de-prision-para-el-hombre-que-atento-contra-la-vida-y-abuso-sexualmente-de-una-estudiante-en-bogota\/judicial\/","title":{"rendered":"36 A\u00f1os de prisi\u00f3n para el hombre que atent\u00f3 contra la vida y abuso sexualmente de una estudiante en Bogot\u00e1"},"content":{"rendered":"<ul>\n<li><em><strong>El procesado acept\u00f3 los cargos de tentativa de feminicidio y acceso carnal violento. Los delitos ocurrieron en la localidad de Kennedy, sur occidente de la capital del pa\u00eds.<\/strong><\/em><\/li>\n<\/ul>\n<p>La contundencia del material probatorio aportado por la Fiscal\u00eda General de la Naci\u00f3n fue determinante para que un juez condenara a 36 a\u00f1os y 5 meses de prisi\u00f3n a Jeison Nicolis Pi\u00f1as Herreras, responsable de agredir y abusar sexualmente a una estudiante de 18 a\u00f1os en la localidad de Kennedy, sur occidente de Bogot\u00e1.<\/p>\n<p>Los hechos ocurrieron en el sector de Nueva Castilla, la ma\u00f1ana del 1 de noviembre de 2023 cuando Pi\u00f1as Herreras observ\u00f3 cuando la v\u00edctima se dirig\u00eda al colegio y la sigui\u00f3 e intimid\u00f3 con un arma cortopunzante.<\/p>\n<p>El hombre, de nacionalidad venezolana, golpe\u00f3 en repetidas oportunidades a la v\u00edctima, hasta dejarla inconsciente, y luego la agredi\u00f3 sexualmente. La joven fue encontrada por vecinos de la zona, quienes avisaron a las autoridades para que le brindaran atenci\u00f3n inmediata.<\/p>\n<p>An\u00e1lisis de videos de c\u00e1maras de seguridad pusieron en evidencia al agresor, quien admiti\u00f3 su responsabilidad en los hechos, y acept\u00f3 los delitos de tentativa de feminicidio y acceso carnal violento. El hombre deber\u00e1 cumplir la sentencia en establecimiento carcelario.<\/p>\n","protected":false},"excerpt":{"rendered":"<p>El procesado acept\u00f3 los cargos de tentativa de feminicidio y acceso carnal violento. Los delitos ocurrieron en la localidad de Kennedy, sur occidente de la capital del pa\u00eds. La contundencia del material probatorio aportado por la Fiscal\u00eda General de la Naci\u00f3n fue determinante para que un juez condenara a 36<span class=\"more-link\"><a href=\"https:\/\/ciudadyregion.com.co\/index.php\/36-anos-de-prision-para-el-hombre-que-atento-contra-la-vida-y-abuso-sexualmente-de-una-estudiante-en-bogota\/judicial\/\">Continuar Leyendo<\/a><\/span><\/p>\n","protected":false},"author":2,"featured_media":13908,"comment_status":"open","ping_status":"open","sticky":false,"template":"","format":"standard","meta":{"_uf_show_specific_survey":0,"_uf_disable_surveys":false,"_jetpack_memberships_contains_paid_content":false,"footnotes":"","jetpack_publicize_message":"","jetpack_publicize_feature_enabled":true,"jetpack_social_post_already_shared":true,"jetpack_social_options":{"image_generator_settings":{"template":"highway","enabled":false},"version":2}},"categories":[18],"tags":[],"class_list":["entry","author-diegoaguirre","post-15180","post","type-post","status-publish","format-standard","has-post-thumbnail","category-judicial"],"jetpack_publicize_connections":[],"yoast_head":"<!-- This site is optimized with the Yoast SEO plugin v24.3 - https:\/\/yoast.com\/wordpress\/plugins\/seo\/ -->\n<title>36 A\u00f1os de prisi\u00f3n para el hombre que atent\u00f3 contra la vida y abuso sexualmente de una estudiante en Bogot\u00e1 - Ciudad y Region<\/title>\n<meta name=\"robots\" content=\"index, follow, max-snippet:-1, max-image-preview:large, max-video-preview:-1\" \/>\n<link rel=\"canonical\" href=\"https:\/\/ciudadyregion.com.co\/index.php\/36-anos-de-prision-para-el-hombre-que-atento-contra-la-vida-y-abuso-sexualmente-de-una-estudiante-en-bogota\/judicial\/\" \/>\n<meta property=\"og:locale\" content=\"es_ES\" \/>\n<meta property=\"og:type\" content=\"article\" \/>\n<meta property=\"og:title\" content=\"36 A\u00f1os de prisi\u00f3n para el hombre que atent\u00f3 contra la vida y abuso sexualmente de una estudiante en Bogot\u00e1 - Ciudad y Region\" \/>\n<meta property=\"og:description\" content=\"El procesado acept\u00f3 los cargos de tentativa de feminicidio y acceso carnal violento. Los delitos ocurrieron en la localidad de Kennedy, sur occidente de la capital del pa\u00eds. La contundencia del material probatorio aportado por la Fiscal\u00eda General de la Naci\u00f3n fue determinante para que un juez condenara a 36Continuar Leyendo\" \/>\n<meta property=\"og:url\" content=\"https:\/\/ciudadyregion.com.co\/index.php\/36-anos-de-prision-para-el-hombre-que-atento-contra-la-vida-y-abuso-sexualmente-de-una-estudiante-en-bogota\/judicial\/\" \/>\n<meta property=\"og:site_name\" content=\"Ciudad y Region\" \/>\n<meta property=\"article:published_time\" content=\"2024-05-30T15:29:46+00:00\" \/>\n<meta property=\"og:image\" content=\"https:\/\/ciudadyregion.com.co\/wp-content\/uploads\/2024\/05\/3-carcel-prision-capturado-detenido.jpg\" \/>\n\t<meta property=\"og:image:width\" content=\"800\" \/>\n\t<meta property=\"og:image:height\" content=\"445\" \/>\n\t<meta property=\"og:image:type\" content=\"image\/jpeg\" \/>\n<meta name=\"author\" content=\"David Andr\u00e9s Aguirre\" \/>\n<meta name=\"twitter:card\" content=\"summary_large_image\" \/>\n<meta name=\"twitter:label1\" content=\"Escrito por\" \/>\n\t<meta name=\"twitter:data1\" content=\"David Andr\u00e9s Aguirre\" \/>\n\t<meta name=\"twitter:label2\" content=\"Tiempo de lectura\" \/>\n\t<meta name=\"twitter:data2\" content=\"1 minuto\" \/>\n<script type=\"application\/ld+json\" class=\"yoast-schema-graph\">{\"@context\":\"https:\/\/schema.org\",\"@graph\":[{\"@type\":\"WebPage\",\"@id\":\"https:\/\/ciudadyregion.com.co\/index.php\/36-anos-de-prision-para-el-hombre-que-atento-contra-la-vida-y-abuso-sexualmente-de-una-estudiante-en-bogota\/judicial\/\",\"url\":\"https:\/\/ciudadyregion.com.co\/index.php\/36-anos-de-prision-para-el-hombre-que-atento-contra-la-vida-y-abuso-sexualmente-de-una-estudiante-en-bogota\/judicial\/\",\"name\":\"36 A\u00f1os de prisi\u00f3n para el hombre que atent\u00f3 contra la vida y abuso sexualmente de una estudiante en Bogot\u00e1 - Ciudad y Region\",\"isPartOf\":{\"@id\":\"https:\/\/ciudadyregion.com.co\/#website\"},\"primaryImageOfPage\":{\"@id\":\"https:\/\/ciudadyregion.com.co\/index.php\/36-anos-de-prision-para-el-hombre-que-atento-contra-la-vida-y-abuso-sexualmente-de-una-estudiante-en-bogota\/judicial\/#primaryimage\"},\"image\":{\"@id\":\"https:\/\/ciudadyregion.com.co\/index.php\/36-anos-de-prision-para-el-hombre-que-atento-contra-la-vida-y-abuso-sexualmente-de-una-estudiante-en-bogota\/judicial\/#primaryimage\"},\"thumbnailUrl\":\"https:\/\/i0.wp.com\/ciudadyregion.com.co\/wp-content\/uploads\/2024\/05\/3-carcel-prision-capturado-detenido.jpg?fit=800%2C445&ssl=1\",\"datePublished\":\"2024-05-30T15:29:46+00:00\",\"dateModified\":\"2024-05-30T15:29:46+00:00\",\"author\":{\"@id\":\"https:\/\/ciudadyregion.com.co\/#\/schema\/person\/04a4954373ebc4051f46e8c65ff78622\"},\"breadcrumb\":{\"@id\":\"https:\/\/ciudadyregion.com.co\/index.php\/36-anos-de-prision-para-el-hombre-que-atento-contra-la-vida-y-abuso-sexualmente-de-una-estudiante-en-bogota\/judicial\/#breadcrumb\"},\"inLanguage\":\"es\",\"potentialAction\":[{\"@type\":\"ReadAction\",\"target\":[\"https:\/\/ciudadyregion.com.co\/index.php\/36-anos-de-prision-para-el-hombre-que-atento-contra-la-vida-y-abuso-sexualmente-de-una-estudiante-en-bogota\/judicial\/\"]}]},{\"@type\":\"ImageObject\",\"inLanguage\":\"es\",\"@id\":\"https:\/\/ciudadyregion.com.co\/index.php\/36-anos-de-prision-para-el-hombre-que-atento-contra-la-vida-y-abuso-sexualmente-de-una-estudiante-en-bogota\/judicial\/#primaryimage\",\"url\":\"https:\/\/i0.wp.com\/ciudadyregion.com.co\/wp-content\/uploads\/2024\/05\/3-carcel-prision-capturado-detenido.jpg?fit=800%2C445&ssl=1\",\"contentUrl\":\"https:\/\/i0.wp.com\/ciudadyregion.com.co\/wp-content\/uploads\/2024\/05\/3-carcel-prision-capturado-detenido.jpg?fit=800%2C445&ssl=1\",\"width\":800,\"height\":445},{\"@type\":\"BreadcrumbList\",\"@id\":\"https:\/\/ciudadyregion.com.co\/index.php\/36-anos-de-prision-para-el-hombre-que-atento-contra-la-vida-y-abuso-sexualmente-de-una-estudiante-en-bogota\/judicial\/#breadcrumb\",\"itemListElement\":[{\"@type\":\"ListItem\",\"position\":1,\"name\":\"Portada\",\"item\":\"https:\/\/ciudadyregion.com.co\/\"},{\"@type\":\"ListItem\",\"position\":2,\"name\":\"36 A\u00f1os de prisi\u00f3n para el hombre que atent\u00f3 contra la vida y abuso sexualmente de una estudiante en Bogot\u00e1\"}]},{\"@type\":\"WebSite\",\"@id\":\"https:\/\/ciudadyregion.com.co\/#website\",\"url\":\"https:\/\/ciudadyregion.com.co\/\",\"name\":\"Ciudad y Region\",\"description\":\"\",\"potentialAction\":[{\"@type\":\"SearchAction\",\"target\":{\"@type\":\"EntryPoint\",\"urlTemplate\":\"https:\/\/ciudadyregion.com.co\/?s={search_term_string}\"},\"query-input\":{\"@type\":\"PropertyValueSpecification\",\"valueRequired\":true,\"valueName\":\"search_term_string\"}}],\"inLanguage\":\"es\"},{\"@type\":\"Person\",\"@id\":\"https:\/\/ciudadyregion.com.co\/#\/schema\/person\/04a4954373ebc4051f46e8c65ff78622\",\"name\":\"David Andr\u00e9s Aguirre\",\"image\":{\"@type\":\"ImageObject\",\"inLanguage\":\"es\",\"@id\":\"https:\/\/ciudadyregion.com.co\/#\/schema\/person\/image\/\",\"url\":\"https:\/\/secure.gravatar.com\/avatar\/bc3c655860202182ee6d1b5edd042dbe?s=96&d=mm&r=g\",\"contentUrl\":\"https:\/\/secure.gravatar.com\/avatar\/bc3c655860202182ee6d1b5edd042dbe?s=96&d=mm&r=g\",\"caption\":\"David Andr\u00e9s Aguirre\"},\"url\":\"https:\/\/ciudadyregion.com.co\/index.php\/author\/diegoaguirre\/\"}]}<\/script>\n<!-- \/ Yoast SEO plugin. -->","yoast_head_json":{"title":"36 A\u00f1os de prisi\u00f3n para el hombre que atent\u00f3 contra la vida y abuso sexualmente de una estudiante en Bogot\u00e1 - Ciudad y Region","robots":{"index":"index","follow":"follow","max-snippet":"max-snippet:-1","max-image-preview":"max-image-preview:large","max-video-preview":"max-video-preview:-1"},"canonical":"https:\/\/ciudadyregion.com.co\/index.php\/36-anos-de-prision-para-el-hombre-que-atento-contra-la-vida-y-abuso-sexualmente-de-una-estudiante-en-bogota\/judicial\/","og_locale":"es_ES","og_type":"article","og_title":"36 A\u00f1os de prisi\u00f3n para el hombre que atent\u00f3 contra la vida y abuso sexualmente de una estudiante en Bogot\u00e1 - Ciudad y Region","og_description":"El procesado acept\u00f3 los cargos de tentativa de feminicidio y acceso carnal violento. Los delitos ocurrieron en la localidad de Kennedy, sur occidente de la capital del pa\u00eds. La contundencia del material probatorio aportado por la Fiscal\u00eda General de la Naci\u00f3n fue determinante para que un juez condenara a 36Continuar Leyendo","og_url":"https:\/\/ciudadyregion.com.co\/index.php\/36-anos-de-prision-para-el-hombre-que-atento-contra-la-vida-y-abuso-sexualmente-de-una-estudiante-en-bogota\/judicial\/","og_site_name":"Ciudad y Region","article_published_time":"2024-05-30T15:29:46+00:00","og_image":[{"width":800,"height":445,"url":"https:\/\/ciudadyregion.com.co\/wp-content\/uploads\/2024\/05\/3-carcel-prision-capturado-detenido.jpg","type":"image\/jpeg"}],"author":"David Andr\u00e9s Aguirre","twitter_card":"summary_large_image","twitter_misc":{"Escrito por":"David Andr\u00e9s Aguirre","Tiempo de lectura":"1 minuto"},"schema":{"@context":"https:\/\/schema.org","@graph":[{"@type":"WebPage","@id":"https:\/\/ciudadyregion.com.co\/index.php\/36-anos-de-prision-para-el-hombre-que-atento-contra-la-vida-y-abuso-sexualmente-de-una-estudiante-en-bogota\/judicial\/","url":"https:\/\/ciudadyregion.com.co\/index.php\/36-anos-de-prision-para-el-hombre-que-atento-contra-la-vida-y-abuso-sexualmente-de-una-estudiante-en-bogota\/judicial\/","name":"36 A\u00f1os de prisi\u00f3n para el hombre que atent\u00f3 contra la vida y abuso sexualmente de una estudiante en Bogot\u00e1 - Ciudad y Region","isPartOf":{"@id":"https:\/\/ciudadyregion.com.co\/#website"},"primaryImageOfPage":{"@id":"https:\/\/ciudadyregion.com.co\/index.php\/36-anos-de-prision-para-el-hombre-que-atento-contra-la-vida-y-abuso-sexualmente-de-una-estudiante-en-bogota\/judicial\/#primaryimage"},"image":{"@id":"https:\/\/ciudadyregion.com.co\/index.php\/36-anos-de-prision-para-el-hombre-que-atento-contra-la-vida-y-abuso-sexualmente-de-una-estudiante-en-bogota\/judicial\/#primaryimage"},"thumbnailUrl":"https:\/\/i0.wp.com\/ciudadyregion.com.co\/wp-content\/uploads\/2024\/05\/3-carcel-prision-capturado-detenido.jpg?fit=800%2C445&ssl=1","datePublished":"2024-05-30T15:29:46+00:00","dateModified":"2024-05-30T15:29:46+00:00","author":{"@id":"https:\/\/ciudadyregion.com.co\/#\/schema\/person\/04a4954373ebc4051f46e8c65ff78622"},"breadcrumb":{"@id":"https:\/\/ciudadyregion.com.co\/index.php\/36-anos-de-prision-para-el-hombre-que-atento-contra-la-vida-y-abuso-sexualmente-de-una-estudiante-en-bogota\/judicial\/#breadcrumb"},"inLanguage":"es","potentialAction":[{"@type":"ReadAction","target":["https:\/\/ciudadyregion.com.co\/index.php\/36-anos-de-prision-para-el-hombre-que-atento-contra-la-vida-y-abuso-sexualmente-de-una-estudiante-en-bogota\/judicial\/"]}]},{"@type":"ImageObject","inLanguage":"es","@id":"https:\/\/ciudadyregion.com.co\/index.php\/36-anos-de-prision-para-el-hombre-que-atento-contra-la-vida-y-abuso-sexualmente-de-una-estudiante-en-bogota\/judicial\/#primaryimage","url":"https:\/\/i0.wp.com\/ciudadyregion.com.co\/wp-content\/uploads\/2024\/05\/3-carcel-prision-capturado-detenido.jpg?fit=800%2C445&ssl=1","contentUrl":"https:\/\/i0.wp.com\/ciudadyregion.com.co\/wp-content\/uploads\/2024\/05\/3-carcel-prision-capturado-detenido.jpg?fit=800%2C445&ssl=1","width":800,"height":445},{"@type":"BreadcrumbList","@id":"https:\/\/ciudadyregion.com.co\/index.php\/36-anos-de-prision-para-el-hombre-que-atento-contra-la-vida-y-abuso-sexualmente-de-una-estudiante-en-bogota\/judicial\/#breadcrumb","itemListElement":[{"@type":"ListItem","position":1,"name":"Portada","item":"https:\/\/ciudadyregion.com.co\/"},{"@type":"ListItem","position":2,"name":"36 A\u00f1os de prisi\u00f3n para el hombre que atent\u00f3 contra la vida y abuso sexualmente de una estudiante en Bogot\u00e1"}]},{"@type":"WebSite","@id":"https:\/\/ciudadyregion.com.co\/#website","url":"https:\/\/ciudadyregion.com.co\/","name":"Ciudad y Region","description":"","potentialAction":[{"@type":"SearchAction","target":{"@type":"EntryPoint","urlTemplate":"https:\/\/ciudadyregion.com.co\/?s={search_term_string}"},"query-input":{"@type":"PropertyValueSpecification","valueRequired":true,"valueName":"search_term_string"}}],"inLanguage":"es"},{"@type":"Person","@id":"https:\/\/ciudadyregion.com.co\/#\/schema\/person\/04a4954373ebc4051f46e8c65ff78622","name":"David Andr\u00e9s Aguirre","image":{"@type":"ImageObject","inLanguage":"es","@id":"https:\/\/ciudadyregion.com.co\/#\/schema\/person\/image\/","url":"https:\/\/secure.gravatar.com\/avatar\/bc3c655860202182ee6d1b5edd042dbe?s=96&d=mm&r=g","contentUrl":"https:\/\/secure.gravatar.com\/avatar\/bc3c655860202182ee6d1b5edd042dbe?s=96&d=mm&r=g","caption":"David Andr\u00e9s Aguirre"},"url":"https:\/\/ciudadyregion.com.co\/index.php\/author\/diegoaguirre\/"}]}},"jetpack_featured_media_url":"https:\/\/i0.wp.com\/ciudadyregion.com.co\/wp-content\/uploads\/2024\/05\/3-carcel-prision-capturado-detenido.jpg?fit=800%2C445&ssl=1","jetpack_sharing_enabled":true,"jetpack_shortlink":"https:\/\/wp.me\/pbS7hh-3WQ","jetpack-related-posts":[],"_links":{"self":[{"href":"https:\/\/ciudadyregion.com.co\/index.php\/wp-json\/wp\/v2\/posts\/15180"}],"collection":[{"href":"https:\/\/ciudadyregion.com.co\/index.php\/wp-json\/wp\/v2\/posts"}],"about":[{"href":"https:\/\/ciudadyregion.com.co\/index.php\/wp-json\/wp\/v2\/types\/post"}],"author":[{"embeddable":true,"href":"https:\/\/ciudadyregion.com.co\/index.php\/wp-json\/wp\/v2\/users\/2"}],"replies":[{"embeddable":true,"href":"https:\/\/ciudadyregion.com.co\/index.php\/wp-json\/wp\/v2\/comments?post=15180"}],"version-history":[{"count":1,"href":"https:\/\/ciudadyregion.com.co\/index.php\/wp-json\/wp\/v2\/posts\/15180\/revisions"}],"predecessor-version":[{"id":15181,"href":"https:\/\/ciudadyregion.com.co\/index.php\/wp-json\/wp\/v2\/posts\/15180\/revisions\/15181"}],"wp:featuredmedia":[{"embeddable":true,"href":"https:\/\/ciudadyregion.com.co\/index.php\/wp-json\/wp\/v2\/media\/13908"}],"wp:attachment":[{"href":"https:\/\/ciudadyregion.com.co\/index.php\/wp-json\/wp\/v2\/media?parent=15180"}],"wp:term":[{"taxonomy":"category","embeddable":true,"href":"https:\/\/ciudadyregion.com.co\/index.php\/wp-json\/wp\/v2\/categories?post=15180"},{"taxonomy":"post_tag","embeddable":true,"href":"https:\/\/ciudadyregion.com.co\/index.php\/wp-json\/wp\/v2\/tags?post=15180"}],"curies":[{"name":"wp","href":"https:\/\/api.w.org\/{rel}","templated":true}]}}