{"id":15177,"date":"2024-05-30T10:26:56","date_gmt":"2024-05-30T15:26:56","guid":{"rendered":"https:\/\/ciudadyregion.com.co\/?p=15177"},"modified":"2024-05-30T10:26:56","modified_gmt":"2024-05-30T15:26:56","slug":"desalmado-este-hombre-asesino-a-su-expareja-escondio-el-cuerpo-en-un-costal-y-lo-dejo-amarrado-en-una-piedra","status":"publish","type":"post","link":"https:\/\/ciudadyregion.com.co\/index.php\/desalmado-este-hombre-asesino-a-su-expareja-escondio-el-cuerpo-en-un-costal-y-lo-dejo-amarrado-en-una-piedra\/judicial\/","title":{"rendered":"Desalmado: Este hombre asesin\u00f3 a su expareja, escondi\u00f3 el cuerpo en un costal y lo dej\u00f3 amarrado en una piedra"},"content":{"rendered":"<ul>\n<li><strong><i>El cuerpo de la v\u00edctima fue hallado dentro de un costal en una quebrada de poblaci\u00f3n y amarrado a una piedra.<\/i><\/strong><\/li>\n<\/ul>\n<div><\/div>\n<div>Luego de valorar los elementos materiales probatorios presentados por la Fiscal\u00eda General de la Naci\u00f3n, un juez de control de garant\u00edas impuso medida de aseguramiento en centro carcelario a un hombre de 56 a\u00f1os, como presunto responsable de la muerte de su excompa\u00f1era sentimental en zona rural del municipio de Santa Rosa de Osos (Antioquia).<\/div>\n<div><\/div>\n<div>Los hechos investigados ocurrieron en el corregimiento San Isidro de la citada poblaci\u00f3n el 18 de mayo de 2023, cuando al parecer dio muerte por sofocaci\u00f3n a su expareja de 44 a\u00f1os, con quien ten\u00eda 4 hijos.<\/div>\n<div><\/div>\n<div>\n<figure id=\"attachment_296043\" class=\"wp-caption aligncenter\" aria-describedby=\"caption-attachment-296043\"><figcaption id=\"caption-attachment-296043\" class=\"wp-caption-text\">Horas despu\u00e9s, el cuerpo de la mujer fue hallado en una quebrada de la zona dentro de un costal y amarrado a una piedra de gran tama\u00f1o.<\/figcaption><\/figure>\n<\/div>\n<div><\/div>\n<div>El hombre fue capturado por servidores del CTI y la Polic\u00eda Nacional con el apoyo del Ej\u00e9rcito Nacional, y durante la\u00a0 diligencia judicial entreg\u00f3 a las autoridades un rev\u00f3lver calibre 38 y 22 cartuchos.<\/div>\n<div><\/div>\n<div>El procesado no se allan\u00f3 a los cargos que le formul\u00f3 una fiscal de la Seccional Antioquia por los delitos de feminicidio agravado; ocultamiento, alteraci\u00f3n o destrucci\u00f3n de elemento material probatorio y porte ilegal de armas de fuego.<\/div>\n","protected":false},"excerpt":{"rendered":"<p>El cuerpo de la v\u00edctima fue hallado dentro de un costal en una quebrada de poblaci\u00f3n y amarrado a una piedra. Luego de valorar los elementos materiales probatorios presentados por la Fiscal\u00eda General de la Naci\u00f3n, un juez de control de garant\u00edas impuso medida de aseguramiento en centro carcelario a<span class=\"more-link\"><a href=\"https:\/\/ciudadyregion.com.co\/index.php\/desalmado-este-hombre-asesino-a-su-expareja-escondio-el-cuerpo-en-un-costal-y-lo-dejo-amarrado-en-una-piedra\/judicial\/\">Continuar Leyendo<\/a><\/span><\/p>\n","protected":false},"author":2,"featured_media":15178,"comment_status":"open","ping_status":"open","sticky":false,"template":"","format":"standard","meta":{"_uf_show_specific_survey":0,"_uf_disable_surveys":false,"_jetpack_memberships_contains_paid_content":false,"footnotes":"","jetpack_publicize_message":"","jetpack_publicize_feature_enabled":true,"jetpack_social_post_already_shared":true,"jetpack_social_options":{"image_generator_settings":{"template":"highway","enabled":false},"version":2}},"categories":[18],"tags":[],"class_list":["entry","author-diegoaguirre","post-15177","post","type-post","status-publish","format-standard","has-post-thumbnail","category-judicial"],"jetpack_publicize_connections":[],"yoast_head":"<!-- This site is optimized with the Yoast SEO plugin v24.3 - https:\/\/yoast.com\/wordpress\/plugins\/seo\/ -->\n<title>Desalmado: Este hombre asesin\u00f3 a su expareja, escondi\u00f3 el cuerpo en un costal y lo dej\u00f3 amarrado en una piedra - Ciudad y Region<\/title>\n<meta name=\"robots\" content=\"index, follow, max-snippet:-1, max-image-preview:large, max-video-preview:-1\" \/>\n<link rel=\"canonical\" href=\"https:\/\/ciudadyregion.com.co\/index.php\/desalmado-este-hombre-asesino-a-su-expareja-escondio-el-cuerpo-en-un-costal-y-lo-dejo-amarrado-en-una-piedra\/judicial\/\" \/>\n<meta property=\"og:locale\" content=\"es_ES\" \/>\n<meta property=\"og:type\" content=\"article\" \/>\n<meta property=\"og:title\" content=\"Desalmado: Este hombre asesin\u00f3 a su expareja, escondi\u00f3 el cuerpo en un costal y lo dej\u00f3 amarrado en una piedra - Ciudad y Region\" \/>\n<meta property=\"og:description\" content=\"El cuerpo de la v\u00edctima fue hallado dentro de un costal en una quebrada de poblaci\u00f3n y amarrado a una piedra. Luego de valorar los elementos materiales probatorios presentados por la Fiscal\u00eda General de la Naci\u00f3n, un juez de control de garant\u00edas impuso medida de aseguramiento en centro carcelario aContinuar Leyendo\" \/>\n<meta property=\"og:url\" content=\"https:\/\/ciudadyregion.com.co\/index.php\/desalmado-este-hombre-asesino-a-su-expareja-escondio-el-cuerpo-en-un-costal-y-lo-dejo-amarrado-en-una-piedra\/judicial\/\" \/>\n<meta property=\"og:site_name\" content=\"Ciudad y Region\" \/>\n<meta property=\"article:published_time\" content=\"2024-05-30T15:26:56+00:00\" \/>\n<meta property=\"og:image\" content=\"https:\/\/ciudadyregion.com.co\/wp-content\/uploads\/2024\/05\/1-24.jpg\" \/>\n\t<meta property=\"og:image:width\" content=\"800\" \/>\n\t<meta property=\"og:image:height\" content=\"445\" \/>\n\t<meta property=\"og:image:type\" content=\"image\/jpeg\" \/>\n<meta name=\"author\" content=\"David Andr\u00e9s Aguirre\" \/>\n<meta name=\"twitter:card\" content=\"summary_large_image\" \/>\n<meta name=\"twitter:label1\" content=\"Escrito por\" \/>\n\t<meta name=\"twitter:data1\" content=\"David Andr\u00e9s Aguirre\" \/>\n\t<meta name=\"twitter:label2\" content=\"Tiempo de lectura\" \/>\n\t<meta name=\"twitter:data2\" content=\"1 minuto\" \/>\n<script type=\"application\/ld+json\" class=\"yoast-schema-graph\">{\"@context\":\"https:\/\/schema.org\",\"@graph\":[{\"@type\":\"WebPage\",\"@id\":\"https:\/\/ciudadyregion.com.co\/index.php\/desalmado-este-hombre-asesino-a-su-expareja-escondio-el-cuerpo-en-un-costal-y-lo-dejo-amarrado-en-una-piedra\/judicial\/\",\"url\":\"https:\/\/ciudadyregion.com.co\/index.php\/desalmado-este-hombre-asesino-a-su-expareja-escondio-el-cuerpo-en-un-costal-y-lo-dejo-amarrado-en-una-piedra\/judicial\/\",\"name\":\"Desalmado: Este hombre asesin\u00f3 a su expareja, escondi\u00f3 el cuerpo en un costal y lo dej\u00f3 amarrado en una piedra - Ciudad y Region\",\"isPartOf\":{\"@id\":\"https:\/\/ciudadyregion.com.co\/#website\"},\"primaryImageOfPage\":{\"@id\":\"https:\/\/ciudadyregion.com.co\/index.php\/desalmado-este-hombre-asesino-a-su-expareja-escondio-el-cuerpo-en-un-costal-y-lo-dejo-amarrado-en-una-piedra\/judicial\/#primaryimage\"},\"image\":{\"@id\":\"https:\/\/ciudadyregion.com.co\/index.php\/desalmado-este-hombre-asesino-a-su-expareja-escondio-el-cuerpo-en-un-costal-y-lo-dejo-amarrado-en-una-piedra\/judicial\/#primaryimage\"},\"thumbnailUrl\":\"https:\/\/i0.wp.com\/ciudadyregion.com.co\/wp-content\/uploads\/2024\/05\/1-24.jpg?fit=800%2C445&ssl=1\",\"datePublished\":\"2024-05-30T15:26:56+00:00\",\"dateModified\":\"2024-05-30T15:26:56+00:00\",\"author\":{\"@id\":\"https:\/\/ciudadyregion.com.co\/#\/schema\/person\/04a4954373ebc4051f46e8c65ff78622\"},\"breadcrumb\":{\"@id\":\"https:\/\/ciudadyregion.com.co\/index.php\/desalmado-este-hombre-asesino-a-su-expareja-escondio-el-cuerpo-en-un-costal-y-lo-dejo-amarrado-en-una-piedra\/judicial\/#breadcrumb\"},\"inLanguage\":\"es\",\"potentialAction\":[{\"@type\":\"ReadAction\",\"target\":[\"https:\/\/ciudadyregion.com.co\/index.php\/desalmado-este-hombre-asesino-a-su-expareja-escondio-el-cuerpo-en-un-costal-y-lo-dejo-amarrado-en-una-piedra\/judicial\/\"]}]},{\"@type\":\"ImageObject\",\"inLanguage\":\"es\",\"@id\":\"https:\/\/ciudadyregion.com.co\/index.php\/desalmado-este-hombre-asesino-a-su-expareja-escondio-el-cuerpo-en-un-costal-y-lo-dejo-amarrado-en-una-piedra\/judicial\/#primaryimage\",\"url\":\"https:\/\/i0.wp.com\/ciudadyregion.com.co\/wp-content\/uploads\/2024\/05\/1-24.jpg?fit=800%2C445&ssl=1\",\"contentUrl\":\"https:\/\/i0.wp.com\/ciudadyregion.com.co\/wp-content\/uploads\/2024\/05\/1-24.jpg?fit=800%2C445&ssl=1\",\"width\":800,\"height\":445},{\"@type\":\"BreadcrumbList\",\"@id\":\"https:\/\/ciudadyregion.com.co\/index.php\/desalmado-este-hombre-asesino-a-su-expareja-escondio-el-cuerpo-en-un-costal-y-lo-dejo-amarrado-en-una-piedra\/judicial\/#breadcrumb\",\"itemListElement\":[{\"@type\":\"ListItem\",\"position\":1,\"name\":\"Portada\",\"item\":\"https:\/\/ciudadyregion.com.co\/\"},{\"@type\":\"ListItem\",\"position\":2,\"name\":\"Desalmado: Este hombre asesin\u00f3 a su expareja, escondi\u00f3 el cuerpo en un costal y lo dej\u00f3 amarrado en una piedra\"}]},{\"@type\":\"WebSite\",\"@id\":\"https:\/\/ciudadyregion.com.co\/#website\",\"url\":\"https:\/\/ciudadyregion.com.co\/\",\"name\":\"Ciudad y Region\",\"description\":\"\",\"potentialAction\":[{\"@type\":\"SearchAction\",\"target\":{\"@type\":\"EntryPoint\",\"urlTemplate\":\"https:\/\/ciudadyregion.com.co\/?s={search_term_string}\"},\"query-input\":{\"@type\":\"PropertyValueSpecification\",\"valueRequired\":true,\"valueName\":\"search_term_string\"}}],\"inLanguage\":\"es\"},{\"@type\":\"Person\",\"@id\":\"https:\/\/ciudadyregion.com.co\/#\/schema\/person\/04a4954373ebc4051f46e8c65ff78622\",\"name\":\"David Andr\u00e9s Aguirre\",\"image\":{\"@type\":\"ImageObject\",\"inLanguage\":\"es\",\"@id\":\"https:\/\/ciudadyregion.com.co\/#\/schema\/person\/image\/\",\"url\":\"https:\/\/secure.gravatar.com\/avatar\/bc3c655860202182ee6d1b5edd042dbe?s=96&d=mm&r=g\",\"contentUrl\":\"https:\/\/secure.gravatar.com\/avatar\/bc3c655860202182ee6d1b5edd042dbe?s=96&d=mm&r=g\",\"caption\":\"David Andr\u00e9s Aguirre\"},\"url\":\"https:\/\/ciudadyregion.com.co\/index.php\/author\/diegoaguirre\/\"}]}<\/script>\n<!-- \/ Yoast SEO plugin. -->","yoast_head_json":{"title":"Desalmado: Este hombre asesin\u00f3 a su expareja, escondi\u00f3 el cuerpo en un costal y lo dej\u00f3 amarrado en una piedra - Ciudad y Region","robots":{"index":"index","follow":"follow","max-snippet":"max-snippet:-1","max-image-preview":"max-image-preview:large","max-video-preview":"max-video-preview:-1"},"canonical":"https:\/\/ciudadyregion.com.co\/index.php\/desalmado-este-hombre-asesino-a-su-expareja-escondio-el-cuerpo-en-un-costal-y-lo-dejo-amarrado-en-una-piedra\/judicial\/","og_locale":"es_ES","og_type":"article","og_title":"Desalmado: Este hombre asesin\u00f3 a su expareja, escondi\u00f3 el cuerpo en un costal y lo dej\u00f3 amarrado en una piedra - Ciudad y Region","og_description":"El cuerpo de la v\u00edctima fue hallado dentro de un costal en una quebrada de poblaci\u00f3n y amarrado a una piedra. Luego de valorar los elementos materiales probatorios presentados por la Fiscal\u00eda General de la Naci\u00f3n, un juez de control de garant\u00edas impuso medida de aseguramiento en centro carcelario aContinuar Leyendo","og_url":"https:\/\/ciudadyregion.com.co\/index.php\/desalmado-este-hombre-asesino-a-su-expareja-escondio-el-cuerpo-en-un-costal-y-lo-dejo-amarrado-en-una-piedra\/judicial\/","og_site_name":"Ciudad y Region","article_published_time":"2024-05-30T15:26:56+00:00","og_image":[{"width":800,"height":445,"url":"https:\/\/ciudadyregion.com.co\/wp-content\/uploads\/2024\/05\/1-24.jpg","type":"image\/jpeg"}],"author":"David Andr\u00e9s Aguirre","twitter_card":"summary_large_image","twitter_misc":{"Escrito por":"David Andr\u00e9s Aguirre","Tiempo de lectura":"1 minuto"},"schema":{"@context":"https:\/\/schema.org","@graph":[{"@type":"WebPage","@id":"https:\/\/ciudadyregion.com.co\/index.php\/desalmado-este-hombre-asesino-a-su-expareja-escondio-el-cuerpo-en-un-costal-y-lo-dejo-amarrado-en-una-piedra\/judicial\/","url":"https:\/\/ciudadyregion.com.co\/index.php\/desalmado-este-hombre-asesino-a-su-expareja-escondio-el-cuerpo-en-un-costal-y-lo-dejo-amarrado-en-una-piedra\/judicial\/","name":"Desalmado: Este hombre asesin\u00f3 a su expareja, escondi\u00f3 el cuerpo en un costal y lo dej\u00f3 amarrado en una piedra - Ciudad y Region","isPartOf":{"@id":"https:\/\/ciudadyregion.com.co\/#website"},"primaryImageOfPage":{"@id":"https:\/\/ciudadyregion.com.co\/index.php\/desalmado-este-hombre-asesino-a-su-expareja-escondio-el-cuerpo-en-un-costal-y-lo-dejo-amarrado-en-una-piedra\/judicial\/#primaryimage"},"image":{"@id":"https:\/\/ciudadyregion.com.co\/index.php\/desalmado-este-hombre-asesino-a-su-expareja-escondio-el-cuerpo-en-un-costal-y-lo-dejo-amarrado-en-una-piedra\/judicial\/#primaryimage"},"thumbnailUrl":"https:\/\/i0.wp.com\/ciudadyregion.com.co\/wp-content\/uploads\/2024\/05\/1-24.jpg?fit=800%2C445&ssl=1","datePublished":"2024-05-30T15:26:56+00:00","dateModified":"2024-05-30T15:26:56+00:00","author":{"@id":"https:\/\/ciudadyregion.com.co\/#\/schema\/person\/04a4954373ebc4051f46e8c65ff78622"},"breadcrumb":{"@id":"https:\/\/ciudadyregion.com.co\/index.php\/desalmado-este-hombre-asesino-a-su-expareja-escondio-el-cuerpo-en-un-costal-y-lo-dejo-amarrado-en-una-piedra\/judicial\/#breadcrumb"},"inLanguage":"es","potentialAction":[{"@type":"ReadAction","target":["https:\/\/ciudadyregion.com.co\/index.php\/desalmado-este-hombre-asesino-a-su-expareja-escondio-el-cuerpo-en-un-costal-y-lo-dejo-amarrado-en-una-piedra\/judicial\/"]}]},{"@type":"ImageObject","inLanguage":"es","@id":"https:\/\/ciudadyregion.com.co\/index.php\/desalmado-este-hombre-asesino-a-su-expareja-escondio-el-cuerpo-en-un-costal-y-lo-dejo-amarrado-en-una-piedra\/judicial\/#primaryimage","url":"https:\/\/i0.wp.com\/ciudadyregion.com.co\/wp-content\/uploads\/2024\/05\/1-24.jpg?fit=800%2C445&ssl=1","contentUrl":"https:\/\/i0.wp.com\/ciudadyregion.com.co\/wp-content\/uploads\/2024\/05\/1-24.jpg?fit=800%2C445&ssl=1","width":800,"height":445},{"@type":"BreadcrumbList","@id":"https:\/\/ciudadyregion.com.co\/index.php\/desalmado-este-hombre-asesino-a-su-expareja-escondio-el-cuerpo-en-un-costal-y-lo-dejo-amarrado-en-una-piedra\/judicial\/#breadcrumb","itemListElement":[{"@type":"ListItem","position":1,"name":"Portada","item":"https:\/\/ciudadyregion.com.co\/"},{"@type":"ListItem","position":2,"name":"Desalmado: Este hombre asesin\u00f3 a su expareja, escondi\u00f3 el cuerpo en un costal y lo dej\u00f3 amarrado en una piedra"}]},{"@type":"WebSite","@id":"https:\/\/ciudadyregion.com.co\/#website","url":"https:\/\/ciudadyregion.com.co\/","name":"Ciudad y Region","description":"","potentialAction":[{"@type":"SearchAction","target":{"@type":"EntryPoint","urlTemplate":"https:\/\/ciudadyregion.com.co\/?s={search_term_string}"},"query-input":{"@type":"PropertyValueSpecification","valueRequired":true,"valueName":"search_term_string"}}],"inLanguage":"es"},{"@type":"Person","@id":"https:\/\/ciudadyregion.com.co\/#\/schema\/person\/04a4954373ebc4051f46e8c65ff78622","name":"David Andr\u00e9s Aguirre","image":{"@type":"ImageObject","inLanguage":"es","@id":"https:\/\/ciudadyregion.com.co\/#\/schema\/person\/image\/","url":"https:\/\/secure.gravatar.com\/avatar\/bc3c655860202182ee6d1b5edd042dbe?s=96&d=mm&r=g","contentUrl":"https:\/\/secure.gravatar.com\/avatar\/bc3c655860202182ee6d1b5edd042dbe?s=96&d=mm&r=g","caption":"David Andr\u00e9s Aguirre"},"url":"https:\/\/ciudadyregion.com.co\/index.php\/author\/diegoaguirre\/"}]}},"jetpack_featured_media_url":"https:\/\/i0.wp.com\/ciudadyregion.com.co\/wp-content\/uploads\/2024\/05\/1-24.jpg?fit=800%2C445&ssl=1","jetpack_sharing_enabled":true,"jetpack_shortlink":"https:\/\/wp.me\/pbS7hh-3WN","jetpack-related-posts":[],"_links":{"self":[{"href":"https:\/\/ciudadyregion.com.co\/index.php\/wp-json\/wp\/v2\/posts\/15177"}],"collection":[{"href":"https:\/\/ciudadyregion.com.co\/index.php\/wp-json\/wp\/v2\/posts"}],"about":[{"href":"https:\/\/ciudadyregion.com.co\/index.php\/wp-json\/wp\/v2\/types\/post"}],"author":[{"embeddable":true,"href":"https:\/\/ciudadyregion.com.co\/index.php\/wp-json\/wp\/v2\/users\/2"}],"replies":[{"embeddable":true,"href":"https:\/\/ciudadyregion.com.co\/index.php\/wp-json\/wp\/v2\/comments?post=15177"}],"version-history":[{"count":1,"href":"https:\/\/ciudadyregion.com.co\/index.php\/wp-json\/wp\/v2\/posts\/15177\/revisions"}],"predecessor-version":[{"id":15179,"href":"https:\/\/ciudadyregion.com.co\/index.php\/wp-json\/wp\/v2\/posts\/15177\/revisions\/15179"}],"wp:featuredmedia":[{"embeddable":true,"href":"https:\/\/ciudadyregion.com.co\/index.php\/wp-json\/wp\/v2\/media\/15178"}],"wp:attachment":[{"href":"https:\/\/ciudadyregion.com.co\/index.php\/wp-json\/wp\/v2\/media?parent=15177"}],"wp:term":[{"taxonomy":"category","embeddable":true,"href":"https:\/\/ciudadyregion.com.co\/index.php\/wp-json\/wp\/v2\/categories?post=15177"},{"taxonomy":"post_tag","embeddable":true,"href":"https:\/\/ciudadyregion.com.co\/index.php\/wp-json\/wp\/v2\/tags?post=15177"}],"curies":[{"name":"wp","href":"https:\/\/api.w.org\/{rel}","templated":true}]}}