{"id":15161,"date":"2024-05-30T08:38:44","date_gmt":"2024-05-30T13:38:44","guid":{"rendered":"https:\/\/ciudadyregion.com.co\/?p=15161"},"modified":"2024-05-30T08:38:44","modified_gmt":"2024-05-30T13:38:44","slug":"lamentable-maria-eudice-hernandez-afronta-la-desaparicion-forzada-de-sus-hijos-suboficiales-del-ejercito-nacional","status":"publish","type":"post","link":"https:\/\/ciudadyregion.com.co\/index.php\/lamentable-maria-eudice-hernandez-afronta-la-desaparicion-forzada-de-sus-hijos-suboficiales-del-ejercito-nacional\/regional\/","title":{"rendered":"Lamentable: Mar\u00eda Eudice Hern\u00e1ndez afronta la desaparici\u00f3n forzada de sus hijos suboficiales del Ej\u00e9rcito Nacional"},"content":{"rendered":"<ul>\n<li><em><strong>Mar\u00eda Eudice Hern\u00e1ndez de Barrero ha enfrentado la tr\u00e1gica desaparici\u00f3n forzada de dos de sus hijos, Carlos Alberto y Juan Jos\u00e9, ambos suboficiales del Ej\u00e9rcito Nacional.<\/strong><\/em><\/li>\n<\/ul>\n<p>Tener a un hijo desaparecido forzadamente y no saber si sigue con vida es una herida abierta que nunca sana. Es vivir cada d\u00eda con el dolor constante de no tener respuestas y no poder hacer m\u00e1s por encontrarlo. Cada llamada, cada noticia es una esperanza ligera y una posible devastaci\u00f3n. Este es el sufrimiento que consume a la se\u00f1ora Mar\u00eda Eudice, sumida en un duelo interminable entre la esperanza y la lucha incesante por la verdad, aferr\u00e1ndose a cualquier indicio que pueda traer de vuelta a sus dos hijos.<\/p>\n<p>Mar\u00eda Eudice, junto con su esposo, crio a sus cinco hijos en Payand\u00e9, municipio de San Luis, Tolima. Entre sus hijos, los dos mayores eran gemelos, y uno de ellos, Juan Jos\u00e9, opt\u00f3 por pertenecer al Ej\u00e9rcito. Su tercer hijo, Carlos Alberto, tambi\u00e9n decidi\u00f3 seguir los pasos de su hermano, compartiendo la misma vocaci\u00f3n militar.<\/p>\n<p>En 1996, Carlos Alberto pertenec\u00eda al Batall\u00f3n de Infanter\u00eda N.\u00b0 35 H\u00e9roes del Guap\u00ed, mientras su hermano Juan Jos\u00e9 estaba asignado en la ciudad de Villavicencio, Meta. En diciembre de ese a\u00f1o, Carlos visit\u00f3 a su madre y le cont\u00f3 que lo trasladar\u00edan a Medell\u00edn.<\/p>\n<p>A principios del siguiente a\u00f1o, el 5 de enero, Carlos Alberto, junto con el sargento Nicol\u00e1s Arrieta y el soldado Lizcano Lima, emprendi\u00f3 un viaje en lancha desde Cartagena del Chair\u00e1 hacia Florencia, Caquet\u00e1. Navegaron rodeados de la densa selva, sin saber que esta decisi\u00f3n cambiar\u00eda sus vidas para siempre. El trayecto, que inicialmente parec\u00eda una simple traves\u00eda, se transform\u00f3 en una pesadilla.<\/p>\n<p>Al llegar a Doncello, los tres militares desembarcaron y abordaron un bus para continuar su viaje por carretera. En medio del recorrido, fueron interceptados por un grupo de guerrilleros. En un instante, la situaci\u00f3n se torn\u00f3 cr\u00edtica, ordenaron a los pasajeros bajar y se llevaron a los tres militares. Exactamente, el 10 de enero de 1997, Mar\u00eda Eudice recibi\u00f3 la devastadora noticia de la desaparici\u00f3n de su hijo Carlos Alberto, sumi\u00e9ndola en una angustia profunda y constante.<\/p>\n<p>Durante la angustiosa b\u00fasqueda de su hermano, Juan Jos\u00e9 decidi\u00f3 retirarse del Ej\u00e9rcito a mediados de 1997, incapaz de soportar el dolor de tener a Carlos Alberto desaparecido. Su amor fraternal y la desesperaci\u00f3n por obtener respuestas lo llevaron a dejar atr\u00e1s la vida militar. Recorri\u00f3 varios lugares en su incesante b\u00fasqueda, siguiendo cualquier pista que pudiera llevarlo a su hermano. Sin embargo, el 18 de julio de 1998, Juan Jos\u00e9 tambi\u00e9n desapareci\u00f3 en Granada, Meta, sumiendo a la familia en un profundo abismo de incertidumbre y dolor que ya enfrentaban.<\/p>\n<p>La tragedia de la familia Barrera no termin\u00f3 ah\u00ed. El gemelo de Juan Jos\u00e9, Fabi\u00e1n, muri\u00f3 a los cinco a\u00f1os debido a un c\u00e1ncer, profundamente afectado por la desaparici\u00f3n de sus hermanos. La situaci\u00f3n se volvi\u00f3 a\u00fan m\u00e1s insostenible cuando amenazas y el temor constante por su seguridad llevaron a los otros dos hijos de Mar\u00eda Eudice, Angie Lorena y Luis Gabriel, a emigrar al exterior con la esperanza de dejar atr\u00e1s el miedo y el dolor que los hab\u00eda marcado.<\/p>\n<p>Seis a\u00f1os despu\u00e9s de la desaparici\u00f3n de sus dos hijos suboficiales, la fiscal que llevaba el caso en Bogot\u00e1 contact\u00f3 a la se\u00f1ora Eudice con la noticia de que un guerrillero hab\u00eda confesado que Carlos Alberto hab\u00eda sido capturado, torturado y enterrado en una fosa com\u00fan cerca de Florencia. \u00abCuando el tel\u00e9fono son\u00f3, sent\u00ed una mezcla de esperanza y temor. Las sensaciones eran confusas\u00bb, afirma con la voz entrecortada. Sin embargo, esta versi\u00f3n nunca fue confirmada, dej\u00e1ndola en la misma incertidumbre que hab\u00eda sentido desde el primer d\u00eda de la desaparici\u00f3n de sus hijos.<\/p>\n<p>A pesar del paso de los a\u00f1os, Mar\u00eda Eudice sigue anhelando conocer la verdad sobre el destino de sus hijos. \u00abUna madre nunca deja de creer que alg\u00fan d\u00eda los encontrar\u00e1. Aunque digan que los mataron, uno se resiste a aceptarlo y mantiene la convicci\u00f3n de que siguen con vida\u00bb, expres\u00f3.<\/p>\n<p>Con un mensaje de fortaleza, anima a otras familias que atraviesan situaciones similares. \u00abAlg\u00fan d\u00eda la verdad va a salir a la luz, sea como sea. Puede que est\u00e9n vivos, y si est\u00e1n muertos, poder recuperar el cad\u00e1ver\u00bb. El dolor de Mar\u00eda Eudice Hern\u00e1ndez de Barrero es un reflejo de la tragedia que han vivido innumerables familias en Colombia, marcadas por la violencia y la desaparici\u00f3n forzada. La b\u00fasqueda de la verdad sigue siendo un anhelo incansable para quienes han perdido a sus seres queridos en circunstancias tan crueles.<\/p>\n","protected":false},"excerpt":{"rendered":"<p>Mar\u00eda Eudice Hern\u00e1ndez de Barrero ha enfrentado la tr\u00e1gica desaparici\u00f3n forzada de dos de sus hijos, Carlos Alberto y Juan Jos\u00e9, ambos suboficiales del Ej\u00e9rcito Nacional. Tener a un hijo desaparecido forzadamente y no saber si sigue con vida es una herida abierta que nunca sana. Es vivir cada d\u00eda<span class=\"more-link\"><a href=\"https:\/\/ciudadyregion.com.co\/index.php\/lamentable-maria-eudice-hernandez-afronta-la-desaparicion-forzada-de-sus-hijos-suboficiales-del-ejercito-nacional\/regional\/\">Continuar Leyendo<\/a><\/span><\/p>\n","protected":false},"author":2,"featured_media":15162,"comment_status":"open","ping_status":"open","sticky":false,"template":"","format":"standard","meta":{"_uf_show_specific_survey":0,"_uf_disable_surveys":false,"_jetpack_memberships_contains_paid_content":false,"footnotes":"","jetpack_publicize_message":"","jetpack_publicize_feature_enabled":true,"jetpack_social_post_already_shared":true,"jetpack_social_options":{"image_generator_settings":{"template":"highway","enabled":false},"version":2}},"categories":[13],"tags":[],"class_list":["entry","author-diegoaguirre","post-15161","post","type-post","status-publish","format-standard","has-post-thumbnail","category-regional"],"jetpack_publicize_connections":[],"yoast_head":"<!-- This site is optimized with the Yoast SEO plugin v24.3 - https:\/\/yoast.com\/wordpress\/plugins\/seo\/ -->\n<title>Lamentable: Mar\u00eda Eudice Hern\u00e1ndez afronta la desaparici\u00f3n forzada de sus hijos suboficiales del Ej\u00e9rcito Nacional - Ciudad y Region<\/title>\n<meta name=\"robots\" content=\"index, follow, max-snippet:-1, max-image-preview:large, max-video-preview:-1\" \/>\n<link rel=\"canonical\" href=\"https:\/\/ciudadyregion.com.co\/index.php\/lamentable-maria-eudice-hernandez-afronta-la-desaparicion-forzada-de-sus-hijos-suboficiales-del-ejercito-nacional\/regional\/\" \/>\n<meta property=\"og:locale\" content=\"es_ES\" \/>\n<meta property=\"og:type\" content=\"article\" \/>\n<meta property=\"og:title\" content=\"Lamentable: Mar\u00eda Eudice Hern\u00e1ndez afronta la desaparici\u00f3n forzada de sus hijos suboficiales del Ej\u00e9rcito Nacional - Ciudad y Region\" \/>\n<meta property=\"og:description\" content=\"Mar\u00eda Eudice Hern\u00e1ndez de Barrero ha enfrentado la tr\u00e1gica desaparici\u00f3n forzada de dos de sus hijos, Carlos Alberto y Juan Jos\u00e9, ambos suboficiales del Ej\u00e9rcito Nacional. Tener a un hijo desaparecido forzadamente y no saber si sigue con vida es una herida abierta que nunca sana. Es vivir cada d\u00edaContinuar Leyendo\" \/>\n<meta property=\"og:url\" content=\"https:\/\/ciudadyregion.com.co\/index.php\/lamentable-maria-eudice-hernandez-afronta-la-desaparicion-forzada-de-sus-hijos-suboficiales-del-ejercito-nacional\/regional\/\" \/>\n<meta property=\"og:site_name\" content=\"Ciudad y Region\" \/>\n<meta property=\"article:published_time\" content=\"2024-05-30T13:38:44+00:00\" \/>\n<meta property=\"og:image\" content=\"https:\/\/ciudadyregion.com.co\/wp-content\/uploads\/2024\/05\/4-20.jpg\" \/>\n\t<meta property=\"og:image:width\" content=\"800\" \/>\n\t<meta property=\"og:image:height\" content=\"445\" \/>\n\t<meta property=\"og:image:type\" content=\"image\/jpeg\" \/>\n<meta name=\"author\" content=\"David Andr\u00e9s Aguirre\" \/>\n<meta name=\"twitter:card\" content=\"summary_large_image\" \/>\n<meta name=\"twitter:label1\" content=\"Escrito por\" \/>\n\t<meta name=\"twitter:data1\" content=\"David Andr\u00e9s Aguirre\" \/>\n\t<meta name=\"twitter:label2\" content=\"Tiempo de lectura\" \/>\n\t<meta name=\"twitter:data2\" content=\"4 minutos\" \/>\n<script type=\"application\/ld+json\" class=\"yoast-schema-graph\">{\"@context\":\"https:\/\/schema.org\",\"@graph\":[{\"@type\":\"WebPage\",\"@id\":\"https:\/\/ciudadyregion.com.co\/index.php\/lamentable-maria-eudice-hernandez-afronta-la-desaparicion-forzada-de-sus-hijos-suboficiales-del-ejercito-nacional\/regional\/\",\"url\":\"https:\/\/ciudadyregion.com.co\/index.php\/lamentable-maria-eudice-hernandez-afronta-la-desaparicion-forzada-de-sus-hijos-suboficiales-del-ejercito-nacional\/regional\/\",\"name\":\"Lamentable: Mar\u00eda Eudice Hern\u00e1ndez afronta la desaparici\u00f3n forzada de sus hijos suboficiales del Ej\u00e9rcito Nacional - Ciudad y Region\",\"isPartOf\":{\"@id\":\"https:\/\/ciudadyregion.com.co\/#website\"},\"primaryImageOfPage\":{\"@id\":\"https:\/\/ciudadyregion.com.co\/index.php\/lamentable-maria-eudice-hernandez-afronta-la-desaparicion-forzada-de-sus-hijos-suboficiales-del-ejercito-nacional\/regional\/#primaryimage\"},\"image\":{\"@id\":\"https:\/\/ciudadyregion.com.co\/index.php\/lamentable-maria-eudice-hernandez-afronta-la-desaparicion-forzada-de-sus-hijos-suboficiales-del-ejercito-nacional\/regional\/#primaryimage\"},\"thumbnailUrl\":\"https:\/\/i0.wp.com\/ciudadyregion.com.co\/wp-content\/uploads\/2024\/05\/4-20.jpg?fit=800%2C445&ssl=1\",\"datePublished\":\"2024-05-30T13:38:44+00:00\",\"dateModified\":\"2024-05-30T13:38:44+00:00\",\"author\":{\"@id\":\"https:\/\/ciudadyregion.com.co\/#\/schema\/person\/04a4954373ebc4051f46e8c65ff78622\"},\"breadcrumb\":{\"@id\":\"https:\/\/ciudadyregion.com.co\/index.php\/lamentable-maria-eudice-hernandez-afronta-la-desaparicion-forzada-de-sus-hijos-suboficiales-del-ejercito-nacional\/regional\/#breadcrumb\"},\"inLanguage\":\"es\",\"potentialAction\":[{\"@type\":\"ReadAction\",\"target\":[\"https:\/\/ciudadyregion.com.co\/index.php\/lamentable-maria-eudice-hernandez-afronta-la-desaparicion-forzada-de-sus-hijos-suboficiales-del-ejercito-nacional\/regional\/\"]}]},{\"@type\":\"ImageObject\",\"inLanguage\":\"es\",\"@id\":\"https:\/\/ciudadyregion.com.co\/index.php\/lamentable-maria-eudice-hernandez-afronta-la-desaparicion-forzada-de-sus-hijos-suboficiales-del-ejercito-nacional\/regional\/#primaryimage\",\"url\":\"https:\/\/i0.wp.com\/ciudadyregion.com.co\/wp-content\/uploads\/2024\/05\/4-20.jpg?fit=800%2C445&ssl=1\",\"contentUrl\":\"https:\/\/i0.wp.com\/ciudadyregion.com.co\/wp-content\/uploads\/2024\/05\/4-20.jpg?fit=800%2C445&ssl=1\",\"width\":800,\"height\":445},{\"@type\":\"BreadcrumbList\",\"@id\":\"https:\/\/ciudadyregion.com.co\/index.php\/lamentable-maria-eudice-hernandez-afronta-la-desaparicion-forzada-de-sus-hijos-suboficiales-del-ejercito-nacional\/regional\/#breadcrumb\",\"itemListElement\":[{\"@type\":\"ListItem\",\"position\":1,\"name\":\"Portada\",\"item\":\"https:\/\/ciudadyregion.com.co\/\"},{\"@type\":\"ListItem\",\"position\":2,\"name\":\"Lamentable: Mar\u00eda Eudice Hern\u00e1ndez afronta la desaparici\u00f3n forzada de sus hijos suboficiales del Ej\u00e9rcito Nacional\"}]},{\"@type\":\"WebSite\",\"@id\":\"https:\/\/ciudadyregion.com.co\/#website\",\"url\":\"https:\/\/ciudadyregion.com.co\/\",\"name\":\"Ciudad y Region\",\"description\":\"\",\"potentialAction\":[{\"@type\":\"SearchAction\",\"target\":{\"@type\":\"EntryPoint\",\"urlTemplate\":\"https:\/\/ciudadyregion.com.co\/?s={search_term_string}\"},\"query-input\":{\"@type\":\"PropertyValueSpecification\",\"valueRequired\":true,\"valueName\":\"search_term_string\"}}],\"inLanguage\":\"es\"},{\"@type\":\"Person\",\"@id\":\"https:\/\/ciudadyregion.com.co\/#\/schema\/person\/04a4954373ebc4051f46e8c65ff78622\",\"name\":\"David Andr\u00e9s Aguirre\",\"image\":{\"@type\":\"ImageObject\",\"inLanguage\":\"es\",\"@id\":\"https:\/\/ciudadyregion.com.co\/#\/schema\/person\/image\/\",\"url\":\"https:\/\/secure.gravatar.com\/avatar\/bc3c655860202182ee6d1b5edd042dbe?s=96&d=mm&r=g\",\"contentUrl\":\"https:\/\/secure.gravatar.com\/avatar\/bc3c655860202182ee6d1b5edd042dbe?s=96&d=mm&r=g\",\"caption\":\"David Andr\u00e9s Aguirre\"},\"url\":\"https:\/\/ciudadyregion.com.co\/index.php\/author\/diegoaguirre\/\"}]}<\/script>\n<!-- \/ Yoast SEO plugin. -->","yoast_head_json":{"title":"Lamentable: Mar\u00eda Eudice Hern\u00e1ndez afronta la desaparici\u00f3n forzada de sus hijos suboficiales del Ej\u00e9rcito Nacional - Ciudad y Region","robots":{"index":"index","follow":"follow","max-snippet":"max-snippet:-1","max-image-preview":"max-image-preview:large","max-video-preview":"max-video-preview:-1"},"canonical":"https:\/\/ciudadyregion.com.co\/index.php\/lamentable-maria-eudice-hernandez-afronta-la-desaparicion-forzada-de-sus-hijos-suboficiales-del-ejercito-nacional\/regional\/","og_locale":"es_ES","og_type":"article","og_title":"Lamentable: Mar\u00eda Eudice Hern\u00e1ndez afronta la desaparici\u00f3n forzada de sus hijos suboficiales del Ej\u00e9rcito Nacional - Ciudad y Region","og_description":"Mar\u00eda Eudice Hern\u00e1ndez de Barrero ha enfrentado la tr\u00e1gica desaparici\u00f3n forzada de dos de sus hijos, Carlos Alberto y Juan Jos\u00e9, ambos suboficiales del Ej\u00e9rcito Nacional. Tener a un hijo desaparecido forzadamente y no saber si sigue con vida es una herida abierta que nunca sana. Es vivir cada d\u00edaContinuar Leyendo","og_url":"https:\/\/ciudadyregion.com.co\/index.php\/lamentable-maria-eudice-hernandez-afronta-la-desaparicion-forzada-de-sus-hijos-suboficiales-del-ejercito-nacional\/regional\/","og_site_name":"Ciudad y Region","article_published_time":"2024-05-30T13:38:44+00:00","og_image":[{"width":800,"height":445,"url":"https:\/\/ciudadyregion.com.co\/wp-content\/uploads\/2024\/05\/4-20.jpg","type":"image\/jpeg"}],"author":"David Andr\u00e9s Aguirre","twitter_card":"summary_large_image","twitter_misc":{"Escrito por":"David Andr\u00e9s Aguirre","Tiempo de lectura":"4 minutos"},"schema":{"@context":"https:\/\/schema.org","@graph":[{"@type":"WebPage","@id":"https:\/\/ciudadyregion.com.co\/index.php\/lamentable-maria-eudice-hernandez-afronta-la-desaparicion-forzada-de-sus-hijos-suboficiales-del-ejercito-nacional\/regional\/","url":"https:\/\/ciudadyregion.com.co\/index.php\/lamentable-maria-eudice-hernandez-afronta-la-desaparicion-forzada-de-sus-hijos-suboficiales-del-ejercito-nacional\/regional\/","name":"Lamentable: Mar\u00eda Eudice Hern\u00e1ndez afronta la desaparici\u00f3n forzada de sus hijos suboficiales del Ej\u00e9rcito Nacional - Ciudad y Region","isPartOf":{"@id":"https:\/\/ciudadyregion.com.co\/#website"},"primaryImageOfPage":{"@id":"https:\/\/ciudadyregion.com.co\/index.php\/lamentable-maria-eudice-hernandez-afronta-la-desaparicion-forzada-de-sus-hijos-suboficiales-del-ejercito-nacional\/regional\/#primaryimage"},"image":{"@id":"https:\/\/ciudadyregion.com.co\/index.php\/lamentable-maria-eudice-hernandez-afronta-la-desaparicion-forzada-de-sus-hijos-suboficiales-del-ejercito-nacional\/regional\/#primaryimage"},"thumbnailUrl":"https:\/\/i0.wp.com\/ciudadyregion.com.co\/wp-content\/uploads\/2024\/05\/4-20.jpg?fit=800%2C445&ssl=1","datePublished":"2024-05-30T13:38:44+00:00","dateModified":"2024-05-30T13:38:44+00:00","author":{"@id":"https:\/\/ciudadyregion.com.co\/#\/schema\/person\/04a4954373ebc4051f46e8c65ff78622"},"breadcrumb":{"@id":"https:\/\/ciudadyregion.com.co\/index.php\/lamentable-maria-eudice-hernandez-afronta-la-desaparicion-forzada-de-sus-hijos-suboficiales-del-ejercito-nacional\/regional\/#breadcrumb"},"inLanguage":"es","potentialAction":[{"@type":"ReadAction","target":["https:\/\/ciudadyregion.com.co\/index.php\/lamentable-maria-eudice-hernandez-afronta-la-desaparicion-forzada-de-sus-hijos-suboficiales-del-ejercito-nacional\/regional\/"]}]},{"@type":"ImageObject","inLanguage":"es","@id":"https:\/\/ciudadyregion.com.co\/index.php\/lamentable-maria-eudice-hernandez-afronta-la-desaparicion-forzada-de-sus-hijos-suboficiales-del-ejercito-nacional\/regional\/#primaryimage","url":"https:\/\/i0.wp.com\/ciudadyregion.com.co\/wp-content\/uploads\/2024\/05\/4-20.jpg?fit=800%2C445&ssl=1","contentUrl":"https:\/\/i0.wp.com\/ciudadyregion.com.co\/wp-content\/uploads\/2024\/05\/4-20.jpg?fit=800%2C445&ssl=1","width":800,"height":445},{"@type":"BreadcrumbList","@id":"https:\/\/ciudadyregion.com.co\/index.php\/lamentable-maria-eudice-hernandez-afronta-la-desaparicion-forzada-de-sus-hijos-suboficiales-del-ejercito-nacional\/regional\/#breadcrumb","itemListElement":[{"@type":"ListItem","position":1,"name":"Portada","item":"https:\/\/ciudadyregion.com.co\/"},{"@type":"ListItem","position":2,"name":"Lamentable: Mar\u00eda Eudice Hern\u00e1ndez afronta la desaparici\u00f3n forzada de sus hijos suboficiales del Ej\u00e9rcito Nacional"}]},{"@type":"WebSite","@id":"https:\/\/ciudadyregion.com.co\/#website","url":"https:\/\/ciudadyregion.com.co\/","name":"Ciudad y Region","description":"","potentialAction":[{"@type":"SearchAction","target":{"@type":"EntryPoint","urlTemplate":"https:\/\/ciudadyregion.com.co\/?s={search_term_string}"},"query-input":{"@type":"PropertyValueSpecification","valueRequired":true,"valueName":"search_term_string"}}],"inLanguage":"es"},{"@type":"Person","@id":"https:\/\/ciudadyregion.com.co\/#\/schema\/person\/04a4954373ebc4051f46e8c65ff78622","name":"David Andr\u00e9s Aguirre","image":{"@type":"ImageObject","inLanguage":"es","@id":"https:\/\/ciudadyregion.com.co\/#\/schema\/person\/image\/","url":"https:\/\/secure.gravatar.com\/avatar\/bc3c655860202182ee6d1b5edd042dbe?s=96&d=mm&r=g","contentUrl":"https:\/\/secure.gravatar.com\/avatar\/bc3c655860202182ee6d1b5edd042dbe?s=96&d=mm&r=g","caption":"David Andr\u00e9s Aguirre"},"url":"https:\/\/ciudadyregion.com.co\/index.php\/author\/diegoaguirre\/"}]}},"jetpack_featured_media_url":"https:\/\/i0.wp.com\/ciudadyregion.com.co\/wp-content\/uploads\/2024\/05\/4-20.jpg?fit=800%2C445&ssl=1","jetpack_sharing_enabled":true,"jetpack_shortlink":"https:\/\/wp.me\/pbS7hh-3Wx","jetpack-related-posts":[],"_links":{"self":[{"href":"https:\/\/ciudadyregion.com.co\/index.php\/wp-json\/wp\/v2\/posts\/15161"}],"collection":[{"href":"https:\/\/ciudadyregion.com.co\/index.php\/wp-json\/wp\/v2\/posts"}],"about":[{"href":"https:\/\/ciudadyregion.com.co\/index.php\/wp-json\/wp\/v2\/types\/post"}],"author":[{"embeddable":true,"href":"https:\/\/ciudadyregion.com.co\/index.php\/wp-json\/wp\/v2\/users\/2"}],"replies":[{"embeddable":true,"href":"https:\/\/ciudadyregion.com.co\/index.php\/wp-json\/wp\/v2\/comments?post=15161"}],"version-history":[{"count":1,"href":"https:\/\/ciudadyregion.com.co\/index.php\/wp-json\/wp\/v2\/posts\/15161\/revisions"}],"predecessor-version":[{"id":15163,"href":"https:\/\/ciudadyregion.com.co\/index.php\/wp-json\/wp\/v2\/posts\/15161\/revisions\/15163"}],"wp:featuredmedia":[{"embeddable":true,"href":"https:\/\/ciudadyregion.com.co\/index.php\/wp-json\/wp\/v2\/media\/15162"}],"wp:attachment":[{"href":"https:\/\/ciudadyregion.com.co\/index.php\/wp-json\/wp\/v2\/media?parent=15161"}],"wp:term":[{"taxonomy":"category","embeddable":true,"href":"https:\/\/ciudadyregion.com.co\/index.php\/wp-json\/wp\/v2\/categories?post=15161"},{"taxonomy":"post_tag","embeddable":true,"href":"https:\/\/ciudadyregion.com.co\/index.php\/wp-json\/wp\/v2\/tags?post=15161"}],"curies":[{"name":"wp","href":"https:\/\/api.w.org\/{rel}","templated":true}]}}