{"id":15096,"date":"2024-05-29T09:47:28","date_gmt":"2024-05-29T14:47:28","guid":{"rendered":"https:\/\/ciudadyregion.com.co\/?p=15096"},"modified":"2024-05-29T09:47:28","modified_gmt":"2024-05-29T14:47:28","slug":"un-soldado-profesional-y-dos-uniformados-en-retiro-fueron-capturados-por-ser-parte-de-una-red-de-trafico-de-armas","status":"publish","type":"post","link":"https:\/\/ciudadyregion.com.co\/index.php\/un-soldado-profesional-y-dos-uniformados-en-retiro-fueron-capturados-por-ser-parte-de-una-red-de-trafico-de-armas\/judicial\/","title":{"rendered":"Un soldado profesional y dos uniformados en retiro fueron capturados por ser parte de una red de tr\u00e1fico de armas"},"content":{"rendered":"<ul>\n<li><strong><em>Un soldado profesional y dos uniformados en retiro fueron capturados y judicializados.<\/em><\/strong><\/li>\n<li><strong><em>\u00a0<\/em><em>Son se\u00f1alados de sustraer partes de armas de largo alcance de instalaciones militares y entregarlas para ensamblar fusiles y ametralladoras que eran vendidos a las disidencias de las Farc, el ELN y el \u2018Clan del Golfo\u2019.<\/em><\/strong><\/li>\n<\/ul>\n<p>Luego de valorar los elementos de prueba presentados por la Fiscal\u00eda General de la Naci\u00f3n, un juez de control de garant\u00edas impuso medida de aseguramiento en centro carcelario al soldado profesional Esinhawer Romero Moreno, al suboficial en retiro Harold Alejandro R\u00e1quira Garc\u00eda y al soldado profesional en retiro Sergio Lozano Morales, por su presunta participaci\u00f3n en una red de tr\u00e1fico ilegal de armas.<\/p>\n<p>Estas personas pertenecieron a las Unidades M\u00f3viles de Mantenimiento de Armamento de la Cuarta y la Sexta Divisi\u00f3n del Ej\u00e9rcito Nacional. Al parecer, aprovecharon sus cargos para sustraer armas de largo alcance de distintos batallones para que fueran vendidas a estructuras de las disidencias de las Farc, el ELN y el \u2018Clan del Golfo, que delinquen en Caquet\u00e1, Putumayo, Huila, Tolima, Antioqu\u00eda, Meta y Choc\u00f3.<\/p>\n<p>En el curso de la investigaci\u00f3n se conoci\u00f3 que tambi\u00e9n habr\u00edan sacado de los dep\u00f3sitos militares piezas de diferentes tipos de armas, las cuales fueron utilizadas para ensamblar, por lo menos, 100 fusiles, ametralladoras y lanzagranadas que terminaron en manos de los grupos armados ilegales.<\/p>\n<p>Por todo lo anterior, funcionarios del CTI de la Fiscal\u00eda, con apoyo de la Brigada de Contrainteligencia Militar y el Gaula Militar, capturaron al soldado profesional y a los dos militares en retiro. Un fiscal de la Direcci\u00f3n Especializada contra las Organizaciones Criminales les imput\u00f3 los delitos de concierto para delinquir agravado, y fabricaci\u00f3n, tr\u00e1fico y porte de armas, municiones de uso restringido, de uso privativo de las Fuerzas Armadas o explosivos. Uno de los procesados acept\u00f3 los cargos.<\/p>\n","protected":false},"excerpt":{"rendered":"<p>Un soldado profesional y dos uniformados en retiro fueron capturados y judicializados. \u00a0Son se\u00f1alados de sustraer partes de armas de largo alcance de instalaciones militares y entregarlas para ensamblar fusiles y ametralladoras que eran vendidos a las disidencias de las Farc, el ELN y el \u2018Clan del Golfo\u2019. Luego de<span class=\"more-link\"><a href=\"https:\/\/ciudadyregion.com.co\/index.php\/un-soldado-profesional-y-dos-uniformados-en-retiro-fueron-capturados-por-ser-parte-de-una-red-de-trafico-de-armas\/judicial\/\">Continuar Leyendo<\/a><\/span><\/p>\n","protected":false},"author":2,"featured_media":6586,"comment_status":"open","ping_status":"open","sticky":false,"template":"","format":"standard","meta":{"_uf_show_specific_survey":0,"_uf_disable_surveys":false,"_jetpack_memberships_contains_paid_content":false,"footnotes":"","jetpack_publicize_message":"","jetpack_publicize_feature_enabled":true,"jetpack_social_post_already_shared":true,"jetpack_social_options":{"image_generator_settings":{"template":"highway","enabled":false},"version":2}},"categories":[18],"tags":[],"class_list":["entry","author-diegoaguirre","post-15096","post","type-post","status-publish","format-standard","has-post-thumbnail","category-judicial"],"jetpack_publicize_connections":[],"yoast_head":"<!-- This site is optimized with the Yoast SEO plugin v24.3 - https:\/\/yoast.com\/wordpress\/plugins\/seo\/ -->\n<title>Un soldado profesional y dos uniformados en retiro fueron capturados por ser parte de una red de tr\u00e1fico de armas - Ciudad y Region<\/title>\n<meta name=\"robots\" content=\"index, follow, max-snippet:-1, max-image-preview:large, max-video-preview:-1\" \/>\n<link rel=\"canonical\" href=\"https:\/\/ciudadyregion.com.co\/index.php\/un-soldado-profesional-y-dos-uniformados-en-retiro-fueron-capturados-por-ser-parte-de-una-red-de-trafico-de-armas\/judicial\/\" \/>\n<meta property=\"og:locale\" content=\"es_ES\" \/>\n<meta property=\"og:type\" content=\"article\" \/>\n<meta property=\"og:title\" content=\"Un soldado profesional y dos uniformados en retiro fueron capturados por ser parte de una red de tr\u00e1fico de armas - Ciudad y Region\" \/>\n<meta property=\"og:description\" content=\"Un soldado profesional y dos uniformados en retiro fueron capturados y judicializados. \u00a0Son se\u00f1alados de sustraer partes de armas de largo alcance de instalaciones militares y entregarlas para ensamblar fusiles y ametralladoras que eran vendidos a las disidencias de las Farc, el ELN y el \u2018Clan del Golfo\u2019. Luego deContinuar Leyendo\" \/>\n<meta property=\"og:url\" content=\"https:\/\/ciudadyregion.com.co\/index.php\/un-soldado-profesional-y-dos-uniformados-en-retiro-fueron-capturados-por-ser-parte-de-una-red-de-trafico-de-armas\/judicial\/\" \/>\n<meta property=\"og:site_name\" content=\"Ciudad y Region\" \/>\n<meta property=\"article:published_time\" content=\"2024-05-29T14:47:28+00:00\" \/>\n<meta property=\"og:image\" content=\"https:\/\/ciudadyregion.com.co\/wp-content\/uploads\/2024\/02\/4-soldado-ejercito-nacional.jpg\" \/>\n\t<meta property=\"og:image:width\" content=\"800\" \/>\n\t<meta property=\"og:image:height\" content=\"445\" \/>\n\t<meta property=\"og:image:type\" content=\"image\/jpeg\" \/>\n<meta name=\"author\" content=\"David Andr\u00e9s Aguirre\" \/>\n<meta name=\"twitter:card\" content=\"summary_large_image\" \/>\n<meta name=\"twitter:label1\" content=\"Escrito por\" \/>\n\t<meta name=\"twitter:data1\" content=\"David Andr\u00e9s Aguirre\" \/>\n\t<meta name=\"twitter:label2\" content=\"Tiempo de lectura\" \/>\n\t<meta name=\"twitter:data2\" content=\"2 minutos\" \/>\n<script type=\"application\/ld+json\" class=\"yoast-schema-graph\">{\"@context\":\"https:\/\/schema.org\",\"@graph\":[{\"@type\":\"WebPage\",\"@id\":\"https:\/\/ciudadyregion.com.co\/index.php\/un-soldado-profesional-y-dos-uniformados-en-retiro-fueron-capturados-por-ser-parte-de-una-red-de-trafico-de-armas\/judicial\/\",\"url\":\"https:\/\/ciudadyregion.com.co\/index.php\/un-soldado-profesional-y-dos-uniformados-en-retiro-fueron-capturados-por-ser-parte-de-una-red-de-trafico-de-armas\/judicial\/\",\"name\":\"Un soldado profesional y dos uniformados en retiro fueron capturados por ser parte de una red de tr\u00e1fico de armas - Ciudad y Region\",\"isPartOf\":{\"@id\":\"https:\/\/ciudadyregion.com.co\/#website\"},\"primaryImageOfPage\":{\"@id\":\"https:\/\/ciudadyregion.com.co\/index.php\/un-soldado-profesional-y-dos-uniformados-en-retiro-fueron-capturados-por-ser-parte-de-una-red-de-trafico-de-armas\/judicial\/#primaryimage\"},\"image\":{\"@id\":\"https:\/\/ciudadyregion.com.co\/index.php\/un-soldado-profesional-y-dos-uniformados-en-retiro-fueron-capturados-por-ser-parte-de-una-red-de-trafico-de-armas\/judicial\/#primaryimage\"},\"thumbnailUrl\":\"https:\/\/i0.wp.com\/ciudadyregion.com.co\/wp-content\/uploads\/2024\/02\/4-soldado-ejercito-nacional.jpg?fit=800%2C445&ssl=1\",\"datePublished\":\"2024-05-29T14:47:28+00:00\",\"dateModified\":\"2024-05-29T14:47:28+00:00\",\"author\":{\"@id\":\"https:\/\/ciudadyregion.com.co\/#\/schema\/person\/04a4954373ebc4051f46e8c65ff78622\"},\"breadcrumb\":{\"@id\":\"https:\/\/ciudadyregion.com.co\/index.php\/un-soldado-profesional-y-dos-uniformados-en-retiro-fueron-capturados-por-ser-parte-de-una-red-de-trafico-de-armas\/judicial\/#breadcrumb\"},\"inLanguage\":\"es\",\"potentialAction\":[{\"@type\":\"ReadAction\",\"target\":[\"https:\/\/ciudadyregion.com.co\/index.php\/un-soldado-profesional-y-dos-uniformados-en-retiro-fueron-capturados-por-ser-parte-de-una-red-de-trafico-de-armas\/judicial\/\"]}]},{\"@type\":\"ImageObject\",\"inLanguage\":\"es\",\"@id\":\"https:\/\/ciudadyregion.com.co\/index.php\/un-soldado-profesional-y-dos-uniformados-en-retiro-fueron-capturados-por-ser-parte-de-una-red-de-trafico-de-armas\/judicial\/#primaryimage\",\"url\":\"https:\/\/i0.wp.com\/ciudadyregion.com.co\/wp-content\/uploads\/2024\/02\/4-soldado-ejercito-nacional.jpg?fit=800%2C445&ssl=1\",\"contentUrl\":\"https:\/\/i0.wp.com\/ciudadyregion.com.co\/wp-content\/uploads\/2024\/02\/4-soldado-ejercito-nacional.jpg?fit=800%2C445&ssl=1\",\"width\":800,\"height\":445},{\"@type\":\"BreadcrumbList\",\"@id\":\"https:\/\/ciudadyregion.com.co\/index.php\/un-soldado-profesional-y-dos-uniformados-en-retiro-fueron-capturados-por-ser-parte-de-una-red-de-trafico-de-armas\/judicial\/#breadcrumb\",\"itemListElement\":[{\"@type\":\"ListItem\",\"position\":1,\"name\":\"Portada\",\"item\":\"https:\/\/ciudadyregion.com.co\/\"},{\"@type\":\"ListItem\",\"position\":2,\"name\":\"Un soldado profesional y dos uniformados en retiro fueron capturados por ser parte de una red de tr\u00e1fico de armas\"}]},{\"@type\":\"WebSite\",\"@id\":\"https:\/\/ciudadyregion.com.co\/#website\",\"url\":\"https:\/\/ciudadyregion.com.co\/\",\"name\":\"Ciudad y Region\",\"description\":\"\",\"potentialAction\":[{\"@type\":\"SearchAction\",\"target\":{\"@type\":\"EntryPoint\",\"urlTemplate\":\"https:\/\/ciudadyregion.com.co\/?s={search_term_string}\"},\"query-input\":{\"@type\":\"PropertyValueSpecification\",\"valueRequired\":true,\"valueName\":\"search_term_string\"}}],\"inLanguage\":\"es\"},{\"@type\":\"Person\",\"@id\":\"https:\/\/ciudadyregion.com.co\/#\/schema\/person\/04a4954373ebc4051f46e8c65ff78622\",\"name\":\"David Andr\u00e9s Aguirre\",\"image\":{\"@type\":\"ImageObject\",\"inLanguage\":\"es\",\"@id\":\"https:\/\/ciudadyregion.com.co\/#\/schema\/person\/image\/\",\"url\":\"https:\/\/secure.gravatar.com\/avatar\/bc3c655860202182ee6d1b5edd042dbe?s=96&d=mm&r=g\",\"contentUrl\":\"https:\/\/secure.gravatar.com\/avatar\/bc3c655860202182ee6d1b5edd042dbe?s=96&d=mm&r=g\",\"caption\":\"David Andr\u00e9s Aguirre\"},\"url\":\"https:\/\/ciudadyregion.com.co\/index.php\/author\/diegoaguirre\/\"}]}<\/script>\n<!-- \/ Yoast SEO plugin. -->","yoast_head_json":{"title":"Un soldado profesional y dos uniformados en retiro fueron capturados por ser parte de una red de tr\u00e1fico de armas - Ciudad y Region","robots":{"index":"index","follow":"follow","max-snippet":"max-snippet:-1","max-image-preview":"max-image-preview:large","max-video-preview":"max-video-preview:-1"},"canonical":"https:\/\/ciudadyregion.com.co\/index.php\/un-soldado-profesional-y-dos-uniformados-en-retiro-fueron-capturados-por-ser-parte-de-una-red-de-trafico-de-armas\/judicial\/","og_locale":"es_ES","og_type":"article","og_title":"Un soldado profesional y dos uniformados en retiro fueron capturados por ser parte de una red de tr\u00e1fico de armas - Ciudad y Region","og_description":"Un soldado profesional y dos uniformados en retiro fueron capturados y judicializados. \u00a0Son se\u00f1alados de sustraer partes de armas de largo alcance de instalaciones militares y entregarlas para ensamblar fusiles y ametralladoras que eran vendidos a las disidencias de las Farc, el ELN y el \u2018Clan del Golfo\u2019. Luego deContinuar Leyendo","og_url":"https:\/\/ciudadyregion.com.co\/index.php\/un-soldado-profesional-y-dos-uniformados-en-retiro-fueron-capturados-por-ser-parte-de-una-red-de-trafico-de-armas\/judicial\/","og_site_name":"Ciudad y Region","article_published_time":"2024-05-29T14:47:28+00:00","og_image":[{"width":800,"height":445,"url":"https:\/\/ciudadyregion.com.co\/wp-content\/uploads\/2024\/02\/4-soldado-ejercito-nacional.jpg","type":"image\/jpeg"}],"author":"David Andr\u00e9s Aguirre","twitter_card":"summary_large_image","twitter_misc":{"Escrito por":"David Andr\u00e9s Aguirre","Tiempo de lectura":"2 minutos"},"schema":{"@context":"https:\/\/schema.org","@graph":[{"@type":"WebPage","@id":"https:\/\/ciudadyregion.com.co\/index.php\/un-soldado-profesional-y-dos-uniformados-en-retiro-fueron-capturados-por-ser-parte-de-una-red-de-trafico-de-armas\/judicial\/","url":"https:\/\/ciudadyregion.com.co\/index.php\/un-soldado-profesional-y-dos-uniformados-en-retiro-fueron-capturados-por-ser-parte-de-una-red-de-trafico-de-armas\/judicial\/","name":"Un soldado profesional y dos uniformados en retiro fueron capturados por ser parte de una red de tr\u00e1fico de armas - Ciudad y Region","isPartOf":{"@id":"https:\/\/ciudadyregion.com.co\/#website"},"primaryImageOfPage":{"@id":"https:\/\/ciudadyregion.com.co\/index.php\/un-soldado-profesional-y-dos-uniformados-en-retiro-fueron-capturados-por-ser-parte-de-una-red-de-trafico-de-armas\/judicial\/#primaryimage"},"image":{"@id":"https:\/\/ciudadyregion.com.co\/index.php\/un-soldado-profesional-y-dos-uniformados-en-retiro-fueron-capturados-por-ser-parte-de-una-red-de-trafico-de-armas\/judicial\/#primaryimage"},"thumbnailUrl":"https:\/\/i0.wp.com\/ciudadyregion.com.co\/wp-content\/uploads\/2024\/02\/4-soldado-ejercito-nacional.jpg?fit=800%2C445&ssl=1","datePublished":"2024-05-29T14:47:28+00:00","dateModified":"2024-05-29T14:47:28+00:00","author":{"@id":"https:\/\/ciudadyregion.com.co\/#\/schema\/person\/04a4954373ebc4051f46e8c65ff78622"},"breadcrumb":{"@id":"https:\/\/ciudadyregion.com.co\/index.php\/un-soldado-profesional-y-dos-uniformados-en-retiro-fueron-capturados-por-ser-parte-de-una-red-de-trafico-de-armas\/judicial\/#breadcrumb"},"inLanguage":"es","potentialAction":[{"@type":"ReadAction","target":["https:\/\/ciudadyregion.com.co\/index.php\/un-soldado-profesional-y-dos-uniformados-en-retiro-fueron-capturados-por-ser-parte-de-una-red-de-trafico-de-armas\/judicial\/"]}]},{"@type":"ImageObject","inLanguage":"es","@id":"https:\/\/ciudadyregion.com.co\/index.php\/un-soldado-profesional-y-dos-uniformados-en-retiro-fueron-capturados-por-ser-parte-de-una-red-de-trafico-de-armas\/judicial\/#primaryimage","url":"https:\/\/i0.wp.com\/ciudadyregion.com.co\/wp-content\/uploads\/2024\/02\/4-soldado-ejercito-nacional.jpg?fit=800%2C445&ssl=1","contentUrl":"https:\/\/i0.wp.com\/ciudadyregion.com.co\/wp-content\/uploads\/2024\/02\/4-soldado-ejercito-nacional.jpg?fit=800%2C445&ssl=1","width":800,"height":445},{"@type":"BreadcrumbList","@id":"https:\/\/ciudadyregion.com.co\/index.php\/un-soldado-profesional-y-dos-uniformados-en-retiro-fueron-capturados-por-ser-parte-de-una-red-de-trafico-de-armas\/judicial\/#breadcrumb","itemListElement":[{"@type":"ListItem","position":1,"name":"Portada","item":"https:\/\/ciudadyregion.com.co\/"},{"@type":"ListItem","position":2,"name":"Un soldado profesional y dos uniformados en retiro fueron capturados por ser parte de una red de tr\u00e1fico de armas"}]},{"@type":"WebSite","@id":"https:\/\/ciudadyregion.com.co\/#website","url":"https:\/\/ciudadyregion.com.co\/","name":"Ciudad y Region","description":"","potentialAction":[{"@type":"SearchAction","target":{"@type":"EntryPoint","urlTemplate":"https:\/\/ciudadyregion.com.co\/?s={search_term_string}"},"query-input":{"@type":"PropertyValueSpecification","valueRequired":true,"valueName":"search_term_string"}}],"inLanguage":"es"},{"@type":"Person","@id":"https:\/\/ciudadyregion.com.co\/#\/schema\/person\/04a4954373ebc4051f46e8c65ff78622","name":"David Andr\u00e9s Aguirre","image":{"@type":"ImageObject","inLanguage":"es","@id":"https:\/\/ciudadyregion.com.co\/#\/schema\/person\/image\/","url":"https:\/\/secure.gravatar.com\/avatar\/bc3c655860202182ee6d1b5edd042dbe?s=96&d=mm&r=g","contentUrl":"https:\/\/secure.gravatar.com\/avatar\/bc3c655860202182ee6d1b5edd042dbe?s=96&d=mm&r=g","caption":"David Andr\u00e9s Aguirre"},"url":"https:\/\/ciudadyregion.com.co\/index.php\/author\/diegoaguirre\/"}]}},"jetpack_featured_media_url":"https:\/\/i0.wp.com\/ciudadyregion.com.co\/wp-content\/uploads\/2024\/02\/4-soldado-ejercito-nacional.jpg?fit=800%2C445&ssl=1","jetpack_sharing_enabled":true,"jetpack_shortlink":"https:\/\/wp.me\/pbS7hh-3Vu","jetpack-related-posts":[],"_links":{"self":[{"href":"https:\/\/ciudadyregion.com.co\/index.php\/wp-json\/wp\/v2\/posts\/15096"}],"collection":[{"href":"https:\/\/ciudadyregion.com.co\/index.php\/wp-json\/wp\/v2\/posts"}],"about":[{"href":"https:\/\/ciudadyregion.com.co\/index.php\/wp-json\/wp\/v2\/types\/post"}],"author":[{"embeddable":true,"href":"https:\/\/ciudadyregion.com.co\/index.php\/wp-json\/wp\/v2\/users\/2"}],"replies":[{"embeddable":true,"href":"https:\/\/ciudadyregion.com.co\/index.php\/wp-json\/wp\/v2\/comments?post=15096"}],"version-history":[{"count":1,"href":"https:\/\/ciudadyregion.com.co\/index.php\/wp-json\/wp\/v2\/posts\/15096\/revisions"}],"predecessor-version":[{"id":15097,"href":"https:\/\/ciudadyregion.com.co\/index.php\/wp-json\/wp\/v2\/posts\/15096\/revisions\/15097"}],"wp:featuredmedia":[{"embeddable":true,"href":"https:\/\/ciudadyregion.com.co\/index.php\/wp-json\/wp\/v2\/media\/6586"}],"wp:attachment":[{"href":"https:\/\/ciudadyregion.com.co\/index.php\/wp-json\/wp\/v2\/media?parent=15096"}],"wp:term":[{"taxonomy":"category","embeddable":true,"href":"https:\/\/ciudadyregion.com.co\/index.php\/wp-json\/wp\/v2\/categories?post=15096"},{"taxonomy":"post_tag","embeddable":true,"href":"https:\/\/ciudadyregion.com.co\/index.php\/wp-json\/wp\/v2\/tags?post=15096"}],"curies":[{"name":"wp","href":"https:\/\/api.w.org\/{rel}","templated":true}]}}