{"id":15078,"date":"2024-05-29T08:44:23","date_gmt":"2024-05-29T13:44:23","guid":{"rendered":"https:\/\/ciudadyregion.com.co\/?p=15078"},"modified":"2024-05-29T08:44:23","modified_gmt":"2024-05-29T13:44:23","slug":"cayeron-los-legendarios-una-banda-que-comercializaba-estupefacientes-en-el-espinal","status":"publish","type":"post","link":"https:\/\/ciudadyregion.com.co\/index.php\/cayeron-los-legendarios-una-banda-que-comercializaba-estupefacientes-en-el-espinal\/judicial\/","title":{"rendered":"Cayeron &#8216;Los Legendarios&#8217;, una banda que comercializaba estupefacientes en el Espinal"},"content":{"rendered":"<ul>\n<li><em><strong>Diez presuntos integrantes de los \u2018Legendarios\u2019 fueron enviados a la c\u00e1rcel.\u00a0<\/strong><\/em><\/li>\n<\/ul>\n<p>Un fiscal especializado de la Unidad Antinarc\u00f3ticos de la Seccional Tolima, judicializ\u00f3 a 10 presuntos integrantes del grupo delincuencial \u2018Los Legendarios\u2019, dedicado al expendio de sustancias estupefacientes en El Espinal (Tolima).<\/p>\n<p>De acuerdo con la investigaci\u00f3n, los implicados estar\u00edan detr\u00e1s de una ola de violencia e inseguridad que estaba afectando a esta y otras poblaciones de la zona, derivada de la comercializaci\u00f3n il\u00edcita de estas sustancias y por la confrontaci\u00f3n con otros grupos delincuenciales en la disputa territorial por el tr\u00e1fico local de estupefacientes.<\/p>\n<p>En el desarrollo de diligencias de allanamiento y registro se logr\u00f3 la incautaci\u00f3n de un rev\u00f3lver, dos armas traum\u00e1ticas, varios tel\u00e9fonos celulares y coca\u00edna rosada o 2C-B.<\/p>\n<p>En los operativos fueron capturados Franklin Penagos Yaima, \u00d3scar Javier Caballero Guzm\u00e1n, John Fredy Barrios Barrero, Elena Carolina Lemus Trujillo, Germ\u00e1n Ricardo Ospina Velasco, V\u00edctor Alfonso Gaviria, Brayan Stiven Cardozo Barrero, Pablo Antonio Albadan, Juan Carlos Mirquez Oliveros y Jhonatan Gilberto Reyes Rodr\u00edguez.<\/p>\n<p>Los delitos que les imput\u00f3 la Fiscal\u00eda son concierto para delinquir agravado, tr\u00e1fico, fabricaci\u00f3n o porte de estupefacientes, fabricaci\u00f3n, tr\u00e1fico o porte de armas de fuego y destinaci\u00f3n il\u00edcita de muebles o inmuebles. Ninguno acept\u00f3 los cargos.<\/p>\n<p>Un juez con funci\u00f3n de control de garant\u00edas les impuso medida de aseguramiento en establecimiento carcelario.<\/p>\n<p>La mayor\u00eda de los procesados cuenta con anotaciones por hurto calificado agravado, fabricaci\u00f3n, tr\u00e1fico y porte de armas de fuego o municiones, da\u00f1o en bien ajeno, violencia intrafamiliar agravada y tr\u00e1fico, fabricaci\u00f3n o porte de estupefacientes y lesiones.<\/p>\n","protected":false},"excerpt":{"rendered":"<p>Diez presuntos integrantes de los \u2018Legendarios\u2019 fueron enviados a la c\u00e1rcel.\u00a0 Un fiscal especializado de la Unidad Antinarc\u00f3ticos de la Seccional Tolima, judicializ\u00f3 a 10 presuntos integrantes del grupo delincuencial \u2018Los Legendarios\u2019, dedicado al expendio de sustancias estupefacientes en El Espinal (Tolima). De acuerdo con la investigaci\u00f3n, los implicados estar\u00edan<span class=\"more-link\"><a href=\"https:\/\/ciudadyregion.com.co\/index.php\/cayeron-los-legendarios-una-banda-que-comercializaba-estupefacientes-en-el-espinal\/judicial\/\">Continuar Leyendo<\/a><\/span><\/p>\n","protected":false},"author":2,"featured_media":15079,"comment_status":"open","ping_status":"open","sticky":false,"template":"","format":"standard","meta":{"_uf_show_specific_survey":0,"_uf_disable_surveys":false,"_jetpack_memberships_contains_paid_content":false,"footnotes":"","jetpack_publicize_message":"","jetpack_publicize_feature_enabled":true,"jetpack_social_post_already_shared":true,"jetpack_social_options":{"image_generator_settings":{"template":"highway","enabled":false},"version":2}},"categories":[18],"tags":[],"class_list":["entry","author-diegoaguirre","post-15078","post","type-post","status-publish","format-standard","has-post-thumbnail","category-judicial"],"jetpack_publicize_connections":[],"yoast_head":"<!-- This site is optimized with the Yoast SEO plugin v24.3 - https:\/\/yoast.com\/wordpress\/plugins\/seo\/ -->\n<title>Cayeron &#039;Los Legendarios&#039;, una banda que comercializaba estupefacientes en el Espinal - Ciudad y Region<\/title>\n<meta name=\"robots\" content=\"index, follow, max-snippet:-1, max-image-preview:large, max-video-preview:-1\" \/>\n<link rel=\"canonical\" href=\"https:\/\/ciudadyregion.com.co\/index.php\/cayeron-los-legendarios-una-banda-que-comercializaba-estupefacientes-en-el-espinal\/judicial\/\" \/>\n<meta property=\"og:locale\" content=\"es_ES\" \/>\n<meta property=\"og:type\" content=\"article\" \/>\n<meta property=\"og:title\" content=\"Cayeron &#039;Los Legendarios&#039;, una banda que comercializaba estupefacientes en el Espinal - Ciudad y Region\" \/>\n<meta property=\"og:description\" content=\"Diez presuntos integrantes de los \u2018Legendarios\u2019 fueron enviados a la c\u00e1rcel.\u00a0 Un fiscal especializado de la Unidad Antinarc\u00f3ticos de la Seccional Tolima, judicializ\u00f3 a 10 presuntos integrantes del grupo delincuencial \u2018Los Legendarios\u2019, dedicado al expendio de sustancias estupefacientes en El Espinal (Tolima). De acuerdo con la investigaci\u00f3n, los implicados estar\u00edanContinuar Leyendo\" \/>\n<meta property=\"og:url\" content=\"https:\/\/ciudadyregion.com.co\/index.php\/cayeron-los-legendarios-una-banda-que-comercializaba-estupefacientes-en-el-espinal\/judicial\/\" \/>\n<meta property=\"og:site_name\" content=\"Ciudad y Region\" \/>\n<meta property=\"article:published_time\" content=\"2024-05-29T13:44:23+00:00\" \/>\n<meta property=\"og:image\" content=\"https:\/\/ciudadyregion.com.co\/wp-content\/uploads\/2024\/05\/3-14-1.jpg\" \/>\n\t<meta property=\"og:image:width\" content=\"800\" \/>\n\t<meta property=\"og:image:height\" content=\"445\" \/>\n\t<meta property=\"og:image:type\" content=\"image\/jpeg\" \/>\n<meta name=\"author\" content=\"David Andr\u00e9s Aguirre\" \/>\n<meta name=\"twitter:card\" content=\"summary_large_image\" \/>\n<meta name=\"twitter:label1\" content=\"Escrito por\" \/>\n\t<meta name=\"twitter:data1\" content=\"David Andr\u00e9s Aguirre\" \/>\n\t<meta name=\"twitter:label2\" content=\"Tiempo de lectura\" \/>\n\t<meta name=\"twitter:data2\" content=\"2 minutos\" \/>\n<script type=\"application\/ld+json\" class=\"yoast-schema-graph\">{\"@context\":\"https:\/\/schema.org\",\"@graph\":[{\"@type\":\"WebPage\",\"@id\":\"https:\/\/ciudadyregion.com.co\/index.php\/cayeron-los-legendarios-una-banda-que-comercializaba-estupefacientes-en-el-espinal\/judicial\/\",\"url\":\"https:\/\/ciudadyregion.com.co\/index.php\/cayeron-los-legendarios-una-banda-que-comercializaba-estupefacientes-en-el-espinal\/judicial\/\",\"name\":\"Cayeron 'Los Legendarios', una banda que comercializaba estupefacientes en el Espinal - Ciudad y Region\",\"isPartOf\":{\"@id\":\"https:\/\/ciudadyregion.com.co\/#website\"},\"primaryImageOfPage\":{\"@id\":\"https:\/\/ciudadyregion.com.co\/index.php\/cayeron-los-legendarios-una-banda-que-comercializaba-estupefacientes-en-el-espinal\/judicial\/#primaryimage\"},\"image\":{\"@id\":\"https:\/\/ciudadyregion.com.co\/index.php\/cayeron-los-legendarios-una-banda-que-comercializaba-estupefacientes-en-el-espinal\/judicial\/#primaryimage\"},\"thumbnailUrl\":\"https:\/\/i0.wp.com\/ciudadyregion.com.co\/wp-content\/uploads\/2024\/05\/3-14-1.jpg?fit=800%2C445&ssl=1\",\"datePublished\":\"2024-05-29T13:44:23+00:00\",\"dateModified\":\"2024-05-29T13:44:23+00:00\",\"author\":{\"@id\":\"https:\/\/ciudadyregion.com.co\/#\/schema\/person\/04a4954373ebc4051f46e8c65ff78622\"},\"breadcrumb\":{\"@id\":\"https:\/\/ciudadyregion.com.co\/index.php\/cayeron-los-legendarios-una-banda-que-comercializaba-estupefacientes-en-el-espinal\/judicial\/#breadcrumb\"},\"inLanguage\":\"es\",\"potentialAction\":[{\"@type\":\"ReadAction\",\"target\":[\"https:\/\/ciudadyregion.com.co\/index.php\/cayeron-los-legendarios-una-banda-que-comercializaba-estupefacientes-en-el-espinal\/judicial\/\"]}]},{\"@type\":\"ImageObject\",\"inLanguage\":\"es\",\"@id\":\"https:\/\/ciudadyregion.com.co\/index.php\/cayeron-los-legendarios-una-banda-que-comercializaba-estupefacientes-en-el-espinal\/judicial\/#primaryimage\",\"url\":\"https:\/\/i0.wp.com\/ciudadyregion.com.co\/wp-content\/uploads\/2024\/05\/3-14-1.jpg?fit=800%2C445&ssl=1\",\"contentUrl\":\"https:\/\/i0.wp.com\/ciudadyregion.com.co\/wp-content\/uploads\/2024\/05\/3-14-1.jpg?fit=800%2C445&ssl=1\",\"width\":800,\"height\":445},{\"@type\":\"BreadcrumbList\",\"@id\":\"https:\/\/ciudadyregion.com.co\/index.php\/cayeron-los-legendarios-una-banda-que-comercializaba-estupefacientes-en-el-espinal\/judicial\/#breadcrumb\",\"itemListElement\":[{\"@type\":\"ListItem\",\"position\":1,\"name\":\"Portada\",\"item\":\"https:\/\/ciudadyregion.com.co\/\"},{\"@type\":\"ListItem\",\"position\":2,\"name\":\"Cayeron &#8216;Los Legendarios&#8217;, una banda que comercializaba estupefacientes en el Espinal\"}]},{\"@type\":\"WebSite\",\"@id\":\"https:\/\/ciudadyregion.com.co\/#website\",\"url\":\"https:\/\/ciudadyregion.com.co\/\",\"name\":\"Ciudad y Region\",\"description\":\"\",\"potentialAction\":[{\"@type\":\"SearchAction\",\"target\":{\"@type\":\"EntryPoint\",\"urlTemplate\":\"https:\/\/ciudadyregion.com.co\/?s={search_term_string}\"},\"query-input\":{\"@type\":\"PropertyValueSpecification\",\"valueRequired\":true,\"valueName\":\"search_term_string\"}}],\"inLanguage\":\"es\"},{\"@type\":\"Person\",\"@id\":\"https:\/\/ciudadyregion.com.co\/#\/schema\/person\/04a4954373ebc4051f46e8c65ff78622\",\"name\":\"David Andr\u00e9s Aguirre\",\"image\":{\"@type\":\"ImageObject\",\"inLanguage\":\"es\",\"@id\":\"https:\/\/ciudadyregion.com.co\/#\/schema\/person\/image\/\",\"url\":\"https:\/\/secure.gravatar.com\/avatar\/bc3c655860202182ee6d1b5edd042dbe?s=96&d=mm&r=g\",\"contentUrl\":\"https:\/\/secure.gravatar.com\/avatar\/bc3c655860202182ee6d1b5edd042dbe?s=96&d=mm&r=g\",\"caption\":\"David Andr\u00e9s Aguirre\"},\"url\":\"https:\/\/ciudadyregion.com.co\/index.php\/author\/diegoaguirre\/\"}]}<\/script>\n<!-- \/ Yoast SEO plugin. -->","yoast_head_json":{"title":"Cayeron 'Los Legendarios', una banda que comercializaba estupefacientes en el Espinal - Ciudad y Region","robots":{"index":"index","follow":"follow","max-snippet":"max-snippet:-1","max-image-preview":"max-image-preview:large","max-video-preview":"max-video-preview:-1"},"canonical":"https:\/\/ciudadyregion.com.co\/index.php\/cayeron-los-legendarios-una-banda-que-comercializaba-estupefacientes-en-el-espinal\/judicial\/","og_locale":"es_ES","og_type":"article","og_title":"Cayeron 'Los Legendarios', una banda que comercializaba estupefacientes en el Espinal - Ciudad y Region","og_description":"Diez presuntos integrantes de los \u2018Legendarios\u2019 fueron enviados a la c\u00e1rcel.\u00a0 Un fiscal especializado de la Unidad Antinarc\u00f3ticos de la Seccional Tolima, judicializ\u00f3 a 10 presuntos integrantes del grupo delincuencial \u2018Los Legendarios\u2019, dedicado al expendio de sustancias estupefacientes en El Espinal (Tolima). De acuerdo con la investigaci\u00f3n, los implicados estar\u00edanContinuar Leyendo","og_url":"https:\/\/ciudadyregion.com.co\/index.php\/cayeron-los-legendarios-una-banda-que-comercializaba-estupefacientes-en-el-espinal\/judicial\/","og_site_name":"Ciudad y Region","article_published_time":"2024-05-29T13:44:23+00:00","og_image":[{"width":800,"height":445,"url":"https:\/\/ciudadyregion.com.co\/wp-content\/uploads\/2024\/05\/3-14-1.jpg","type":"image\/jpeg"}],"author":"David Andr\u00e9s Aguirre","twitter_card":"summary_large_image","twitter_misc":{"Escrito por":"David Andr\u00e9s Aguirre","Tiempo de lectura":"2 minutos"},"schema":{"@context":"https:\/\/schema.org","@graph":[{"@type":"WebPage","@id":"https:\/\/ciudadyregion.com.co\/index.php\/cayeron-los-legendarios-una-banda-que-comercializaba-estupefacientes-en-el-espinal\/judicial\/","url":"https:\/\/ciudadyregion.com.co\/index.php\/cayeron-los-legendarios-una-banda-que-comercializaba-estupefacientes-en-el-espinal\/judicial\/","name":"Cayeron 'Los Legendarios', una banda que comercializaba estupefacientes en el Espinal - Ciudad y Region","isPartOf":{"@id":"https:\/\/ciudadyregion.com.co\/#website"},"primaryImageOfPage":{"@id":"https:\/\/ciudadyregion.com.co\/index.php\/cayeron-los-legendarios-una-banda-que-comercializaba-estupefacientes-en-el-espinal\/judicial\/#primaryimage"},"image":{"@id":"https:\/\/ciudadyregion.com.co\/index.php\/cayeron-los-legendarios-una-banda-que-comercializaba-estupefacientes-en-el-espinal\/judicial\/#primaryimage"},"thumbnailUrl":"https:\/\/i0.wp.com\/ciudadyregion.com.co\/wp-content\/uploads\/2024\/05\/3-14-1.jpg?fit=800%2C445&ssl=1","datePublished":"2024-05-29T13:44:23+00:00","dateModified":"2024-05-29T13:44:23+00:00","author":{"@id":"https:\/\/ciudadyregion.com.co\/#\/schema\/person\/04a4954373ebc4051f46e8c65ff78622"},"breadcrumb":{"@id":"https:\/\/ciudadyregion.com.co\/index.php\/cayeron-los-legendarios-una-banda-que-comercializaba-estupefacientes-en-el-espinal\/judicial\/#breadcrumb"},"inLanguage":"es","potentialAction":[{"@type":"ReadAction","target":["https:\/\/ciudadyregion.com.co\/index.php\/cayeron-los-legendarios-una-banda-que-comercializaba-estupefacientes-en-el-espinal\/judicial\/"]}]},{"@type":"ImageObject","inLanguage":"es","@id":"https:\/\/ciudadyregion.com.co\/index.php\/cayeron-los-legendarios-una-banda-que-comercializaba-estupefacientes-en-el-espinal\/judicial\/#primaryimage","url":"https:\/\/i0.wp.com\/ciudadyregion.com.co\/wp-content\/uploads\/2024\/05\/3-14-1.jpg?fit=800%2C445&ssl=1","contentUrl":"https:\/\/i0.wp.com\/ciudadyregion.com.co\/wp-content\/uploads\/2024\/05\/3-14-1.jpg?fit=800%2C445&ssl=1","width":800,"height":445},{"@type":"BreadcrumbList","@id":"https:\/\/ciudadyregion.com.co\/index.php\/cayeron-los-legendarios-una-banda-que-comercializaba-estupefacientes-en-el-espinal\/judicial\/#breadcrumb","itemListElement":[{"@type":"ListItem","position":1,"name":"Portada","item":"https:\/\/ciudadyregion.com.co\/"},{"@type":"ListItem","position":2,"name":"Cayeron &#8216;Los Legendarios&#8217;, una banda que comercializaba estupefacientes en el Espinal"}]},{"@type":"WebSite","@id":"https:\/\/ciudadyregion.com.co\/#website","url":"https:\/\/ciudadyregion.com.co\/","name":"Ciudad y Region","description":"","potentialAction":[{"@type":"SearchAction","target":{"@type":"EntryPoint","urlTemplate":"https:\/\/ciudadyregion.com.co\/?s={search_term_string}"},"query-input":{"@type":"PropertyValueSpecification","valueRequired":true,"valueName":"search_term_string"}}],"inLanguage":"es"},{"@type":"Person","@id":"https:\/\/ciudadyregion.com.co\/#\/schema\/person\/04a4954373ebc4051f46e8c65ff78622","name":"David Andr\u00e9s Aguirre","image":{"@type":"ImageObject","inLanguage":"es","@id":"https:\/\/ciudadyregion.com.co\/#\/schema\/person\/image\/","url":"https:\/\/secure.gravatar.com\/avatar\/bc3c655860202182ee6d1b5edd042dbe?s=96&d=mm&r=g","contentUrl":"https:\/\/secure.gravatar.com\/avatar\/bc3c655860202182ee6d1b5edd042dbe?s=96&d=mm&r=g","caption":"David Andr\u00e9s Aguirre"},"url":"https:\/\/ciudadyregion.com.co\/index.php\/author\/diegoaguirre\/"}]}},"jetpack_featured_media_url":"https:\/\/i0.wp.com\/ciudadyregion.com.co\/wp-content\/uploads\/2024\/05\/3-14-1.jpg?fit=800%2C445&ssl=1","jetpack_sharing_enabled":true,"jetpack_shortlink":"https:\/\/wp.me\/pbS7hh-3Vc","jetpack-related-posts":[],"_links":{"self":[{"href":"https:\/\/ciudadyregion.com.co\/index.php\/wp-json\/wp\/v2\/posts\/15078"}],"collection":[{"href":"https:\/\/ciudadyregion.com.co\/index.php\/wp-json\/wp\/v2\/posts"}],"about":[{"href":"https:\/\/ciudadyregion.com.co\/index.php\/wp-json\/wp\/v2\/types\/post"}],"author":[{"embeddable":true,"href":"https:\/\/ciudadyregion.com.co\/index.php\/wp-json\/wp\/v2\/users\/2"}],"replies":[{"embeddable":true,"href":"https:\/\/ciudadyregion.com.co\/index.php\/wp-json\/wp\/v2\/comments?post=15078"}],"version-history":[{"count":1,"href":"https:\/\/ciudadyregion.com.co\/index.php\/wp-json\/wp\/v2\/posts\/15078\/revisions"}],"predecessor-version":[{"id":15080,"href":"https:\/\/ciudadyregion.com.co\/index.php\/wp-json\/wp\/v2\/posts\/15078\/revisions\/15080"}],"wp:featuredmedia":[{"embeddable":true,"href":"https:\/\/ciudadyregion.com.co\/index.php\/wp-json\/wp\/v2\/media\/15079"}],"wp:attachment":[{"href":"https:\/\/ciudadyregion.com.co\/index.php\/wp-json\/wp\/v2\/media?parent=15078"}],"wp:term":[{"taxonomy":"category","embeddable":true,"href":"https:\/\/ciudadyregion.com.co\/index.php\/wp-json\/wp\/v2\/categories?post=15078"},{"taxonomy":"post_tag","embeddable":true,"href":"https:\/\/ciudadyregion.com.co\/index.php\/wp-json\/wp\/v2\/tags?post=15078"}],"curies":[{"name":"wp","href":"https:\/\/api.w.org\/{rel}","templated":true}]}}