{"id":15074,"date":"2024-05-29T08:36:13","date_gmt":"2024-05-29T13:36:13","guid":{"rendered":"https:\/\/ciudadyregion.com.co\/?p=15074"},"modified":"2024-05-29T08:36:13","modified_gmt":"2024-05-29T13:36:13","slug":"asi-se-vivio-la-inauguracion-del-nacional-sub-21-en-el-coliseo-de-ibague","status":"publish","type":"post","link":"https:\/\/ciudadyregion.com.co\/index.php\/asi-se-vivio-la-inauguracion-del-nacional-sub-21-en-el-coliseo-de-ibague\/deportes\/","title":{"rendered":"As\u00ed se vivi\u00f3 la inauguraci\u00f3n del Nacional Sub 21 en el coliseo de Ibagu\u00e9"},"content":{"rendered":"<div>El f\u00fatbol de sal\u00f3n sigue dando grandes pasos de la mano de la Alcald\u00eda y el Instituto Municipal para el Deporte y la Recreaci\u00f3n, Imdri, que vuelve a abrir las puertas del Coliseo Mayor a esta disciplina.<\/div>\n<div><span style=\"font-family: Arial, Verdana;\">\u00a0<\/span><\/div>\n<blockquote>\n<div><span style=\"font-family: Arial, Verdana;\"><i>\u201cHace una semana est\u00e1bamos premiando al campe\u00f3n departamental de f\u00fatbol de sal\u00f3n en San Bernardo y hoy inauguramos el Nacional Sub 21 en nuestro coliseo mundialista. Esto es un premio al trabajo dedicado que hemos venido haciendo con nuestra alcaldesa Johana Aranda de seguir consolidando a Ibagu\u00e9 como la \u2018Casa del Deporte\u2019\u201d<\/i>, dijo Sebasti\u00e1n Perdomo, gerente del Imdri.<\/span><\/div>\n<\/blockquote>\n<div><span style=\"font-family: Arial, Verdana;\">\u00a0<\/span><\/div>\n<div><span style=\"font-family: Arial, Verdana;\">Valle del Cauca, Risaralda, Bogot\u00e1, Cauca, Casanare, Quind\u00edo, Huila, Cundinamarca, Meta y Tolima son los departamentos participantes que luchar\u00e1n por el t\u00edtulo en el maderamen del Coliseo Mayor.<\/span><\/div>\n<div><span style=\"font-family: Arial, Verdana;\">\u00a0<\/span><\/div>\n<blockquote>\n<div><span style=\"font-family: Arial, Verdana;\"><i>\u201cQuiero agradecer al Imdri y la Alcald\u00eda por brindarnos estos escenarios una vez m\u00e1s para un evento nacional, luego del Sub 17 y el Sudamericano. La verdad es un escenario muy bonito y la gente apoya mucho al Tolima, as\u00ed que hay que aprovechar estos espacios\u201d<\/i>, coment\u00f3 Sneider Mora, jugador del Tolima y reciente campe\u00f3n del mundo Sub 17 con Colombia.\u00a0<\/span><\/div>\n<\/blockquote>\n<div><span style=\"font-family: Arial, Verdana;\">\u00a0<\/span><\/div>\n<div><span style=\"font-family: Arial, Verdana;\">En el partido de fondo, la Selecci\u00f3n Tolima derrot\u00f3 al campe\u00f3n actual Risaralda con gol de Juan Carrillo, tanto que lleg\u00f3 en el ep\u00edlogo del encuentro a trav\u00e9s del tiro libre de castigo cuando restaban 14 segundos para la finalizaci\u00f3n del encuentro.<\/span><\/div>\n<div><span style=\"font-family: Arial, Verdana;\">\u00a0<\/span><\/div>\n<div><span style=\"font-family: Arial, Verdana;\">Hasta el pr\u00f3ximo 31 de mayo se estar\u00e1 desarrollando el Nacional Sub 21, el tercer evento de la disciplina que se realiza en el a\u00f1o en Ibagu\u00e9, sumado a lo que fue el Nacional Sub 17, con el triunfo de Tolima y el Sudamericano de Clubes donde el \u2018Vinotinto y oro\u2019 tambi\u00e9n fue protagonista, terminando segundo del torneo que gan\u00f3 Quind\u00edo.<\/span><\/div>\n","protected":false},"excerpt":{"rendered":"<p>El f\u00fatbol de sal\u00f3n sigue dando grandes pasos de la mano de la Alcald\u00eda y el Instituto Municipal para el Deporte y la Recreaci\u00f3n, Imdri, que vuelve a abrir las puertas del Coliseo Mayor a esta disciplina. \u00a0 \u201cHace una semana est\u00e1bamos premiando al campe\u00f3n departamental de f\u00fatbol de sal\u00f3n<span class=\"more-link\"><a href=\"https:\/\/ciudadyregion.com.co\/index.php\/asi-se-vivio-la-inauguracion-del-nacional-sub-21-en-el-coliseo-de-ibague\/deportes\/\">Continuar Leyendo<\/a><\/span><\/p>\n","protected":false},"author":2,"featured_media":15076,"comment_status":"open","ping_status":"open","sticky":false,"template":"","format":"standard","meta":{"_uf_show_specific_survey":0,"_uf_disable_surveys":false,"_jetpack_memberships_contains_paid_content":false,"footnotes":"","jetpack_publicize_message":"","jetpack_publicize_feature_enabled":true,"jetpack_social_post_already_shared":true,"jetpack_social_options":{"image_generator_settings":{"template":"highway","enabled":false},"version":2}},"categories":[15],"tags":[],"class_list":["entry","author-diegoaguirre","post-15074","post","type-post","status-publish","format-standard","has-post-thumbnail","category-deportes"],"jetpack_publicize_connections":[],"yoast_head":"<!-- This site is optimized with the Yoast SEO plugin v24.3 - https:\/\/yoast.com\/wordpress\/plugins\/seo\/ -->\n<title>As\u00ed se vivi\u00f3 la inauguraci\u00f3n del Nacional Sub 21 en el coliseo de Ibagu\u00e9 - Ciudad y Region<\/title>\n<meta name=\"robots\" content=\"index, follow, max-snippet:-1, max-image-preview:large, max-video-preview:-1\" \/>\n<link rel=\"canonical\" href=\"https:\/\/ciudadyregion.com.co\/index.php\/asi-se-vivio-la-inauguracion-del-nacional-sub-21-en-el-coliseo-de-ibague\/deportes\/\" \/>\n<meta property=\"og:locale\" content=\"es_ES\" \/>\n<meta property=\"og:type\" content=\"article\" \/>\n<meta property=\"og:title\" content=\"As\u00ed se vivi\u00f3 la inauguraci\u00f3n del Nacional Sub 21 en el coliseo de Ibagu\u00e9 - Ciudad y Region\" \/>\n<meta property=\"og:description\" content=\"El f\u00fatbol de sal\u00f3n sigue dando grandes pasos de la mano de la Alcald\u00eda y el Instituto Municipal para el Deporte y la Recreaci\u00f3n, Imdri, que vuelve a abrir las puertas del Coliseo Mayor a esta disciplina. \u00a0 \u201cHace una semana est\u00e1bamos premiando al campe\u00f3n departamental de f\u00fatbol de sal\u00f3nContinuar Leyendo\" \/>\n<meta property=\"og:url\" content=\"https:\/\/ciudadyregion.com.co\/index.php\/asi-se-vivio-la-inauguracion-del-nacional-sub-21-en-el-coliseo-de-ibague\/deportes\/\" \/>\n<meta property=\"og:site_name\" content=\"Ciudad y Region\" \/>\n<meta property=\"article:published_time\" content=\"2024-05-29T13:36:13+00:00\" \/>\n<meta property=\"og:image\" content=\"https:\/\/ciudadyregion.com.co\/wp-content\/uploads\/2024\/05\/2-21-1.jpg\" \/>\n\t<meta property=\"og:image:width\" content=\"800\" \/>\n\t<meta property=\"og:image:height\" content=\"445\" \/>\n\t<meta property=\"og:image:type\" content=\"image\/jpeg\" \/>\n<meta name=\"author\" content=\"David Andr\u00e9s Aguirre\" \/>\n<meta name=\"twitter:card\" content=\"summary_large_image\" \/>\n<meta name=\"twitter:label1\" content=\"Escrito por\" \/>\n\t<meta name=\"twitter:data1\" content=\"David Andr\u00e9s Aguirre\" \/>\n\t<meta name=\"twitter:label2\" content=\"Tiempo de lectura\" \/>\n\t<meta name=\"twitter:data2\" content=\"1 minuto\" \/>\n<script type=\"application\/ld+json\" class=\"yoast-schema-graph\">{\"@context\":\"https:\/\/schema.org\",\"@graph\":[{\"@type\":\"WebPage\",\"@id\":\"https:\/\/ciudadyregion.com.co\/index.php\/asi-se-vivio-la-inauguracion-del-nacional-sub-21-en-el-coliseo-de-ibague\/deportes\/\",\"url\":\"https:\/\/ciudadyregion.com.co\/index.php\/asi-se-vivio-la-inauguracion-del-nacional-sub-21-en-el-coliseo-de-ibague\/deportes\/\",\"name\":\"As\u00ed se vivi\u00f3 la inauguraci\u00f3n del Nacional Sub 21 en el coliseo de Ibagu\u00e9 - Ciudad y Region\",\"isPartOf\":{\"@id\":\"https:\/\/ciudadyregion.com.co\/#website\"},\"primaryImageOfPage\":{\"@id\":\"https:\/\/ciudadyregion.com.co\/index.php\/asi-se-vivio-la-inauguracion-del-nacional-sub-21-en-el-coliseo-de-ibague\/deportes\/#primaryimage\"},\"image\":{\"@id\":\"https:\/\/ciudadyregion.com.co\/index.php\/asi-se-vivio-la-inauguracion-del-nacional-sub-21-en-el-coliseo-de-ibague\/deportes\/#primaryimage\"},\"thumbnailUrl\":\"https:\/\/i0.wp.com\/ciudadyregion.com.co\/wp-content\/uploads\/2024\/05\/2-21-1.jpg?fit=800%2C445&ssl=1\",\"datePublished\":\"2024-05-29T13:36:13+00:00\",\"dateModified\":\"2024-05-29T13:36:13+00:00\",\"author\":{\"@id\":\"https:\/\/ciudadyregion.com.co\/#\/schema\/person\/04a4954373ebc4051f46e8c65ff78622\"},\"breadcrumb\":{\"@id\":\"https:\/\/ciudadyregion.com.co\/index.php\/asi-se-vivio-la-inauguracion-del-nacional-sub-21-en-el-coliseo-de-ibague\/deportes\/#breadcrumb\"},\"inLanguage\":\"es\",\"potentialAction\":[{\"@type\":\"ReadAction\",\"target\":[\"https:\/\/ciudadyregion.com.co\/index.php\/asi-se-vivio-la-inauguracion-del-nacional-sub-21-en-el-coliseo-de-ibague\/deportes\/\"]}]},{\"@type\":\"ImageObject\",\"inLanguage\":\"es\",\"@id\":\"https:\/\/ciudadyregion.com.co\/index.php\/asi-se-vivio-la-inauguracion-del-nacional-sub-21-en-el-coliseo-de-ibague\/deportes\/#primaryimage\",\"url\":\"https:\/\/i0.wp.com\/ciudadyregion.com.co\/wp-content\/uploads\/2024\/05\/2-21-1.jpg?fit=800%2C445&ssl=1\",\"contentUrl\":\"https:\/\/i0.wp.com\/ciudadyregion.com.co\/wp-content\/uploads\/2024\/05\/2-21-1.jpg?fit=800%2C445&ssl=1\",\"width\":800,\"height\":445},{\"@type\":\"BreadcrumbList\",\"@id\":\"https:\/\/ciudadyregion.com.co\/index.php\/asi-se-vivio-la-inauguracion-del-nacional-sub-21-en-el-coliseo-de-ibague\/deportes\/#breadcrumb\",\"itemListElement\":[{\"@type\":\"ListItem\",\"position\":1,\"name\":\"Portada\",\"item\":\"https:\/\/ciudadyregion.com.co\/\"},{\"@type\":\"ListItem\",\"position\":2,\"name\":\"As\u00ed se vivi\u00f3 la inauguraci\u00f3n del Nacional Sub 21 en el coliseo de Ibagu\u00e9\"}]},{\"@type\":\"WebSite\",\"@id\":\"https:\/\/ciudadyregion.com.co\/#website\",\"url\":\"https:\/\/ciudadyregion.com.co\/\",\"name\":\"Ciudad y Region\",\"description\":\"\",\"potentialAction\":[{\"@type\":\"SearchAction\",\"target\":{\"@type\":\"EntryPoint\",\"urlTemplate\":\"https:\/\/ciudadyregion.com.co\/?s={search_term_string}\"},\"query-input\":{\"@type\":\"PropertyValueSpecification\",\"valueRequired\":true,\"valueName\":\"search_term_string\"}}],\"inLanguage\":\"es\"},{\"@type\":\"Person\",\"@id\":\"https:\/\/ciudadyregion.com.co\/#\/schema\/person\/04a4954373ebc4051f46e8c65ff78622\",\"name\":\"David Andr\u00e9s Aguirre\",\"image\":{\"@type\":\"ImageObject\",\"inLanguage\":\"es\",\"@id\":\"https:\/\/ciudadyregion.com.co\/#\/schema\/person\/image\/\",\"url\":\"https:\/\/secure.gravatar.com\/avatar\/bc3c655860202182ee6d1b5edd042dbe?s=96&d=mm&r=g\",\"contentUrl\":\"https:\/\/secure.gravatar.com\/avatar\/bc3c655860202182ee6d1b5edd042dbe?s=96&d=mm&r=g\",\"caption\":\"David Andr\u00e9s Aguirre\"},\"url\":\"https:\/\/ciudadyregion.com.co\/index.php\/author\/diegoaguirre\/\"}]}<\/script>\n<!-- \/ Yoast SEO plugin. -->","yoast_head_json":{"title":"As\u00ed se vivi\u00f3 la inauguraci\u00f3n del Nacional Sub 21 en el coliseo de Ibagu\u00e9 - Ciudad y Region","robots":{"index":"index","follow":"follow","max-snippet":"max-snippet:-1","max-image-preview":"max-image-preview:large","max-video-preview":"max-video-preview:-1"},"canonical":"https:\/\/ciudadyregion.com.co\/index.php\/asi-se-vivio-la-inauguracion-del-nacional-sub-21-en-el-coliseo-de-ibague\/deportes\/","og_locale":"es_ES","og_type":"article","og_title":"As\u00ed se vivi\u00f3 la inauguraci\u00f3n del Nacional Sub 21 en el coliseo de Ibagu\u00e9 - Ciudad y Region","og_description":"El f\u00fatbol de sal\u00f3n sigue dando grandes pasos de la mano de la Alcald\u00eda y el Instituto Municipal para el Deporte y la Recreaci\u00f3n, Imdri, que vuelve a abrir las puertas del Coliseo Mayor a esta disciplina. \u00a0 \u201cHace una semana est\u00e1bamos premiando al campe\u00f3n departamental de f\u00fatbol de sal\u00f3nContinuar Leyendo","og_url":"https:\/\/ciudadyregion.com.co\/index.php\/asi-se-vivio-la-inauguracion-del-nacional-sub-21-en-el-coliseo-de-ibague\/deportes\/","og_site_name":"Ciudad y Region","article_published_time":"2024-05-29T13:36:13+00:00","og_image":[{"width":800,"height":445,"url":"https:\/\/ciudadyregion.com.co\/wp-content\/uploads\/2024\/05\/2-21-1.jpg","type":"image\/jpeg"}],"author":"David Andr\u00e9s Aguirre","twitter_card":"summary_large_image","twitter_misc":{"Escrito por":"David Andr\u00e9s Aguirre","Tiempo de lectura":"1 minuto"},"schema":{"@context":"https:\/\/schema.org","@graph":[{"@type":"WebPage","@id":"https:\/\/ciudadyregion.com.co\/index.php\/asi-se-vivio-la-inauguracion-del-nacional-sub-21-en-el-coliseo-de-ibague\/deportes\/","url":"https:\/\/ciudadyregion.com.co\/index.php\/asi-se-vivio-la-inauguracion-del-nacional-sub-21-en-el-coliseo-de-ibague\/deportes\/","name":"As\u00ed se vivi\u00f3 la inauguraci\u00f3n del Nacional Sub 21 en el coliseo de Ibagu\u00e9 - Ciudad y Region","isPartOf":{"@id":"https:\/\/ciudadyregion.com.co\/#website"},"primaryImageOfPage":{"@id":"https:\/\/ciudadyregion.com.co\/index.php\/asi-se-vivio-la-inauguracion-del-nacional-sub-21-en-el-coliseo-de-ibague\/deportes\/#primaryimage"},"image":{"@id":"https:\/\/ciudadyregion.com.co\/index.php\/asi-se-vivio-la-inauguracion-del-nacional-sub-21-en-el-coliseo-de-ibague\/deportes\/#primaryimage"},"thumbnailUrl":"https:\/\/i0.wp.com\/ciudadyregion.com.co\/wp-content\/uploads\/2024\/05\/2-21-1.jpg?fit=800%2C445&ssl=1","datePublished":"2024-05-29T13:36:13+00:00","dateModified":"2024-05-29T13:36:13+00:00","author":{"@id":"https:\/\/ciudadyregion.com.co\/#\/schema\/person\/04a4954373ebc4051f46e8c65ff78622"},"breadcrumb":{"@id":"https:\/\/ciudadyregion.com.co\/index.php\/asi-se-vivio-la-inauguracion-del-nacional-sub-21-en-el-coliseo-de-ibague\/deportes\/#breadcrumb"},"inLanguage":"es","potentialAction":[{"@type":"ReadAction","target":["https:\/\/ciudadyregion.com.co\/index.php\/asi-se-vivio-la-inauguracion-del-nacional-sub-21-en-el-coliseo-de-ibague\/deportes\/"]}]},{"@type":"ImageObject","inLanguage":"es","@id":"https:\/\/ciudadyregion.com.co\/index.php\/asi-se-vivio-la-inauguracion-del-nacional-sub-21-en-el-coliseo-de-ibague\/deportes\/#primaryimage","url":"https:\/\/i0.wp.com\/ciudadyregion.com.co\/wp-content\/uploads\/2024\/05\/2-21-1.jpg?fit=800%2C445&ssl=1","contentUrl":"https:\/\/i0.wp.com\/ciudadyregion.com.co\/wp-content\/uploads\/2024\/05\/2-21-1.jpg?fit=800%2C445&ssl=1","width":800,"height":445},{"@type":"BreadcrumbList","@id":"https:\/\/ciudadyregion.com.co\/index.php\/asi-se-vivio-la-inauguracion-del-nacional-sub-21-en-el-coliseo-de-ibague\/deportes\/#breadcrumb","itemListElement":[{"@type":"ListItem","position":1,"name":"Portada","item":"https:\/\/ciudadyregion.com.co\/"},{"@type":"ListItem","position":2,"name":"As\u00ed se vivi\u00f3 la inauguraci\u00f3n del Nacional Sub 21 en el coliseo de Ibagu\u00e9"}]},{"@type":"WebSite","@id":"https:\/\/ciudadyregion.com.co\/#website","url":"https:\/\/ciudadyregion.com.co\/","name":"Ciudad y Region","description":"","potentialAction":[{"@type":"SearchAction","target":{"@type":"EntryPoint","urlTemplate":"https:\/\/ciudadyregion.com.co\/?s={search_term_string}"},"query-input":{"@type":"PropertyValueSpecification","valueRequired":true,"valueName":"search_term_string"}}],"inLanguage":"es"},{"@type":"Person","@id":"https:\/\/ciudadyregion.com.co\/#\/schema\/person\/04a4954373ebc4051f46e8c65ff78622","name":"David Andr\u00e9s Aguirre","image":{"@type":"ImageObject","inLanguage":"es","@id":"https:\/\/ciudadyregion.com.co\/#\/schema\/person\/image\/","url":"https:\/\/secure.gravatar.com\/avatar\/bc3c655860202182ee6d1b5edd042dbe?s=96&d=mm&r=g","contentUrl":"https:\/\/secure.gravatar.com\/avatar\/bc3c655860202182ee6d1b5edd042dbe?s=96&d=mm&r=g","caption":"David Andr\u00e9s Aguirre"},"url":"https:\/\/ciudadyregion.com.co\/index.php\/author\/diegoaguirre\/"}]}},"jetpack_featured_media_url":"https:\/\/i0.wp.com\/ciudadyregion.com.co\/wp-content\/uploads\/2024\/05\/2-21-1.jpg?fit=800%2C445&ssl=1","jetpack_sharing_enabled":true,"jetpack_shortlink":"https:\/\/wp.me\/pbS7hh-3V8","jetpack-related-posts":[],"_links":{"self":[{"href":"https:\/\/ciudadyregion.com.co\/index.php\/wp-json\/wp\/v2\/posts\/15074"}],"collection":[{"href":"https:\/\/ciudadyregion.com.co\/index.php\/wp-json\/wp\/v2\/posts"}],"about":[{"href":"https:\/\/ciudadyregion.com.co\/index.php\/wp-json\/wp\/v2\/types\/post"}],"author":[{"embeddable":true,"href":"https:\/\/ciudadyregion.com.co\/index.php\/wp-json\/wp\/v2\/users\/2"}],"replies":[{"embeddable":true,"href":"https:\/\/ciudadyregion.com.co\/index.php\/wp-json\/wp\/v2\/comments?post=15074"}],"version-history":[{"count":1,"href":"https:\/\/ciudadyregion.com.co\/index.php\/wp-json\/wp\/v2\/posts\/15074\/revisions"}],"predecessor-version":[{"id":15077,"href":"https:\/\/ciudadyregion.com.co\/index.php\/wp-json\/wp\/v2\/posts\/15074\/revisions\/15077"}],"wp:featuredmedia":[{"embeddable":true,"href":"https:\/\/ciudadyregion.com.co\/index.php\/wp-json\/wp\/v2\/media\/15076"}],"wp:attachment":[{"href":"https:\/\/ciudadyregion.com.co\/index.php\/wp-json\/wp\/v2\/media?parent=15074"}],"wp:term":[{"taxonomy":"category","embeddable":true,"href":"https:\/\/ciudadyregion.com.co\/index.php\/wp-json\/wp\/v2\/categories?post=15074"},{"taxonomy":"post_tag","embeddable":true,"href":"https:\/\/ciudadyregion.com.co\/index.php\/wp-json\/wp\/v2\/tags?post=15074"}],"curies":[{"name":"wp","href":"https:\/\/api.w.org\/{rel}","templated":true}]}}