{"id":15072,"date":"2024-05-29T08:22:59","date_gmt":"2024-05-29T13:22:59","guid":{"rendered":"https:\/\/ciudadyregion.com.co\/?p=15072"},"modified":"2024-05-29T08:22:59","modified_gmt":"2024-05-29T13:22:59","slug":"bogota-se-vistio-de-fiesta-con-el-lanzamiento-del-50-festival-folclorico-colombiano","status":"publish","type":"post","link":"https:\/\/ciudadyregion.com.co\/index.php\/bogota-se-vistio-de-fiesta-con-el-lanzamiento-del-50-festival-folclorico-colombiano\/cultura\/","title":{"rendered":"Bogot\u00e1 se visti\u00f3 de fiesta, con el lanzamiento del 50\u00b0 Festival Folcl\u00f3rico Colombiano"},"content":{"rendered":"<ul>\n<li><em><strong>Una muestra de la riqueza cultural del Tolima y un viaje musical por Colombia marcaron el lanzamiento nacional, dejando al p\u00fablico encantado y deseoso de vivir la fiesta.<\/strong><\/em><\/li>\n<\/ul>\n<p>El encanto y la alegr\u00eda del Festival Folcl\u00f3rico Colombiano se hicieron sentir en Bogot\u00e1, durante el lanzamiento de su quincuag\u00e9sima edici\u00f3n.<\/p>\n<p>El pre\u00e1mbulo nacional del evento por cumplirse en Ibagu\u00e9 del 15 al 30 de junio fue absolutamente triunfal, marcado por tres actos que dejaron al p\u00fablico maravillado: el &#8216;septimazo&#8217;, la iluminaci\u00f3n de la Torre Colpatria y un recorrido coreomusical por Colombia.<\/p>\n<p>Como se ten\u00eda programado, el lanzamiento, presidido por la alcaldesa Johana Ximena Aranda y la gobernadora Adriana Magali Matiz, inici\u00f3 a las 5:00 de la tarde, con el \u2018septimazo\u2019, un colorido recorrido festivo por la carrera S\u00e9ptima entre las calles 19 y 24.<\/p>\n<blockquote><p>\u201c\u00a1Ibagu\u00e9 es sin\u00f3nimo de folclor y pasi\u00f3n! Les extendemos una cordial invitaci\u00f3n a sumergirse en la alegr\u00eda de esta nueva edici\u00f3n. Invitamos a nuestros compatriotas colombianos y a los visitantes extranjeros a honrarnos con su presencia y a maravillarse con esta experiencia \u00fanica\u201d, exalt\u00f3 la mandataria de los ibaguere\u00f1os.<\/p><\/blockquote>\n<p>Durante la jornada que congreg\u00f3 a cintos de espectadores entre transe\u00fantes, representantes de los gabinetes municipal y departamental, invitados especiales y periodistas de los principales medios del pa\u00eds y del Tolima, m\u00e1s de 120 artistas de la Escuela de Formaci\u00f3n Art\u00edstica y Cultural (EFAC) deslumbraron con sus comparsas, vestidas de representaciones de matachines, mitos y leyendas, as\u00ed como interpretaciones de danzas de labor, religiosas y festivas.<\/p>\n<p><img data-recalc-dims=\"1\" loading=\"lazy\" decoding=\"async\" class=\"alignnone wp-image-15070 size-full\" src=\"https:\/\/i0.wp.com\/ciudadyregion.com.co\/wp-content\/uploads\/2024\/05\/WhatsApp-Image-2024-05-29-at-6.02.49-AM-1.jpeg?resize=1280%2C855&#038;ssl=1\" alt=\"\" width=\"1280\" height=\"855\" srcset=\"https:\/\/i0.wp.com\/ciudadyregion.com.co\/wp-content\/uploads\/2024\/05\/WhatsApp-Image-2024-05-29-at-6.02.49-AM-1.jpeg?w=1280&amp;ssl=1 1280w, https:\/\/i0.wp.com\/ciudadyregion.com.co\/wp-content\/uploads\/2024\/05\/WhatsApp-Image-2024-05-29-at-6.02.49-AM-1.jpeg?resize=300%2C200&amp;ssl=1 300w, https:\/\/i0.wp.com\/ciudadyregion.com.co\/wp-content\/uploads\/2024\/05\/WhatsApp-Image-2024-05-29-at-6.02.49-AM-1.jpeg?resize=1024%2C684&amp;ssl=1 1024w, https:\/\/i0.wp.com\/ciudadyregion.com.co\/wp-content\/uploads\/2024\/05\/WhatsApp-Image-2024-05-29-at-6.02.49-AM-1.jpeg?resize=768%2C513&amp;ssl=1 768w, https:\/\/i0.wp.com\/ciudadyregion.com.co\/wp-content\/uploads\/2024\/05\/WhatsApp-Image-2024-05-29-at-6.02.49-AM-1.jpeg?resize=391%2C260&amp;ssl=1 391w, https:\/\/i0.wp.com\/ciudadyregion.com.co\/wp-content\/uploads\/2024\/05\/WhatsApp-Image-2024-05-29-at-6.02.49-AM-1.jpeg?resize=465%2C311&amp;ssl=1 465w, https:\/\/i0.wp.com\/ciudadyregion.com.co\/wp-content\/uploads\/2024\/05\/WhatsApp-Image-2024-05-29-at-6.02.49-AM-1.jpeg?resize=695%2C464&amp;ssl=1 695w\" sizes=\"(max-width: 1280px) 100vw, 1280px\" \/><\/p>\n<p>Contagiados por la alegr\u00eda y el encanto propios de las fiestas en Ibagu\u00e9, el lanzamiento se traslad\u00f3 al Teatro Municipal Jorge Eli\u00e9cer Gait\u00e1n, escenario que, pasadas las 7:00 de la noche, reson\u00f3 con una presentaci\u00f3n especial de la Orquesta Sinf\u00f3nica Nacional de Colombia.<\/p>\n<p>En colaboraci\u00f3n con los talentosos artistas de la EFAC, la agrupaci\u00f3n ofreci\u00f3 una puesta en escena folcl\u00f3rica especial, interpretando un repertorio emblem\u00e1tico que resume la riqueza musical de Colombia.<\/p>\n<blockquote><p>\u201cEn la versi\u00f3n n\u00famero 50 del Festival es bueno que reflexionemos hacia d\u00f3nde vamos. Por ejemplo, si todos los ritmos de Colombia est\u00e1n representados en nuestro Festival Folcl\u00f3rico. Lo que s\u00ed les digo es que nosotros amamos, amamos con el alma, este, nuestro festival\u201d, sostuvo la gobernadora Matiz.<\/p><\/blockquote>\n<p>Entre los temas interpretados se incluyeron cl\u00e1sicos como \u2018Soy colombiano\u2019, \u2018Pueblito viejo\u2019, \u2018Mi Buenaventura\u2019, \u2018Carmentea\u2019, \u2018Feria de Manizales\u2019, \u2018Yo me llamo cumbia\u2019, \u2018La guane\u00f1a\u2019, \u2018Colombia, tierra querida\u2019 y, por supuesto, los infaltables del Festival Folcl\u00f3rico Colombiano: \u2018El Contrabandista\u2019 y \u2018San Pedro en El Espinal\u2019.<\/p>\n<p>Mientras en el Jorge Eli\u00e9cer Gait\u00e1n las melod\u00edas deleitaban los o\u00eddos y corazones del p\u00fablico, la emblem\u00e1tica Torre Colpatria se ilumin\u00f3 con la imagen oficial del Festival Folcl\u00f3rico Colombiano, recordando a todos los capitalinos la importancia y la grandeza de esta celebraci\u00f3n.<\/p>\n<p>Este hecho, novedad dentro de las m\u00e1s de 70 actividades que comprenden la presente edici\u00f3n del Festival, fue anunciado al p\u00fablico previo a la intervenci\u00f3n de la Alcaldesa de Ibagu\u00e9, quien agradeci\u00f3 a los presentes y los convoc\u00f3 a visitar la Capital Musical para que vivan a flor de piel el Festival, que desde ya promete que su edici\u00f3n 50 marcar\u00e1 un hito dentro de su historia.<\/p>\n<blockquote><p>\u201cLos esperamos en Ibagu\u00e9 con los brazos abiertos: tenemos una agenda maravillosa, variada y con grandes artistas de toda Colombia y pa\u00edses invitados. La programaci\u00f3n, que inicia oficialmente este 15 de junio, ser\u00e1 gratis y con una calidad excepcional. Toda la ciudad est\u00e1 preparada para atenderlos y hacerlos sentir en casa\u201d, indic\u00f3 la alcaldesa Johana Aranda.<\/p><\/blockquote>\n","protected":false},"excerpt":{"rendered":"<p>Una muestra de la riqueza cultural del Tolima y un viaje musical por Colombia marcaron el lanzamiento nacional, dejando al p\u00fablico encantado y deseoso de vivir la fiesta. El encanto y la alegr\u00eda del Festival Folcl\u00f3rico Colombiano se hicieron sentir en Bogot\u00e1, durante el lanzamiento de su quincuag\u00e9sima edici\u00f3n. El<span class=\"more-link\"><a href=\"https:\/\/ciudadyregion.com.co\/index.php\/bogota-se-vistio-de-fiesta-con-el-lanzamiento-del-50-festival-folclorico-colombiano\/cultura\/\">Continuar Leyendo<\/a><\/span><\/p>\n","protected":false},"author":2,"featured_media":15069,"comment_status":"open","ping_status":"open","sticky":false,"template":"","format":"standard","meta":{"_uf_show_specific_survey":0,"_uf_disable_surveys":false,"_jetpack_memberships_contains_paid_content":false,"footnotes":"","jetpack_publicize_message":"","jetpack_publicize_feature_enabled":true,"jetpack_social_post_already_shared":true,"jetpack_social_options":{"image_generator_settings":{"template":"highway","enabled":false},"version":2}},"categories":[30],"tags":[],"class_list":["entry","author-diegoaguirre","post-15072","post","type-post","status-publish","format-standard","has-post-thumbnail","category-cultura"],"jetpack_publicize_connections":[],"yoast_head":"<!-- This site is optimized with the Yoast SEO plugin v24.3 - https:\/\/yoast.com\/wordpress\/plugins\/seo\/ -->\n<title>Bogot\u00e1 se visti\u00f3 de fiesta, con el lanzamiento del 50\u00b0 Festival Folcl\u00f3rico Colombiano - Ciudad y Region<\/title>\n<meta name=\"robots\" content=\"index, follow, max-snippet:-1, max-image-preview:large, max-video-preview:-1\" \/>\n<link rel=\"canonical\" href=\"https:\/\/ciudadyregion.com.co\/index.php\/bogota-se-vistio-de-fiesta-con-el-lanzamiento-del-50-festival-folclorico-colombiano\/cultura\/\" \/>\n<meta property=\"og:locale\" content=\"es_ES\" \/>\n<meta property=\"og:type\" content=\"article\" \/>\n<meta property=\"og:title\" content=\"Bogot\u00e1 se visti\u00f3 de fiesta, con el lanzamiento del 50\u00b0 Festival Folcl\u00f3rico Colombiano - Ciudad y Region\" \/>\n<meta property=\"og:description\" content=\"Una muestra de la riqueza cultural del Tolima y un viaje musical por Colombia marcaron el lanzamiento nacional, dejando al p\u00fablico encantado y deseoso de vivir la fiesta. El encanto y la alegr\u00eda del Festival Folcl\u00f3rico Colombiano se hicieron sentir en Bogot\u00e1, durante el lanzamiento de su quincuag\u00e9sima edici\u00f3n. ElContinuar Leyendo\" \/>\n<meta property=\"og:url\" content=\"https:\/\/ciudadyregion.com.co\/index.php\/bogota-se-vistio-de-fiesta-con-el-lanzamiento-del-50-festival-folclorico-colombiano\/cultura\/\" \/>\n<meta property=\"og:site_name\" content=\"Ciudad y Region\" \/>\n<meta property=\"article:published_time\" content=\"2024-05-29T13:22:59+00:00\" \/>\n<meta property=\"og:image\" content=\"https:\/\/ciudadyregion.com.co\/wp-content\/uploads\/2024\/05\/folclor.jpg\" \/>\n\t<meta property=\"og:image:width\" content=\"800\" \/>\n\t<meta property=\"og:image:height\" content=\"445\" \/>\n\t<meta property=\"og:image:type\" content=\"image\/jpeg\" \/>\n<meta name=\"author\" content=\"David Andr\u00e9s Aguirre\" \/>\n<meta name=\"twitter:card\" content=\"summary_large_image\" \/>\n<meta name=\"twitter:label1\" content=\"Escrito por\" \/>\n\t<meta name=\"twitter:data1\" content=\"David Andr\u00e9s Aguirre\" \/>\n\t<meta name=\"twitter:label2\" content=\"Tiempo de lectura\" \/>\n\t<meta name=\"twitter:data2\" content=\"3 minutos\" \/>\n<script type=\"application\/ld+json\" class=\"yoast-schema-graph\">{\"@context\":\"https:\/\/schema.org\",\"@graph\":[{\"@type\":\"WebPage\",\"@id\":\"https:\/\/ciudadyregion.com.co\/index.php\/bogota-se-vistio-de-fiesta-con-el-lanzamiento-del-50-festival-folclorico-colombiano\/cultura\/\",\"url\":\"https:\/\/ciudadyregion.com.co\/index.php\/bogota-se-vistio-de-fiesta-con-el-lanzamiento-del-50-festival-folclorico-colombiano\/cultura\/\",\"name\":\"Bogot\u00e1 se visti\u00f3 de fiesta, con el lanzamiento del 50\u00b0 Festival Folcl\u00f3rico Colombiano - Ciudad y Region\",\"isPartOf\":{\"@id\":\"https:\/\/ciudadyregion.com.co\/#website\"},\"primaryImageOfPage\":{\"@id\":\"https:\/\/ciudadyregion.com.co\/index.php\/bogota-se-vistio-de-fiesta-con-el-lanzamiento-del-50-festival-folclorico-colombiano\/cultura\/#primaryimage\"},\"image\":{\"@id\":\"https:\/\/ciudadyregion.com.co\/index.php\/bogota-se-vistio-de-fiesta-con-el-lanzamiento-del-50-festival-folclorico-colombiano\/cultura\/#primaryimage\"},\"thumbnailUrl\":\"https:\/\/i0.wp.com\/ciudadyregion.com.co\/wp-content\/uploads\/2024\/05\/folclor.jpg?fit=800%2C445&ssl=1\",\"datePublished\":\"2024-05-29T13:22:59+00:00\",\"dateModified\":\"2024-05-29T13:22:59+00:00\",\"author\":{\"@id\":\"https:\/\/ciudadyregion.com.co\/#\/schema\/person\/04a4954373ebc4051f46e8c65ff78622\"},\"breadcrumb\":{\"@id\":\"https:\/\/ciudadyregion.com.co\/index.php\/bogota-se-vistio-de-fiesta-con-el-lanzamiento-del-50-festival-folclorico-colombiano\/cultura\/#breadcrumb\"},\"inLanguage\":\"es\",\"potentialAction\":[{\"@type\":\"ReadAction\",\"target\":[\"https:\/\/ciudadyregion.com.co\/index.php\/bogota-se-vistio-de-fiesta-con-el-lanzamiento-del-50-festival-folclorico-colombiano\/cultura\/\"]}]},{\"@type\":\"ImageObject\",\"inLanguage\":\"es\",\"@id\":\"https:\/\/ciudadyregion.com.co\/index.php\/bogota-se-vistio-de-fiesta-con-el-lanzamiento-del-50-festival-folclorico-colombiano\/cultura\/#primaryimage\",\"url\":\"https:\/\/i0.wp.com\/ciudadyregion.com.co\/wp-content\/uploads\/2024\/05\/folclor.jpg?fit=800%2C445&ssl=1\",\"contentUrl\":\"https:\/\/i0.wp.com\/ciudadyregion.com.co\/wp-content\/uploads\/2024\/05\/folclor.jpg?fit=800%2C445&ssl=1\",\"width\":800,\"height\":445},{\"@type\":\"BreadcrumbList\",\"@id\":\"https:\/\/ciudadyregion.com.co\/index.php\/bogota-se-vistio-de-fiesta-con-el-lanzamiento-del-50-festival-folclorico-colombiano\/cultura\/#breadcrumb\",\"itemListElement\":[{\"@type\":\"ListItem\",\"position\":1,\"name\":\"Portada\",\"item\":\"https:\/\/ciudadyregion.com.co\/\"},{\"@type\":\"ListItem\",\"position\":2,\"name\":\"Bogot\u00e1 se visti\u00f3 de fiesta, con el lanzamiento del 50\u00b0 Festival Folcl\u00f3rico Colombiano\"}]},{\"@type\":\"WebSite\",\"@id\":\"https:\/\/ciudadyregion.com.co\/#website\",\"url\":\"https:\/\/ciudadyregion.com.co\/\",\"name\":\"Ciudad y Region\",\"description\":\"\",\"potentialAction\":[{\"@type\":\"SearchAction\",\"target\":{\"@type\":\"EntryPoint\",\"urlTemplate\":\"https:\/\/ciudadyregion.com.co\/?s={search_term_string}\"},\"query-input\":{\"@type\":\"PropertyValueSpecification\",\"valueRequired\":true,\"valueName\":\"search_term_string\"}}],\"inLanguage\":\"es\"},{\"@type\":\"Person\",\"@id\":\"https:\/\/ciudadyregion.com.co\/#\/schema\/person\/04a4954373ebc4051f46e8c65ff78622\",\"name\":\"David Andr\u00e9s Aguirre\",\"image\":{\"@type\":\"ImageObject\",\"inLanguage\":\"es\",\"@id\":\"https:\/\/ciudadyregion.com.co\/#\/schema\/person\/image\/\",\"url\":\"https:\/\/secure.gravatar.com\/avatar\/bc3c655860202182ee6d1b5edd042dbe?s=96&d=mm&r=g\",\"contentUrl\":\"https:\/\/secure.gravatar.com\/avatar\/bc3c655860202182ee6d1b5edd042dbe?s=96&d=mm&r=g\",\"caption\":\"David Andr\u00e9s Aguirre\"},\"url\":\"https:\/\/ciudadyregion.com.co\/index.php\/author\/diegoaguirre\/\"}]}<\/script>\n<!-- \/ Yoast SEO plugin. -->","yoast_head_json":{"title":"Bogot\u00e1 se visti\u00f3 de fiesta, con el lanzamiento del 50\u00b0 Festival Folcl\u00f3rico Colombiano - Ciudad y Region","robots":{"index":"index","follow":"follow","max-snippet":"max-snippet:-1","max-image-preview":"max-image-preview:large","max-video-preview":"max-video-preview:-1"},"canonical":"https:\/\/ciudadyregion.com.co\/index.php\/bogota-se-vistio-de-fiesta-con-el-lanzamiento-del-50-festival-folclorico-colombiano\/cultura\/","og_locale":"es_ES","og_type":"article","og_title":"Bogot\u00e1 se visti\u00f3 de fiesta, con el lanzamiento del 50\u00b0 Festival Folcl\u00f3rico Colombiano - Ciudad y Region","og_description":"Una muestra de la riqueza cultural del Tolima y un viaje musical por Colombia marcaron el lanzamiento nacional, dejando al p\u00fablico encantado y deseoso de vivir la fiesta. El encanto y la alegr\u00eda del Festival Folcl\u00f3rico Colombiano se hicieron sentir en Bogot\u00e1, durante el lanzamiento de su quincuag\u00e9sima edici\u00f3n. ElContinuar Leyendo","og_url":"https:\/\/ciudadyregion.com.co\/index.php\/bogota-se-vistio-de-fiesta-con-el-lanzamiento-del-50-festival-folclorico-colombiano\/cultura\/","og_site_name":"Ciudad y Region","article_published_time":"2024-05-29T13:22:59+00:00","og_image":[{"width":800,"height":445,"url":"https:\/\/ciudadyregion.com.co\/wp-content\/uploads\/2024\/05\/folclor.jpg","type":"image\/jpeg"}],"author":"David Andr\u00e9s Aguirre","twitter_card":"summary_large_image","twitter_misc":{"Escrito por":"David Andr\u00e9s Aguirre","Tiempo de lectura":"3 minutos"},"schema":{"@context":"https:\/\/schema.org","@graph":[{"@type":"WebPage","@id":"https:\/\/ciudadyregion.com.co\/index.php\/bogota-se-vistio-de-fiesta-con-el-lanzamiento-del-50-festival-folclorico-colombiano\/cultura\/","url":"https:\/\/ciudadyregion.com.co\/index.php\/bogota-se-vistio-de-fiesta-con-el-lanzamiento-del-50-festival-folclorico-colombiano\/cultura\/","name":"Bogot\u00e1 se visti\u00f3 de fiesta, con el lanzamiento del 50\u00b0 Festival Folcl\u00f3rico Colombiano - Ciudad y Region","isPartOf":{"@id":"https:\/\/ciudadyregion.com.co\/#website"},"primaryImageOfPage":{"@id":"https:\/\/ciudadyregion.com.co\/index.php\/bogota-se-vistio-de-fiesta-con-el-lanzamiento-del-50-festival-folclorico-colombiano\/cultura\/#primaryimage"},"image":{"@id":"https:\/\/ciudadyregion.com.co\/index.php\/bogota-se-vistio-de-fiesta-con-el-lanzamiento-del-50-festival-folclorico-colombiano\/cultura\/#primaryimage"},"thumbnailUrl":"https:\/\/i0.wp.com\/ciudadyregion.com.co\/wp-content\/uploads\/2024\/05\/folclor.jpg?fit=800%2C445&ssl=1","datePublished":"2024-05-29T13:22:59+00:00","dateModified":"2024-05-29T13:22:59+00:00","author":{"@id":"https:\/\/ciudadyregion.com.co\/#\/schema\/person\/04a4954373ebc4051f46e8c65ff78622"},"breadcrumb":{"@id":"https:\/\/ciudadyregion.com.co\/index.php\/bogota-se-vistio-de-fiesta-con-el-lanzamiento-del-50-festival-folclorico-colombiano\/cultura\/#breadcrumb"},"inLanguage":"es","potentialAction":[{"@type":"ReadAction","target":["https:\/\/ciudadyregion.com.co\/index.php\/bogota-se-vistio-de-fiesta-con-el-lanzamiento-del-50-festival-folclorico-colombiano\/cultura\/"]}]},{"@type":"ImageObject","inLanguage":"es","@id":"https:\/\/ciudadyregion.com.co\/index.php\/bogota-se-vistio-de-fiesta-con-el-lanzamiento-del-50-festival-folclorico-colombiano\/cultura\/#primaryimage","url":"https:\/\/i0.wp.com\/ciudadyregion.com.co\/wp-content\/uploads\/2024\/05\/folclor.jpg?fit=800%2C445&ssl=1","contentUrl":"https:\/\/i0.wp.com\/ciudadyregion.com.co\/wp-content\/uploads\/2024\/05\/folclor.jpg?fit=800%2C445&ssl=1","width":800,"height":445},{"@type":"BreadcrumbList","@id":"https:\/\/ciudadyregion.com.co\/index.php\/bogota-se-vistio-de-fiesta-con-el-lanzamiento-del-50-festival-folclorico-colombiano\/cultura\/#breadcrumb","itemListElement":[{"@type":"ListItem","position":1,"name":"Portada","item":"https:\/\/ciudadyregion.com.co\/"},{"@type":"ListItem","position":2,"name":"Bogot\u00e1 se visti\u00f3 de fiesta, con el lanzamiento del 50\u00b0 Festival Folcl\u00f3rico Colombiano"}]},{"@type":"WebSite","@id":"https:\/\/ciudadyregion.com.co\/#website","url":"https:\/\/ciudadyregion.com.co\/","name":"Ciudad y Region","description":"","potentialAction":[{"@type":"SearchAction","target":{"@type":"EntryPoint","urlTemplate":"https:\/\/ciudadyregion.com.co\/?s={search_term_string}"},"query-input":{"@type":"PropertyValueSpecification","valueRequired":true,"valueName":"search_term_string"}}],"inLanguage":"es"},{"@type":"Person","@id":"https:\/\/ciudadyregion.com.co\/#\/schema\/person\/04a4954373ebc4051f46e8c65ff78622","name":"David Andr\u00e9s Aguirre","image":{"@type":"ImageObject","inLanguage":"es","@id":"https:\/\/ciudadyregion.com.co\/#\/schema\/person\/image\/","url":"https:\/\/secure.gravatar.com\/avatar\/bc3c655860202182ee6d1b5edd042dbe?s=96&d=mm&r=g","contentUrl":"https:\/\/secure.gravatar.com\/avatar\/bc3c655860202182ee6d1b5edd042dbe?s=96&d=mm&r=g","caption":"David Andr\u00e9s Aguirre"},"url":"https:\/\/ciudadyregion.com.co\/index.php\/author\/diegoaguirre\/"}]}},"jetpack_featured_media_url":"https:\/\/i0.wp.com\/ciudadyregion.com.co\/wp-content\/uploads\/2024\/05\/folclor.jpg?fit=800%2C445&ssl=1","jetpack_sharing_enabled":true,"jetpack_shortlink":"https:\/\/wp.me\/pbS7hh-3V6","jetpack-related-posts":[],"_links":{"self":[{"href":"https:\/\/ciudadyregion.com.co\/index.php\/wp-json\/wp\/v2\/posts\/15072"}],"collection":[{"href":"https:\/\/ciudadyregion.com.co\/index.php\/wp-json\/wp\/v2\/posts"}],"about":[{"href":"https:\/\/ciudadyregion.com.co\/index.php\/wp-json\/wp\/v2\/types\/post"}],"author":[{"embeddable":true,"href":"https:\/\/ciudadyregion.com.co\/index.php\/wp-json\/wp\/v2\/users\/2"}],"replies":[{"embeddable":true,"href":"https:\/\/ciudadyregion.com.co\/index.php\/wp-json\/wp\/v2\/comments?post=15072"}],"version-history":[{"count":1,"href":"https:\/\/ciudadyregion.com.co\/index.php\/wp-json\/wp\/v2\/posts\/15072\/revisions"}],"predecessor-version":[{"id":15073,"href":"https:\/\/ciudadyregion.com.co\/index.php\/wp-json\/wp\/v2\/posts\/15072\/revisions\/15073"}],"wp:featuredmedia":[{"embeddable":true,"href":"https:\/\/ciudadyregion.com.co\/index.php\/wp-json\/wp\/v2\/media\/15069"}],"wp:attachment":[{"href":"https:\/\/ciudadyregion.com.co\/index.php\/wp-json\/wp\/v2\/media?parent=15072"}],"wp:term":[{"taxonomy":"category","embeddable":true,"href":"https:\/\/ciudadyregion.com.co\/index.php\/wp-json\/wp\/v2\/categories?post=15072"},{"taxonomy":"post_tag","embeddable":true,"href":"https:\/\/ciudadyregion.com.co\/index.php\/wp-json\/wp\/v2\/tags?post=15072"}],"curies":[{"name":"wp","href":"https:\/\/api.w.org\/{rel}","templated":true}]}}