{"id":15065,"date":"2024-05-29T08:18:15","date_gmt":"2024-05-29T13:18:15","guid":{"rendered":"https:\/\/ciudadyregion.com.co\/?p=15065"},"modified":"2024-05-29T08:18:15","modified_gmt":"2024-05-29T13:18:15","slug":"que-nos-faltahacia-donde-debemos-seguir-las-reflexiones-de-la-gobernadora-matiz-sobre-el-futuro-del-festival-folclorico","status":"publish","type":"post","link":"https:\/\/ciudadyregion.com.co\/index.php\/que-nos-faltahacia-donde-debemos-seguir-las-reflexiones-de-la-gobernadora-matiz-sobre-el-futuro-del-festival-folclorico\/regional\/","title":{"rendered":"\u00bfQu\u00e9 nos falta?\u00bfHacia d\u00f3nde debemos seguir?: las reflexiones de la gobernadora Matiz sobre el futuro del Festival Folcl\u00f3rico"},"content":{"rendered":"<ul>\n<li><em><strong>En el ic\u00f3nico teatro Jorge Eli\u00e9cer Gait\u00e1n de Bogot\u00e1, la mandataria de los tolimenses invit\u00f3 a \u201cconstruir sobre lo construido\u201d y a enriquecer el m\u00e1ximo evento del folclor colombiano.<\/strong><\/em><\/li>\n<\/ul>\n<p>El lanzamiento nacional del 50 Festival Folcl\u00f3rico Colombiano en el ic\u00f3nico teatro Jorge Eli\u00e9cer Gait\u00e1n de Bogot\u00e1, fue aprovechado por la gobernadora Adriana Magali Matiz para invitar a los asistentes a reflexionar sobre el futuro de la fiesta folcl\u00f3rica m\u00e1s importante de Colombia porque en ella se congregan todas las expresiones culturales del pa\u00eds.<\/p>\n<p>Luego de un recorrido por todas las bondades tur\u00edsticas del Tolima, la mandataria seccional cuestion\u00f3 a los asistentes sobre la ruta del Festival Folcl\u00f3rico en los a\u00f1os venideros.<\/p>\n<blockquote><p>\u201cComo 50 a\u00f1os no se cumplen todos los d\u00edas, tambi\u00e9n es buen momento para que nos preguntemos y reflexionemos sobre hacia d\u00f3nde debemos ir. \u00bfQu\u00e9 nos falta? \u00bfEn verdad, todas las expresiones del pa\u00eds est\u00e1n representadas en nuestro Festival Folcl\u00f3rico y tienen asiento y exposici\u00f3n suficiente de nuestra parte como m\u00e1ximo evento del folclor colombiano?; fueron algunas de las inquietudes planteadas.<\/p><\/blockquote>\n<p>Luego, Adriana Matiz llam\u00f3 a todos los actores sociales y culturales a construir nuevos elementos y aportes al Festival:<\/p>\n<blockquote><p>\u201cEstos 50 a\u00f1os, amigas y amigos todos, gestores culturales, l\u00edderes sociales, empresarios, medios de comunicaci\u00f3n, alcaldes, concejales, diputados, gabinete municipal, departamental y nacional, deben servir tambi\u00e9n para representarnos, para que ustedes nos ayuden a mejorar lo que hoy funciona, fortalecerlo, renovar lo que est\u00e1 un poco quedado; porque lo que s\u00ed les digo es que nosotros amamos, amamos con el alma, nuestro festival, este festival\u201d.<\/p><\/blockquote>\n<p>Y prosigui\u00f3 impulsando a los cultores:<\/p>\n<blockquote><p>\u201cSabemos que hay que construir sobre lo construido y que hay que construir donde no se ha construido y el Festival Folcl\u00f3rico no es la excepci\u00f3n. Ustedes sin duda, ustedes son la parte m\u00e1s importante del festival. Los invitados de lujo, familia de primera fila, son el esp\u00edritu mismo de la fiesta que no puede faltar en nuestro departamento y en nuestra ciudad\u201d.<\/p><\/blockquote>\n<p>Finalmente, la gobernadora del Tolima culmin\u00f3 su emotivo discurso ante miles de asistentes con las siguientes frases:<\/p>\n<blockquote><p>\u201cGracias, mil gracias. Bienvenidos a los 50 a\u00f1os del Festival Folcl\u00f3rico Colombiano, a ser parte de la historia y recuerden, Tolima soy yo. Muchas gracias, Dios les bendiga siempre\u201d.<\/p><\/blockquote>\n","protected":false},"excerpt":{"rendered":"<p>En el ic\u00f3nico teatro Jorge Eli\u00e9cer Gait\u00e1n de Bogot\u00e1, la mandataria de los tolimenses invit\u00f3 a \u201cconstruir sobre lo construido\u201d y a enriquecer el m\u00e1ximo evento del folclor colombiano. El lanzamiento nacional del 50 Festival Folcl\u00f3rico Colombiano en el ic\u00f3nico teatro Jorge Eli\u00e9cer Gait\u00e1n de Bogot\u00e1, fue aprovechado por la<span class=\"more-link\"><a href=\"https:\/\/ciudadyregion.com.co\/index.php\/que-nos-faltahacia-donde-debemos-seguir-las-reflexiones-de-la-gobernadora-matiz-sobre-el-futuro-del-festival-folclorico\/regional\/\">Continuar Leyendo<\/a><\/span><\/p>\n","protected":false},"author":2,"featured_media":15066,"comment_status":"open","ping_status":"open","sticky":false,"template":"","format":"standard","meta":{"_uf_show_specific_survey":0,"_uf_disable_surveys":false,"_jetpack_memberships_contains_paid_content":false,"footnotes":"","jetpack_publicize_message":"","jetpack_publicize_feature_enabled":true,"jetpack_social_post_already_shared":true,"jetpack_social_options":{"image_generator_settings":{"template":"highway","enabled":false},"version":2}},"categories":[13],"tags":[],"class_list":["entry","author-diegoaguirre","post-15065","post","type-post","status-publish","format-standard","has-post-thumbnail","category-regional"],"jetpack_publicize_connections":[],"yoast_head":"<!-- This site is optimized with the Yoast SEO plugin v24.3 - https:\/\/yoast.com\/wordpress\/plugins\/seo\/ -->\n<title>\u00bfQu\u00e9 nos falta?\u00bfHacia d\u00f3nde debemos seguir?: las reflexiones de la gobernadora Matiz sobre el futuro del Festival Folcl\u00f3rico - Ciudad y Region<\/title>\n<meta name=\"robots\" content=\"index, follow, max-snippet:-1, max-image-preview:large, max-video-preview:-1\" \/>\n<link rel=\"canonical\" href=\"https:\/\/ciudadyregion.com.co\/index.php\/que-nos-faltahacia-donde-debemos-seguir-las-reflexiones-de-la-gobernadora-matiz-sobre-el-futuro-del-festival-folclorico\/regional\/\" \/>\n<meta property=\"og:locale\" content=\"es_ES\" \/>\n<meta property=\"og:type\" content=\"article\" \/>\n<meta property=\"og:title\" content=\"\u00bfQu\u00e9 nos falta?\u00bfHacia d\u00f3nde debemos seguir?: las reflexiones de la gobernadora Matiz sobre el futuro del Festival Folcl\u00f3rico - Ciudad y Region\" \/>\n<meta property=\"og:description\" content=\"En el ic\u00f3nico teatro Jorge Eli\u00e9cer Gait\u00e1n de Bogot\u00e1, la mandataria de los tolimenses invit\u00f3 a \u201cconstruir sobre lo construido\u201d y a enriquecer el m\u00e1ximo evento del folclor colombiano. El lanzamiento nacional del 50 Festival Folcl\u00f3rico Colombiano en el ic\u00f3nico teatro Jorge Eli\u00e9cer Gait\u00e1n de Bogot\u00e1, fue aprovechado por laContinuar Leyendo\" \/>\n<meta property=\"og:url\" content=\"https:\/\/ciudadyregion.com.co\/index.php\/que-nos-faltahacia-donde-debemos-seguir-las-reflexiones-de-la-gobernadora-matiz-sobre-el-futuro-del-festival-folclorico\/regional\/\" \/>\n<meta property=\"og:site_name\" content=\"Ciudad y Region\" \/>\n<meta property=\"article:published_time\" content=\"2024-05-29T13:18:15+00:00\" \/>\n<meta property=\"og:image\" content=\"https:\/\/ciudadyregion.com.co\/wp-content\/uploads\/2024\/05\/8-12-1.jpg\" \/>\n\t<meta property=\"og:image:width\" content=\"800\" \/>\n\t<meta property=\"og:image:height\" content=\"445\" \/>\n\t<meta property=\"og:image:type\" content=\"image\/jpeg\" \/>\n<meta name=\"author\" content=\"David Andr\u00e9s Aguirre\" \/>\n<meta name=\"twitter:card\" content=\"summary_large_image\" \/>\n<meta name=\"twitter:label1\" content=\"Escrito por\" \/>\n\t<meta name=\"twitter:data1\" content=\"David Andr\u00e9s Aguirre\" \/>\n\t<meta name=\"twitter:label2\" content=\"Tiempo de lectura\" \/>\n\t<meta name=\"twitter:data2\" content=\"1 minuto\" \/>\n<script type=\"application\/ld+json\" class=\"yoast-schema-graph\">{\"@context\":\"https:\/\/schema.org\",\"@graph\":[{\"@type\":\"WebPage\",\"@id\":\"https:\/\/ciudadyregion.com.co\/index.php\/que-nos-faltahacia-donde-debemos-seguir-las-reflexiones-de-la-gobernadora-matiz-sobre-el-futuro-del-festival-folclorico\/regional\/\",\"url\":\"https:\/\/ciudadyregion.com.co\/index.php\/que-nos-faltahacia-donde-debemos-seguir-las-reflexiones-de-la-gobernadora-matiz-sobre-el-futuro-del-festival-folclorico\/regional\/\",\"name\":\"\u00bfQu\u00e9 nos falta?\u00bfHacia d\u00f3nde debemos seguir?: las reflexiones de la gobernadora Matiz sobre el futuro del Festival Folcl\u00f3rico - Ciudad y Region\",\"isPartOf\":{\"@id\":\"https:\/\/ciudadyregion.com.co\/#website\"},\"primaryImageOfPage\":{\"@id\":\"https:\/\/ciudadyregion.com.co\/index.php\/que-nos-faltahacia-donde-debemos-seguir-las-reflexiones-de-la-gobernadora-matiz-sobre-el-futuro-del-festival-folclorico\/regional\/#primaryimage\"},\"image\":{\"@id\":\"https:\/\/ciudadyregion.com.co\/index.php\/que-nos-faltahacia-donde-debemos-seguir-las-reflexiones-de-la-gobernadora-matiz-sobre-el-futuro-del-festival-folclorico\/regional\/#primaryimage\"},\"thumbnailUrl\":\"https:\/\/i0.wp.com\/ciudadyregion.com.co\/wp-content\/uploads\/2024\/05\/8-12-1.jpg?fit=800%2C445&ssl=1\",\"datePublished\":\"2024-05-29T13:18:15+00:00\",\"dateModified\":\"2024-05-29T13:18:15+00:00\",\"author\":{\"@id\":\"https:\/\/ciudadyregion.com.co\/#\/schema\/person\/04a4954373ebc4051f46e8c65ff78622\"},\"breadcrumb\":{\"@id\":\"https:\/\/ciudadyregion.com.co\/index.php\/que-nos-faltahacia-donde-debemos-seguir-las-reflexiones-de-la-gobernadora-matiz-sobre-el-futuro-del-festival-folclorico\/regional\/#breadcrumb\"},\"inLanguage\":\"es\",\"potentialAction\":[{\"@type\":\"ReadAction\",\"target\":[\"https:\/\/ciudadyregion.com.co\/index.php\/que-nos-faltahacia-donde-debemos-seguir-las-reflexiones-de-la-gobernadora-matiz-sobre-el-futuro-del-festival-folclorico\/regional\/\"]}]},{\"@type\":\"ImageObject\",\"inLanguage\":\"es\",\"@id\":\"https:\/\/ciudadyregion.com.co\/index.php\/que-nos-faltahacia-donde-debemos-seguir-las-reflexiones-de-la-gobernadora-matiz-sobre-el-futuro-del-festival-folclorico\/regional\/#primaryimage\",\"url\":\"https:\/\/i0.wp.com\/ciudadyregion.com.co\/wp-content\/uploads\/2024\/05\/8-12-1.jpg?fit=800%2C445&ssl=1\",\"contentUrl\":\"https:\/\/i0.wp.com\/ciudadyregion.com.co\/wp-content\/uploads\/2024\/05\/8-12-1.jpg?fit=800%2C445&ssl=1\",\"width\":800,\"height\":445},{\"@type\":\"BreadcrumbList\",\"@id\":\"https:\/\/ciudadyregion.com.co\/index.php\/que-nos-faltahacia-donde-debemos-seguir-las-reflexiones-de-la-gobernadora-matiz-sobre-el-futuro-del-festival-folclorico\/regional\/#breadcrumb\",\"itemListElement\":[{\"@type\":\"ListItem\",\"position\":1,\"name\":\"Portada\",\"item\":\"https:\/\/ciudadyregion.com.co\/\"},{\"@type\":\"ListItem\",\"position\":2,\"name\":\"\u00bfQu\u00e9 nos falta?\u00bfHacia d\u00f3nde debemos seguir?: las reflexiones de la gobernadora Matiz sobre el futuro del Festival Folcl\u00f3rico\"}]},{\"@type\":\"WebSite\",\"@id\":\"https:\/\/ciudadyregion.com.co\/#website\",\"url\":\"https:\/\/ciudadyregion.com.co\/\",\"name\":\"Ciudad y Region\",\"description\":\"\",\"potentialAction\":[{\"@type\":\"SearchAction\",\"target\":{\"@type\":\"EntryPoint\",\"urlTemplate\":\"https:\/\/ciudadyregion.com.co\/?s={search_term_string}\"},\"query-input\":{\"@type\":\"PropertyValueSpecification\",\"valueRequired\":true,\"valueName\":\"search_term_string\"}}],\"inLanguage\":\"es\"},{\"@type\":\"Person\",\"@id\":\"https:\/\/ciudadyregion.com.co\/#\/schema\/person\/04a4954373ebc4051f46e8c65ff78622\",\"name\":\"David Andr\u00e9s Aguirre\",\"image\":{\"@type\":\"ImageObject\",\"inLanguage\":\"es\",\"@id\":\"https:\/\/ciudadyregion.com.co\/#\/schema\/person\/image\/\",\"url\":\"https:\/\/secure.gravatar.com\/avatar\/bc3c655860202182ee6d1b5edd042dbe?s=96&d=mm&r=g\",\"contentUrl\":\"https:\/\/secure.gravatar.com\/avatar\/bc3c655860202182ee6d1b5edd042dbe?s=96&d=mm&r=g\",\"caption\":\"David Andr\u00e9s Aguirre\"},\"url\":\"https:\/\/ciudadyregion.com.co\/index.php\/author\/diegoaguirre\/\"}]}<\/script>\n<!-- \/ Yoast SEO plugin. -->","yoast_head_json":{"title":"\u00bfQu\u00e9 nos falta?\u00bfHacia d\u00f3nde debemos seguir?: las reflexiones de la gobernadora Matiz sobre el futuro del Festival Folcl\u00f3rico - Ciudad y Region","robots":{"index":"index","follow":"follow","max-snippet":"max-snippet:-1","max-image-preview":"max-image-preview:large","max-video-preview":"max-video-preview:-1"},"canonical":"https:\/\/ciudadyregion.com.co\/index.php\/que-nos-faltahacia-donde-debemos-seguir-las-reflexiones-de-la-gobernadora-matiz-sobre-el-futuro-del-festival-folclorico\/regional\/","og_locale":"es_ES","og_type":"article","og_title":"\u00bfQu\u00e9 nos falta?\u00bfHacia d\u00f3nde debemos seguir?: las reflexiones de la gobernadora Matiz sobre el futuro del Festival Folcl\u00f3rico - Ciudad y Region","og_description":"En el ic\u00f3nico teatro Jorge Eli\u00e9cer Gait\u00e1n de Bogot\u00e1, la mandataria de los tolimenses invit\u00f3 a \u201cconstruir sobre lo construido\u201d y a enriquecer el m\u00e1ximo evento del folclor colombiano. El lanzamiento nacional del 50 Festival Folcl\u00f3rico Colombiano en el ic\u00f3nico teatro Jorge Eli\u00e9cer Gait\u00e1n de Bogot\u00e1, fue aprovechado por laContinuar Leyendo","og_url":"https:\/\/ciudadyregion.com.co\/index.php\/que-nos-faltahacia-donde-debemos-seguir-las-reflexiones-de-la-gobernadora-matiz-sobre-el-futuro-del-festival-folclorico\/regional\/","og_site_name":"Ciudad y Region","article_published_time":"2024-05-29T13:18:15+00:00","og_image":[{"width":800,"height":445,"url":"https:\/\/ciudadyregion.com.co\/wp-content\/uploads\/2024\/05\/8-12-1.jpg","type":"image\/jpeg"}],"author":"David Andr\u00e9s Aguirre","twitter_card":"summary_large_image","twitter_misc":{"Escrito por":"David Andr\u00e9s Aguirre","Tiempo de lectura":"1 minuto"},"schema":{"@context":"https:\/\/schema.org","@graph":[{"@type":"WebPage","@id":"https:\/\/ciudadyregion.com.co\/index.php\/que-nos-faltahacia-donde-debemos-seguir-las-reflexiones-de-la-gobernadora-matiz-sobre-el-futuro-del-festival-folclorico\/regional\/","url":"https:\/\/ciudadyregion.com.co\/index.php\/que-nos-faltahacia-donde-debemos-seguir-las-reflexiones-de-la-gobernadora-matiz-sobre-el-futuro-del-festival-folclorico\/regional\/","name":"\u00bfQu\u00e9 nos falta?\u00bfHacia d\u00f3nde debemos seguir?: las reflexiones de la gobernadora Matiz sobre el futuro del Festival Folcl\u00f3rico - Ciudad y Region","isPartOf":{"@id":"https:\/\/ciudadyregion.com.co\/#website"},"primaryImageOfPage":{"@id":"https:\/\/ciudadyregion.com.co\/index.php\/que-nos-faltahacia-donde-debemos-seguir-las-reflexiones-de-la-gobernadora-matiz-sobre-el-futuro-del-festival-folclorico\/regional\/#primaryimage"},"image":{"@id":"https:\/\/ciudadyregion.com.co\/index.php\/que-nos-faltahacia-donde-debemos-seguir-las-reflexiones-de-la-gobernadora-matiz-sobre-el-futuro-del-festival-folclorico\/regional\/#primaryimage"},"thumbnailUrl":"https:\/\/i0.wp.com\/ciudadyregion.com.co\/wp-content\/uploads\/2024\/05\/8-12-1.jpg?fit=800%2C445&ssl=1","datePublished":"2024-05-29T13:18:15+00:00","dateModified":"2024-05-29T13:18:15+00:00","author":{"@id":"https:\/\/ciudadyregion.com.co\/#\/schema\/person\/04a4954373ebc4051f46e8c65ff78622"},"breadcrumb":{"@id":"https:\/\/ciudadyregion.com.co\/index.php\/que-nos-faltahacia-donde-debemos-seguir-las-reflexiones-de-la-gobernadora-matiz-sobre-el-futuro-del-festival-folclorico\/regional\/#breadcrumb"},"inLanguage":"es","potentialAction":[{"@type":"ReadAction","target":["https:\/\/ciudadyregion.com.co\/index.php\/que-nos-faltahacia-donde-debemos-seguir-las-reflexiones-de-la-gobernadora-matiz-sobre-el-futuro-del-festival-folclorico\/regional\/"]}]},{"@type":"ImageObject","inLanguage":"es","@id":"https:\/\/ciudadyregion.com.co\/index.php\/que-nos-faltahacia-donde-debemos-seguir-las-reflexiones-de-la-gobernadora-matiz-sobre-el-futuro-del-festival-folclorico\/regional\/#primaryimage","url":"https:\/\/i0.wp.com\/ciudadyregion.com.co\/wp-content\/uploads\/2024\/05\/8-12-1.jpg?fit=800%2C445&ssl=1","contentUrl":"https:\/\/i0.wp.com\/ciudadyregion.com.co\/wp-content\/uploads\/2024\/05\/8-12-1.jpg?fit=800%2C445&ssl=1","width":800,"height":445},{"@type":"BreadcrumbList","@id":"https:\/\/ciudadyregion.com.co\/index.php\/que-nos-faltahacia-donde-debemos-seguir-las-reflexiones-de-la-gobernadora-matiz-sobre-el-futuro-del-festival-folclorico\/regional\/#breadcrumb","itemListElement":[{"@type":"ListItem","position":1,"name":"Portada","item":"https:\/\/ciudadyregion.com.co\/"},{"@type":"ListItem","position":2,"name":"\u00bfQu\u00e9 nos falta?\u00bfHacia d\u00f3nde debemos seguir?: las reflexiones de la gobernadora Matiz sobre el futuro del Festival Folcl\u00f3rico"}]},{"@type":"WebSite","@id":"https:\/\/ciudadyregion.com.co\/#website","url":"https:\/\/ciudadyregion.com.co\/","name":"Ciudad y Region","description":"","potentialAction":[{"@type":"SearchAction","target":{"@type":"EntryPoint","urlTemplate":"https:\/\/ciudadyregion.com.co\/?s={search_term_string}"},"query-input":{"@type":"PropertyValueSpecification","valueRequired":true,"valueName":"search_term_string"}}],"inLanguage":"es"},{"@type":"Person","@id":"https:\/\/ciudadyregion.com.co\/#\/schema\/person\/04a4954373ebc4051f46e8c65ff78622","name":"David Andr\u00e9s Aguirre","image":{"@type":"ImageObject","inLanguage":"es","@id":"https:\/\/ciudadyregion.com.co\/#\/schema\/person\/image\/","url":"https:\/\/secure.gravatar.com\/avatar\/bc3c655860202182ee6d1b5edd042dbe?s=96&d=mm&r=g","contentUrl":"https:\/\/secure.gravatar.com\/avatar\/bc3c655860202182ee6d1b5edd042dbe?s=96&d=mm&r=g","caption":"David Andr\u00e9s Aguirre"},"url":"https:\/\/ciudadyregion.com.co\/index.php\/author\/diegoaguirre\/"}]}},"jetpack_featured_media_url":"https:\/\/i0.wp.com\/ciudadyregion.com.co\/wp-content\/uploads\/2024\/05\/8-12-1.jpg?fit=800%2C445&ssl=1","jetpack_sharing_enabled":true,"jetpack_shortlink":"https:\/\/wp.me\/pbS7hh-3UZ","jetpack-related-posts":[],"_links":{"self":[{"href":"https:\/\/ciudadyregion.com.co\/index.php\/wp-json\/wp\/v2\/posts\/15065"}],"collection":[{"href":"https:\/\/ciudadyregion.com.co\/index.php\/wp-json\/wp\/v2\/posts"}],"about":[{"href":"https:\/\/ciudadyregion.com.co\/index.php\/wp-json\/wp\/v2\/types\/post"}],"author":[{"embeddable":true,"href":"https:\/\/ciudadyregion.com.co\/index.php\/wp-json\/wp\/v2\/users\/2"}],"replies":[{"embeddable":true,"href":"https:\/\/ciudadyregion.com.co\/index.php\/wp-json\/wp\/v2\/comments?post=15065"}],"version-history":[{"count":1,"href":"https:\/\/ciudadyregion.com.co\/index.php\/wp-json\/wp\/v2\/posts\/15065\/revisions"}],"predecessor-version":[{"id":15067,"href":"https:\/\/ciudadyregion.com.co\/index.php\/wp-json\/wp\/v2\/posts\/15065\/revisions\/15067"}],"wp:featuredmedia":[{"embeddable":true,"href":"https:\/\/ciudadyregion.com.co\/index.php\/wp-json\/wp\/v2\/media\/15066"}],"wp:attachment":[{"href":"https:\/\/ciudadyregion.com.co\/index.php\/wp-json\/wp\/v2\/media?parent=15065"}],"wp:term":[{"taxonomy":"category","embeddable":true,"href":"https:\/\/ciudadyregion.com.co\/index.php\/wp-json\/wp\/v2\/categories?post=15065"},{"taxonomy":"post_tag","embeddable":true,"href":"https:\/\/ciudadyregion.com.co\/index.php\/wp-json\/wp\/v2\/tags?post=15065"}],"curies":[{"name":"wp","href":"https:\/\/api.w.org\/{rel}","templated":true}]}}