{"id":15059,"date":"2024-05-29T08:11:18","date_gmt":"2024-05-29T13:11:18","guid":{"rendered":"https:\/\/ciudadyregion.com.co\/?p=15059"},"modified":"2024-05-29T08:11:18","modified_gmt":"2024-05-29T13:11:18","slug":"con-exito-se-adelanto-la-segunda-mesa-de-saneamiento-de-cartera-del-sector-salud","status":"publish","type":"post","link":"https:\/\/ciudadyregion.com.co\/index.php\/con-exito-se-adelanto-la-segunda-mesa-de-saneamiento-de-cartera-del-sector-salud\/regional\/","title":{"rendered":"Con \u00e9xito se adelant\u00f3 la segunda mesa de saneamiento de cartera del sector salud"},"content":{"rendered":"<ul>\n<li><em><strong>La Secretar\u00eda de Salud departamental busca depurar cuentas y establecer acuerdos de pago con el fin de mejorar la gesti\u00f3n financiera.<\/strong><\/em><\/li>\n<\/ul>\n<p>Cumpliendo las directrices del Ministerio de Salud y Protecci\u00f3n Social, la Secretar\u00eda de Salud Departamental adelant\u00f3 la segunda mesa para verificar las cuentas entre las EPS e IPS con la red hospitalaria del Tolima, siguiendo los lineamientos establecidos en la circular 030 de 2013.<\/p>\n<p>Esta actividad se llev\u00f3 a cabo los d\u00edas 27 y 28 de mayo en el primer piso de la Gobernaci\u00f3n del Tolima y agrup\u00f3 a los representantes de las diferentes Entidades Promotoras de Salud, Instituciones Prestadoras de Servicios y Entidades Administradoras de Planes de Beneficio, con el objetivo de adelantar la depuraci\u00f3n de la cartera y realizar acuerdos de pago por la prestaci\u00f3n de servicios de salud.<\/p>\n<blockquote><p>\u201cEste trabajo es muy importante para que los prestadores de servicios de salud se pongan al d\u00eda y podamos recuperar la cartera de los hospitales p\u00fablicos. Cabe destacar que esta mesa se realiz\u00f3 con el acompa\u00f1amiento de la parte t\u00e9cnica, financiera, jur\u00eddica y contable de nuestra Secretar\u00eda de Salud del Tolima\u201d, explic\u00f3 Orlando Lozano, director de Desarrollo de Servicios y Calidad de la Prestaci\u00f3n.<\/p><\/blockquote>\n<p>Estas mesas se seguir\u00e1n realizando de manera continua, con el prop\u00f3sito de mejorar el flujo de recursos hacia la red hospitalaria. De igual manera, se realizar\u00e1 el reporte ante la Superintendencia Nacional de Salud sobre el cumplimiento o no de las responsabilidades financieras por parte de las EPS e IPS. TV<\/p>\n","protected":false},"excerpt":{"rendered":"<p>La Secretar\u00eda de Salud departamental busca depurar cuentas y establecer acuerdos de pago con el fin de mejorar la gesti\u00f3n financiera. Cumpliendo las directrices del Ministerio de Salud y Protecci\u00f3n Social, la Secretar\u00eda de Salud Departamental adelant\u00f3 la segunda mesa para verificar las cuentas entre las EPS e IPS con<span class=\"more-link\"><a href=\"https:\/\/ciudadyregion.com.co\/index.php\/con-exito-se-adelanto-la-segunda-mesa-de-saneamiento-de-cartera-del-sector-salud\/regional\/\">Continuar Leyendo<\/a><\/span><\/p>\n","protected":false},"author":2,"featured_media":15060,"comment_status":"open","ping_status":"open","sticky":false,"template":"","format":"standard","meta":{"_uf_show_specific_survey":0,"_uf_disable_surveys":false,"_jetpack_memberships_contains_paid_content":false,"footnotes":"","jetpack_publicize_message":"","jetpack_publicize_feature_enabled":true,"jetpack_social_post_already_shared":true,"jetpack_social_options":{"image_generator_settings":{"template":"highway","enabled":false},"version":2}},"categories":[13],"tags":[],"class_list":["entry","author-diegoaguirre","post-15059","post","type-post","status-publish","format-standard","has-post-thumbnail","category-regional"],"jetpack_publicize_connections":[],"yoast_head":"<!-- This site is optimized with the Yoast SEO plugin v24.3 - https:\/\/yoast.com\/wordpress\/plugins\/seo\/ -->\n<title>Con \u00e9xito se adelant\u00f3 la segunda mesa de saneamiento de cartera del sector salud - Ciudad y Region<\/title>\n<meta name=\"robots\" content=\"index, follow, max-snippet:-1, max-image-preview:large, max-video-preview:-1\" \/>\n<link rel=\"canonical\" href=\"https:\/\/ciudadyregion.com.co\/index.php\/con-exito-se-adelanto-la-segunda-mesa-de-saneamiento-de-cartera-del-sector-salud\/regional\/\" \/>\n<meta property=\"og:locale\" content=\"es_ES\" \/>\n<meta property=\"og:type\" content=\"article\" \/>\n<meta property=\"og:title\" content=\"Con \u00e9xito se adelant\u00f3 la segunda mesa de saneamiento de cartera del sector salud - Ciudad y Region\" \/>\n<meta property=\"og:description\" content=\"La Secretar\u00eda de Salud departamental busca depurar cuentas y establecer acuerdos de pago con el fin de mejorar la gesti\u00f3n financiera. Cumpliendo las directrices del Ministerio de Salud y Protecci\u00f3n Social, la Secretar\u00eda de Salud Departamental adelant\u00f3 la segunda mesa para verificar las cuentas entre las EPS e IPS conContinuar Leyendo\" \/>\n<meta property=\"og:url\" content=\"https:\/\/ciudadyregion.com.co\/index.php\/con-exito-se-adelanto-la-segunda-mesa-de-saneamiento-de-cartera-del-sector-salud\/regional\/\" \/>\n<meta property=\"og:site_name\" content=\"Ciudad y Region\" \/>\n<meta property=\"article:published_time\" content=\"2024-05-29T13:11:18+00:00\" \/>\n<meta property=\"og:image\" content=\"https:\/\/ciudadyregion.com.co\/wp-content\/uploads\/2024\/05\/6-15-1.jpg\" \/>\n\t<meta property=\"og:image:width\" content=\"800\" \/>\n\t<meta property=\"og:image:height\" content=\"445\" \/>\n\t<meta property=\"og:image:type\" content=\"image\/jpeg\" \/>\n<meta name=\"author\" content=\"David Andr\u00e9s Aguirre\" \/>\n<meta name=\"twitter:card\" content=\"summary_large_image\" \/>\n<meta name=\"twitter:label1\" content=\"Escrito por\" \/>\n\t<meta name=\"twitter:data1\" content=\"David Andr\u00e9s Aguirre\" \/>\n\t<meta name=\"twitter:label2\" content=\"Tiempo de lectura\" \/>\n\t<meta name=\"twitter:data2\" content=\"1 minuto\" \/>\n<script type=\"application\/ld+json\" class=\"yoast-schema-graph\">{\"@context\":\"https:\/\/schema.org\",\"@graph\":[{\"@type\":\"WebPage\",\"@id\":\"https:\/\/ciudadyregion.com.co\/index.php\/con-exito-se-adelanto-la-segunda-mesa-de-saneamiento-de-cartera-del-sector-salud\/regional\/\",\"url\":\"https:\/\/ciudadyregion.com.co\/index.php\/con-exito-se-adelanto-la-segunda-mesa-de-saneamiento-de-cartera-del-sector-salud\/regional\/\",\"name\":\"Con \u00e9xito se adelant\u00f3 la segunda mesa de saneamiento de cartera del sector salud - Ciudad y Region\",\"isPartOf\":{\"@id\":\"https:\/\/ciudadyregion.com.co\/#website\"},\"primaryImageOfPage\":{\"@id\":\"https:\/\/ciudadyregion.com.co\/index.php\/con-exito-se-adelanto-la-segunda-mesa-de-saneamiento-de-cartera-del-sector-salud\/regional\/#primaryimage\"},\"image\":{\"@id\":\"https:\/\/ciudadyregion.com.co\/index.php\/con-exito-se-adelanto-la-segunda-mesa-de-saneamiento-de-cartera-del-sector-salud\/regional\/#primaryimage\"},\"thumbnailUrl\":\"https:\/\/i0.wp.com\/ciudadyregion.com.co\/wp-content\/uploads\/2024\/05\/6-15-1.jpg?fit=800%2C445&ssl=1\",\"datePublished\":\"2024-05-29T13:11:18+00:00\",\"dateModified\":\"2024-05-29T13:11:18+00:00\",\"author\":{\"@id\":\"https:\/\/ciudadyregion.com.co\/#\/schema\/person\/04a4954373ebc4051f46e8c65ff78622\"},\"breadcrumb\":{\"@id\":\"https:\/\/ciudadyregion.com.co\/index.php\/con-exito-se-adelanto-la-segunda-mesa-de-saneamiento-de-cartera-del-sector-salud\/regional\/#breadcrumb\"},\"inLanguage\":\"es\",\"potentialAction\":[{\"@type\":\"ReadAction\",\"target\":[\"https:\/\/ciudadyregion.com.co\/index.php\/con-exito-se-adelanto-la-segunda-mesa-de-saneamiento-de-cartera-del-sector-salud\/regional\/\"]}]},{\"@type\":\"ImageObject\",\"inLanguage\":\"es\",\"@id\":\"https:\/\/ciudadyregion.com.co\/index.php\/con-exito-se-adelanto-la-segunda-mesa-de-saneamiento-de-cartera-del-sector-salud\/regional\/#primaryimage\",\"url\":\"https:\/\/i0.wp.com\/ciudadyregion.com.co\/wp-content\/uploads\/2024\/05\/6-15-1.jpg?fit=800%2C445&ssl=1\",\"contentUrl\":\"https:\/\/i0.wp.com\/ciudadyregion.com.co\/wp-content\/uploads\/2024\/05\/6-15-1.jpg?fit=800%2C445&ssl=1\",\"width\":800,\"height\":445},{\"@type\":\"BreadcrumbList\",\"@id\":\"https:\/\/ciudadyregion.com.co\/index.php\/con-exito-se-adelanto-la-segunda-mesa-de-saneamiento-de-cartera-del-sector-salud\/regional\/#breadcrumb\",\"itemListElement\":[{\"@type\":\"ListItem\",\"position\":1,\"name\":\"Portada\",\"item\":\"https:\/\/ciudadyregion.com.co\/\"},{\"@type\":\"ListItem\",\"position\":2,\"name\":\"Con \u00e9xito se adelant\u00f3 la segunda mesa de saneamiento de cartera del sector salud\"}]},{\"@type\":\"WebSite\",\"@id\":\"https:\/\/ciudadyregion.com.co\/#website\",\"url\":\"https:\/\/ciudadyregion.com.co\/\",\"name\":\"Ciudad y Region\",\"description\":\"\",\"potentialAction\":[{\"@type\":\"SearchAction\",\"target\":{\"@type\":\"EntryPoint\",\"urlTemplate\":\"https:\/\/ciudadyregion.com.co\/?s={search_term_string}\"},\"query-input\":{\"@type\":\"PropertyValueSpecification\",\"valueRequired\":true,\"valueName\":\"search_term_string\"}}],\"inLanguage\":\"es\"},{\"@type\":\"Person\",\"@id\":\"https:\/\/ciudadyregion.com.co\/#\/schema\/person\/04a4954373ebc4051f46e8c65ff78622\",\"name\":\"David Andr\u00e9s Aguirre\",\"image\":{\"@type\":\"ImageObject\",\"inLanguage\":\"es\",\"@id\":\"https:\/\/ciudadyregion.com.co\/#\/schema\/person\/image\/\",\"url\":\"https:\/\/secure.gravatar.com\/avatar\/bc3c655860202182ee6d1b5edd042dbe?s=96&d=mm&r=g\",\"contentUrl\":\"https:\/\/secure.gravatar.com\/avatar\/bc3c655860202182ee6d1b5edd042dbe?s=96&d=mm&r=g\",\"caption\":\"David Andr\u00e9s Aguirre\"},\"url\":\"https:\/\/ciudadyregion.com.co\/index.php\/author\/diegoaguirre\/\"}]}<\/script>\n<!-- \/ Yoast SEO plugin. -->","yoast_head_json":{"title":"Con \u00e9xito se adelant\u00f3 la segunda mesa de saneamiento de cartera del sector salud - Ciudad y Region","robots":{"index":"index","follow":"follow","max-snippet":"max-snippet:-1","max-image-preview":"max-image-preview:large","max-video-preview":"max-video-preview:-1"},"canonical":"https:\/\/ciudadyregion.com.co\/index.php\/con-exito-se-adelanto-la-segunda-mesa-de-saneamiento-de-cartera-del-sector-salud\/regional\/","og_locale":"es_ES","og_type":"article","og_title":"Con \u00e9xito se adelant\u00f3 la segunda mesa de saneamiento de cartera del sector salud - Ciudad y Region","og_description":"La Secretar\u00eda de Salud departamental busca depurar cuentas y establecer acuerdos de pago con el fin de mejorar la gesti\u00f3n financiera. Cumpliendo las directrices del Ministerio de Salud y Protecci\u00f3n Social, la Secretar\u00eda de Salud Departamental adelant\u00f3 la segunda mesa para verificar las cuentas entre las EPS e IPS conContinuar Leyendo","og_url":"https:\/\/ciudadyregion.com.co\/index.php\/con-exito-se-adelanto-la-segunda-mesa-de-saneamiento-de-cartera-del-sector-salud\/regional\/","og_site_name":"Ciudad y Region","article_published_time":"2024-05-29T13:11:18+00:00","og_image":[{"width":800,"height":445,"url":"https:\/\/ciudadyregion.com.co\/wp-content\/uploads\/2024\/05\/6-15-1.jpg","type":"image\/jpeg"}],"author":"David Andr\u00e9s Aguirre","twitter_card":"summary_large_image","twitter_misc":{"Escrito por":"David Andr\u00e9s Aguirre","Tiempo de lectura":"1 minuto"},"schema":{"@context":"https:\/\/schema.org","@graph":[{"@type":"WebPage","@id":"https:\/\/ciudadyregion.com.co\/index.php\/con-exito-se-adelanto-la-segunda-mesa-de-saneamiento-de-cartera-del-sector-salud\/regional\/","url":"https:\/\/ciudadyregion.com.co\/index.php\/con-exito-se-adelanto-la-segunda-mesa-de-saneamiento-de-cartera-del-sector-salud\/regional\/","name":"Con \u00e9xito se adelant\u00f3 la segunda mesa de saneamiento de cartera del sector salud - Ciudad y Region","isPartOf":{"@id":"https:\/\/ciudadyregion.com.co\/#website"},"primaryImageOfPage":{"@id":"https:\/\/ciudadyregion.com.co\/index.php\/con-exito-se-adelanto-la-segunda-mesa-de-saneamiento-de-cartera-del-sector-salud\/regional\/#primaryimage"},"image":{"@id":"https:\/\/ciudadyregion.com.co\/index.php\/con-exito-se-adelanto-la-segunda-mesa-de-saneamiento-de-cartera-del-sector-salud\/regional\/#primaryimage"},"thumbnailUrl":"https:\/\/i0.wp.com\/ciudadyregion.com.co\/wp-content\/uploads\/2024\/05\/6-15-1.jpg?fit=800%2C445&ssl=1","datePublished":"2024-05-29T13:11:18+00:00","dateModified":"2024-05-29T13:11:18+00:00","author":{"@id":"https:\/\/ciudadyregion.com.co\/#\/schema\/person\/04a4954373ebc4051f46e8c65ff78622"},"breadcrumb":{"@id":"https:\/\/ciudadyregion.com.co\/index.php\/con-exito-se-adelanto-la-segunda-mesa-de-saneamiento-de-cartera-del-sector-salud\/regional\/#breadcrumb"},"inLanguage":"es","potentialAction":[{"@type":"ReadAction","target":["https:\/\/ciudadyregion.com.co\/index.php\/con-exito-se-adelanto-la-segunda-mesa-de-saneamiento-de-cartera-del-sector-salud\/regional\/"]}]},{"@type":"ImageObject","inLanguage":"es","@id":"https:\/\/ciudadyregion.com.co\/index.php\/con-exito-se-adelanto-la-segunda-mesa-de-saneamiento-de-cartera-del-sector-salud\/regional\/#primaryimage","url":"https:\/\/i0.wp.com\/ciudadyregion.com.co\/wp-content\/uploads\/2024\/05\/6-15-1.jpg?fit=800%2C445&ssl=1","contentUrl":"https:\/\/i0.wp.com\/ciudadyregion.com.co\/wp-content\/uploads\/2024\/05\/6-15-1.jpg?fit=800%2C445&ssl=1","width":800,"height":445},{"@type":"BreadcrumbList","@id":"https:\/\/ciudadyregion.com.co\/index.php\/con-exito-se-adelanto-la-segunda-mesa-de-saneamiento-de-cartera-del-sector-salud\/regional\/#breadcrumb","itemListElement":[{"@type":"ListItem","position":1,"name":"Portada","item":"https:\/\/ciudadyregion.com.co\/"},{"@type":"ListItem","position":2,"name":"Con \u00e9xito se adelant\u00f3 la segunda mesa de saneamiento de cartera del sector salud"}]},{"@type":"WebSite","@id":"https:\/\/ciudadyregion.com.co\/#website","url":"https:\/\/ciudadyregion.com.co\/","name":"Ciudad y Region","description":"","potentialAction":[{"@type":"SearchAction","target":{"@type":"EntryPoint","urlTemplate":"https:\/\/ciudadyregion.com.co\/?s={search_term_string}"},"query-input":{"@type":"PropertyValueSpecification","valueRequired":true,"valueName":"search_term_string"}}],"inLanguage":"es"},{"@type":"Person","@id":"https:\/\/ciudadyregion.com.co\/#\/schema\/person\/04a4954373ebc4051f46e8c65ff78622","name":"David Andr\u00e9s Aguirre","image":{"@type":"ImageObject","inLanguage":"es","@id":"https:\/\/ciudadyregion.com.co\/#\/schema\/person\/image\/","url":"https:\/\/secure.gravatar.com\/avatar\/bc3c655860202182ee6d1b5edd042dbe?s=96&d=mm&r=g","contentUrl":"https:\/\/secure.gravatar.com\/avatar\/bc3c655860202182ee6d1b5edd042dbe?s=96&d=mm&r=g","caption":"David Andr\u00e9s Aguirre"},"url":"https:\/\/ciudadyregion.com.co\/index.php\/author\/diegoaguirre\/"}]}},"jetpack_featured_media_url":"https:\/\/i0.wp.com\/ciudadyregion.com.co\/wp-content\/uploads\/2024\/05\/6-15-1.jpg?fit=800%2C445&ssl=1","jetpack_sharing_enabled":true,"jetpack_shortlink":"https:\/\/wp.me\/pbS7hh-3UT","jetpack-related-posts":[],"_links":{"self":[{"href":"https:\/\/ciudadyregion.com.co\/index.php\/wp-json\/wp\/v2\/posts\/15059"}],"collection":[{"href":"https:\/\/ciudadyregion.com.co\/index.php\/wp-json\/wp\/v2\/posts"}],"about":[{"href":"https:\/\/ciudadyregion.com.co\/index.php\/wp-json\/wp\/v2\/types\/post"}],"author":[{"embeddable":true,"href":"https:\/\/ciudadyregion.com.co\/index.php\/wp-json\/wp\/v2\/users\/2"}],"replies":[{"embeddable":true,"href":"https:\/\/ciudadyregion.com.co\/index.php\/wp-json\/wp\/v2\/comments?post=15059"}],"version-history":[{"count":1,"href":"https:\/\/ciudadyregion.com.co\/index.php\/wp-json\/wp\/v2\/posts\/15059\/revisions"}],"predecessor-version":[{"id":15061,"href":"https:\/\/ciudadyregion.com.co\/index.php\/wp-json\/wp\/v2\/posts\/15059\/revisions\/15061"}],"wp:featuredmedia":[{"embeddable":true,"href":"https:\/\/ciudadyregion.com.co\/index.php\/wp-json\/wp\/v2\/media\/15060"}],"wp:attachment":[{"href":"https:\/\/ciudadyregion.com.co\/index.php\/wp-json\/wp\/v2\/media?parent=15059"}],"wp:term":[{"taxonomy":"category","embeddable":true,"href":"https:\/\/ciudadyregion.com.co\/index.php\/wp-json\/wp\/v2\/categories?post=15059"},{"taxonomy":"post_tag","embeddable":true,"href":"https:\/\/ciudadyregion.com.co\/index.php\/wp-json\/wp\/v2\/tags?post=15059"}],"curies":[{"name":"wp","href":"https:\/\/api.w.org\/{rel}","templated":true}]}}