{"id":15056,"date":"2024-05-29T08:07:55","date_gmt":"2024-05-29T13:07:55","guid":{"rendered":"https:\/\/ciudadyregion.com.co\/?p=15056"},"modified":"2024-05-29T08:07:55","modified_gmt":"2024-05-29T13:07:55","slug":"la-gran-problematica-que-tenemos-en-el-territorio-es-la-falta-de-maquinaria-amarilla-la-insistencia-de-la-gobernadora-del-tolima-al-gobierno-nacional","status":"publish","type":"post","link":"https:\/\/ciudadyregion.com.co\/index.php\/la-gran-problematica-que-tenemos-en-el-territorio-es-la-falta-de-maquinaria-amarilla-la-insistencia-de-la-gobernadora-del-tolima-al-gobierno-nacional\/regional\/","title":{"rendered":"\u201dLa gran problem\u00e1tica que tenemos en el territorio es la falta de maquinaria amarilla\u201d, la insistencia de la gobernadora del Tolima al Gobierno Nacional"},"content":{"rendered":"<ul>\n<li><em><strong>Este pronunciamiento lo hizo en medio del encuentro preparatorio para el fen\u00f3meno de La Ni\u00f1a, la temporada de huracanes y ciclones 2024, liderado por la Federaci\u00f3n Nacional de Departamentos.<\/strong><\/em><\/li>\n<\/ul>\n<p>En un encuentro con los gobernadores del pa\u00eds, la ministra de Agricultura y Desarrollo Agropecuario, Jhenifer Mojica y miembros de diferentes entidades del Gobierno Nacional, convocado por la Federaci\u00f3n Nacional de Departamentos, para trabajar en equipo y preparar acciones y planes concretos que permitan disminuir los efectos adversos que se podr\u00edan presentar por el fen\u00f3meno de La Ni\u00f1a, la gobernadora del Tolima, Adriana Magaly Matiz, hizo un llamado para que se atiendan las v\u00edas terciarias en los territorios.<\/p>\n<blockquote><p>\u201cNosotros, desde enero, hemos querido prepararnos para lo que se viene con la ola invernal, hemos realizado solicitudes a la UNGRD para atender los puntos que ya sabemos que son cr\u00edticos con la ola invernal, y que no tenemos la suficiencia en maquinaria para poder atender cada uno de estos puntos. La gran problem\u00e1tica que tenemos en los territorios es la falta de maquinaria amarilla para atender nuestras v\u00edas\u201d, afirm\u00f3 Matiz Vargas.<\/p><\/blockquote>\n<p>Asimismo, y en sinton\u00eda con los dem\u00e1s gobernadores, la mandataria de los tolimenses afirm\u00f3 que ya basta de planes de acci\u00f3n, que se necesitan medidas concretas e inmediatas con las cuales se resuelvan los problemas que tiene hoy la gente en el territorio.<\/p>\n<p>Finalmente, los gobernadores de Colombia manifestaron al Gpbierno Nacional que est\u00e1n atentos a recibir ayudas, no solo en incentivos financieros, sino tambi\u00e9n en fertilizantes, insumos, maquinaria amarilla y acciones reales para llegar con soluciones a los campesinos y afectados por este fen\u00f3meno en los distintos municipios.<\/p>\n","protected":false},"excerpt":{"rendered":"<p>Este pronunciamiento lo hizo en medio del encuentro preparatorio para el fen\u00f3meno de La Ni\u00f1a, la temporada de huracanes y ciclones 2024, liderado por la Federaci\u00f3n Nacional de Departamentos. En un encuentro con los gobernadores del pa\u00eds, la ministra de Agricultura y Desarrollo Agropecuario, Jhenifer Mojica y miembros de diferentes<span class=\"more-link\"><a href=\"https:\/\/ciudadyregion.com.co\/index.php\/la-gran-problematica-que-tenemos-en-el-territorio-es-la-falta-de-maquinaria-amarilla-la-insistencia-de-la-gobernadora-del-tolima-al-gobierno-nacional\/regional\/\">Continuar Leyendo<\/a><\/span><\/p>\n","protected":false},"author":2,"featured_media":15057,"comment_status":"open","ping_status":"open","sticky":false,"template":"","format":"standard","meta":{"_uf_show_specific_survey":0,"_uf_disable_surveys":false,"_jetpack_memberships_contains_paid_content":false,"footnotes":"","jetpack_publicize_message":"","jetpack_publicize_feature_enabled":true,"jetpack_social_post_already_shared":true,"jetpack_social_options":{"image_generator_settings":{"template":"highway","enabled":false},"version":2}},"categories":[13],"tags":[],"class_list":["entry","author-diegoaguirre","post-15056","post","type-post","status-publish","format-standard","has-post-thumbnail","category-regional"],"jetpack_publicize_connections":[],"yoast_head":"<!-- This site is optimized with the Yoast SEO plugin v24.3 - https:\/\/yoast.com\/wordpress\/plugins\/seo\/ -->\n<title>\u201dLa gran problem\u00e1tica que tenemos en el territorio es la falta de maquinaria amarilla\u201d, la insistencia de la gobernadora del Tolima al Gobierno Nacional - Ciudad y Region<\/title>\n<meta name=\"robots\" content=\"index, follow, max-snippet:-1, max-image-preview:large, max-video-preview:-1\" \/>\n<link rel=\"canonical\" href=\"https:\/\/ciudadyregion.com.co\/index.php\/la-gran-problematica-que-tenemos-en-el-territorio-es-la-falta-de-maquinaria-amarilla-la-insistencia-de-la-gobernadora-del-tolima-al-gobierno-nacional\/regional\/\" \/>\n<meta property=\"og:locale\" content=\"es_ES\" \/>\n<meta property=\"og:type\" content=\"article\" \/>\n<meta property=\"og:title\" content=\"\u201dLa gran problem\u00e1tica que tenemos en el territorio es la falta de maquinaria amarilla\u201d, la insistencia de la gobernadora del Tolima al Gobierno Nacional - Ciudad y Region\" \/>\n<meta property=\"og:description\" content=\"Este pronunciamiento lo hizo en medio del encuentro preparatorio para el fen\u00f3meno de La Ni\u00f1a, la temporada de huracanes y ciclones 2024, liderado por la Federaci\u00f3n Nacional de Departamentos. En un encuentro con los gobernadores del pa\u00eds, la ministra de Agricultura y Desarrollo Agropecuario, Jhenifer Mojica y miembros de diferentesContinuar Leyendo\" \/>\n<meta property=\"og:url\" content=\"https:\/\/ciudadyregion.com.co\/index.php\/la-gran-problematica-que-tenemos-en-el-territorio-es-la-falta-de-maquinaria-amarilla-la-insistencia-de-la-gobernadora-del-tolima-al-gobierno-nacional\/regional\/\" \/>\n<meta property=\"og:site_name\" content=\"Ciudad y Region\" \/>\n<meta property=\"article:published_time\" content=\"2024-05-29T13:07:55+00:00\" \/>\n<meta property=\"og:image\" content=\"https:\/\/ciudadyregion.com.co\/wp-content\/uploads\/2024\/05\/5-12.jpg\" \/>\n\t<meta property=\"og:image:width\" content=\"800\" \/>\n\t<meta property=\"og:image:height\" content=\"445\" \/>\n\t<meta property=\"og:image:type\" content=\"image\/jpeg\" \/>\n<meta name=\"author\" content=\"David Andr\u00e9s Aguirre\" \/>\n<meta name=\"twitter:card\" content=\"summary_large_image\" \/>\n<meta name=\"twitter:label1\" content=\"Escrito por\" \/>\n\t<meta name=\"twitter:data1\" content=\"David Andr\u00e9s Aguirre\" \/>\n\t<meta name=\"twitter:label2\" content=\"Tiempo de lectura\" \/>\n\t<meta name=\"twitter:data2\" content=\"1 minuto\" \/>\n<script type=\"application\/ld+json\" class=\"yoast-schema-graph\">{\"@context\":\"https:\/\/schema.org\",\"@graph\":[{\"@type\":\"WebPage\",\"@id\":\"https:\/\/ciudadyregion.com.co\/index.php\/la-gran-problematica-que-tenemos-en-el-territorio-es-la-falta-de-maquinaria-amarilla-la-insistencia-de-la-gobernadora-del-tolima-al-gobierno-nacional\/regional\/\",\"url\":\"https:\/\/ciudadyregion.com.co\/index.php\/la-gran-problematica-que-tenemos-en-el-territorio-es-la-falta-de-maquinaria-amarilla-la-insistencia-de-la-gobernadora-del-tolima-al-gobierno-nacional\/regional\/\",\"name\":\"\u201dLa gran problem\u00e1tica que tenemos en el territorio es la falta de maquinaria amarilla\u201d, la insistencia de la gobernadora del Tolima al Gobierno Nacional - Ciudad y Region\",\"isPartOf\":{\"@id\":\"https:\/\/ciudadyregion.com.co\/#website\"},\"primaryImageOfPage\":{\"@id\":\"https:\/\/ciudadyregion.com.co\/index.php\/la-gran-problematica-que-tenemos-en-el-territorio-es-la-falta-de-maquinaria-amarilla-la-insistencia-de-la-gobernadora-del-tolima-al-gobierno-nacional\/regional\/#primaryimage\"},\"image\":{\"@id\":\"https:\/\/ciudadyregion.com.co\/index.php\/la-gran-problematica-que-tenemos-en-el-territorio-es-la-falta-de-maquinaria-amarilla-la-insistencia-de-la-gobernadora-del-tolima-al-gobierno-nacional\/regional\/#primaryimage\"},\"thumbnailUrl\":\"https:\/\/i0.wp.com\/ciudadyregion.com.co\/wp-content\/uploads\/2024\/05\/5-12.jpg?fit=800%2C445&ssl=1\",\"datePublished\":\"2024-05-29T13:07:55+00:00\",\"dateModified\":\"2024-05-29T13:07:55+00:00\",\"author\":{\"@id\":\"https:\/\/ciudadyregion.com.co\/#\/schema\/person\/04a4954373ebc4051f46e8c65ff78622\"},\"breadcrumb\":{\"@id\":\"https:\/\/ciudadyregion.com.co\/index.php\/la-gran-problematica-que-tenemos-en-el-territorio-es-la-falta-de-maquinaria-amarilla-la-insistencia-de-la-gobernadora-del-tolima-al-gobierno-nacional\/regional\/#breadcrumb\"},\"inLanguage\":\"es\",\"potentialAction\":[{\"@type\":\"ReadAction\",\"target\":[\"https:\/\/ciudadyregion.com.co\/index.php\/la-gran-problematica-que-tenemos-en-el-territorio-es-la-falta-de-maquinaria-amarilla-la-insistencia-de-la-gobernadora-del-tolima-al-gobierno-nacional\/regional\/\"]}]},{\"@type\":\"ImageObject\",\"inLanguage\":\"es\",\"@id\":\"https:\/\/ciudadyregion.com.co\/index.php\/la-gran-problematica-que-tenemos-en-el-territorio-es-la-falta-de-maquinaria-amarilla-la-insistencia-de-la-gobernadora-del-tolima-al-gobierno-nacional\/regional\/#primaryimage\",\"url\":\"https:\/\/i0.wp.com\/ciudadyregion.com.co\/wp-content\/uploads\/2024\/05\/5-12.jpg?fit=800%2C445&ssl=1\",\"contentUrl\":\"https:\/\/i0.wp.com\/ciudadyregion.com.co\/wp-content\/uploads\/2024\/05\/5-12.jpg?fit=800%2C445&ssl=1\",\"width\":800,\"height\":445},{\"@type\":\"BreadcrumbList\",\"@id\":\"https:\/\/ciudadyregion.com.co\/index.php\/la-gran-problematica-que-tenemos-en-el-territorio-es-la-falta-de-maquinaria-amarilla-la-insistencia-de-la-gobernadora-del-tolima-al-gobierno-nacional\/regional\/#breadcrumb\",\"itemListElement\":[{\"@type\":\"ListItem\",\"position\":1,\"name\":\"Portada\",\"item\":\"https:\/\/ciudadyregion.com.co\/\"},{\"@type\":\"ListItem\",\"position\":2,\"name\":\"\u201dLa gran problem\u00e1tica que tenemos en el territorio es la falta de maquinaria amarilla\u201d, la insistencia de la gobernadora del Tolima al Gobierno Nacional\"}]},{\"@type\":\"WebSite\",\"@id\":\"https:\/\/ciudadyregion.com.co\/#website\",\"url\":\"https:\/\/ciudadyregion.com.co\/\",\"name\":\"Ciudad y Region\",\"description\":\"\",\"potentialAction\":[{\"@type\":\"SearchAction\",\"target\":{\"@type\":\"EntryPoint\",\"urlTemplate\":\"https:\/\/ciudadyregion.com.co\/?s={search_term_string}\"},\"query-input\":{\"@type\":\"PropertyValueSpecification\",\"valueRequired\":true,\"valueName\":\"search_term_string\"}}],\"inLanguage\":\"es\"},{\"@type\":\"Person\",\"@id\":\"https:\/\/ciudadyregion.com.co\/#\/schema\/person\/04a4954373ebc4051f46e8c65ff78622\",\"name\":\"David Andr\u00e9s Aguirre\",\"image\":{\"@type\":\"ImageObject\",\"inLanguage\":\"es\",\"@id\":\"https:\/\/ciudadyregion.com.co\/#\/schema\/person\/image\/\",\"url\":\"https:\/\/secure.gravatar.com\/avatar\/bc3c655860202182ee6d1b5edd042dbe?s=96&d=mm&r=g\",\"contentUrl\":\"https:\/\/secure.gravatar.com\/avatar\/bc3c655860202182ee6d1b5edd042dbe?s=96&d=mm&r=g\",\"caption\":\"David Andr\u00e9s Aguirre\"},\"url\":\"https:\/\/ciudadyregion.com.co\/index.php\/author\/diegoaguirre\/\"}]}<\/script>\n<!-- \/ Yoast SEO plugin. -->","yoast_head_json":{"title":"\u201dLa gran problem\u00e1tica que tenemos en el territorio es la falta de maquinaria amarilla\u201d, la insistencia de la gobernadora del Tolima al Gobierno Nacional - Ciudad y Region","robots":{"index":"index","follow":"follow","max-snippet":"max-snippet:-1","max-image-preview":"max-image-preview:large","max-video-preview":"max-video-preview:-1"},"canonical":"https:\/\/ciudadyregion.com.co\/index.php\/la-gran-problematica-que-tenemos-en-el-territorio-es-la-falta-de-maquinaria-amarilla-la-insistencia-de-la-gobernadora-del-tolima-al-gobierno-nacional\/regional\/","og_locale":"es_ES","og_type":"article","og_title":"\u201dLa gran problem\u00e1tica que tenemos en el territorio es la falta de maquinaria amarilla\u201d, la insistencia de la gobernadora del Tolima al Gobierno Nacional - Ciudad y Region","og_description":"Este pronunciamiento lo hizo en medio del encuentro preparatorio para el fen\u00f3meno de La Ni\u00f1a, la temporada de huracanes y ciclones 2024, liderado por la Federaci\u00f3n Nacional de Departamentos. En un encuentro con los gobernadores del pa\u00eds, la ministra de Agricultura y Desarrollo Agropecuario, Jhenifer Mojica y miembros de diferentesContinuar Leyendo","og_url":"https:\/\/ciudadyregion.com.co\/index.php\/la-gran-problematica-que-tenemos-en-el-territorio-es-la-falta-de-maquinaria-amarilla-la-insistencia-de-la-gobernadora-del-tolima-al-gobierno-nacional\/regional\/","og_site_name":"Ciudad y Region","article_published_time":"2024-05-29T13:07:55+00:00","og_image":[{"width":800,"height":445,"url":"https:\/\/ciudadyregion.com.co\/wp-content\/uploads\/2024\/05\/5-12.jpg","type":"image\/jpeg"}],"author":"David Andr\u00e9s Aguirre","twitter_card":"summary_large_image","twitter_misc":{"Escrito por":"David Andr\u00e9s Aguirre","Tiempo de lectura":"1 minuto"},"schema":{"@context":"https:\/\/schema.org","@graph":[{"@type":"WebPage","@id":"https:\/\/ciudadyregion.com.co\/index.php\/la-gran-problematica-que-tenemos-en-el-territorio-es-la-falta-de-maquinaria-amarilla-la-insistencia-de-la-gobernadora-del-tolima-al-gobierno-nacional\/regional\/","url":"https:\/\/ciudadyregion.com.co\/index.php\/la-gran-problematica-que-tenemos-en-el-territorio-es-la-falta-de-maquinaria-amarilla-la-insistencia-de-la-gobernadora-del-tolima-al-gobierno-nacional\/regional\/","name":"\u201dLa gran problem\u00e1tica que tenemos en el territorio es la falta de maquinaria amarilla\u201d, la insistencia de la gobernadora del Tolima al Gobierno Nacional - Ciudad y Region","isPartOf":{"@id":"https:\/\/ciudadyregion.com.co\/#website"},"primaryImageOfPage":{"@id":"https:\/\/ciudadyregion.com.co\/index.php\/la-gran-problematica-que-tenemos-en-el-territorio-es-la-falta-de-maquinaria-amarilla-la-insistencia-de-la-gobernadora-del-tolima-al-gobierno-nacional\/regional\/#primaryimage"},"image":{"@id":"https:\/\/ciudadyregion.com.co\/index.php\/la-gran-problematica-que-tenemos-en-el-territorio-es-la-falta-de-maquinaria-amarilla-la-insistencia-de-la-gobernadora-del-tolima-al-gobierno-nacional\/regional\/#primaryimage"},"thumbnailUrl":"https:\/\/i0.wp.com\/ciudadyregion.com.co\/wp-content\/uploads\/2024\/05\/5-12.jpg?fit=800%2C445&ssl=1","datePublished":"2024-05-29T13:07:55+00:00","dateModified":"2024-05-29T13:07:55+00:00","author":{"@id":"https:\/\/ciudadyregion.com.co\/#\/schema\/person\/04a4954373ebc4051f46e8c65ff78622"},"breadcrumb":{"@id":"https:\/\/ciudadyregion.com.co\/index.php\/la-gran-problematica-que-tenemos-en-el-territorio-es-la-falta-de-maquinaria-amarilla-la-insistencia-de-la-gobernadora-del-tolima-al-gobierno-nacional\/regional\/#breadcrumb"},"inLanguage":"es","potentialAction":[{"@type":"ReadAction","target":["https:\/\/ciudadyregion.com.co\/index.php\/la-gran-problematica-que-tenemos-en-el-territorio-es-la-falta-de-maquinaria-amarilla-la-insistencia-de-la-gobernadora-del-tolima-al-gobierno-nacional\/regional\/"]}]},{"@type":"ImageObject","inLanguage":"es","@id":"https:\/\/ciudadyregion.com.co\/index.php\/la-gran-problematica-que-tenemos-en-el-territorio-es-la-falta-de-maquinaria-amarilla-la-insistencia-de-la-gobernadora-del-tolima-al-gobierno-nacional\/regional\/#primaryimage","url":"https:\/\/i0.wp.com\/ciudadyregion.com.co\/wp-content\/uploads\/2024\/05\/5-12.jpg?fit=800%2C445&ssl=1","contentUrl":"https:\/\/i0.wp.com\/ciudadyregion.com.co\/wp-content\/uploads\/2024\/05\/5-12.jpg?fit=800%2C445&ssl=1","width":800,"height":445},{"@type":"BreadcrumbList","@id":"https:\/\/ciudadyregion.com.co\/index.php\/la-gran-problematica-que-tenemos-en-el-territorio-es-la-falta-de-maquinaria-amarilla-la-insistencia-de-la-gobernadora-del-tolima-al-gobierno-nacional\/regional\/#breadcrumb","itemListElement":[{"@type":"ListItem","position":1,"name":"Portada","item":"https:\/\/ciudadyregion.com.co\/"},{"@type":"ListItem","position":2,"name":"\u201dLa gran problem\u00e1tica que tenemos en el territorio es la falta de maquinaria amarilla\u201d, la insistencia de la gobernadora del Tolima al Gobierno Nacional"}]},{"@type":"WebSite","@id":"https:\/\/ciudadyregion.com.co\/#website","url":"https:\/\/ciudadyregion.com.co\/","name":"Ciudad y Region","description":"","potentialAction":[{"@type":"SearchAction","target":{"@type":"EntryPoint","urlTemplate":"https:\/\/ciudadyregion.com.co\/?s={search_term_string}"},"query-input":{"@type":"PropertyValueSpecification","valueRequired":true,"valueName":"search_term_string"}}],"inLanguage":"es"},{"@type":"Person","@id":"https:\/\/ciudadyregion.com.co\/#\/schema\/person\/04a4954373ebc4051f46e8c65ff78622","name":"David Andr\u00e9s Aguirre","image":{"@type":"ImageObject","inLanguage":"es","@id":"https:\/\/ciudadyregion.com.co\/#\/schema\/person\/image\/","url":"https:\/\/secure.gravatar.com\/avatar\/bc3c655860202182ee6d1b5edd042dbe?s=96&d=mm&r=g","contentUrl":"https:\/\/secure.gravatar.com\/avatar\/bc3c655860202182ee6d1b5edd042dbe?s=96&d=mm&r=g","caption":"David Andr\u00e9s Aguirre"},"url":"https:\/\/ciudadyregion.com.co\/index.php\/author\/diegoaguirre\/"}]}},"jetpack_featured_media_url":"https:\/\/i0.wp.com\/ciudadyregion.com.co\/wp-content\/uploads\/2024\/05\/5-12.jpg?fit=800%2C445&ssl=1","jetpack_sharing_enabled":true,"jetpack_shortlink":"https:\/\/wp.me\/pbS7hh-3UQ","jetpack-related-posts":[],"_links":{"self":[{"href":"https:\/\/ciudadyregion.com.co\/index.php\/wp-json\/wp\/v2\/posts\/15056"}],"collection":[{"href":"https:\/\/ciudadyregion.com.co\/index.php\/wp-json\/wp\/v2\/posts"}],"about":[{"href":"https:\/\/ciudadyregion.com.co\/index.php\/wp-json\/wp\/v2\/types\/post"}],"author":[{"embeddable":true,"href":"https:\/\/ciudadyregion.com.co\/index.php\/wp-json\/wp\/v2\/users\/2"}],"replies":[{"embeddable":true,"href":"https:\/\/ciudadyregion.com.co\/index.php\/wp-json\/wp\/v2\/comments?post=15056"}],"version-history":[{"count":1,"href":"https:\/\/ciudadyregion.com.co\/index.php\/wp-json\/wp\/v2\/posts\/15056\/revisions"}],"predecessor-version":[{"id":15058,"href":"https:\/\/ciudadyregion.com.co\/index.php\/wp-json\/wp\/v2\/posts\/15056\/revisions\/15058"}],"wp:featuredmedia":[{"embeddable":true,"href":"https:\/\/ciudadyregion.com.co\/index.php\/wp-json\/wp\/v2\/media\/15057"}],"wp:attachment":[{"href":"https:\/\/ciudadyregion.com.co\/index.php\/wp-json\/wp\/v2\/media?parent=15056"}],"wp:term":[{"taxonomy":"category","embeddable":true,"href":"https:\/\/ciudadyregion.com.co\/index.php\/wp-json\/wp\/v2\/categories?post=15056"},{"taxonomy":"post_tag","embeddable":true,"href":"https:\/\/ciudadyregion.com.co\/index.php\/wp-json\/wp\/v2\/tags?post=15056"}],"curies":[{"name":"wp","href":"https:\/\/api.w.org\/{rel}","templated":true}]}}