{"id":14972,"date":"2024-05-28T04:33:36","date_gmt":"2024-05-28T09:33:36","guid":{"rendered":"https:\/\/ciudadyregion.com.co\/?p=14972"},"modified":"2024-05-27T12:34:05","modified_gmt":"2024-05-27T17:34:05","slug":"cae-presunto-feminicida-serial-involucrado-en-por-lo-menos-8-crimenes-en-antioquia-y-cundinamarca","status":"publish","type":"post","link":"https:\/\/ciudadyregion.com.co\/index.php\/cae-presunto-feminicida-serial-involucrado-en-por-lo-menos-8-crimenes-en-antioquia-y-cundinamarca\/judicial\/","title":{"rendered":"Cae presunto feminicida serial involucrado en por lo menos 8 cr\u00edmenes en Antioquia y Cundinamarca"},"content":{"rendered":"<ul>\n<li aria-level=\"1\">\n<h4><strong><i>Es se\u00f1alado de asaltar a las v\u00edctimas en zonas solitarias y abusarlas sexualmente.\u00a0<\/i><\/strong><\/h4>\n<\/li>\n<\/ul>\n<ul>\n<li aria-level=\"1\">\n<h4><strong><i>Estar\u00eda involucrado en, por lo menos, ocho cr\u00edmenes. Hasta el momento ha sido judicializado por tres de estos.\u00a0<\/i><\/strong><\/h4>\n<\/li>\n<\/ul>\n<p>La Fiscal\u00eda General de la Naci\u00f3n, en un trabajo articulado con el Cuerpo T\u00e9cnico de Investigaci\u00f3n (CTI) y la Polic\u00eda Nacional,\u00a0puso en evidencia a Carlos Andr\u00e9s Rivera Ru\u00edz,\u00a0un presunto\u00a0feminicida serial\u00a0que habr\u00eda asechado a sus v\u00edctimas a quienes somet\u00eda sexualmente y luego las asesinaba. Estar\u00eda implicado en\u00a0feminicidios\u00a0ocurridos en Cundinamarca, Medell\u00edn y varios municipios de Antioquia.<\/p>\n<p>Rivera Ru\u00edz, al parecer, identificaba a sus v\u00edctimas cuando caminaban por zonas rurales\u00a0y las intimidaba con armas cortopunzantes, luego las llevaba por la fuerza a sitios despoblados donde las golpeaba, las lesionaba y las violentaba sexualmente.\u00a0Finalmente, las asfixiaba.\u00a0En algunos casos se detect\u00f3 que les amputaba una oreja.<\/p>\n<p>Las labores investigativas evidenciaron que, entre el 2019 y 2024, habr\u00eda atacado y asesinado a, por lo menos, ocho mujeres.<\/p>\n<p>El caso m\u00e1s reciente se registr\u00f3 en Tabio (Cundinamarca).\u00a0Una mujer de 58 a\u00f1os fue encontrada sin vida a orillas del r\u00edo Fr\u00edo, el pasado 19 de mayo. Otro hecho que se le atribuye sucedi\u00f3 el 28 de agosto de 2023 en Fusagasug\u00e1. En esta oportunidad tambi\u00e9n habr\u00eda hurtado el celular de la v\u00edctima.<\/p>\n<p>Labores de polic\u00eda judicial permitieron establecer que la presencia del se\u00f1alado agresor en Cundinamarca se dio luego de cometer siete cr\u00edmenes en Bello, Copacabana y Ciudad Bol\u00edvar, en el \u00e1rea metropolitana, y se ocult\u00f3 en una finca para burlar la acci\u00f3n de las autoridades.\u00a0Tambi\u00e9n se estableci\u00f3 que intent\u00f3 salir del departamento usando documentos falsos.\u00a0As\u00ed lo comprobaron los servidores de la SIJIN de la Polic\u00eda Nacional, quienes lo capturaron en el momento en el que se movilizaba en un bus de servicio intermunicipal.<\/p>\n<p>En poder del detenido los uniformados hallaron prendas de vestir y varios objetos cortopunzantes que podr\u00eda haber utilizado durante alguno de los ataques.<\/p>\n<p><strong>En Antioquia\u00a0<\/strong><\/p>\n<p>La Fiscal\u00eda General de la Naci\u00f3n imput\u00f3 a Rivera Ruiz por tres eventos perpetrados en Bello y Ciudad Bol\u00edvar en Medell\u00edn,\u00a0entre mayo de 2019 y febrero de 2020. En ese sentido, se\u00a0le formularon cargos por feminicidio, acceso carnal violento y hurto calificado, todas las conductas agravadas. El procesado no acept\u00f3 su responsabilidad en los hechos atribuidos.\u00a0El hombre deber\u00e1 cumplir medida de aseguramiento en un centro carcelario.<\/p>\n<p>En las pr\u00f3ximas horas, la Fiscal\u00eda le imputar\u00e1 otros cr\u00edmenes que presuntamente cometi\u00f3 en Antioquia y Cundinamarca.<\/p>\n","protected":false},"excerpt":{"rendered":"<p>Es se\u00f1alado de asaltar a las v\u00edctimas en zonas solitarias y abusarlas sexualmente.\u00a0 Estar\u00eda involucrado en, por lo menos, ocho cr\u00edmenes. Hasta el momento ha sido judicializado por tres de estos.\u00a0 La Fiscal\u00eda General de la Naci\u00f3n, en un trabajo articulado con el Cuerpo T\u00e9cnico de Investigaci\u00f3n (CTI) y la<span class=\"more-link\"><a href=\"https:\/\/ciudadyregion.com.co\/index.php\/cae-presunto-feminicida-serial-involucrado-en-por-lo-menos-8-crimenes-en-antioquia-y-cundinamarca\/judicial\/\">Continuar Leyendo<\/a><\/span><\/p>\n","protected":false},"author":2,"featured_media":14973,"comment_status":"open","ping_status":"open","sticky":false,"template":"","format":"standard","meta":{"_uf_show_specific_survey":0,"_uf_disable_surveys":false,"_jetpack_memberships_contains_paid_content":false,"footnotes":"","jetpack_publicize_message":"","jetpack_publicize_feature_enabled":true,"jetpack_social_post_already_shared":true,"jetpack_social_options":{"image_generator_settings":{"template":"highway","enabled":false},"version":2}},"categories":[18],"tags":[],"class_list":["entry","author-diegoaguirre","post-14972","post","type-post","status-publish","format-standard","has-post-thumbnail","category-judicial"],"jetpack_publicize_connections":[],"yoast_head":"<!-- This site is optimized with the Yoast SEO plugin v24.3 - https:\/\/yoast.com\/wordpress\/plugins\/seo\/ -->\n<title>Cae presunto feminicida serial involucrado en por lo menos 8 cr\u00edmenes en Antioquia y Cundinamarca - Ciudad y Region<\/title>\n<meta name=\"robots\" content=\"index, follow, max-snippet:-1, max-image-preview:large, max-video-preview:-1\" \/>\n<link rel=\"canonical\" href=\"https:\/\/ciudadyregion.com.co\/index.php\/cae-presunto-feminicida-serial-involucrado-en-por-lo-menos-8-crimenes-en-antioquia-y-cundinamarca\/judicial\/\" \/>\n<meta property=\"og:locale\" content=\"es_ES\" \/>\n<meta property=\"og:type\" content=\"article\" \/>\n<meta property=\"og:title\" content=\"Cae presunto feminicida serial involucrado en por lo menos 8 cr\u00edmenes en Antioquia y Cundinamarca - Ciudad y Region\" \/>\n<meta property=\"og:description\" content=\"Es se\u00f1alado de asaltar a las v\u00edctimas en zonas solitarias y abusarlas sexualmente.\u00a0 Estar\u00eda involucrado en, por lo menos, ocho cr\u00edmenes. Hasta el momento ha sido judicializado por tres de estos.\u00a0 La Fiscal\u00eda General de la Naci\u00f3n, en un trabajo articulado con el Cuerpo T\u00e9cnico de Investigaci\u00f3n (CTI) y laContinuar Leyendo\" \/>\n<meta property=\"og:url\" content=\"https:\/\/ciudadyregion.com.co\/index.php\/cae-presunto-feminicida-serial-involucrado-en-por-lo-menos-8-crimenes-en-antioquia-y-cundinamarca\/judicial\/\" \/>\n<meta property=\"og:site_name\" content=\"Ciudad y Region\" \/>\n<meta property=\"article:published_time\" content=\"2024-05-28T09:33:36+00:00\" \/>\n<meta property=\"article:modified_time\" content=\"2024-05-27T17:34:05+00:00\" \/>\n<meta property=\"og:image\" content=\"https:\/\/i0.wp.com\/ciudadyregion.com.co\/wp-content\/uploads\/2024\/05\/homiocidio-asesinato-muerto.jpg?fit=800%2C445&ssl=1\" \/>\n\t<meta property=\"og:image:width\" content=\"800\" \/>\n\t<meta property=\"og:image:height\" content=\"445\" \/>\n\t<meta property=\"og:image:type\" content=\"image\/jpeg\" \/>\n<meta name=\"author\" content=\"David Andr\u00e9s Aguirre\" \/>\n<meta name=\"twitter:card\" content=\"summary_large_image\" \/>\n<meta name=\"twitter:label1\" content=\"Escrito por\" \/>\n\t<meta name=\"twitter:data1\" content=\"David Andr\u00e9s Aguirre\" \/>\n\t<meta name=\"twitter:label2\" content=\"Tiempo de lectura\" \/>\n\t<meta name=\"twitter:data2\" content=\"2 minutos\" \/>\n<script type=\"application\/ld+json\" class=\"yoast-schema-graph\">{\"@context\":\"https:\/\/schema.org\",\"@graph\":[{\"@type\":\"WebPage\",\"@id\":\"https:\/\/ciudadyregion.com.co\/index.php\/cae-presunto-feminicida-serial-involucrado-en-por-lo-menos-8-crimenes-en-antioquia-y-cundinamarca\/judicial\/\",\"url\":\"https:\/\/ciudadyregion.com.co\/index.php\/cae-presunto-feminicida-serial-involucrado-en-por-lo-menos-8-crimenes-en-antioquia-y-cundinamarca\/judicial\/\",\"name\":\"Cae presunto feminicida serial involucrado en por lo menos 8 cr\u00edmenes en Antioquia y Cundinamarca - Ciudad y Region\",\"isPartOf\":{\"@id\":\"https:\/\/ciudadyregion.com.co\/#website\"},\"primaryImageOfPage\":{\"@id\":\"https:\/\/ciudadyregion.com.co\/index.php\/cae-presunto-feminicida-serial-involucrado-en-por-lo-menos-8-crimenes-en-antioquia-y-cundinamarca\/judicial\/#primaryimage\"},\"image\":{\"@id\":\"https:\/\/ciudadyregion.com.co\/index.php\/cae-presunto-feminicida-serial-involucrado-en-por-lo-menos-8-crimenes-en-antioquia-y-cundinamarca\/judicial\/#primaryimage\"},\"thumbnailUrl\":\"https:\/\/i0.wp.com\/ciudadyregion.com.co\/wp-content\/uploads\/2024\/05\/homiocidio-asesinato-muerto.jpg?fit=800%2C445&ssl=1\",\"datePublished\":\"2024-05-28T09:33:36+00:00\",\"dateModified\":\"2024-05-27T17:34:05+00:00\",\"author\":{\"@id\":\"https:\/\/ciudadyregion.com.co\/#\/schema\/person\/04a4954373ebc4051f46e8c65ff78622\"},\"breadcrumb\":{\"@id\":\"https:\/\/ciudadyregion.com.co\/index.php\/cae-presunto-feminicida-serial-involucrado-en-por-lo-menos-8-crimenes-en-antioquia-y-cundinamarca\/judicial\/#breadcrumb\"},\"inLanguage\":\"es\",\"potentialAction\":[{\"@type\":\"ReadAction\",\"target\":[\"https:\/\/ciudadyregion.com.co\/index.php\/cae-presunto-feminicida-serial-involucrado-en-por-lo-menos-8-crimenes-en-antioquia-y-cundinamarca\/judicial\/\"]}]},{\"@type\":\"ImageObject\",\"inLanguage\":\"es\",\"@id\":\"https:\/\/ciudadyregion.com.co\/index.php\/cae-presunto-feminicida-serial-involucrado-en-por-lo-menos-8-crimenes-en-antioquia-y-cundinamarca\/judicial\/#primaryimage\",\"url\":\"https:\/\/i0.wp.com\/ciudadyregion.com.co\/wp-content\/uploads\/2024\/05\/homiocidio-asesinato-muerto.jpg?fit=800%2C445&ssl=1\",\"contentUrl\":\"https:\/\/i0.wp.com\/ciudadyregion.com.co\/wp-content\/uploads\/2024\/05\/homiocidio-asesinato-muerto.jpg?fit=800%2C445&ssl=1\",\"width\":800,\"height\":445},{\"@type\":\"BreadcrumbList\",\"@id\":\"https:\/\/ciudadyregion.com.co\/index.php\/cae-presunto-feminicida-serial-involucrado-en-por-lo-menos-8-crimenes-en-antioquia-y-cundinamarca\/judicial\/#breadcrumb\",\"itemListElement\":[{\"@type\":\"ListItem\",\"position\":1,\"name\":\"Portada\",\"item\":\"https:\/\/ciudadyregion.com.co\/\"},{\"@type\":\"ListItem\",\"position\":2,\"name\":\"Cae presunto feminicida serial involucrado en por lo menos 8 cr\u00edmenes en Antioquia y Cundinamarca\"}]},{\"@type\":\"WebSite\",\"@id\":\"https:\/\/ciudadyregion.com.co\/#website\",\"url\":\"https:\/\/ciudadyregion.com.co\/\",\"name\":\"Ciudad y Region\",\"description\":\"\",\"potentialAction\":[{\"@type\":\"SearchAction\",\"target\":{\"@type\":\"EntryPoint\",\"urlTemplate\":\"https:\/\/ciudadyregion.com.co\/?s={search_term_string}\"},\"query-input\":{\"@type\":\"PropertyValueSpecification\",\"valueRequired\":true,\"valueName\":\"search_term_string\"}}],\"inLanguage\":\"es\"},{\"@type\":\"Person\",\"@id\":\"https:\/\/ciudadyregion.com.co\/#\/schema\/person\/04a4954373ebc4051f46e8c65ff78622\",\"name\":\"David Andr\u00e9s Aguirre\",\"image\":{\"@type\":\"ImageObject\",\"inLanguage\":\"es\",\"@id\":\"https:\/\/ciudadyregion.com.co\/#\/schema\/person\/image\/\",\"url\":\"https:\/\/secure.gravatar.com\/avatar\/bc3c655860202182ee6d1b5edd042dbe?s=96&d=mm&r=g\",\"contentUrl\":\"https:\/\/secure.gravatar.com\/avatar\/bc3c655860202182ee6d1b5edd042dbe?s=96&d=mm&r=g\",\"caption\":\"David Andr\u00e9s Aguirre\"},\"url\":\"https:\/\/ciudadyregion.com.co\/index.php\/author\/diegoaguirre\/\"}]}<\/script>\n<!-- \/ Yoast SEO plugin. -->","yoast_head_json":{"title":"Cae presunto feminicida serial involucrado en por lo menos 8 cr\u00edmenes en Antioquia y Cundinamarca - Ciudad y Region","robots":{"index":"index","follow":"follow","max-snippet":"max-snippet:-1","max-image-preview":"max-image-preview:large","max-video-preview":"max-video-preview:-1"},"canonical":"https:\/\/ciudadyregion.com.co\/index.php\/cae-presunto-feminicida-serial-involucrado-en-por-lo-menos-8-crimenes-en-antioquia-y-cundinamarca\/judicial\/","og_locale":"es_ES","og_type":"article","og_title":"Cae presunto feminicida serial involucrado en por lo menos 8 cr\u00edmenes en Antioquia y Cundinamarca - Ciudad y Region","og_description":"Es se\u00f1alado de asaltar a las v\u00edctimas en zonas solitarias y abusarlas sexualmente.\u00a0 Estar\u00eda involucrado en, por lo menos, ocho cr\u00edmenes. Hasta el momento ha sido judicializado por tres de estos.\u00a0 La Fiscal\u00eda General de la Naci\u00f3n, en un trabajo articulado con el Cuerpo T\u00e9cnico de Investigaci\u00f3n (CTI) y laContinuar Leyendo","og_url":"https:\/\/ciudadyregion.com.co\/index.php\/cae-presunto-feminicida-serial-involucrado-en-por-lo-menos-8-crimenes-en-antioquia-y-cundinamarca\/judicial\/","og_site_name":"Ciudad y Region","article_published_time":"2024-05-28T09:33:36+00:00","article_modified_time":"2024-05-27T17:34:05+00:00","og_image":[{"width":800,"height":445,"url":"https:\/\/i0.wp.com\/ciudadyregion.com.co\/wp-content\/uploads\/2024\/05\/homiocidio-asesinato-muerto.jpg?fit=800%2C445&ssl=1","type":"image\/jpeg"}],"author":"David Andr\u00e9s Aguirre","twitter_card":"summary_large_image","twitter_misc":{"Escrito por":"David Andr\u00e9s Aguirre","Tiempo de lectura":"2 minutos"},"schema":{"@context":"https:\/\/schema.org","@graph":[{"@type":"WebPage","@id":"https:\/\/ciudadyregion.com.co\/index.php\/cae-presunto-feminicida-serial-involucrado-en-por-lo-menos-8-crimenes-en-antioquia-y-cundinamarca\/judicial\/","url":"https:\/\/ciudadyregion.com.co\/index.php\/cae-presunto-feminicida-serial-involucrado-en-por-lo-menos-8-crimenes-en-antioquia-y-cundinamarca\/judicial\/","name":"Cae presunto feminicida serial involucrado en por lo menos 8 cr\u00edmenes en Antioquia y Cundinamarca - Ciudad y Region","isPartOf":{"@id":"https:\/\/ciudadyregion.com.co\/#website"},"primaryImageOfPage":{"@id":"https:\/\/ciudadyregion.com.co\/index.php\/cae-presunto-feminicida-serial-involucrado-en-por-lo-menos-8-crimenes-en-antioquia-y-cundinamarca\/judicial\/#primaryimage"},"image":{"@id":"https:\/\/ciudadyregion.com.co\/index.php\/cae-presunto-feminicida-serial-involucrado-en-por-lo-menos-8-crimenes-en-antioquia-y-cundinamarca\/judicial\/#primaryimage"},"thumbnailUrl":"https:\/\/i0.wp.com\/ciudadyregion.com.co\/wp-content\/uploads\/2024\/05\/homiocidio-asesinato-muerto.jpg?fit=800%2C445&ssl=1","datePublished":"2024-05-28T09:33:36+00:00","dateModified":"2024-05-27T17:34:05+00:00","author":{"@id":"https:\/\/ciudadyregion.com.co\/#\/schema\/person\/04a4954373ebc4051f46e8c65ff78622"},"breadcrumb":{"@id":"https:\/\/ciudadyregion.com.co\/index.php\/cae-presunto-feminicida-serial-involucrado-en-por-lo-menos-8-crimenes-en-antioquia-y-cundinamarca\/judicial\/#breadcrumb"},"inLanguage":"es","potentialAction":[{"@type":"ReadAction","target":["https:\/\/ciudadyregion.com.co\/index.php\/cae-presunto-feminicida-serial-involucrado-en-por-lo-menos-8-crimenes-en-antioquia-y-cundinamarca\/judicial\/"]}]},{"@type":"ImageObject","inLanguage":"es","@id":"https:\/\/ciudadyregion.com.co\/index.php\/cae-presunto-feminicida-serial-involucrado-en-por-lo-menos-8-crimenes-en-antioquia-y-cundinamarca\/judicial\/#primaryimage","url":"https:\/\/i0.wp.com\/ciudadyregion.com.co\/wp-content\/uploads\/2024\/05\/homiocidio-asesinato-muerto.jpg?fit=800%2C445&ssl=1","contentUrl":"https:\/\/i0.wp.com\/ciudadyregion.com.co\/wp-content\/uploads\/2024\/05\/homiocidio-asesinato-muerto.jpg?fit=800%2C445&ssl=1","width":800,"height":445},{"@type":"BreadcrumbList","@id":"https:\/\/ciudadyregion.com.co\/index.php\/cae-presunto-feminicida-serial-involucrado-en-por-lo-menos-8-crimenes-en-antioquia-y-cundinamarca\/judicial\/#breadcrumb","itemListElement":[{"@type":"ListItem","position":1,"name":"Portada","item":"https:\/\/ciudadyregion.com.co\/"},{"@type":"ListItem","position":2,"name":"Cae presunto feminicida serial involucrado en por lo menos 8 cr\u00edmenes en Antioquia y Cundinamarca"}]},{"@type":"WebSite","@id":"https:\/\/ciudadyregion.com.co\/#website","url":"https:\/\/ciudadyregion.com.co\/","name":"Ciudad y Region","description":"","potentialAction":[{"@type":"SearchAction","target":{"@type":"EntryPoint","urlTemplate":"https:\/\/ciudadyregion.com.co\/?s={search_term_string}"},"query-input":{"@type":"PropertyValueSpecification","valueRequired":true,"valueName":"search_term_string"}}],"inLanguage":"es"},{"@type":"Person","@id":"https:\/\/ciudadyregion.com.co\/#\/schema\/person\/04a4954373ebc4051f46e8c65ff78622","name":"David Andr\u00e9s Aguirre","image":{"@type":"ImageObject","inLanguage":"es","@id":"https:\/\/ciudadyregion.com.co\/#\/schema\/person\/image\/","url":"https:\/\/secure.gravatar.com\/avatar\/bc3c655860202182ee6d1b5edd042dbe?s=96&d=mm&r=g","contentUrl":"https:\/\/secure.gravatar.com\/avatar\/bc3c655860202182ee6d1b5edd042dbe?s=96&d=mm&r=g","caption":"David Andr\u00e9s Aguirre"},"url":"https:\/\/ciudadyregion.com.co\/index.php\/author\/diegoaguirre\/"}]}},"jetpack_featured_media_url":"https:\/\/i0.wp.com\/ciudadyregion.com.co\/wp-content\/uploads\/2024\/05\/homiocidio-asesinato-muerto.jpg?fit=800%2C445&ssl=1","jetpack_sharing_enabled":true,"jetpack_shortlink":"https:\/\/wp.me\/pbS7hh-3Tu","jetpack-related-posts":[],"_links":{"self":[{"href":"https:\/\/ciudadyregion.com.co\/index.php\/wp-json\/wp\/v2\/posts\/14972"}],"collection":[{"href":"https:\/\/ciudadyregion.com.co\/index.php\/wp-json\/wp\/v2\/posts"}],"about":[{"href":"https:\/\/ciudadyregion.com.co\/index.php\/wp-json\/wp\/v2\/types\/post"}],"author":[{"embeddable":true,"href":"https:\/\/ciudadyregion.com.co\/index.php\/wp-json\/wp\/v2\/users\/2"}],"replies":[{"embeddable":true,"href":"https:\/\/ciudadyregion.com.co\/index.php\/wp-json\/wp\/v2\/comments?post=14972"}],"version-history":[{"count":1,"href":"https:\/\/ciudadyregion.com.co\/index.php\/wp-json\/wp\/v2\/posts\/14972\/revisions"}],"predecessor-version":[{"id":14974,"href":"https:\/\/ciudadyregion.com.co\/index.php\/wp-json\/wp\/v2\/posts\/14972\/revisions\/14974"}],"wp:featuredmedia":[{"embeddable":true,"href":"https:\/\/ciudadyregion.com.co\/index.php\/wp-json\/wp\/v2\/media\/14973"}],"wp:attachment":[{"href":"https:\/\/ciudadyregion.com.co\/index.php\/wp-json\/wp\/v2\/media?parent=14972"}],"wp:term":[{"taxonomy":"category","embeddable":true,"href":"https:\/\/ciudadyregion.com.co\/index.php\/wp-json\/wp\/v2\/categories?post=14972"},{"taxonomy":"post_tag","embeddable":true,"href":"https:\/\/ciudadyregion.com.co\/index.php\/wp-json\/wp\/v2\/tags?post=14972"}],"curies":[{"name":"wp","href":"https:\/\/api.w.org\/{rel}","templated":true}]}}