{"id":14954,"date":"2024-05-28T04:48:39","date_gmt":"2024-05-28T09:48:39","guid":{"rendered":"https:\/\/ciudadyregion.com.co\/?p=14954"},"modified":"2024-05-27T11:49:06","modified_gmt":"2024-05-27T16:49:06","slug":"un-exito-reportan-masiva-participacion-en-jornadas-de-vacunacion-de-la-usi-durante-el-fin-de-semana-en-ibague","status":"publish","type":"post","link":"https:\/\/ciudadyregion.com.co\/index.php\/un-exito-reportan-masiva-participacion-en-jornadas-de-vacunacion-de-la-usi-durante-el-fin-de-semana-en-ibague\/ibague\/","title":{"rendered":"Un \u00e9xito: Reportan masiva participaci\u00f3n en jornadas de vacunaci\u00f3n de la USI durante el fin de semana en Ibagu\u00e9"},"content":{"rendered":"<div>La Unidad de Salud de Ibagu\u00e9 particip\u00f3 en la jornada departamental de vacunaci\u00f3n y llev\u00f3 a cabo otra para proteger contra la rabia a caninos y felinos.<\/div>\n<div><span style=\"font-family: Arial, Verdana;\">\u00a0<\/span><\/div>\n<blockquote>\n<div><span style=\"font-family: Arial, Verdana;\"><i>\u201cEl s\u00e1bado habilitamos 10 sedes para que las personas pudieran acceder a las vacunas e iniciar y completar sus esquemas. A pesar de la lluvia, ni\u00f1os y adultos se acercaron a estos puntos\u201d,<\/i>\u00a0coment\u00f3 Aura Acevedo, gerente de la USI.<\/span><\/div>\n<\/blockquote>\n<div><span style=\"font-family: Arial, Verdana;\">\u00a0<\/span><\/div>\n<div><span style=\"font-family: Arial, Verdana;\">Asimismo, el domingo se vacunaron m\u00e1s de 300 mascotas en la jornada gratuita que se efectu\u00f3 en el parqueadero del Centro Comercial La Estaci\u00f3n. \u00c9sta fue ejecutada por la USI, gracias al convenio del Plan de Intervenciones Colectivas, firmado con la Secretar\u00eda de Salud Municipal, que permite a la instituci\u00f3n realizar este tipo de actividades.<\/span><\/div>\n<div><span style=\"font-family: Arial, Verdana;\">\u00a0<\/span><\/div>\n<div><span style=\"font-family: Arial, Verdana;\">Es de resaltar que estas actividades se realizan peri\u00f3dicamente en el a\u00f1o; por eso, la invitaci\u00f3n para la ciudadan\u00eda es estar pendientes a las redes oficiales de la Alcald\u00eda y la Unidad de Salud de Ibagu\u00e9 y conocer cu\u00e1ndo ser\u00e1 la siguiente.<\/span><\/div>\n","protected":false},"excerpt":{"rendered":"<p>La Unidad de Salud de Ibagu\u00e9 particip\u00f3 en la jornada departamental de vacunaci\u00f3n y llev\u00f3 a cabo otra para proteger contra la rabia a caninos y felinos. \u00a0 \u201cEl s\u00e1bado habilitamos 10 sedes para que las personas pudieran acceder a las vacunas e iniciar y completar sus esquemas. A pesar<span class=\"more-link\"><a href=\"https:\/\/ciudadyregion.com.co\/index.php\/un-exito-reportan-masiva-participacion-en-jornadas-de-vacunacion-de-la-usi-durante-el-fin-de-semana-en-ibague\/ibague\/\">Continuar Leyendo<\/a><\/span><\/p>\n","protected":false},"author":2,"featured_media":14955,"comment_status":"open","ping_status":"open","sticky":false,"template":"","format":"standard","meta":{"_uf_show_specific_survey":0,"_uf_disable_surveys":false,"_jetpack_memberships_contains_paid_content":false,"footnotes":"","jetpack_publicize_message":"","jetpack_publicize_feature_enabled":true,"jetpack_social_post_already_shared":true,"jetpack_social_options":{"image_generator_settings":{"template":"highway","enabled":false},"version":2}},"categories":[14,29],"tags":[],"class_list":["entry","author-diegoaguirre","post-14954","post","type-post","status-publish","format-standard","has-post-thumbnail","category-ibague","category-salud"],"jetpack_publicize_connections":[],"yoast_head":"<!-- This site is optimized with the Yoast SEO plugin v24.3 - https:\/\/yoast.com\/wordpress\/plugins\/seo\/ -->\n<title>Un \u00e9xito: Reportan masiva participaci\u00f3n en jornadas de vacunaci\u00f3n de la USI durante el fin de semana en Ibagu\u00e9 - Ciudad y Region<\/title>\n<meta name=\"robots\" content=\"index, follow, max-snippet:-1, max-image-preview:large, max-video-preview:-1\" \/>\n<link rel=\"canonical\" href=\"https:\/\/ciudadyregion.com.co\/index.php\/un-exito-reportan-masiva-participacion-en-jornadas-de-vacunacion-de-la-usi-durante-el-fin-de-semana-en-ibague\/ibague\/\" \/>\n<meta property=\"og:locale\" content=\"es_ES\" \/>\n<meta property=\"og:type\" content=\"article\" \/>\n<meta property=\"og:title\" content=\"Un \u00e9xito: Reportan masiva participaci\u00f3n en jornadas de vacunaci\u00f3n de la USI durante el fin de semana en Ibagu\u00e9 - Ciudad y Region\" \/>\n<meta property=\"og:description\" content=\"La Unidad de Salud de Ibagu\u00e9 particip\u00f3 en la jornada departamental de vacunaci\u00f3n y llev\u00f3 a cabo otra para proteger contra la rabia a caninos y felinos. \u00a0 \u201cEl s\u00e1bado habilitamos 10 sedes para que las personas pudieran acceder a las vacunas e iniciar y completar sus esquemas. A pesarContinuar Leyendo\" \/>\n<meta property=\"og:url\" content=\"https:\/\/ciudadyregion.com.co\/index.php\/un-exito-reportan-masiva-participacion-en-jornadas-de-vacunacion-de-la-usi-durante-el-fin-de-semana-en-ibague\/ibague\/\" \/>\n<meta property=\"og:site_name\" content=\"Ciudad y Region\" \/>\n<meta property=\"article:published_time\" content=\"2024-05-28T09:48:39+00:00\" \/>\n<meta property=\"article:modified_time\" content=\"2024-05-27T16:49:06+00:00\" \/>\n<meta property=\"og:image\" content=\"https:\/\/i0.wp.com\/ciudadyregion.com.co\/wp-content\/uploads\/2024\/05\/1-18-1.jpg?fit=800%2C445&ssl=1\" \/>\n\t<meta property=\"og:image:width\" content=\"800\" \/>\n\t<meta property=\"og:image:height\" content=\"445\" \/>\n\t<meta property=\"og:image:type\" content=\"image\/jpeg\" \/>\n<meta name=\"author\" content=\"David Andr\u00e9s Aguirre\" \/>\n<meta name=\"twitter:card\" content=\"summary_large_image\" \/>\n<meta name=\"twitter:label1\" content=\"Escrito por\" \/>\n\t<meta name=\"twitter:data1\" content=\"David Andr\u00e9s Aguirre\" \/>\n\t<meta name=\"twitter:label2\" content=\"Tiempo de lectura\" \/>\n\t<meta name=\"twitter:data2\" content=\"1 minuto\" \/>\n<script type=\"application\/ld+json\" class=\"yoast-schema-graph\">{\"@context\":\"https:\/\/schema.org\",\"@graph\":[{\"@type\":\"WebPage\",\"@id\":\"https:\/\/ciudadyregion.com.co\/index.php\/un-exito-reportan-masiva-participacion-en-jornadas-de-vacunacion-de-la-usi-durante-el-fin-de-semana-en-ibague\/ibague\/\",\"url\":\"https:\/\/ciudadyregion.com.co\/index.php\/un-exito-reportan-masiva-participacion-en-jornadas-de-vacunacion-de-la-usi-durante-el-fin-de-semana-en-ibague\/ibague\/\",\"name\":\"Un \u00e9xito: Reportan masiva participaci\u00f3n en jornadas de vacunaci\u00f3n de la USI durante el fin de semana en Ibagu\u00e9 - Ciudad y Region\",\"isPartOf\":{\"@id\":\"https:\/\/ciudadyregion.com.co\/#website\"},\"primaryImageOfPage\":{\"@id\":\"https:\/\/ciudadyregion.com.co\/index.php\/un-exito-reportan-masiva-participacion-en-jornadas-de-vacunacion-de-la-usi-durante-el-fin-de-semana-en-ibague\/ibague\/#primaryimage\"},\"image\":{\"@id\":\"https:\/\/ciudadyregion.com.co\/index.php\/un-exito-reportan-masiva-participacion-en-jornadas-de-vacunacion-de-la-usi-durante-el-fin-de-semana-en-ibague\/ibague\/#primaryimage\"},\"thumbnailUrl\":\"https:\/\/i0.wp.com\/ciudadyregion.com.co\/wp-content\/uploads\/2024\/05\/1-18-1.jpg?fit=800%2C445&ssl=1\",\"datePublished\":\"2024-05-28T09:48:39+00:00\",\"dateModified\":\"2024-05-27T16:49:06+00:00\",\"author\":{\"@id\":\"https:\/\/ciudadyregion.com.co\/#\/schema\/person\/04a4954373ebc4051f46e8c65ff78622\"},\"breadcrumb\":{\"@id\":\"https:\/\/ciudadyregion.com.co\/index.php\/un-exito-reportan-masiva-participacion-en-jornadas-de-vacunacion-de-la-usi-durante-el-fin-de-semana-en-ibague\/ibague\/#breadcrumb\"},\"inLanguage\":\"es\",\"potentialAction\":[{\"@type\":\"ReadAction\",\"target\":[\"https:\/\/ciudadyregion.com.co\/index.php\/un-exito-reportan-masiva-participacion-en-jornadas-de-vacunacion-de-la-usi-durante-el-fin-de-semana-en-ibague\/ibague\/\"]}]},{\"@type\":\"ImageObject\",\"inLanguage\":\"es\",\"@id\":\"https:\/\/ciudadyregion.com.co\/index.php\/un-exito-reportan-masiva-participacion-en-jornadas-de-vacunacion-de-la-usi-durante-el-fin-de-semana-en-ibague\/ibague\/#primaryimage\",\"url\":\"https:\/\/i0.wp.com\/ciudadyregion.com.co\/wp-content\/uploads\/2024\/05\/1-18-1.jpg?fit=800%2C445&ssl=1\",\"contentUrl\":\"https:\/\/i0.wp.com\/ciudadyregion.com.co\/wp-content\/uploads\/2024\/05\/1-18-1.jpg?fit=800%2C445&ssl=1\",\"width\":800,\"height\":445},{\"@type\":\"BreadcrumbList\",\"@id\":\"https:\/\/ciudadyregion.com.co\/index.php\/un-exito-reportan-masiva-participacion-en-jornadas-de-vacunacion-de-la-usi-durante-el-fin-de-semana-en-ibague\/ibague\/#breadcrumb\",\"itemListElement\":[{\"@type\":\"ListItem\",\"position\":1,\"name\":\"Portada\",\"item\":\"https:\/\/ciudadyregion.com.co\/\"},{\"@type\":\"ListItem\",\"position\":2,\"name\":\"Un \u00e9xito: Reportan masiva participaci\u00f3n en jornadas de vacunaci\u00f3n de la USI durante el fin de semana en Ibagu\u00e9\"}]},{\"@type\":\"WebSite\",\"@id\":\"https:\/\/ciudadyregion.com.co\/#website\",\"url\":\"https:\/\/ciudadyregion.com.co\/\",\"name\":\"Ciudad y Region\",\"description\":\"\",\"potentialAction\":[{\"@type\":\"SearchAction\",\"target\":{\"@type\":\"EntryPoint\",\"urlTemplate\":\"https:\/\/ciudadyregion.com.co\/?s={search_term_string}\"},\"query-input\":{\"@type\":\"PropertyValueSpecification\",\"valueRequired\":true,\"valueName\":\"search_term_string\"}}],\"inLanguage\":\"es\"},{\"@type\":\"Person\",\"@id\":\"https:\/\/ciudadyregion.com.co\/#\/schema\/person\/04a4954373ebc4051f46e8c65ff78622\",\"name\":\"David Andr\u00e9s Aguirre\",\"image\":{\"@type\":\"ImageObject\",\"inLanguage\":\"es\",\"@id\":\"https:\/\/ciudadyregion.com.co\/#\/schema\/person\/image\/\",\"url\":\"https:\/\/secure.gravatar.com\/avatar\/bc3c655860202182ee6d1b5edd042dbe?s=96&d=mm&r=g\",\"contentUrl\":\"https:\/\/secure.gravatar.com\/avatar\/bc3c655860202182ee6d1b5edd042dbe?s=96&d=mm&r=g\",\"caption\":\"David Andr\u00e9s Aguirre\"},\"url\":\"https:\/\/ciudadyregion.com.co\/index.php\/author\/diegoaguirre\/\"}]}<\/script>\n<!-- \/ Yoast SEO plugin. -->","yoast_head_json":{"title":"Un \u00e9xito: Reportan masiva participaci\u00f3n en jornadas de vacunaci\u00f3n de la USI durante el fin de semana en Ibagu\u00e9 - Ciudad y Region","robots":{"index":"index","follow":"follow","max-snippet":"max-snippet:-1","max-image-preview":"max-image-preview:large","max-video-preview":"max-video-preview:-1"},"canonical":"https:\/\/ciudadyregion.com.co\/index.php\/un-exito-reportan-masiva-participacion-en-jornadas-de-vacunacion-de-la-usi-durante-el-fin-de-semana-en-ibague\/ibague\/","og_locale":"es_ES","og_type":"article","og_title":"Un \u00e9xito: Reportan masiva participaci\u00f3n en jornadas de vacunaci\u00f3n de la USI durante el fin de semana en Ibagu\u00e9 - Ciudad y Region","og_description":"La Unidad de Salud de Ibagu\u00e9 particip\u00f3 en la jornada departamental de vacunaci\u00f3n y llev\u00f3 a cabo otra para proteger contra la rabia a caninos y felinos. \u00a0 \u201cEl s\u00e1bado habilitamos 10 sedes para que las personas pudieran acceder a las vacunas e iniciar y completar sus esquemas. A pesarContinuar Leyendo","og_url":"https:\/\/ciudadyregion.com.co\/index.php\/un-exito-reportan-masiva-participacion-en-jornadas-de-vacunacion-de-la-usi-durante-el-fin-de-semana-en-ibague\/ibague\/","og_site_name":"Ciudad y Region","article_published_time":"2024-05-28T09:48:39+00:00","article_modified_time":"2024-05-27T16:49:06+00:00","og_image":[{"width":800,"height":445,"url":"https:\/\/i0.wp.com\/ciudadyregion.com.co\/wp-content\/uploads\/2024\/05\/1-18-1.jpg?fit=800%2C445&ssl=1","type":"image\/jpeg"}],"author":"David Andr\u00e9s Aguirre","twitter_card":"summary_large_image","twitter_misc":{"Escrito por":"David Andr\u00e9s Aguirre","Tiempo de lectura":"1 minuto"},"schema":{"@context":"https:\/\/schema.org","@graph":[{"@type":"WebPage","@id":"https:\/\/ciudadyregion.com.co\/index.php\/un-exito-reportan-masiva-participacion-en-jornadas-de-vacunacion-de-la-usi-durante-el-fin-de-semana-en-ibague\/ibague\/","url":"https:\/\/ciudadyregion.com.co\/index.php\/un-exito-reportan-masiva-participacion-en-jornadas-de-vacunacion-de-la-usi-durante-el-fin-de-semana-en-ibague\/ibague\/","name":"Un \u00e9xito: Reportan masiva participaci\u00f3n en jornadas de vacunaci\u00f3n de la USI durante el fin de semana en Ibagu\u00e9 - Ciudad y Region","isPartOf":{"@id":"https:\/\/ciudadyregion.com.co\/#website"},"primaryImageOfPage":{"@id":"https:\/\/ciudadyregion.com.co\/index.php\/un-exito-reportan-masiva-participacion-en-jornadas-de-vacunacion-de-la-usi-durante-el-fin-de-semana-en-ibague\/ibague\/#primaryimage"},"image":{"@id":"https:\/\/ciudadyregion.com.co\/index.php\/un-exito-reportan-masiva-participacion-en-jornadas-de-vacunacion-de-la-usi-durante-el-fin-de-semana-en-ibague\/ibague\/#primaryimage"},"thumbnailUrl":"https:\/\/i0.wp.com\/ciudadyregion.com.co\/wp-content\/uploads\/2024\/05\/1-18-1.jpg?fit=800%2C445&ssl=1","datePublished":"2024-05-28T09:48:39+00:00","dateModified":"2024-05-27T16:49:06+00:00","author":{"@id":"https:\/\/ciudadyregion.com.co\/#\/schema\/person\/04a4954373ebc4051f46e8c65ff78622"},"breadcrumb":{"@id":"https:\/\/ciudadyregion.com.co\/index.php\/un-exito-reportan-masiva-participacion-en-jornadas-de-vacunacion-de-la-usi-durante-el-fin-de-semana-en-ibague\/ibague\/#breadcrumb"},"inLanguage":"es","potentialAction":[{"@type":"ReadAction","target":["https:\/\/ciudadyregion.com.co\/index.php\/un-exito-reportan-masiva-participacion-en-jornadas-de-vacunacion-de-la-usi-durante-el-fin-de-semana-en-ibague\/ibague\/"]}]},{"@type":"ImageObject","inLanguage":"es","@id":"https:\/\/ciudadyregion.com.co\/index.php\/un-exito-reportan-masiva-participacion-en-jornadas-de-vacunacion-de-la-usi-durante-el-fin-de-semana-en-ibague\/ibague\/#primaryimage","url":"https:\/\/i0.wp.com\/ciudadyregion.com.co\/wp-content\/uploads\/2024\/05\/1-18-1.jpg?fit=800%2C445&ssl=1","contentUrl":"https:\/\/i0.wp.com\/ciudadyregion.com.co\/wp-content\/uploads\/2024\/05\/1-18-1.jpg?fit=800%2C445&ssl=1","width":800,"height":445},{"@type":"BreadcrumbList","@id":"https:\/\/ciudadyregion.com.co\/index.php\/un-exito-reportan-masiva-participacion-en-jornadas-de-vacunacion-de-la-usi-durante-el-fin-de-semana-en-ibague\/ibague\/#breadcrumb","itemListElement":[{"@type":"ListItem","position":1,"name":"Portada","item":"https:\/\/ciudadyregion.com.co\/"},{"@type":"ListItem","position":2,"name":"Un \u00e9xito: Reportan masiva participaci\u00f3n en jornadas de vacunaci\u00f3n de la USI durante el fin de semana en Ibagu\u00e9"}]},{"@type":"WebSite","@id":"https:\/\/ciudadyregion.com.co\/#website","url":"https:\/\/ciudadyregion.com.co\/","name":"Ciudad y Region","description":"","potentialAction":[{"@type":"SearchAction","target":{"@type":"EntryPoint","urlTemplate":"https:\/\/ciudadyregion.com.co\/?s={search_term_string}"},"query-input":{"@type":"PropertyValueSpecification","valueRequired":true,"valueName":"search_term_string"}}],"inLanguage":"es"},{"@type":"Person","@id":"https:\/\/ciudadyregion.com.co\/#\/schema\/person\/04a4954373ebc4051f46e8c65ff78622","name":"David Andr\u00e9s Aguirre","image":{"@type":"ImageObject","inLanguage":"es","@id":"https:\/\/ciudadyregion.com.co\/#\/schema\/person\/image\/","url":"https:\/\/secure.gravatar.com\/avatar\/bc3c655860202182ee6d1b5edd042dbe?s=96&d=mm&r=g","contentUrl":"https:\/\/secure.gravatar.com\/avatar\/bc3c655860202182ee6d1b5edd042dbe?s=96&d=mm&r=g","caption":"David Andr\u00e9s Aguirre"},"url":"https:\/\/ciudadyregion.com.co\/index.php\/author\/diegoaguirre\/"}]}},"jetpack_featured_media_url":"https:\/\/i0.wp.com\/ciudadyregion.com.co\/wp-content\/uploads\/2024\/05\/1-18-1.jpg?fit=800%2C445&ssl=1","jetpack_sharing_enabled":true,"jetpack_shortlink":"https:\/\/wp.me\/pbS7hh-3Tc","jetpack-related-posts":[],"_links":{"self":[{"href":"https:\/\/ciudadyregion.com.co\/index.php\/wp-json\/wp\/v2\/posts\/14954"}],"collection":[{"href":"https:\/\/ciudadyregion.com.co\/index.php\/wp-json\/wp\/v2\/posts"}],"about":[{"href":"https:\/\/ciudadyregion.com.co\/index.php\/wp-json\/wp\/v2\/types\/post"}],"author":[{"embeddable":true,"href":"https:\/\/ciudadyregion.com.co\/index.php\/wp-json\/wp\/v2\/users\/2"}],"replies":[{"embeddable":true,"href":"https:\/\/ciudadyregion.com.co\/index.php\/wp-json\/wp\/v2\/comments?post=14954"}],"version-history":[{"count":1,"href":"https:\/\/ciudadyregion.com.co\/index.php\/wp-json\/wp\/v2\/posts\/14954\/revisions"}],"predecessor-version":[{"id":14956,"href":"https:\/\/ciudadyregion.com.co\/index.php\/wp-json\/wp\/v2\/posts\/14954\/revisions\/14956"}],"wp:featuredmedia":[{"embeddable":true,"href":"https:\/\/ciudadyregion.com.co\/index.php\/wp-json\/wp\/v2\/media\/14955"}],"wp:attachment":[{"href":"https:\/\/ciudadyregion.com.co\/index.php\/wp-json\/wp\/v2\/media?parent=14954"}],"wp:term":[{"taxonomy":"category","embeddable":true,"href":"https:\/\/ciudadyregion.com.co\/index.php\/wp-json\/wp\/v2\/categories?post=14954"},{"taxonomy":"post_tag","embeddable":true,"href":"https:\/\/ciudadyregion.com.co\/index.php\/wp-json\/wp\/v2\/tags?post=14954"}],"curies":[{"name":"wp","href":"https:\/\/api.w.org\/{rel}","templated":true}]}}