{"id":1495,"date":"2023-11-09T08:23:43","date_gmt":"2023-11-09T13:23:43","guid":{"rendered":"https:\/\/ciudadyregion.com.co\/?p=1495"},"modified":"2023-11-09T08:23:43","modified_gmt":"2023-11-09T13:23:43","slug":"accidente-dejo-un-motociclista-muerto-en-la-via-bogota-facatativa","status":"publish","type":"post","link":"https:\/\/ciudadyregion.com.co\/index.php\/accidente-dejo-un-motociclista-muerto-en-la-via-bogota-facatativa\/regional\/","title":{"rendered":"Accidente dej\u00f3 un motociclista muerto en la v\u00eda Bogot\u00e1 \u2013 Facatativ\u00e1"},"content":{"rendered":"<ul>\n<li>En la v\u00eda entre Bogot\u00e1 y Facatativ\u00e1, Cundinamarca, se present\u00f3 un accidente que dej\u00f3 un motociclista muerto.<\/li>\n<\/ul>\n<div><\/div>\n<div>El hecho se present\u00f3 en la v\u00eda que conecta Bogot\u00e1 con Facatativ\u00e1, causando la muerte de un motociclista. Los equipos de respuesta de emergencia acudieron de inmediato al lugar para atender la tr\u00e1gica situaci\u00f3n.<\/div>\n<div><\/div>\n<div>Al parecer, la v\u00edctima perdi\u00f3 el control de su veh\u00edculo debido a un posible exceso de velocidad, lo cual result\u00f3 en un choque fatal.<\/div>\n<div>Esta informaci\u00f3n fue corroborada por la entidad encargada de la construcci\u00f3n, operaci\u00f3n y mantenimiento de la v\u00eda Fontib\u00f3n \u2013 Facatativ\u00e1 \u2013 Los Alpes.<\/div>\n<div><\/div>\n<div>Durante el proceso de rescate y levantamiento del accidente por parte de los equipos de emergencia, se gener\u00f3 una significativa congesti\u00f3n vehicular en la zona. Igualmente, un motociclista muri\u00f3 tras chocar con una camioneta, en la variante Soacha-La Mesa, Cundinamarca, hasta donde llegaron las autoridades y organismos de socorro.<\/div>\n<div><\/div>\n<div>Seg\u00fan testigos de la tragedia, el conductor de la moto iba a alta velocidad y perdi\u00f3 el control, chocando contra el veh\u00edculo y falleciendo de manera inmediata en el lugar.<\/div>\n<div><\/div>\n<div><\/div>\n<div><\/div>\n<div><\/div>\n<div><\/div>\n<div><\/div>\n<div>Autora: Danna Londo\u00f1o<\/div>\n","protected":false},"excerpt":{"rendered":"<p>En la v\u00eda entre Bogot\u00e1 y Facatativ\u00e1, Cundinamarca, se present\u00f3 un accidente que dej\u00f3 un motociclista muerto. El hecho se present\u00f3 en la v\u00eda que conecta Bogot\u00e1 con Facatativ\u00e1, causando la muerte de un motociclista. Los equipos de respuesta de emergencia acudieron de inmediato al lugar para atender la tr\u00e1gica<span class=\"more-link\"><a href=\"https:\/\/ciudadyregion.com.co\/index.php\/accidente-dejo-un-motociclista-muerto-en-la-via-bogota-facatativa\/regional\/\">Continuar Leyendo<\/a><\/span><\/p>\n","protected":false},"author":2,"featured_media":1507,"comment_status":"open","ping_status":"open","sticky":false,"template":"","format":"standard","meta":{"_uf_show_specific_survey":0,"_uf_disable_surveys":false,"_jetpack_memberships_contains_paid_content":false,"footnotes":"","jetpack_publicize_message":"","jetpack_publicize_feature_enabled":true,"jetpack_social_post_already_shared":false,"jetpack_social_options":{"image_generator_settings":{"template":"highway","enabled":false},"version":2}},"categories":[13],"tags":[],"class_list":["entry","author-diegoaguirre","post-1495","post","type-post","status-publish","format-standard","has-post-thumbnail","category-regional"],"jetpack_publicize_connections":[],"yoast_head":"<!-- This site is optimized with the Yoast SEO plugin v24.3 - https:\/\/yoast.com\/wordpress\/plugins\/seo\/ -->\n<title>Accidente dej\u00f3 un motociclista muerto en la v\u00eda Bogot\u00e1 \u2013 Facatativ\u00e1 - Ciudad y Region<\/title>\n<meta name=\"robots\" content=\"index, follow, max-snippet:-1, max-image-preview:large, max-video-preview:-1\" \/>\n<link rel=\"canonical\" href=\"https:\/\/ciudadyregion.com.co\/index.php\/accidente-dejo-un-motociclista-muerto-en-la-via-bogota-facatativa\/regional\/\" \/>\n<meta property=\"og:locale\" content=\"es_ES\" \/>\n<meta property=\"og:type\" content=\"article\" \/>\n<meta property=\"og:title\" content=\"Accidente dej\u00f3 un motociclista muerto en la v\u00eda Bogot\u00e1 \u2013 Facatativ\u00e1 - Ciudad y Region\" \/>\n<meta property=\"og:description\" content=\"En la v\u00eda entre Bogot\u00e1 y Facatativ\u00e1, Cundinamarca, se present\u00f3 un accidente que dej\u00f3 un motociclista muerto. El hecho se present\u00f3 en la v\u00eda que conecta Bogot\u00e1 con Facatativ\u00e1, causando la muerte de un motociclista. Los equipos de respuesta de emergencia acudieron de inmediato al lugar para atender la tr\u00e1gicaContinuar Leyendo\" \/>\n<meta property=\"og:url\" content=\"https:\/\/ciudadyregion.com.co\/index.php\/accidente-dejo-un-motociclista-muerto-en-la-via-bogota-facatativa\/regional\/\" \/>\n<meta property=\"og:site_name\" content=\"Ciudad y Region\" \/>\n<meta property=\"article:published_time\" content=\"2023-11-09T13:23:43+00:00\" \/>\n<meta property=\"og:image\" content=\"https:\/\/ciudadyregion.com.co\/wp-content\/uploads\/2023\/11\/2-9.jpg\" \/>\n\t<meta property=\"og:image:width\" content=\"800\" \/>\n\t<meta property=\"og:image:height\" content=\"445\" \/>\n\t<meta property=\"og:image:type\" content=\"image\/jpeg\" \/>\n<meta name=\"author\" content=\"David Andr\u00e9s Aguirre\" \/>\n<meta name=\"twitter:card\" content=\"summary_large_image\" \/>\n<meta name=\"twitter:label1\" content=\"Escrito por\" \/>\n\t<meta name=\"twitter:data1\" content=\"David Andr\u00e9s Aguirre\" \/>\n\t<meta name=\"twitter:label2\" content=\"Tiempo de lectura\" \/>\n\t<meta name=\"twitter:data2\" content=\"1 minuto\" \/>\n<script type=\"application\/ld+json\" class=\"yoast-schema-graph\">{\"@context\":\"https:\/\/schema.org\",\"@graph\":[{\"@type\":\"WebPage\",\"@id\":\"https:\/\/ciudadyregion.com.co\/index.php\/accidente-dejo-un-motociclista-muerto-en-la-via-bogota-facatativa\/regional\/\",\"url\":\"https:\/\/ciudadyregion.com.co\/index.php\/accidente-dejo-un-motociclista-muerto-en-la-via-bogota-facatativa\/regional\/\",\"name\":\"Accidente dej\u00f3 un motociclista muerto en la v\u00eda Bogot\u00e1 \u2013 Facatativ\u00e1 - Ciudad y Region\",\"isPartOf\":{\"@id\":\"https:\/\/ciudadyregion.com.co\/#website\"},\"primaryImageOfPage\":{\"@id\":\"https:\/\/ciudadyregion.com.co\/index.php\/accidente-dejo-un-motociclista-muerto-en-la-via-bogota-facatativa\/regional\/#primaryimage\"},\"image\":{\"@id\":\"https:\/\/ciudadyregion.com.co\/index.php\/accidente-dejo-un-motociclista-muerto-en-la-via-bogota-facatativa\/regional\/#primaryimage\"},\"thumbnailUrl\":\"https:\/\/i0.wp.com\/ciudadyregion.com.co\/wp-content\/uploads\/2023\/11\/2-9.jpg?fit=800%2C445&ssl=1\",\"datePublished\":\"2023-11-09T13:23:43+00:00\",\"dateModified\":\"2023-11-09T13:23:43+00:00\",\"author\":{\"@id\":\"https:\/\/ciudadyregion.com.co\/#\/schema\/person\/04a4954373ebc4051f46e8c65ff78622\"},\"breadcrumb\":{\"@id\":\"https:\/\/ciudadyregion.com.co\/index.php\/accidente-dejo-un-motociclista-muerto-en-la-via-bogota-facatativa\/regional\/#breadcrumb\"},\"inLanguage\":\"es\",\"potentialAction\":[{\"@type\":\"ReadAction\",\"target\":[\"https:\/\/ciudadyregion.com.co\/index.php\/accidente-dejo-un-motociclista-muerto-en-la-via-bogota-facatativa\/regional\/\"]}]},{\"@type\":\"ImageObject\",\"inLanguage\":\"es\",\"@id\":\"https:\/\/ciudadyregion.com.co\/index.php\/accidente-dejo-un-motociclista-muerto-en-la-via-bogota-facatativa\/regional\/#primaryimage\",\"url\":\"https:\/\/i0.wp.com\/ciudadyregion.com.co\/wp-content\/uploads\/2023\/11\/2-9.jpg?fit=800%2C445&ssl=1\",\"contentUrl\":\"https:\/\/i0.wp.com\/ciudadyregion.com.co\/wp-content\/uploads\/2023\/11\/2-9.jpg?fit=800%2C445&ssl=1\",\"width\":800,\"height\":445},{\"@type\":\"BreadcrumbList\",\"@id\":\"https:\/\/ciudadyregion.com.co\/index.php\/accidente-dejo-un-motociclista-muerto-en-la-via-bogota-facatativa\/regional\/#breadcrumb\",\"itemListElement\":[{\"@type\":\"ListItem\",\"position\":1,\"name\":\"Portada\",\"item\":\"https:\/\/ciudadyregion.com.co\/\"},{\"@type\":\"ListItem\",\"position\":2,\"name\":\"Accidente dej\u00f3 un motociclista muerto en la v\u00eda Bogot\u00e1 \u2013 Facatativ\u00e1\"}]},{\"@type\":\"WebSite\",\"@id\":\"https:\/\/ciudadyregion.com.co\/#website\",\"url\":\"https:\/\/ciudadyregion.com.co\/\",\"name\":\"Ciudad y Region\",\"description\":\"\",\"potentialAction\":[{\"@type\":\"SearchAction\",\"target\":{\"@type\":\"EntryPoint\",\"urlTemplate\":\"https:\/\/ciudadyregion.com.co\/?s={search_term_string}\"},\"query-input\":{\"@type\":\"PropertyValueSpecification\",\"valueRequired\":true,\"valueName\":\"search_term_string\"}}],\"inLanguage\":\"es\"},{\"@type\":\"Person\",\"@id\":\"https:\/\/ciudadyregion.com.co\/#\/schema\/person\/04a4954373ebc4051f46e8c65ff78622\",\"name\":\"David Andr\u00e9s Aguirre\",\"image\":{\"@type\":\"ImageObject\",\"inLanguage\":\"es\",\"@id\":\"https:\/\/ciudadyregion.com.co\/#\/schema\/person\/image\/\",\"url\":\"https:\/\/secure.gravatar.com\/avatar\/bc3c655860202182ee6d1b5edd042dbe?s=96&d=mm&r=g\",\"contentUrl\":\"https:\/\/secure.gravatar.com\/avatar\/bc3c655860202182ee6d1b5edd042dbe?s=96&d=mm&r=g\",\"caption\":\"David Andr\u00e9s Aguirre\"},\"url\":\"https:\/\/ciudadyregion.com.co\/index.php\/author\/diegoaguirre\/\"}]}<\/script>\n<!-- \/ Yoast SEO plugin. -->","yoast_head_json":{"title":"Accidente dej\u00f3 un motociclista muerto en la v\u00eda Bogot\u00e1 \u2013 Facatativ\u00e1 - Ciudad y Region","robots":{"index":"index","follow":"follow","max-snippet":"max-snippet:-1","max-image-preview":"max-image-preview:large","max-video-preview":"max-video-preview:-1"},"canonical":"https:\/\/ciudadyregion.com.co\/index.php\/accidente-dejo-un-motociclista-muerto-en-la-via-bogota-facatativa\/regional\/","og_locale":"es_ES","og_type":"article","og_title":"Accidente dej\u00f3 un motociclista muerto en la v\u00eda Bogot\u00e1 \u2013 Facatativ\u00e1 - Ciudad y Region","og_description":"En la v\u00eda entre Bogot\u00e1 y Facatativ\u00e1, Cundinamarca, se present\u00f3 un accidente que dej\u00f3 un motociclista muerto. El hecho se present\u00f3 en la v\u00eda que conecta Bogot\u00e1 con Facatativ\u00e1, causando la muerte de un motociclista. Los equipos de respuesta de emergencia acudieron de inmediato al lugar para atender la tr\u00e1gicaContinuar Leyendo","og_url":"https:\/\/ciudadyregion.com.co\/index.php\/accidente-dejo-un-motociclista-muerto-en-la-via-bogota-facatativa\/regional\/","og_site_name":"Ciudad y Region","article_published_time":"2023-11-09T13:23:43+00:00","og_image":[{"width":800,"height":445,"url":"https:\/\/ciudadyregion.com.co\/wp-content\/uploads\/2023\/11\/2-9.jpg","type":"image\/jpeg"}],"author":"David Andr\u00e9s Aguirre","twitter_card":"summary_large_image","twitter_misc":{"Escrito por":"David Andr\u00e9s Aguirre","Tiempo de lectura":"1 minuto"},"schema":{"@context":"https:\/\/schema.org","@graph":[{"@type":"WebPage","@id":"https:\/\/ciudadyregion.com.co\/index.php\/accidente-dejo-un-motociclista-muerto-en-la-via-bogota-facatativa\/regional\/","url":"https:\/\/ciudadyregion.com.co\/index.php\/accidente-dejo-un-motociclista-muerto-en-la-via-bogota-facatativa\/regional\/","name":"Accidente dej\u00f3 un motociclista muerto en la v\u00eda Bogot\u00e1 \u2013 Facatativ\u00e1 - Ciudad y Region","isPartOf":{"@id":"https:\/\/ciudadyregion.com.co\/#website"},"primaryImageOfPage":{"@id":"https:\/\/ciudadyregion.com.co\/index.php\/accidente-dejo-un-motociclista-muerto-en-la-via-bogota-facatativa\/regional\/#primaryimage"},"image":{"@id":"https:\/\/ciudadyregion.com.co\/index.php\/accidente-dejo-un-motociclista-muerto-en-la-via-bogota-facatativa\/regional\/#primaryimage"},"thumbnailUrl":"https:\/\/i0.wp.com\/ciudadyregion.com.co\/wp-content\/uploads\/2023\/11\/2-9.jpg?fit=800%2C445&ssl=1","datePublished":"2023-11-09T13:23:43+00:00","dateModified":"2023-11-09T13:23:43+00:00","author":{"@id":"https:\/\/ciudadyregion.com.co\/#\/schema\/person\/04a4954373ebc4051f46e8c65ff78622"},"breadcrumb":{"@id":"https:\/\/ciudadyregion.com.co\/index.php\/accidente-dejo-un-motociclista-muerto-en-la-via-bogota-facatativa\/regional\/#breadcrumb"},"inLanguage":"es","potentialAction":[{"@type":"ReadAction","target":["https:\/\/ciudadyregion.com.co\/index.php\/accidente-dejo-un-motociclista-muerto-en-la-via-bogota-facatativa\/regional\/"]}]},{"@type":"ImageObject","inLanguage":"es","@id":"https:\/\/ciudadyregion.com.co\/index.php\/accidente-dejo-un-motociclista-muerto-en-la-via-bogota-facatativa\/regional\/#primaryimage","url":"https:\/\/i0.wp.com\/ciudadyregion.com.co\/wp-content\/uploads\/2023\/11\/2-9.jpg?fit=800%2C445&ssl=1","contentUrl":"https:\/\/i0.wp.com\/ciudadyregion.com.co\/wp-content\/uploads\/2023\/11\/2-9.jpg?fit=800%2C445&ssl=1","width":800,"height":445},{"@type":"BreadcrumbList","@id":"https:\/\/ciudadyregion.com.co\/index.php\/accidente-dejo-un-motociclista-muerto-en-la-via-bogota-facatativa\/regional\/#breadcrumb","itemListElement":[{"@type":"ListItem","position":1,"name":"Portada","item":"https:\/\/ciudadyregion.com.co\/"},{"@type":"ListItem","position":2,"name":"Accidente dej\u00f3 un motociclista muerto en la v\u00eda Bogot\u00e1 \u2013 Facatativ\u00e1"}]},{"@type":"WebSite","@id":"https:\/\/ciudadyregion.com.co\/#website","url":"https:\/\/ciudadyregion.com.co\/","name":"Ciudad y Region","description":"","potentialAction":[{"@type":"SearchAction","target":{"@type":"EntryPoint","urlTemplate":"https:\/\/ciudadyregion.com.co\/?s={search_term_string}"},"query-input":{"@type":"PropertyValueSpecification","valueRequired":true,"valueName":"search_term_string"}}],"inLanguage":"es"},{"@type":"Person","@id":"https:\/\/ciudadyregion.com.co\/#\/schema\/person\/04a4954373ebc4051f46e8c65ff78622","name":"David Andr\u00e9s Aguirre","image":{"@type":"ImageObject","inLanguage":"es","@id":"https:\/\/ciudadyregion.com.co\/#\/schema\/person\/image\/","url":"https:\/\/secure.gravatar.com\/avatar\/bc3c655860202182ee6d1b5edd042dbe?s=96&d=mm&r=g","contentUrl":"https:\/\/secure.gravatar.com\/avatar\/bc3c655860202182ee6d1b5edd042dbe?s=96&d=mm&r=g","caption":"David Andr\u00e9s Aguirre"},"url":"https:\/\/ciudadyregion.com.co\/index.php\/author\/diegoaguirre\/"}]}},"jetpack_featured_media_url":"https:\/\/i0.wp.com\/ciudadyregion.com.co\/wp-content\/uploads\/2023\/11\/2-9.jpg?fit=800%2C445&ssl=1","jetpack_sharing_enabled":true,"jetpack_shortlink":"https:\/\/wp.me\/pbS7hh-o7","jetpack-related-posts":[],"_links":{"self":[{"href":"https:\/\/ciudadyregion.com.co\/index.php\/wp-json\/wp\/v2\/posts\/1495"}],"collection":[{"href":"https:\/\/ciudadyregion.com.co\/index.php\/wp-json\/wp\/v2\/posts"}],"about":[{"href":"https:\/\/ciudadyregion.com.co\/index.php\/wp-json\/wp\/v2\/types\/post"}],"author":[{"embeddable":true,"href":"https:\/\/ciudadyregion.com.co\/index.php\/wp-json\/wp\/v2\/users\/2"}],"replies":[{"embeddable":true,"href":"https:\/\/ciudadyregion.com.co\/index.php\/wp-json\/wp\/v2\/comments?post=1495"}],"version-history":[{"count":1,"href":"https:\/\/ciudadyregion.com.co\/index.php\/wp-json\/wp\/v2\/posts\/1495\/revisions"}],"predecessor-version":[{"id":1496,"href":"https:\/\/ciudadyregion.com.co\/index.php\/wp-json\/wp\/v2\/posts\/1495\/revisions\/1496"}],"wp:featuredmedia":[{"embeddable":true,"href":"https:\/\/ciudadyregion.com.co\/index.php\/wp-json\/wp\/v2\/media\/1507"}],"wp:attachment":[{"href":"https:\/\/ciudadyregion.com.co\/index.php\/wp-json\/wp\/v2\/media?parent=1495"}],"wp:term":[{"taxonomy":"category","embeddable":true,"href":"https:\/\/ciudadyregion.com.co\/index.php\/wp-json\/wp\/v2\/categories?post=1495"},{"taxonomy":"post_tag","embeddable":true,"href":"https:\/\/ciudadyregion.com.co\/index.php\/wp-json\/wp\/v2\/tags?post=1495"}],"curies":[{"name":"wp","href":"https:\/\/api.w.org\/{rel}","templated":true}]}}