{"id":14890,"date":"2024-05-27T04:51:28","date_gmt":"2024-05-27T09:51:28","guid":{"rendered":"https:\/\/ciudadyregion.com.co\/?p=14890"},"modified":"2024-05-26T23:51:47","modified_gmt":"2024-05-27T04:51:47","slug":"carcel-para-alias-el-diablo-el-senalado-cabecilla-de-una-red-de-narcomenudeo-involucrado-en-homicidios-y-ataques-armados-en-meta","status":"publish","type":"post","link":"https:\/\/ciudadyregion.com.co\/index.php\/carcel-para-alias-el-diablo-el-senalado-cabecilla-de-una-red-de-narcomenudeo-involucrado-en-homicidios-y-ataques-armados-en-meta\/judicial\/","title":{"rendered":"C\u00e1rcel para alias El Diablo, el se\u00f1alado cabecilla de una red de narcomenudeo involucrado en homicidios y ataques armados en Meta"},"content":{"rendered":"<ul>\n<li><em><strong>Norbey Olivares Rojas es se\u00f1alado de mantener nexos con las disidencias de las Farc que delinquen en el oriente del pa\u00eds<\/strong><\/em><\/li>\n<\/ul>\n<p>Las evidencias y los elementos de prueba aportados por la Fiscal\u00eda General de la Naci\u00f3n fueron determinantes para que un juez de control de garant\u00edas impusiera medida de aseguramiento en centro carcelario a Norbey Olivares Rojas, alias El Diablo, presunto cabecilla de una organizaci\u00f3n delincuencial que estar\u00eda involucrada en homicidios selectivos, venta de estupefacientes y extorsiones en Villavicencio (Meta).<\/p>\n<p>Este hombre, al parecer, adquir\u00eda coca\u00edna y marihuana a las estructuras de las disidencias de las Farc que tienen injerencia criminal en el oriente del pa\u00eds. Las sustancias ilegales eran trasladadas a una finca de su propiedad ubicada en inmediaciones de la ciudad, almacenadas y posteriormente enviadas a diferentes puntos para ser vendidas al menudeo.<\/p>\n<p>Para facilitar el actuar ilegal de los expendedores habr\u00eda dispuesto de un inmueble que, con la fachada de una chatarrer\u00eda, serv\u00eda para ocultar los narc\u00f3ticos y coordinar su distribuci\u00f3n.<\/p>\n<p>De otra parte, se estableci\u00f3 que alias El Diablo ser\u00eda el responsable de dos ataques con armas de fuego, uno el 20 de diciembre de 2023, en Villavicencio, en el que muri\u00f3 una persona; y el otro el 4 de marzo de 2024, en Hato Corozal (Casanare), que dej\u00f3 un herido.<\/p>\n<p>Por todo lo anterior, un fiscal de la Direcci\u00f3n Especializada contra las Organizaciones Criminales le imput\u00f3 los delitos de homicidio agravado, tentativa homicidio, concierto para delinquir agravado con fines de extorsi\u00f3n; y fabricaci\u00f3n, tr\u00e1fico, porte o tenencia de armas de fuego, accesorios, partes o municiones. Los cargos no fueron aceptados.<\/p>\n<p>&nbsp;<\/p>\n","protected":false},"excerpt":{"rendered":"<p>Norbey Olivares Rojas es se\u00f1alado de mantener nexos con las disidencias de las Farc que delinquen en el oriente del pa\u00eds Las evidencias y los elementos de prueba aportados por la Fiscal\u00eda General de la Naci\u00f3n fueron determinantes para que un juez de control de garant\u00edas impusiera medida de aseguramiento<span class=\"more-link\"><a href=\"https:\/\/ciudadyregion.com.co\/index.php\/carcel-para-alias-el-diablo-el-senalado-cabecilla-de-una-red-de-narcomenudeo-involucrado-en-homicidios-y-ataques-armados-en-meta\/judicial\/\">Continuar Leyendo<\/a><\/span><\/p>\n","protected":false},"author":2,"featured_media":14840,"comment_status":"open","ping_status":"open","sticky":false,"template":"","format":"standard","meta":{"_uf_show_specific_survey":0,"_uf_disable_surveys":false,"_jetpack_memberships_contains_paid_content":false,"footnotes":"","jetpack_publicize_message":"","jetpack_publicize_feature_enabled":true,"jetpack_social_post_already_shared":true,"jetpack_social_options":{"image_generator_settings":{"template":"highway","enabled":false},"version":2}},"categories":[18],"tags":[],"class_list":["entry","author-diegoaguirre","post-14890","post","type-post","status-publish","format-standard","has-post-thumbnail","category-judicial"],"jetpack_publicize_connections":[],"yoast_head":"<!-- This site is optimized with the Yoast SEO plugin v24.3 - https:\/\/yoast.com\/wordpress\/plugins\/seo\/ -->\n<title>C\u00e1rcel para alias El Diablo, el se\u00f1alado cabecilla de una red de narcomenudeo involucrado en homicidios y ataques armados en Meta - Ciudad y Region<\/title>\n<meta name=\"robots\" content=\"index, follow, max-snippet:-1, max-image-preview:large, max-video-preview:-1\" \/>\n<link rel=\"canonical\" href=\"https:\/\/ciudadyregion.com.co\/index.php\/carcel-para-alias-el-diablo-el-senalado-cabecilla-de-una-red-de-narcomenudeo-involucrado-en-homicidios-y-ataques-armados-en-meta\/judicial\/\" \/>\n<meta property=\"og:locale\" content=\"es_ES\" \/>\n<meta property=\"og:type\" content=\"article\" \/>\n<meta property=\"og:title\" content=\"C\u00e1rcel para alias El Diablo, el se\u00f1alado cabecilla de una red de narcomenudeo involucrado en homicidios y ataques armados en Meta - Ciudad y Region\" \/>\n<meta property=\"og:description\" content=\"Norbey Olivares Rojas es se\u00f1alado de mantener nexos con las disidencias de las Farc que delinquen en el oriente del pa\u00eds Las evidencias y los elementos de prueba aportados por la Fiscal\u00eda General de la Naci\u00f3n fueron determinantes para que un juez de control de garant\u00edas impusiera medida de aseguramientoContinuar Leyendo\" \/>\n<meta property=\"og:url\" content=\"https:\/\/ciudadyregion.com.co\/index.php\/carcel-para-alias-el-diablo-el-senalado-cabecilla-de-una-red-de-narcomenudeo-involucrado-en-homicidios-y-ataques-armados-en-meta\/judicial\/\" \/>\n<meta property=\"og:site_name\" content=\"Ciudad y Region\" \/>\n<meta property=\"article:published_time\" content=\"2024-05-27T09:51:28+00:00\" \/>\n<meta property=\"article:modified_time\" content=\"2024-05-27T04:51:47+00:00\" \/>\n<meta property=\"og:image\" content=\"https:\/\/i0.wp.com\/ciudadyregion.com.co\/wp-content\/uploads\/2024\/05\/carcel.jpg?fit=800%2C445&ssl=1\" \/>\n\t<meta property=\"og:image:width\" content=\"800\" \/>\n\t<meta property=\"og:image:height\" content=\"445\" \/>\n\t<meta property=\"og:image:type\" content=\"image\/jpeg\" \/>\n<meta name=\"author\" content=\"David Andr\u00e9s Aguirre\" \/>\n<meta name=\"twitter:card\" content=\"summary_large_image\" \/>\n<meta name=\"twitter:label1\" content=\"Escrito por\" \/>\n\t<meta name=\"twitter:data1\" content=\"David Andr\u00e9s Aguirre\" \/>\n\t<meta name=\"twitter:label2\" content=\"Tiempo de lectura\" \/>\n\t<meta name=\"twitter:data2\" content=\"2 minutos\" \/>\n<script type=\"application\/ld+json\" class=\"yoast-schema-graph\">{\"@context\":\"https:\/\/schema.org\",\"@graph\":[{\"@type\":\"WebPage\",\"@id\":\"https:\/\/ciudadyregion.com.co\/index.php\/carcel-para-alias-el-diablo-el-senalado-cabecilla-de-una-red-de-narcomenudeo-involucrado-en-homicidios-y-ataques-armados-en-meta\/judicial\/\",\"url\":\"https:\/\/ciudadyregion.com.co\/index.php\/carcel-para-alias-el-diablo-el-senalado-cabecilla-de-una-red-de-narcomenudeo-involucrado-en-homicidios-y-ataques-armados-en-meta\/judicial\/\",\"name\":\"C\u00e1rcel para alias El Diablo, el se\u00f1alado cabecilla de una red de narcomenudeo involucrado en homicidios y ataques armados en Meta - Ciudad y Region\",\"isPartOf\":{\"@id\":\"https:\/\/ciudadyregion.com.co\/#website\"},\"primaryImageOfPage\":{\"@id\":\"https:\/\/ciudadyregion.com.co\/index.php\/carcel-para-alias-el-diablo-el-senalado-cabecilla-de-una-red-de-narcomenudeo-involucrado-en-homicidios-y-ataques-armados-en-meta\/judicial\/#primaryimage\"},\"image\":{\"@id\":\"https:\/\/ciudadyregion.com.co\/index.php\/carcel-para-alias-el-diablo-el-senalado-cabecilla-de-una-red-de-narcomenudeo-involucrado-en-homicidios-y-ataques-armados-en-meta\/judicial\/#primaryimage\"},\"thumbnailUrl\":\"https:\/\/i0.wp.com\/ciudadyregion.com.co\/wp-content\/uploads\/2024\/05\/carcel.jpg?fit=800%2C445&ssl=1\",\"datePublished\":\"2024-05-27T09:51:28+00:00\",\"dateModified\":\"2024-05-27T04:51:47+00:00\",\"author\":{\"@id\":\"https:\/\/ciudadyregion.com.co\/#\/schema\/person\/04a4954373ebc4051f46e8c65ff78622\"},\"breadcrumb\":{\"@id\":\"https:\/\/ciudadyregion.com.co\/index.php\/carcel-para-alias-el-diablo-el-senalado-cabecilla-de-una-red-de-narcomenudeo-involucrado-en-homicidios-y-ataques-armados-en-meta\/judicial\/#breadcrumb\"},\"inLanguage\":\"es\",\"potentialAction\":[{\"@type\":\"ReadAction\",\"target\":[\"https:\/\/ciudadyregion.com.co\/index.php\/carcel-para-alias-el-diablo-el-senalado-cabecilla-de-una-red-de-narcomenudeo-involucrado-en-homicidios-y-ataques-armados-en-meta\/judicial\/\"]}]},{\"@type\":\"ImageObject\",\"inLanguage\":\"es\",\"@id\":\"https:\/\/ciudadyregion.com.co\/index.php\/carcel-para-alias-el-diablo-el-senalado-cabecilla-de-una-red-de-narcomenudeo-involucrado-en-homicidios-y-ataques-armados-en-meta\/judicial\/#primaryimage\",\"url\":\"https:\/\/i0.wp.com\/ciudadyregion.com.co\/wp-content\/uploads\/2024\/05\/carcel.jpg?fit=800%2C445&ssl=1\",\"contentUrl\":\"https:\/\/i0.wp.com\/ciudadyregion.com.co\/wp-content\/uploads\/2024\/05\/carcel.jpg?fit=800%2C445&ssl=1\",\"width\":800,\"height\":445},{\"@type\":\"BreadcrumbList\",\"@id\":\"https:\/\/ciudadyregion.com.co\/index.php\/carcel-para-alias-el-diablo-el-senalado-cabecilla-de-una-red-de-narcomenudeo-involucrado-en-homicidios-y-ataques-armados-en-meta\/judicial\/#breadcrumb\",\"itemListElement\":[{\"@type\":\"ListItem\",\"position\":1,\"name\":\"Portada\",\"item\":\"https:\/\/ciudadyregion.com.co\/\"},{\"@type\":\"ListItem\",\"position\":2,\"name\":\"C\u00e1rcel para alias El Diablo, el se\u00f1alado cabecilla de una red de narcomenudeo involucrado en homicidios y ataques armados en Meta\"}]},{\"@type\":\"WebSite\",\"@id\":\"https:\/\/ciudadyregion.com.co\/#website\",\"url\":\"https:\/\/ciudadyregion.com.co\/\",\"name\":\"Ciudad y Region\",\"description\":\"\",\"potentialAction\":[{\"@type\":\"SearchAction\",\"target\":{\"@type\":\"EntryPoint\",\"urlTemplate\":\"https:\/\/ciudadyregion.com.co\/?s={search_term_string}\"},\"query-input\":{\"@type\":\"PropertyValueSpecification\",\"valueRequired\":true,\"valueName\":\"search_term_string\"}}],\"inLanguage\":\"es\"},{\"@type\":\"Person\",\"@id\":\"https:\/\/ciudadyregion.com.co\/#\/schema\/person\/04a4954373ebc4051f46e8c65ff78622\",\"name\":\"David Andr\u00e9s Aguirre\",\"image\":{\"@type\":\"ImageObject\",\"inLanguage\":\"es\",\"@id\":\"https:\/\/ciudadyregion.com.co\/#\/schema\/person\/image\/\",\"url\":\"https:\/\/secure.gravatar.com\/avatar\/bc3c655860202182ee6d1b5edd042dbe?s=96&d=mm&r=g\",\"contentUrl\":\"https:\/\/secure.gravatar.com\/avatar\/bc3c655860202182ee6d1b5edd042dbe?s=96&d=mm&r=g\",\"caption\":\"David Andr\u00e9s Aguirre\"},\"url\":\"https:\/\/ciudadyregion.com.co\/index.php\/author\/diegoaguirre\/\"}]}<\/script>\n<!-- \/ Yoast SEO plugin. -->","yoast_head_json":{"title":"C\u00e1rcel para alias El Diablo, el se\u00f1alado cabecilla de una red de narcomenudeo involucrado en homicidios y ataques armados en Meta - Ciudad y Region","robots":{"index":"index","follow":"follow","max-snippet":"max-snippet:-1","max-image-preview":"max-image-preview:large","max-video-preview":"max-video-preview:-1"},"canonical":"https:\/\/ciudadyregion.com.co\/index.php\/carcel-para-alias-el-diablo-el-senalado-cabecilla-de-una-red-de-narcomenudeo-involucrado-en-homicidios-y-ataques-armados-en-meta\/judicial\/","og_locale":"es_ES","og_type":"article","og_title":"C\u00e1rcel para alias El Diablo, el se\u00f1alado cabecilla de una red de narcomenudeo involucrado en homicidios y ataques armados en Meta - Ciudad y Region","og_description":"Norbey Olivares Rojas es se\u00f1alado de mantener nexos con las disidencias de las Farc que delinquen en el oriente del pa\u00eds Las evidencias y los elementos de prueba aportados por la Fiscal\u00eda General de la Naci\u00f3n fueron determinantes para que un juez de control de garant\u00edas impusiera medida de aseguramientoContinuar Leyendo","og_url":"https:\/\/ciudadyregion.com.co\/index.php\/carcel-para-alias-el-diablo-el-senalado-cabecilla-de-una-red-de-narcomenudeo-involucrado-en-homicidios-y-ataques-armados-en-meta\/judicial\/","og_site_name":"Ciudad y Region","article_published_time":"2024-05-27T09:51:28+00:00","article_modified_time":"2024-05-27T04:51:47+00:00","og_image":[{"width":800,"height":445,"url":"https:\/\/i0.wp.com\/ciudadyregion.com.co\/wp-content\/uploads\/2024\/05\/carcel.jpg?fit=800%2C445&ssl=1","type":"image\/jpeg"}],"author":"David Andr\u00e9s Aguirre","twitter_card":"summary_large_image","twitter_misc":{"Escrito por":"David Andr\u00e9s Aguirre","Tiempo de lectura":"2 minutos"},"schema":{"@context":"https:\/\/schema.org","@graph":[{"@type":"WebPage","@id":"https:\/\/ciudadyregion.com.co\/index.php\/carcel-para-alias-el-diablo-el-senalado-cabecilla-de-una-red-de-narcomenudeo-involucrado-en-homicidios-y-ataques-armados-en-meta\/judicial\/","url":"https:\/\/ciudadyregion.com.co\/index.php\/carcel-para-alias-el-diablo-el-senalado-cabecilla-de-una-red-de-narcomenudeo-involucrado-en-homicidios-y-ataques-armados-en-meta\/judicial\/","name":"C\u00e1rcel para alias El Diablo, el se\u00f1alado cabecilla de una red de narcomenudeo involucrado en homicidios y ataques armados en Meta - Ciudad y Region","isPartOf":{"@id":"https:\/\/ciudadyregion.com.co\/#website"},"primaryImageOfPage":{"@id":"https:\/\/ciudadyregion.com.co\/index.php\/carcel-para-alias-el-diablo-el-senalado-cabecilla-de-una-red-de-narcomenudeo-involucrado-en-homicidios-y-ataques-armados-en-meta\/judicial\/#primaryimage"},"image":{"@id":"https:\/\/ciudadyregion.com.co\/index.php\/carcel-para-alias-el-diablo-el-senalado-cabecilla-de-una-red-de-narcomenudeo-involucrado-en-homicidios-y-ataques-armados-en-meta\/judicial\/#primaryimage"},"thumbnailUrl":"https:\/\/i0.wp.com\/ciudadyregion.com.co\/wp-content\/uploads\/2024\/05\/carcel.jpg?fit=800%2C445&ssl=1","datePublished":"2024-05-27T09:51:28+00:00","dateModified":"2024-05-27T04:51:47+00:00","author":{"@id":"https:\/\/ciudadyregion.com.co\/#\/schema\/person\/04a4954373ebc4051f46e8c65ff78622"},"breadcrumb":{"@id":"https:\/\/ciudadyregion.com.co\/index.php\/carcel-para-alias-el-diablo-el-senalado-cabecilla-de-una-red-de-narcomenudeo-involucrado-en-homicidios-y-ataques-armados-en-meta\/judicial\/#breadcrumb"},"inLanguage":"es","potentialAction":[{"@type":"ReadAction","target":["https:\/\/ciudadyregion.com.co\/index.php\/carcel-para-alias-el-diablo-el-senalado-cabecilla-de-una-red-de-narcomenudeo-involucrado-en-homicidios-y-ataques-armados-en-meta\/judicial\/"]}]},{"@type":"ImageObject","inLanguage":"es","@id":"https:\/\/ciudadyregion.com.co\/index.php\/carcel-para-alias-el-diablo-el-senalado-cabecilla-de-una-red-de-narcomenudeo-involucrado-en-homicidios-y-ataques-armados-en-meta\/judicial\/#primaryimage","url":"https:\/\/i0.wp.com\/ciudadyregion.com.co\/wp-content\/uploads\/2024\/05\/carcel.jpg?fit=800%2C445&ssl=1","contentUrl":"https:\/\/i0.wp.com\/ciudadyregion.com.co\/wp-content\/uploads\/2024\/05\/carcel.jpg?fit=800%2C445&ssl=1","width":800,"height":445},{"@type":"BreadcrumbList","@id":"https:\/\/ciudadyregion.com.co\/index.php\/carcel-para-alias-el-diablo-el-senalado-cabecilla-de-una-red-de-narcomenudeo-involucrado-en-homicidios-y-ataques-armados-en-meta\/judicial\/#breadcrumb","itemListElement":[{"@type":"ListItem","position":1,"name":"Portada","item":"https:\/\/ciudadyregion.com.co\/"},{"@type":"ListItem","position":2,"name":"C\u00e1rcel para alias El Diablo, el se\u00f1alado cabecilla de una red de narcomenudeo involucrado en homicidios y ataques armados en Meta"}]},{"@type":"WebSite","@id":"https:\/\/ciudadyregion.com.co\/#website","url":"https:\/\/ciudadyregion.com.co\/","name":"Ciudad y Region","description":"","potentialAction":[{"@type":"SearchAction","target":{"@type":"EntryPoint","urlTemplate":"https:\/\/ciudadyregion.com.co\/?s={search_term_string}"},"query-input":{"@type":"PropertyValueSpecification","valueRequired":true,"valueName":"search_term_string"}}],"inLanguage":"es"},{"@type":"Person","@id":"https:\/\/ciudadyregion.com.co\/#\/schema\/person\/04a4954373ebc4051f46e8c65ff78622","name":"David Andr\u00e9s Aguirre","image":{"@type":"ImageObject","inLanguage":"es","@id":"https:\/\/ciudadyregion.com.co\/#\/schema\/person\/image\/","url":"https:\/\/secure.gravatar.com\/avatar\/bc3c655860202182ee6d1b5edd042dbe?s=96&d=mm&r=g","contentUrl":"https:\/\/secure.gravatar.com\/avatar\/bc3c655860202182ee6d1b5edd042dbe?s=96&d=mm&r=g","caption":"David Andr\u00e9s Aguirre"},"url":"https:\/\/ciudadyregion.com.co\/index.php\/author\/diegoaguirre\/"}]}},"jetpack_featured_media_url":"https:\/\/i0.wp.com\/ciudadyregion.com.co\/wp-content\/uploads\/2024\/05\/carcel.jpg?fit=800%2C445&ssl=1","jetpack_sharing_enabled":true,"jetpack_shortlink":"https:\/\/wp.me\/pbS7hh-3Sa","jetpack-related-posts":[],"_links":{"self":[{"href":"https:\/\/ciudadyregion.com.co\/index.php\/wp-json\/wp\/v2\/posts\/14890"}],"collection":[{"href":"https:\/\/ciudadyregion.com.co\/index.php\/wp-json\/wp\/v2\/posts"}],"about":[{"href":"https:\/\/ciudadyregion.com.co\/index.php\/wp-json\/wp\/v2\/types\/post"}],"author":[{"embeddable":true,"href":"https:\/\/ciudadyregion.com.co\/index.php\/wp-json\/wp\/v2\/users\/2"}],"replies":[{"embeddable":true,"href":"https:\/\/ciudadyregion.com.co\/index.php\/wp-json\/wp\/v2\/comments?post=14890"}],"version-history":[{"count":1,"href":"https:\/\/ciudadyregion.com.co\/index.php\/wp-json\/wp\/v2\/posts\/14890\/revisions"}],"predecessor-version":[{"id":14891,"href":"https:\/\/ciudadyregion.com.co\/index.php\/wp-json\/wp\/v2\/posts\/14890\/revisions\/14891"}],"wp:featuredmedia":[{"embeddable":true,"href":"https:\/\/ciudadyregion.com.co\/index.php\/wp-json\/wp\/v2\/media\/14840"}],"wp:attachment":[{"href":"https:\/\/ciudadyregion.com.co\/index.php\/wp-json\/wp\/v2\/media?parent=14890"}],"wp:term":[{"taxonomy":"category","embeddable":true,"href":"https:\/\/ciudadyregion.com.co\/index.php\/wp-json\/wp\/v2\/categories?post=14890"},{"taxonomy":"post_tag","embeddable":true,"href":"https:\/\/ciudadyregion.com.co\/index.php\/wp-json\/wp\/v2\/tags?post=14890"}],"curies":[{"name":"wp","href":"https:\/\/api.w.org\/{rel}","templated":true}]}}