{"id":14879,"date":"2024-05-27T04:32:03","date_gmt":"2024-05-27T09:32:03","guid":{"rendered":"https:\/\/ciudadyregion.com.co\/?p=14879"},"modified":"2024-05-26T23:32:25","modified_gmt":"2024-05-27T04:32:25","slug":"sellan-una-construccion-ilegal-sobre-patrimonio-cultural-en-la-pola-de-ibague","status":"publish","type":"post","link":"https:\/\/ciudadyregion.com.co\/index.php\/sellan-una-construccion-ilegal-sobre-patrimonio-cultural-en-la-pola-de-ibague\/ibague\/","title":{"rendered":"Sellan una construcci\u00f3n ilegal sobre patrimonio cultural en La Pola de Ibagu\u00e9"},"content":{"rendered":"<div><span style=\"font-family: Arial;\">Protegiendo el patrimonio cultural e hist\u00f3rico de la ciudad, la Administraci\u00f3n Municipal, en compa\u00f1\u00eda de la Polic\u00eda Metropolitana de Ibagu\u00e9 y Polic\u00eda de Turismo, clausur\u00f3 de manera indefinida una obra de construcci\u00f3n ilegal sobre un bien arquitect\u00f3nico del barrio La Pola.<\/span><\/div>\n<div><span style=\"font-family: Arial;\">\u00a0<\/span><\/div>\n<blockquote>\n<div><span style=\"font-family: Arial;\">\u201c<i>Recordemos que en este barrio est\u00e1 la mayor\u00eda de bienes de inter\u00e9s cultural que posee el municipio. Es por esa raz\u00f3n que tiene una protecci\u00f3n especial, en este caso, no contaban con el permiso pertinente<\/i>\u201d, cont\u00f3 Mauricio Cala, secretario de Cultura.<\/span><\/div>\n<\/blockquote>\n<div><span style=\"font-family: Arial;\">\u00a0<\/span><\/div>\n<div><span style=\"font-family: Arial;\">La vivienda, con arquitectura de arte republicana catalogada como estilo art d\u00e9co, estaba siendo demolida; hecho que llam\u00f3 la atenci\u00f3n de las autoridades locales, puesto que, para este tipo de intervenciones en estos inmuebles, se requiere de un permiso especial.\u00a0<\/span><\/div>\n<div><span style=\"font-family: Arial;\">\u00a0<\/span><\/div>\n<blockquote>\n<div><span style=\"font-family: Arial;\">\u201c<i>Se impusieron dos comparendos, uno por disposici\u00f3n de escombros y otro por destrucci\u00f3n de patrimonio cultural<\/i>\u201d, agreg\u00f3 Francisco Esp\u00edn, director de Justicia.<\/span><\/div>\n<\/blockquote>\n<div><span style=\"font-family: Arial;\">\u00a0<\/span><\/div>\n<div><span style=\"font-family: Arial;\">Es de resaltar que, para realizar una intervenci\u00f3n en un bien de inter\u00e9s cultural, ya sea una edificaci\u00f3n que tenga especial valor arquitect\u00f3nico o que est\u00e9 en zona de influencia, se debe consultar ante la Curadur\u00eda Urbana el tipo de obra que se quiere. Una vez se tenga el proyecto formulado y radicado, el propietario deber\u00e1 solicitar el concepto de viabilidad a la Secretar\u00eda de Cultura Municipal.<\/span><\/div>\n","protected":false},"excerpt":{"rendered":"<p>Protegiendo el patrimonio cultural e hist\u00f3rico de la ciudad, la Administraci\u00f3n Municipal, en compa\u00f1\u00eda de la Polic\u00eda Metropolitana de Ibagu\u00e9 y Polic\u00eda de Turismo, clausur\u00f3 de manera indefinida una obra de construcci\u00f3n ilegal sobre un bien arquitect\u00f3nico del barrio La Pola. \u00a0 \u201cRecordemos que en este barrio est\u00e1 la mayor\u00eda<span class=\"more-link\"><a href=\"https:\/\/ciudadyregion.com.co\/index.php\/sellan-una-construccion-ilegal-sobre-patrimonio-cultural-en-la-pola-de-ibague\/ibague\/\">Continuar Leyendo<\/a><\/span><\/p>\n","protected":false},"author":2,"featured_media":14880,"comment_status":"open","ping_status":"open","sticky":false,"template":"","format":"standard","meta":{"_uf_show_specific_survey":0,"_uf_disable_surveys":false,"_jetpack_memberships_contains_paid_content":false,"footnotes":"","jetpack_publicize_message":"","jetpack_publicize_feature_enabled":true,"jetpack_social_post_already_shared":true,"jetpack_social_options":{"image_generator_settings":{"template":"highway","enabled":false},"version":2}},"categories":[14],"tags":[],"class_list":["entry","author-diegoaguirre","post-14879","post","type-post","status-publish","format-standard","has-post-thumbnail","category-ibague"],"jetpack_publicize_connections":[],"yoast_head":"<!-- This site is optimized with the Yoast SEO plugin v24.3 - https:\/\/yoast.com\/wordpress\/plugins\/seo\/ -->\n<title>Sellan una construcci\u00f3n ilegal sobre patrimonio cultural en La Pola de Ibagu\u00e9 - Ciudad y Region<\/title>\n<meta name=\"robots\" content=\"index, follow, max-snippet:-1, max-image-preview:large, max-video-preview:-1\" \/>\n<link rel=\"canonical\" href=\"https:\/\/ciudadyregion.com.co\/index.php\/sellan-una-construccion-ilegal-sobre-patrimonio-cultural-en-la-pola-de-ibague\/ibague\/\" \/>\n<meta property=\"og:locale\" content=\"es_ES\" \/>\n<meta property=\"og:type\" content=\"article\" \/>\n<meta property=\"og:title\" content=\"Sellan una construcci\u00f3n ilegal sobre patrimonio cultural en La Pola de Ibagu\u00e9 - Ciudad y Region\" \/>\n<meta property=\"og:description\" content=\"Protegiendo el patrimonio cultural e hist\u00f3rico de la ciudad, la Administraci\u00f3n Municipal, en compa\u00f1\u00eda de la Polic\u00eda Metropolitana de Ibagu\u00e9 y Polic\u00eda de Turismo, clausur\u00f3 de manera indefinida una obra de construcci\u00f3n ilegal sobre un bien arquitect\u00f3nico del barrio La Pola. \u00a0 \u201cRecordemos que en este barrio est\u00e1 la mayor\u00edaContinuar Leyendo\" \/>\n<meta property=\"og:url\" content=\"https:\/\/ciudadyregion.com.co\/index.php\/sellan-una-construccion-ilegal-sobre-patrimonio-cultural-en-la-pola-de-ibague\/ibague\/\" \/>\n<meta property=\"og:site_name\" content=\"Ciudad y Region\" \/>\n<meta property=\"article:published_time\" content=\"2024-05-27T09:32:03+00:00\" \/>\n<meta property=\"article:modified_time\" content=\"2024-05-27T04:32:25+00:00\" \/>\n<meta property=\"og:image\" content=\"https:\/\/i0.wp.com\/ciudadyregion.com.co\/wp-content\/uploads\/2024\/05\/6-15.jpg?fit=800%2C445&ssl=1\" \/>\n\t<meta property=\"og:image:width\" content=\"800\" \/>\n\t<meta property=\"og:image:height\" content=\"445\" \/>\n\t<meta property=\"og:image:type\" content=\"image\/jpeg\" \/>\n<meta name=\"author\" content=\"David Andr\u00e9s Aguirre\" \/>\n<meta name=\"twitter:card\" content=\"summary_large_image\" \/>\n<meta name=\"twitter:label1\" content=\"Escrito por\" \/>\n\t<meta name=\"twitter:data1\" content=\"David Andr\u00e9s Aguirre\" \/>\n\t<meta name=\"twitter:label2\" content=\"Tiempo de lectura\" \/>\n\t<meta name=\"twitter:data2\" content=\"1 minuto\" \/>\n<script type=\"application\/ld+json\" class=\"yoast-schema-graph\">{\"@context\":\"https:\/\/schema.org\",\"@graph\":[{\"@type\":\"WebPage\",\"@id\":\"https:\/\/ciudadyregion.com.co\/index.php\/sellan-una-construccion-ilegal-sobre-patrimonio-cultural-en-la-pola-de-ibague\/ibague\/\",\"url\":\"https:\/\/ciudadyregion.com.co\/index.php\/sellan-una-construccion-ilegal-sobre-patrimonio-cultural-en-la-pola-de-ibague\/ibague\/\",\"name\":\"Sellan una construcci\u00f3n ilegal sobre patrimonio cultural en La Pola de Ibagu\u00e9 - Ciudad y Region\",\"isPartOf\":{\"@id\":\"https:\/\/ciudadyregion.com.co\/#website\"},\"primaryImageOfPage\":{\"@id\":\"https:\/\/ciudadyregion.com.co\/index.php\/sellan-una-construccion-ilegal-sobre-patrimonio-cultural-en-la-pola-de-ibague\/ibague\/#primaryimage\"},\"image\":{\"@id\":\"https:\/\/ciudadyregion.com.co\/index.php\/sellan-una-construccion-ilegal-sobre-patrimonio-cultural-en-la-pola-de-ibague\/ibague\/#primaryimage\"},\"thumbnailUrl\":\"https:\/\/i0.wp.com\/ciudadyregion.com.co\/wp-content\/uploads\/2024\/05\/6-15.jpg?fit=800%2C445&ssl=1\",\"datePublished\":\"2024-05-27T09:32:03+00:00\",\"dateModified\":\"2024-05-27T04:32:25+00:00\",\"author\":{\"@id\":\"https:\/\/ciudadyregion.com.co\/#\/schema\/person\/04a4954373ebc4051f46e8c65ff78622\"},\"breadcrumb\":{\"@id\":\"https:\/\/ciudadyregion.com.co\/index.php\/sellan-una-construccion-ilegal-sobre-patrimonio-cultural-en-la-pola-de-ibague\/ibague\/#breadcrumb\"},\"inLanguage\":\"es\",\"potentialAction\":[{\"@type\":\"ReadAction\",\"target\":[\"https:\/\/ciudadyregion.com.co\/index.php\/sellan-una-construccion-ilegal-sobre-patrimonio-cultural-en-la-pola-de-ibague\/ibague\/\"]}]},{\"@type\":\"ImageObject\",\"inLanguage\":\"es\",\"@id\":\"https:\/\/ciudadyregion.com.co\/index.php\/sellan-una-construccion-ilegal-sobre-patrimonio-cultural-en-la-pola-de-ibague\/ibague\/#primaryimage\",\"url\":\"https:\/\/i0.wp.com\/ciudadyregion.com.co\/wp-content\/uploads\/2024\/05\/6-15.jpg?fit=800%2C445&ssl=1\",\"contentUrl\":\"https:\/\/i0.wp.com\/ciudadyregion.com.co\/wp-content\/uploads\/2024\/05\/6-15.jpg?fit=800%2C445&ssl=1\",\"width\":800,\"height\":445},{\"@type\":\"BreadcrumbList\",\"@id\":\"https:\/\/ciudadyregion.com.co\/index.php\/sellan-una-construccion-ilegal-sobre-patrimonio-cultural-en-la-pola-de-ibague\/ibague\/#breadcrumb\",\"itemListElement\":[{\"@type\":\"ListItem\",\"position\":1,\"name\":\"Portada\",\"item\":\"https:\/\/ciudadyregion.com.co\/\"},{\"@type\":\"ListItem\",\"position\":2,\"name\":\"Sellan una construcci\u00f3n ilegal sobre patrimonio cultural en La Pola de Ibagu\u00e9\"}]},{\"@type\":\"WebSite\",\"@id\":\"https:\/\/ciudadyregion.com.co\/#website\",\"url\":\"https:\/\/ciudadyregion.com.co\/\",\"name\":\"Ciudad y Region\",\"description\":\"\",\"potentialAction\":[{\"@type\":\"SearchAction\",\"target\":{\"@type\":\"EntryPoint\",\"urlTemplate\":\"https:\/\/ciudadyregion.com.co\/?s={search_term_string}\"},\"query-input\":{\"@type\":\"PropertyValueSpecification\",\"valueRequired\":true,\"valueName\":\"search_term_string\"}}],\"inLanguage\":\"es\"},{\"@type\":\"Person\",\"@id\":\"https:\/\/ciudadyregion.com.co\/#\/schema\/person\/04a4954373ebc4051f46e8c65ff78622\",\"name\":\"David Andr\u00e9s Aguirre\",\"image\":{\"@type\":\"ImageObject\",\"inLanguage\":\"es\",\"@id\":\"https:\/\/ciudadyregion.com.co\/#\/schema\/person\/image\/\",\"url\":\"https:\/\/secure.gravatar.com\/avatar\/bc3c655860202182ee6d1b5edd042dbe?s=96&d=mm&r=g\",\"contentUrl\":\"https:\/\/secure.gravatar.com\/avatar\/bc3c655860202182ee6d1b5edd042dbe?s=96&d=mm&r=g\",\"caption\":\"David Andr\u00e9s Aguirre\"},\"url\":\"https:\/\/ciudadyregion.com.co\/index.php\/author\/diegoaguirre\/\"}]}<\/script>\n<!-- \/ Yoast SEO plugin. -->","yoast_head_json":{"title":"Sellan una construcci\u00f3n ilegal sobre patrimonio cultural en La Pola de Ibagu\u00e9 - Ciudad y Region","robots":{"index":"index","follow":"follow","max-snippet":"max-snippet:-1","max-image-preview":"max-image-preview:large","max-video-preview":"max-video-preview:-1"},"canonical":"https:\/\/ciudadyregion.com.co\/index.php\/sellan-una-construccion-ilegal-sobre-patrimonio-cultural-en-la-pola-de-ibague\/ibague\/","og_locale":"es_ES","og_type":"article","og_title":"Sellan una construcci\u00f3n ilegal sobre patrimonio cultural en La Pola de Ibagu\u00e9 - Ciudad y Region","og_description":"Protegiendo el patrimonio cultural e hist\u00f3rico de la ciudad, la Administraci\u00f3n Municipal, en compa\u00f1\u00eda de la Polic\u00eda Metropolitana de Ibagu\u00e9 y Polic\u00eda de Turismo, clausur\u00f3 de manera indefinida una obra de construcci\u00f3n ilegal sobre un bien arquitect\u00f3nico del barrio La Pola. \u00a0 \u201cRecordemos que en este barrio est\u00e1 la mayor\u00edaContinuar Leyendo","og_url":"https:\/\/ciudadyregion.com.co\/index.php\/sellan-una-construccion-ilegal-sobre-patrimonio-cultural-en-la-pola-de-ibague\/ibague\/","og_site_name":"Ciudad y Region","article_published_time":"2024-05-27T09:32:03+00:00","article_modified_time":"2024-05-27T04:32:25+00:00","og_image":[{"width":800,"height":445,"url":"https:\/\/i0.wp.com\/ciudadyregion.com.co\/wp-content\/uploads\/2024\/05\/6-15.jpg?fit=800%2C445&ssl=1","type":"image\/jpeg"}],"author":"David Andr\u00e9s Aguirre","twitter_card":"summary_large_image","twitter_misc":{"Escrito por":"David Andr\u00e9s Aguirre","Tiempo de lectura":"1 minuto"},"schema":{"@context":"https:\/\/schema.org","@graph":[{"@type":"WebPage","@id":"https:\/\/ciudadyregion.com.co\/index.php\/sellan-una-construccion-ilegal-sobre-patrimonio-cultural-en-la-pola-de-ibague\/ibague\/","url":"https:\/\/ciudadyregion.com.co\/index.php\/sellan-una-construccion-ilegal-sobre-patrimonio-cultural-en-la-pola-de-ibague\/ibague\/","name":"Sellan una construcci\u00f3n ilegal sobre patrimonio cultural en La Pola de Ibagu\u00e9 - Ciudad y Region","isPartOf":{"@id":"https:\/\/ciudadyregion.com.co\/#website"},"primaryImageOfPage":{"@id":"https:\/\/ciudadyregion.com.co\/index.php\/sellan-una-construccion-ilegal-sobre-patrimonio-cultural-en-la-pola-de-ibague\/ibague\/#primaryimage"},"image":{"@id":"https:\/\/ciudadyregion.com.co\/index.php\/sellan-una-construccion-ilegal-sobre-patrimonio-cultural-en-la-pola-de-ibague\/ibague\/#primaryimage"},"thumbnailUrl":"https:\/\/i0.wp.com\/ciudadyregion.com.co\/wp-content\/uploads\/2024\/05\/6-15.jpg?fit=800%2C445&ssl=1","datePublished":"2024-05-27T09:32:03+00:00","dateModified":"2024-05-27T04:32:25+00:00","author":{"@id":"https:\/\/ciudadyregion.com.co\/#\/schema\/person\/04a4954373ebc4051f46e8c65ff78622"},"breadcrumb":{"@id":"https:\/\/ciudadyregion.com.co\/index.php\/sellan-una-construccion-ilegal-sobre-patrimonio-cultural-en-la-pola-de-ibague\/ibague\/#breadcrumb"},"inLanguage":"es","potentialAction":[{"@type":"ReadAction","target":["https:\/\/ciudadyregion.com.co\/index.php\/sellan-una-construccion-ilegal-sobre-patrimonio-cultural-en-la-pola-de-ibague\/ibague\/"]}]},{"@type":"ImageObject","inLanguage":"es","@id":"https:\/\/ciudadyregion.com.co\/index.php\/sellan-una-construccion-ilegal-sobre-patrimonio-cultural-en-la-pola-de-ibague\/ibague\/#primaryimage","url":"https:\/\/i0.wp.com\/ciudadyregion.com.co\/wp-content\/uploads\/2024\/05\/6-15.jpg?fit=800%2C445&ssl=1","contentUrl":"https:\/\/i0.wp.com\/ciudadyregion.com.co\/wp-content\/uploads\/2024\/05\/6-15.jpg?fit=800%2C445&ssl=1","width":800,"height":445},{"@type":"BreadcrumbList","@id":"https:\/\/ciudadyregion.com.co\/index.php\/sellan-una-construccion-ilegal-sobre-patrimonio-cultural-en-la-pola-de-ibague\/ibague\/#breadcrumb","itemListElement":[{"@type":"ListItem","position":1,"name":"Portada","item":"https:\/\/ciudadyregion.com.co\/"},{"@type":"ListItem","position":2,"name":"Sellan una construcci\u00f3n ilegal sobre patrimonio cultural en La Pola de Ibagu\u00e9"}]},{"@type":"WebSite","@id":"https:\/\/ciudadyregion.com.co\/#website","url":"https:\/\/ciudadyregion.com.co\/","name":"Ciudad y Region","description":"","potentialAction":[{"@type":"SearchAction","target":{"@type":"EntryPoint","urlTemplate":"https:\/\/ciudadyregion.com.co\/?s={search_term_string}"},"query-input":{"@type":"PropertyValueSpecification","valueRequired":true,"valueName":"search_term_string"}}],"inLanguage":"es"},{"@type":"Person","@id":"https:\/\/ciudadyregion.com.co\/#\/schema\/person\/04a4954373ebc4051f46e8c65ff78622","name":"David Andr\u00e9s Aguirre","image":{"@type":"ImageObject","inLanguage":"es","@id":"https:\/\/ciudadyregion.com.co\/#\/schema\/person\/image\/","url":"https:\/\/secure.gravatar.com\/avatar\/bc3c655860202182ee6d1b5edd042dbe?s=96&d=mm&r=g","contentUrl":"https:\/\/secure.gravatar.com\/avatar\/bc3c655860202182ee6d1b5edd042dbe?s=96&d=mm&r=g","caption":"David Andr\u00e9s Aguirre"},"url":"https:\/\/ciudadyregion.com.co\/index.php\/author\/diegoaguirre\/"}]}},"jetpack_featured_media_url":"https:\/\/i0.wp.com\/ciudadyregion.com.co\/wp-content\/uploads\/2024\/05\/6-15.jpg?fit=800%2C445&ssl=1","jetpack_sharing_enabled":true,"jetpack_shortlink":"https:\/\/wp.me\/pbS7hh-3RZ","jetpack-related-posts":[],"_links":{"self":[{"href":"https:\/\/ciudadyregion.com.co\/index.php\/wp-json\/wp\/v2\/posts\/14879"}],"collection":[{"href":"https:\/\/ciudadyregion.com.co\/index.php\/wp-json\/wp\/v2\/posts"}],"about":[{"href":"https:\/\/ciudadyregion.com.co\/index.php\/wp-json\/wp\/v2\/types\/post"}],"author":[{"embeddable":true,"href":"https:\/\/ciudadyregion.com.co\/index.php\/wp-json\/wp\/v2\/users\/2"}],"replies":[{"embeddable":true,"href":"https:\/\/ciudadyregion.com.co\/index.php\/wp-json\/wp\/v2\/comments?post=14879"}],"version-history":[{"count":1,"href":"https:\/\/ciudadyregion.com.co\/index.php\/wp-json\/wp\/v2\/posts\/14879\/revisions"}],"predecessor-version":[{"id":14881,"href":"https:\/\/ciudadyregion.com.co\/index.php\/wp-json\/wp\/v2\/posts\/14879\/revisions\/14881"}],"wp:featuredmedia":[{"embeddable":true,"href":"https:\/\/ciudadyregion.com.co\/index.php\/wp-json\/wp\/v2\/media\/14880"}],"wp:attachment":[{"href":"https:\/\/ciudadyregion.com.co\/index.php\/wp-json\/wp\/v2\/media?parent=14879"}],"wp:term":[{"taxonomy":"category","embeddable":true,"href":"https:\/\/ciudadyregion.com.co\/index.php\/wp-json\/wp\/v2\/categories?post=14879"},{"taxonomy":"post_tag","embeddable":true,"href":"https:\/\/ciudadyregion.com.co\/index.php\/wp-json\/wp\/v2\/tags?post=14879"}],"curies":[{"name":"wp","href":"https:\/\/api.w.org\/{rel}","templated":true}]}}