{"id":14876,"date":"2024-05-27T04:29:05","date_gmt":"2024-05-27T09:29:05","guid":{"rendered":"https:\/\/ciudadyregion.com.co\/?p=14876"},"modified":"2024-05-26T23:29:26","modified_gmt":"2024-05-27T04:29:26","slug":"en-el-podio-el-tolima-se-quedo-con-el-tercer-lugar-del-campeonato-nacional-master-de-polo-acuatico","status":"publish","type":"post","link":"https:\/\/ciudadyregion.com.co\/index.php\/en-el-podio-el-tolima-se-quedo-con-el-tercer-lugar-del-campeonato-nacional-master-de-polo-acuatico\/deportes\/","title":{"rendered":"En el podio: El Tolima se qued\u00f3 con el tercer lugar del Campeonato Nacional M\u00e1ster de Polo Acu\u00e1tico"},"content":{"rendered":"<div><span style=\"font-family: Arial;\">Concluy\u00f3 en la capital del Valle del Cauca el Campeonato Nacional M\u00e1ster de Polo Acu\u00e1tico, donde Sebasti\u00e1n Perdomo, gerente del Imdri, hizo parte del equipo tolimense que logr\u00f3 medalla de bronce en el certamen.\u00a0<\/span><\/div>\n<div><span style=\"font-family: Arial;\">\u00a0<\/span><\/div>\n<div><span style=\"font-family: Arial;\">Luego de cumplir cada una de las fases clasificatorias y posteriormente las semifinales, el Tolima se qued\u00f3 con el tercer lugar, resultado que es el premio a las arduas jornadas de entrenamiento y dedicaci\u00f3n.\u00a0<\/span><\/div>\n<div><span style=\"font-family: Arial;\">\u00a0<\/span><\/div>\n<blockquote>\n<div><span style=\"font-family: Arial;\">\u201c<i>Me siento orgulloso de estar en estos eventos, nuestra Alcaldesa ha dado una instrucci\u00f3n clara, de la terminaci\u00f3n de escenarios, y es por eso que tambi\u00e9n aprovechamos para adelantar detalles de lo que ser\u00e1 el Pre Mundial de Polo Acu\u00e1tico en Ibagu\u00e9<\/i>\u201d, sostuvo el Gerente del Imdri.\u00a0\u00a0<\/span><\/div>\n<\/blockquote>\n<div><span style=\"font-family: Arial;\">\u00a0<\/span><\/div>\n<div><span style=\"font-family: Arial;\">Durante el certamen deportivo tambi\u00e9n se aprovech\u00f3 el espacio, junto a los directivos de la Liga de Nataci\u00f3n del Tolima, de poner a disposici\u00f3n la ciudad para las actividades acu\u00e1ticas, debido a que en el segundo semestre ya se volver\u00e1 a contar con un escenario en \u00f3ptimas condiciones.<\/span><\/div>\n","protected":false},"excerpt":{"rendered":"<p>Concluy\u00f3 en la capital del Valle del Cauca el Campeonato Nacional M\u00e1ster de Polo Acu\u00e1tico, donde Sebasti\u00e1n Perdomo, gerente del Imdri, hizo parte del equipo tolimense que logr\u00f3 medalla de bronce en el certamen.\u00a0 \u00a0 Luego de cumplir cada una de las fases clasificatorias y posteriormente las semifinales, el Tolima<span class=\"more-link\"><a href=\"https:\/\/ciudadyregion.com.co\/index.php\/en-el-podio-el-tolima-se-quedo-con-el-tercer-lugar-del-campeonato-nacional-master-de-polo-acuatico\/deportes\/\">Continuar Leyendo<\/a><\/span><\/p>\n","protected":false},"author":2,"featured_media":14877,"comment_status":"open","ping_status":"open","sticky":false,"template":"","format":"standard","meta":{"_uf_show_specific_survey":0,"_uf_disable_surveys":false,"_jetpack_memberships_contains_paid_content":false,"footnotes":"","jetpack_publicize_message":"","jetpack_publicize_feature_enabled":true,"jetpack_social_post_already_shared":true,"jetpack_social_options":{"image_generator_settings":{"template":"highway","enabled":false},"version":2}},"categories":[15],"tags":[],"class_list":["entry","author-diegoaguirre","post-14876","post","type-post","status-publish","format-standard","has-post-thumbnail","category-deportes"],"jetpack_publicize_connections":[],"yoast_head":"<!-- This site is optimized with the Yoast SEO plugin v24.3 - https:\/\/yoast.com\/wordpress\/plugins\/seo\/ -->\n<title>En el podio: El Tolima se qued\u00f3 con el tercer lugar del Campeonato Nacional M\u00e1ster de Polo Acu\u00e1tico - Ciudad y Region<\/title>\n<meta name=\"robots\" content=\"index, follow, max-snippet:-1, max-image-preview:large, max-video-preview:-1\" \/>\n<link rel=\"canonical\" href=\"https:\/\/ciudadyregion.com.co\/index.php\/en-el-podio-el-tolima-se-quedo-con-el-tercer-lugar-del-campeonato-nacional-master-de-polo-acuatico\/deportes\/\" \/>\n<meta property=\"og:locale\" content=\"es_ES\" \/>\n<meta property=\"og:type\" content=\"article\" \/>\n<meta property=\"og:title\" content=\"En el podio: El Tolima se qued\u00f3 con el tercer lugar del Campeonato Nacional M\u00e1ster de Polo Acu\u00e1tico - Ciudad y Region\" \/>\n<meta property=\"og:description\" content=\"Concluy\u00f3 en la capital del Valle del Cauca el Campeonato Nacional M\u00e1ster de Polo Acu\u00e1tico, donde Sebasti\u00e1n Perdomo, gerente del Imdri, hizo parte del equipo tolimense que logr\u00f3 medalla de bronce en el certamen.\u00a0 \u00a0 Luego de cumplir cada una de las fases clasificatorias y posteriormente las semifinales, el TolimaContinuar Leyendo\" \/>\n<meta property=\"og:url\" content=\"https:\/\/ciudadyregion.com.co\/index.php\/en-el-podio-el-tolima-se-quedo-con-el-tercer-lugar-del-campeonato-nacional-master-de-polo-acuatico\/deportes\/\" \/>\n<meta property=\"og:site_name\" content=\"Ciudad y Region\" \/>\n<meta property=\"article:published_time\" content=\"2024-05-27T09:29:05+00:00\" \/>\n<meta property=\"article:modified_time\" content=\"2024-05-27T04:29:26+00:00\" \/>\n<meta property=\"og:image\" content=\"https:\/\/i0.wp.com\/ciudadyregion.com.co\/wp-content\/uploads\/2024\/05\/5-polo.jpg?fit=800%2C445&ssl=1\" \/>\n\t<meta property=\"og:image:width\" content=\"800\" \/>\n\t<meta property=\"og:image:height\" content=\"445\" \/>\n\t<meta property=\"og:image:type\" content=\"image\/jpeg\" \/>\n<meta name=\"author\" content=\"David Andr\u00e9s Aguirre\" \/>\n<meta name=\"twitter:card\" content=\"summary_large_image\" \/>\n<meta name=\"twitter:label1\" content=\"Escrito por\" \/>\n\t<meta name=\"twitter:data1\" content=\"David Andr\u00e9s Aguirre\" \/>\n\t<meta name=\"twitter:label2\" content=\"Tiempo de lectura\" \/>\n\t<meta name=\"twitter:data2\" content=\"1 minuto\" \/>\n<script type=\"application\/ld+json\" class=\"yoast-schema-graph\">{\"@context\":\"https:\/\/schema.org\",\"@graph\":[{\"@type\":\"WebPage\",\"@id\":\"https:\/\/ciudadyregion.com.co\/index.php\/en-el-podio-el-tolima-se-quedo-con-el-tercer-lugar-del-campeonato-nacional-master-de-polo-acuatico\/deportes\/\",\"url\":\"https:\/\/ciudadyregion.com.co\/index.php\/en-el-podio-el-tolima-se-quedo-con-el-tercer-lugar-del-campeonato-nacional-master-de-polo-acuatico\/deportes\/\",\"name\":\"En el podio: El Tolima se qued\u00f3 con el tercer lugar del Campeonato Nacional M\u00e1ster de Polo Acu\u00e1tico - Ciudad y Region\",\"isPartOf\":{\"@id\":\"https:\/\/ciudadyregion.com.co\/#website\"},\"primaryImageOfPage\":{\"@id\":\"https:\/\/ciudadyregion.com.co\/index.php\/en-el-podio-el-tolima-se-quedo-con-el-tercer-lugar-del-campeonato-nacional-master-de-polo-acuatico\/deportes\/#primaryimage\"},\"image\":{\"@id\":\"https:\/\/ciudadyregion.com.co\/index.php\/en-el-podio-el-tolima-se-quedo-con-el-tercer-lugar-del-campeonato-nacional-master-de-polo-acuatico\/deportes\/#primaryimage\"},\"thumbnailUrl\":\"https:\/\/i0.wp.com\/ciudadyregion.com.co\/wp-content\/uploads\/2024\/05\/5-polo.jpg?fit=800%2C445&ssl=1\",\"datePublished\":\"2024-05-27T09:29:05+00:00\",\"dateModified\":\"2024-05-27T04:29:26+00:00\",\"author\":{\"@id\":\"https:\/\/ciudadyregion.com.co\/#\/schema\/person\/04a4954373ebc4051f46e8c65ff78622\"},\"breadcrumb\":{\"@id\":\"https:\/\/ciudadyregion.com.co\/index.php\/en-el-podio-el-tolima-se-quedo-con-el-tercer-lugar-del-campeonato-nacional-master-de-polo-acuatico\/deportes\/#breadcrumb\"},\"inLanguage\":\"es\",\"potentialAction\":[{\"@type\":\"ReadAction\",\"target\":[\"https:\/\/ciudadyregion.com.co\/index.php\/en-el-podio-el-tolima-se-quedo-con-el-tercer-lugar-del-campeonato-nacional-master-de-polo-acuatico\/deportes\/\"]}]},{\"@type\":\"ImageObject\",\"inLanguage\":\"es\",\"@id\":\"https:\/\/ciudadyregion.com.co\/index.php\/en-el-podio-el-tolima-se-quedo-con-el-tercer-lugar-del-campeonato-nacional-master-de-polo-acuatico\/deportes\/#primaryimage\",\"url\":\"https:\/\/i0.wp.com\/ciudadyregion.com.co\/wp-content\/uploads\/2024\/05\/5-polo.jpg?fit=800%2C445&ssl=1\",\"contentUrl\":\"https:\/\/i0.wp.com\/ciudadyregion.com.co\/wp-content\/uploads\/2024\/05\/5-polo.jpg?fit=800%2C445&ssl=1\",\"width\":800,\"height\":445},{\"@type\":\"BreadcrumbList\",\"@id\":\"https:\/\/ciudadyregion.com.co\/index.php\/en-el-podio-el-tolima-se-quedo-con-el-tercer-lugar-del-campeonato-nacional-master-de-polo-acuatico\/deportes\/#breadcrumb\",\"itemListElement\":[{\"@type\":\"ListItem\",\"position\":1,\"name\":\"Portada\",\"item\":\"https:\/\/ciudadyregion.com.co\/\"},{\"@type\":\"ListItem\",\"position\":2,\"name\":\"En el podio: El Tolima se qued\u00f3 con el tercer lugar del Campeonato Nacional M\u00e1ster de Polo Acu\u00e1tico\"}]},{\"@type\":\"WebSite\",\"@id\":\"https:\/\/ciudadyregion.com.co\/#website\",\"url\":\"https:\/\/ciudadyregion.com.co\/\",\"name\":\"Ciudad y Region\",\"description\":\"\",\"potentialAction\":[{\"@type\":\"SearchAction\",\"target\":{\"@type\":\"EntryPoint\",\"urlTemplate\":\"https:\/\/ciudadyregion.com.co\/?s={search_term_string}\"},\"query-input\":{\"@type\":\"PropertyValueSpecification\",\"valueRequired\":true,\"valueName\":\"search_term_string\"}}],\"inLanguage\":\"es\"},{\"@type\":\"Person\",\"@id\":\"https:\/\/ciudadyregion.com.co\/#\/schema\/person\/04a4954373ebc4051f46e8c65ff78622\",\"name\":\"David Andr\u00e9s Aguirre\",\"image\":{\"@type\":\"ImageObject\",\"inLanguage\":\"es\",\"@id\":\"https:\/\/ciudadyregion.com.co\/#\/schema\/person\/image\/\",\"url\":\"https:\/\/secure.gravatar.com\/avatar\/bc3c655860202182ee6d1b5edd042dbe?s=96&d=mm&r=g\",\"contentUrl\":\"https:\/\/secure.gravatar.com\/avatar\/bc3c655860202182ee6d1b5edd042dbe?s=96&d=mm&r=g\",\"caption\":\"David Andr\u00e9s Aguirre\"},\"url\":\"https:\/\/ciudadyregion.com.co\/index.php\/author\/diegoaguirre\/\"}]}<\/script>\n<!-- \/ Yoast SEO plugin. -->","yoast_head_json":{"title":"En el podio: El Tolima se qued\u00f3 con el tercer lugar del Campeonato Nacional M\u00e1ster de Polo Acu\u00e1tico - Ciudad y Region","robots":{"index":"index","follow":"follow","max-snippet":"max-snippet:-1","max-image-preview":"max-image-preview:large","max-video-preview":"max-video-preview:-1"},"canonical":"https:\/\/ciudadyregion.com.co\/index.php\/en-el-podio-el-tolima-se-quedo-con-el-tercer-lugar-del-campeonato-nacional-master-de-polo-acuatico\/deportes\/","og_locale":"es_ES","og_type":"article","og_title":"En el podio: El Tolima se qued\u00f3 con el tercer lugar del Campeonato Nacional M\u00e1ster de Polo Acu\u00e1tico - Ciudad y Region","og_description":"Concluy\u00f3 en la capital del Valle del Cauca el Campeonato Nacional M\u00e1ster de Polo Acu\u00e1tico, donde Sebasti\u00e1n Perdomo, gerente del Imdri, hizo parte del equipo tolimense que logr\u00f3 medalla de bronce en el certamen.\u00a0 \u00a0 Luego de cumplir cada una de las fases clasificatorias y posteriormente las semifinales, el TolimaContinuar Leyendo","og_url":"https:\/\/ciudadyregion.com.co\/index.php\/en-el-podio-el-tolima-se-quedo-con-el-tercer-lugar-del-campeonato-nacional-master-de-polo-acuatico\/deportes\/","og_site_name":"Ciudad y Region","article_published_time":"2024-05-27T09:29:05+00:00","article_modified_time":"2024-05-27T04:29:26+00:00","og_image":[{"width":800,"height":445,"url":"https:\/\/i0.wp.com\/ciudadyregion.com.co\/wp-content\/uploads\/2024\/05\/5-polo.jpg?fit=800%2C445&ssl=1","type":"image\/jpeg"}],"author":"David Andr\u00e9s Aguirre","twitter_card":"summary_large_image","twitter_misc":{"Escrito por":"David Andr\u00e9s Aguirre","Tiempo de lectura":"1 minuto"},"schema":{"@context":"https:\/\/schema.org","@graph":[{"@type":"WebPage","@id":"https:\/\/ciudadyregion.com.co\/index.php\/en-el-podio-el-tolima-se-quedo-con-el-tercer-lugar-del-campeonato-nacional-master-de-polo-acuatico\/deportes\/","url":"https:\/\/ciudadyregion.com.co\/index.php\/en-el-podio-el-tolima-se-quedo-con-el-tercer-lugar-del-campeonato-nacional-master-de-polo-acuatico\/deportes\/","name":"En el podio: El Tolima se qued\u00f3 con el tercer lugar del Campeonato Nacional M\u00e1ster de Polo Acu\u00e1tico - Ciudad y Region","isPartOf":{"@id":"https:\/\/ciudadyregion.com.co\/#website"},"primaryImageOfPage":{"@id":"https:\/\/ciudadyregion.com.co\/index.php\/en-el-podio-el-tolima-se-quedo-con-el-tercer-lugar-del-campeonato-nacional-master-de-polo-acuatico\/deportes\/#primaryimage"},"image":{"@id":"https:\/\/ciudadyregion.com.co\/index.php\/en-el-podio-el-tolima-se-quedo-con-el-tercer-lugar-del-campeonato-nacional-master-de-polo-acuatico\/deportes\/#primaryimage"},"thumbnailUrl":"https:\/\/i0.wp.com\/ciudadyregion.com.co\/wp-content\/uploads\/2024\/05\/5-polo.jpg?fit=800%2C445&ssl=1","datePublished":"2024-05-27T09:29:05+00:00","dateModified":"2024-05-27T04:29:26+00:00","author":{"@id":"https:\/\/ciudadyregion.com.co\/#\/schema\/person\/04a4954373ebc4051f46e8c65ff78622"},"breadcrumb":{"@id":"https:\/\/ciudadyregion.com.co\/index.php\/en-el-podio-el-tolima-se-quedo-con-el-tercer-lugar-del-campeonato-nacional-master-de-polo-acuatico\/deportes\/#breadcrumb"},"inLanguage":"es","potentialAction":[{"@type":"ReadAction","target":["https:\/\/ciudadyregion.com.co\/index.php\/en-el-podio-el-tolima-se-quedo-con-el-tercer-lugar-del-campeonato-nacional-master-de-polo-acuatico\/deportes\/"]}]},{"@type":"ImageObject","inLanguage":"es","@id":"https:\/\/ciudadyregion.com.co\/index.php\/en-el-podio-el-tolima-se-quedo-con-el-tercer-lugar-del-campeonato-nacional-master-de-polo-acuatico\/deportes\/#primaryimage","url":"https:\/\/i0.wp.com\/ciudadyregion.com.co\/wp-content\/uploads\/2024\/05\/5-polo.jpg?fit=800%2C445&ssl=1","contentUrl":"https:\/\/i0.wp.com\/ciudadyregion.com.co\/wp-content\/uploads\/2024\/05\/5-polo.jpg?fit=800%2C445&ssl=1","width":800,"height":445},{"@type":"BreadcrumbList","@id":"https:\/\/ciudadyregion.com.co\/index.php\/en-el-podio-el-tolima-se-quedo-con-el-tercer-lugar-del-campeonato-nacional-master-de-polo-acuatico\/deportes\/#breadcrumb","itemListElement":[{"@type":"ListItem","position":1,"name":"Portada","item":"https:\/\/ciudadyregion.com.co\/"},{"@type":"ListItem","position":2,"name":"En el podio: El Tolima se qued\u00f3 con el tercer lugar del Campeonato Nacional M\u00e1ster de Polo Acu\u00e1tico"}]},{"@type":"WebSite","@id":"https:\/\/ciudadyregion.com.co\/#website","url":"https:\/\/ciudadyregion.com.co\/","name":"Ciudad y Region","description":"","potentialAction":[{"@type":"SearchAction","target":{"@type":"EntryPoint","urlTemplate":"https:\/\/ciudadyregion.com.co\/?s={search_term_string}"},"query-input":{"@type":"PropertyValueSpecification","valueRequired":true,"valueName":"search_term_string"}}],"inLanguage":"es"},{"@type":"Person","@id":"https:\/\/ciudadyregion.com.co\/#\/schema\/person\/04a4954373ebc4051f46e8c65ff78622","name":"David Andr\u00e9s Aguirre","image":{"@type":"ImageObject","inLanguage":"es","@id":"https:\/\/ciudadyregion.com.co\/#\/schema\/person\/image\/","url":"https:\/\/secure.gravatar.com\/avatar\/bc3c655860202182ee6d1b5edd042dbe?s=96&d=mm&r=g","contentUrl":"https:\/\/secure.gravatar.com\/avatar\/bc3c655860202182ee6d1b5edd042dbe?s=96&d=mm&r=g","caption":"David Andr\u00e9s Aguirre"},"url":"https:\/\/ciudadyregion.com.co\/index.php\/author\/diegoaguirre\/"}]}},"jetpack_featured_media_url":"https:\/\/i0.wp.com\/ciudadyregion.com.co\/wp-content\/uploads\/2024\/05\/5-polo.jpg?fit=800%2C445&ssl=1","jetpack_sharing_enabled":true,"jetpack_shortlink":"https:\/\/wp.me\/pbS7hh-3RW","jetpack-related-posts":[],"_links":{"self":[{"href":"https:\/\/ciudadyregion.com.co\/index.php\/wp-json\/wp\/v2\/posts\/14876"}],"collection":[{"href":"https:\/\/ciudadyregion.com.co\/index.php\/wp-json\/wp\/v2\/posts"}],"about":[{"href":"https:\/\/ciudadyregion.com.co\/index.php\/wp-json\/wp\/v2\/types\/post"}],"author":[{"embeddable":true,"href":"https:\/\/ciudadyregion.com.co\/index.php\/wp-json\/wp\/v2\/users\/2"}],"replies":[{"embeddable":true,"href":"https:\/\/ciudadyregion.com.co\/index.php\/wp-json\/wp\/v2\/comments?post=14876"}],"version-history":[{"count":1,"href":"https:\/\/ciudadyregion.com.co\/index.php\/wp-json\/wp\/v2\/posts\/14876\/revisions"}],"predecessor-version":[{"id":14878,"href":"https:\/\/ciudadyregion.com.co\/index.php\/wp-json\/wp\/v2\/posts\/14876\/revisions\/14878"}],"wp:featuredmedia":[{"embeddable":true,"href":"https:\/\/ciudadyregion.com.co\/index.php\/wp-json\/wp\/v2\/media\/14877"}],"wp:attachment":[{"href":"https:\/\/ciudadyregion.com.co\/index.php\/wp-json\/wp\/v2\/media?parent=14876"}],"wp:term":[{"taxonomy":"category","embeddable":true,"href":"https:\/\/ciudadyregion.com.co\/index.php\/wp-json\/wp\/v2\/categories?post=14876"},{"taxonomy":"post_tag","embeddable":true,"href":"https:\/\/ciudadyregion.com.co\/index.php\/wp-json\/wp\/v2\/tags?post=14876"}],"curies":[{"name":"wp","href":"https:\/\/api.w.org\/{rel}","templated":true}]}}