{"id":14873,"date":"2024-05-27T04:23:09","date_gmt":"2024-05-27T09:23:09","guid":{"rendered":"https:\/\/ciudadyregion.com.co\/?p=14873"},"modified":"2024-05-26T23:23:31","modified_gmt":"2024-05-27T04:23:31","slug":"mas-de-200-personas-hicieron-presencia-en-la-conmemoracion-del-dia-de-la-madre-rural-y-del-campesino-en-ibague","status":"publish","type":"post","link":"https:\/\/ciudadyregion.com.co\/index.php\/mas-de-200-personas-hicieron-presencia-en-la-conmemoracion-del-dia-de-la-madre-rural-y-del-campesino-en-ibague\/cultura\/","title":{"rendered":"M\u00e1s de 200 personas hicieron presencia en la conmemoraci\u00f3n del D\u00eda de la Madre Rural y del Campesino en Ibagu\u00e9"},"content":{"rendered":"<div><span style=\"font-family: Arial;\">Dantas, fue el corregimiento elegido por la Alcald\u00eda de Ibagu\u00e9 para conmemorar el D\u00eda de la Madre Rural y del Campesino en la capital tolimense, actividad a la que asistieron m\u00e1s de 200 personas.<\/span><\/div>\n<div><span style=\"font-family: Arial;\">\u00a0<\/span><\/div>\n<div><span style=\"font-family: Arial;\">Es de se\u00f1alar que, durante la jornada, los participantes bailaron con una papayera, cantaron junto a artistas invitados, disfrutaron de juegos tradicionales, recibieron premios y compartieron un almuerzo tradicional.\u00a0<\/span><\/div>\n<div><span style=\"font-family: Arial;\">\u00a0<\/span><\/div>\n<blockquote>\n<div><span style=\"font-family: Arial;\">\u201c<i>Fue un acto bonito, la gente est\u00e1 muy agradecida por este evento. Esperamos seguir haciendo el recorrido por los dem\u00e1s corregimientos, cont\u00e1ndoles que nuestra Alcaldesa ha dado esta directriz, estarlos acompa\u00f1ando<\/i>\u201d, explic\u00f3 Humberto Orjuela Rozo, secretario de Agricultura y Desarrollo Rural.<\/span><\/div>\n<\/blockquote>\n<div><span style=\"font-family: Arial;\">\u00a0<\/span><\/div>\n<div><span style=\"font-family: Arial;\">Por otro lado, la Administraci\u00f3n Municipal espera visitar pr\u00f3ximamente el corregimiento 13, El Salado, para celebrar junto a propios y visitantes, las Fiesta Patronales del Ni\u00f1o Jes\u00fas de Praga.<\/span><\/div>\n","protected":false},"excerpt":{"rendered":"<p>Dantas, fue el corregimiento elegido por la Alcald\u00eda de Ibagu\u00e9 para conmemorar el D\u00eda de la Madre Rural y del Campesino en la capital tolimense, actividad a la que asistieron m\u00e1s de 200 personas. \u00a0 Es de se\u00f1alar que, durante la jornada, los participantes bailaron con una papayera, cantaron junto<span class=\"more-link\"><a href=\"https:\/\/ciudadyregion.com.co\/index.php\/mas-de-200-personas-hicieron-presencia-en-la-conmemoracion-del-dia-de-la-madre-rural-y-del-campesino-en-ibague\/cultura\/\">Continuar Leyendo<\/a><\/span><\/p>\n","protected":false},"author":2,"featured_media":14874,"comment_status":"open","ping_status":"open","sticky":false,"template":"","format":"standard","meta":{"_uf_show_specific_survey":0,"_uf_disable_surveys":false,"_jetpack_memberships_contains_paid_content":false,"footnotes":"","jetpack_publicize_message":"","jetpack_publicize_feature_enabled":true,"jetpack_social_post_already_shared":true,"jetpack_social_options":{"image_generator_settings":{"template":"highway","enabled":false},"version":2}},"categories":[30,14],"tags":[],"class_list":["entry","author-diegoaguirre","post-14873","post","type-post","status-publish","format-standard","has-post-thumbnail","category-cultura","category-ibague"],"jetpack_publicize_connections":[],"yoast_head":"<!-- This site is optimized with the Yoast SEO plugin v24.3 - https:\/\/yoast.com\/wordpress\/plugins\/seo\/ -->\n<title>M\u00e1s de 200 personas hicieron presencia en la conmemoraci\u00f3n del D\u00eda de la Madre Rural y del Campesino en Ibagu\u00e9 - Ciudad y Region<\/title>\n<meta name=\"robots\" content=\"index, follow, max-snippet:-1, max-image-preview:large, max-video-preview:-1\" \/>\n<link rel=\"canonical\" href=\"https:\/\/ciudadyregion.com.co\/index.php\/mas-de-200-personas-hicieron-presencia-en-la-conmemoracion-del-dia-de-la-madre-rural-y-del-campesino-en-ibague\/cultura\/\" \/>\n<meta property=\"og:locale\" content=\"es_ES\" \/>\n<meta property=\"og:type\" content=\"article\" \/>\n<meta property=\"og:title\" content=\"M\u00e1s de 200 personas hicieron presencia en la conmemoraci\u00f3n del D\u00eda de la Madre Rural y del Campesino en Ibagu\u00e9 - Ciudad y Region\" \/>\n<meta property=\"og:description\" content=\"Dantas, fue el corregimiento elegido por la Alcald\u00eda de Ibagu\u00e9 para conmemorar el D\u00eda de la Madre Rural y del Campesino en la capital tolimense, actividad a la que asistieron m\u00e1s de 200 personas. \u00a0 Es de se\u00f1alar que, durante la jornada, los participantes bailaron con una papayera, cantaron juntoContinuar Leyendo\" \/>\n<meta property=\"og:url\" content=\"https:\/\/ciudadyregion.com.co\/index.php\/mas-de-200-personas-hicieron-presencia-en-la-conmemoracion-del-dia-de-la-madre-rural-y-del-campesino-en-ibague\/cultura\/\" \/>\n<meta property=\"og:site_name\" content=\"Ciudad y Region\" \/>\n<meta property=\"article:published_time\" content=\"2024-05-27T09:23:09+00:00\" \/>\n<meta property=\"article:modified_time\" content=\"2024-05-27T04:23:31+00:00\" \/>\n<meta property=\"og:image\" content=\"https:\/\/i0.wp.com\/ciudadyregion.com.co\/wp-content\/uploads\/2024\/05\/4-18.jpg?fit=800%2C445&ssl=1\" \/>\n\t<meta property=\"og:image:width\" content=\"800\" \/>\n\t<meta property=\"og:image:height\" content=\"445\" \/>\n\t<meta property=\"og:image:type\" content=\"image\/jpeg\" \/>\n<meta name=\"author\" content=\"David Andr\u00e9s Aguirre\" \/>\n<meta name=\"twitter:card\" content=\"summary_large_image\" \/>\n<meta name=\"twitter:label1\" content=\"Escrito por\" \/>\n\t<meta name=\"twitter:data1\" content=\"David Andr\u00e9s Aguirre\" \/>\n\t<meta name=\"twitter:label2\" content=\"Tiempo de lectura\" \/>\n\t<meta name=\"twitter:data2\" content=\"1 minuto\" \/>\n<script type=\"application\/ld+json\" class=\"yoast-schema-graph\">{\"@context\":\"https:\/\/schema.org\",\"@graph\":[{\"@type\":\"WebPage\",\"@id\":\"https:\/\/ciudadyregion.com.co\/index.php\/mas-de-200-personas-hicieron-presencia-en-la-conmemoracion-del-dia-de-la-madre-rural-y-del-campesino-en-ibague\/cultura\/\",\"url\":\"https:\/\/ciudadyregion.com.co\/index.php\/mas-de-200-personas-hicieron-presencia-en-la-conmemoracion-del-dia-de-la-madre-rural-y-del-campesino-en-ibague\/cultura\/\",\"name\":\"M\u00e1s de 200 personas hicieron presencia en la conmemoraci\u00f3n del D\u00eda de la Madre Rural y del Campesino en Ibagu\u00e9 - Ciudad y Region\",\"isPartOf\":{\"@id\":\"https:\/\/ciudadyregion.com.co\/#website\"},\"primaryImageOfPage\":{\"@id\":\"https:\/\/ciudadyregion.com.co\/index.php\/mas-de-200-personas-hicieron-presencia-en-la-conmemoracion-del-dia-de-la-madre-rural-y-del-campesino-en-ibague\/cultura\/#primaryimage\"},\"image\":{\"@id\":\"https:\/\/ciudadyregion.com.co\/index.php\/mas-de-200-personas-hicieron-presencia-en-la-conmemoracion-del-dia-de-la-madre-rural-y-del-campesino-en-ibague\/cultura\/#primaryimage\"},\"thumbnailUrl\":\"https:\/\/i0.wp.com\/ciudadyregion.com.co\/wp-content\/uploads\/2024\/05\/4-18.jpg?fit=800%2C445&ssl=1\",\"datePublished\":\"2024-05-27T09:23:09+00:00\",\"dateModified\":\"2024-05-27T04:23:31+00:00\",\"author\":{\"@id\":\"https:\/\/ciudadyregion.com.co\/#\/schema\/person\/04a4954373ebc4051f46e8c65ff78622\"},\"breadcrumb\":{\"@id\":\"https:\/\/ciudadyregion.com.co\/index.php\/mas-de-200-personas-hicieron-presencia-en-la-conmemoracion-del-dia-de-la-madre-rural-y-del-campesino-en-ibague\/cultura\/#breadcrumb\"},\"inLanguage\":\"es\",\"potentialAction\":[{\"@type\":\"ReadAction\",\"target\":[\"https:\/\/ciudadyregion.com.co\/index.php\/mas-de-200-personas-hicieron-presencia-en-la-conmemoracion-del-dia-de-la-madre-rural-y-del-campesino-en-ibague\/cultura\/\"]}]},{\"@type\":\"ImageObject\",\"inLanguage\":\"es\",\"@id\":\"https:\/\/ciudadyregion.com.co\/index.php\/mas-de-200-personas-hicieron-presencia-en-la-conmemoracion-del-dia-de-la-madre-rural-y-del-campesino-en-ibague\/cultura\/#primaryimage\",\"url\":\"https:\/\/i0.wp.com\/ciudadyregion.com.co\/wp-content\/uploads\/2024\/05\/4-18.jpg?fit=800%2C445&ssl=1\",\"contentUrl\":\"https:\/\/i0.wp.com\/ciudadyregion.com.co\/wp-content\/uploads\/2024\/05\/4-18.jpg?fit=800%2C445&ssl=1\",\"width\":800,\"height\":445},{\"@type\":\"BreadcrumbList\",\"@id\":\"https:\/\/ciudadyregion.com.co\/index.php\/mas-de-200-personas-hicieron-presencia-en-la-conmemoracion-del-dia-de-la-madre-rural-y-del-campesino-en-ibague\/cultura\/#breadcrumb\",\"itemListElement\":[{\"@type\":\"ListItem\",\"position\":1,\"name\":\"Portada\",\"item\":\"https:\/\/ciudadyregion.com.co\/\"},{\"@type\":\"ListItem\",\"position\":2,\"name\":\"M\u00e1s de 200 personas hicieron presencia en la conmemoraci\u00f3n del D\u00eda de la Madre Rural y del Campesino en Ibagu\u00e9\"}]},{\"@type\":\"WebSite\",\"@id\":\"https:\/\/ciudadyregion.com.co\/#website\",\"url\":\"https:\/\/ciudadyregion.com.co\/\",\"name\":\"Ciudad y Region\",\"description\":\"\",\"potentialAction\":[{\"@type\":\"SearchAction\",\"target\":{\"@type\":\"EntryPoint\",\"urlTemplate\":\"https:\/\/ciudadyregion.com.co\/?s={search_term_string}\"},\"query-input\":{\"@type\":\"PropertyValueSpecification\",\"valueRequired\":true,\"valueName\":\"search_term_string\"}}],\"inLanguage\":\"es\"},{\"@type\":\"Person\",\"@id\":\"https:\/\/ciudadyregion.com.co\/#\/schema\/person\/04a4954373ebc4051f46e8c65ff78622\",\"name\":\"David Andr\u00e9s Aguirre\",\"image\":{\"@type\":\"ImageObject\",\"inLanguage\":\"es\",\"@id\":\"https:\/\/ciudadyregion.com.co\/#\/schema\/person\/image\/\",\"url\":\"https:\/\/secure.gravatar.com\/avatar\/bc3c655860202182ee6d1b5edd042dbe?s=96&d=mm&r=g\",\"contentUrl\":\"https:\/\/secure.gravatar.com\/avatar\/bc3c655860202182ee6d1b5edd042dbe?s=96&d=mm&r=g\",\"caption\":\"David Andr\u00e9s Aguirre\"},\"url\":\"https:\/\/ciudadyregion.com.co\/index.php\/author\/diegoaguirre\/\"}]}<\/script>\n<!-- \/ Yoast SEO plugin. -->","yoast_head_json":{"title":"M\u00e1s de 200 personas hicieron presencia en la conmemoraci\u00f3n del D\u00eda de la Madre Rural y del Campesino en Ibagu\u00e9 - Ciudad y Region","robots":{"index":"index","follow":"follow","max-snippet":"max-snippet:-1","max-image-preview":"max-image-preview:large","max-video-preview":"max-video-preview:-1"},"canonical":"https:\/\/ciudadyregion.com.co\/index.php\/mas-de-200-personas-hicieron-presencia-en-la-conmemoracion-del-dia-de-la-madre-rural-y-del-campesino-en-ibague\/cultura\/","og_locale":"es_ES","og_type":"article","og_title":"M\u00e1s de 200 personas hicieron presencia en la conmemoraci\u00f3n del D\u00eda de la Madre Rural y del Campesino en Ibagu\u00e9 - Ciudad y Region","og_description":"Dantas, fue el corregimiento elegido por la Alcald\u00eda de Ibagu\u00e9 para conmemorar el D\u00eda de la Madre Rural y del Campesino en la capital tolimense, actividad a la que asistieron m\u00e1s de 200 personas. \u00a0 Es de se\u00f1alar que, durante la jornada, los participantes bailaron con una papayera, cantaron juntoContinuar Leyendo","og_url":"https:\/\/ciudadyregion.com.co\/index.php\/mas-de-200-personas-hicieron-presencia-en-la-conmemoracion-del-dia-de-la-madre-rural-y-del-campesino-en-ibague\/cultura\/","og_site_name":"Ciudad y Region","article_published_time":"2024-05-27T09:23:09+00:00","article_modified_time":"2024-05-27T04:23:31+00:00","og_image":[{"width":800,"height":445,"url":"https:\/\/i0.wp.com\/ciudadyregion.com.co\/wp-content\/uploads\/2024\/05\/4-18.jpg?fit=800%2C445&ssl=1","type":"image\/jpeg"}],"author":"David Andr\u00e9s Aguirre","twitter_card":"summary_large_image","twitter_misc":{"Escrito por":"David Andr\u00e9s Aguirre","Tiempo de lectura":"1 minuto"},"schema":{"@context":"https:\/\/schema.org","@graph":[{"@type":"WebPage","@id":"https:\/\/ciudadyregion.com.co\/index.php\/mas-de-200-personas-hicieron-presencia-en-la-conmemoracion-del-dia-de-la-madre-rural-y-del-campesino-en-ibague\/cultura\/","url":"https:\/\/ciudadyregion.com.co\/index.php\/mas-de-200-personas-hicieron-presencia-en-la-conmemoracion-del-dia-de-la-madre-rural-y-del-campesino-en-ibague\/cultura\/","name":"M\u00e1s de 200 personas hicieron presencia en la conmemoraci\u00f3n del D\u00eda de la Madre Rural y del Campesino en Ibagu\u00e9 - Ciudad y Region","isPartOf":{"@id":"https:\/\/ciudadyregion.com.co\/#website"},"primaryImageOfPage":{"@id":"https:\/\/ciudadyregion.com.co\/index.php\/mas-de-200-personas-hicieron-presencia-en-la-conmemoracion-del-dia-de-la-madre-rural-y-del-campesino-en-ibague\/cultura\/#primaryimage"},"image":{"@id":"https:\/\/ciudadyregion.com.co\/index.php\/mas-de-200-personas-hicieron-presencia-en-la-conmemoracion-del-dia-de-la-madre-rural-y-del-campesino-en-ibague\/cultura\/#primaryimage"},"thumbnailUrl":"https:\/\/i0.wp.com\/ciudadyregion.com.co\/wp-content\/uploads\/2024\/05\/4-18.jpg?fit=800%2C445&ssl=1","datePublished":"2024-05-27T09:23:09+00:00","dateModified":"2024-05-27T04:23:31+00:00","author":{"@id":"https:\/\/ciudadyregion.com.co\/#\/schema\/person\/04a4954373ebc4051f46e8c65ff78622"},"breadcrumb":{"@id":"https:\/\/ciudadyregion.com.co\/index.php\/mas-de-200-personas-hicieron-presencia-en-la-conmemoracion-del-dia-de-la-madre-rural-y-del-campesino-en-ibague\/cultura\/#breadcrumb"},"inLanguage":"es","potentialAction":[{"@type":"ReadAction","target":["https:\/\/ciudadyregion.com.co\/index.php\/mas-de-200-personas-hicieron-presencia-en-la-conmemoracion-del-dia-de-la-madre-rural-y-del-campesino-en-ibague\/cultura\/"]}]},{"@type":"ImageObject","inLanguage":"es","@id":"https:\/\/ciudadyregion.com.co\/index.php\/mas-de-200-personas-hicieron-presencia-en-la-conmemoracion-del-dia-de-la-madre-rural-y-del-campesino-en-ibague\/cultura\/#primaryimage","url":"https:\/\/i0.wp.com\/ciudadyregion.com.co\/wp-content\/uploads\/2024\/05\/4-18.jpg?fit=800%2C445&ssl=1","contentUrl":"https:\/\/i0.wp.com\/ciudadyregion.com.co\/wp-content\/uploads\/2024\/05\/4-18.jpg?fit=800%2C445&ssl=1","width":800,"height":445},{"@type":"BreadcrumbList","@id":"https:\/\/ciudadyregion.com.co\/index.php\/mas-de-200-personas-hicieron-presencia-en-la-conmemoracion-del-dia-de-la-madre-rural-y-del-campesino-en-ibague\/cultura\/#breadcrumb","itemListElement":[{"@type":"ListItem","position":1,"name":"Portada","item":"https:\/\/ciudadyregion.com.co\/"},{"@type":"ListItem","position":2,"name":"M\u00e1s de 200 personas hicieron presencia en la conmemoraci\u00f3n del D\u00eda de la Madre Rural y del Campesino en Ibagu\u00e9"}]},{"@type":"WebSite","@id":"https:\/\/ciudadyregion.com.co\/#website","url":"https:\/\/ciudadyregion.com.co\/","name":"Ciudad y Region","description":"","potentialAction":[{"@type":"SearchAction","target":{"@type":"EntryPoint","urlTemplate":"https:\/\/ciudadyregion.com.co\/?s={search_term_string}"},"query-input":{"@type":"PropertyValueSpecification","valueRequired":true,"valueName":"search_term_string"}}],"inLanguage":"es"},{"@type":"Person","@id":"https:\/\/ciudadyregion.com.co\/#\/schema\/person\/04a4954373ebc4051f46e8c65ff78622","name":"David Andr\u00e9s Aguirre","image":{"@type":"ImageObject","inLanguage":"es","@id":"https:\/\/ciudadyregion.com.co\/#\/schema\/person\/image\/","url":"https:\/\/secure.gravatar.com\/avatar\/bc3c655860202182ee6d1b5edd042dbe?s=96&d=mm&r=g","contentUrl":"https:\/\/secure.gravatar.com\/avatar\/bc3c655860202182ee6d1b5edd042dbe?s=96&d=mm&r=g","caption":"David Andr\u00e9s Aguirre"},"url":"https:\/\/ciudadyregion.com.co\/index.php\/author\/diegoaguirre\/"}]}},"jetpack_featured_media_url":"https:\/\/i0.wp.com\/ciudadyregion.com.co\/wp-content\/uploads\/2024\/05\/4-18.jpg?fit=800%2C445&ssl=1","jetpack_sharing_enabled":true,"jetpack_shortlink":"https:\/\/wp.me\/pbS7hh-3RT","jetpack-related-posts":[],"_links":{"self":[{"href":"https:\/\/ciudadyregion.com.co\/index.php\/wp-json\/wp\/v2\/posts\/14873"}],"collection":[{"href":"https:\/\/ciudadyregion.com.co\/index.php\/wp-json\/wp\/v2\/posts"}],"about":[{"href":"https:\/\/ciudadyregion.com.co\/index.php\/wp-json\/wp\/v2\/types\/post"}],"author":[{"embeddable":true,"href":"https:\/\/ciudadyregion.com.co\/index.php\/wp-json\/wp\/v2\/users\/2"}],"replies":[{"embeddable":true,"href":"https:\/\/ciudadyregion.com.co\/index.php\/wp-json\/wp\/v2\/comments?post=14873"}],"version-history":[{"count":1,"href":"https:\/\/ciudadyregion.com.co\/index.php\/wp-json\/wp\/v2\/posts\/14873\/revisions"}],"predecessor-version":[{"id":14875,"href":"https:\/\/ciudadyregion.com.co\/index.php\/wp-json\/wp\/v2\/posts\/14873\/revisions\/14875"}],"wp:featuredmedia":[{"embeddable":true,"href":"https:\/\/ciudadyregion.com.co\/index.php\/wp-json\/wp\/v2\/media\/14874"}],"wp:attachment":[{"href":"https:\/\/ciudadyregion.com.co\/index.php\/wp-json\/wp\/v2\/media?parent=14873"}],"wp:term":[{"taxonomy":"category","embeddable":true,"href":"https:\/\/ciudadyregion.com.co\/index.php\/wp-json\/wp\/v2\/categories?post=14873"},{"taxonomy":"post_tag","embeddable":true,"href":"https:\/\/ciudadyregion.com.co\/index.php\/wp-json\/wp\/v2\/tags?post=14873"}],"curies":[{"name":"wp","href":"https:\/\/api.w.org\/{rel}","templated":true}]}}