{"id":14870,"date":"2024-05-27T04:19:55","date_gmt":"2024-05-27T09:19:55","guid":{"rendered":"https:\/\/ciudadyregion.com.co\/?p=14870"},"modified":"2024-05-27T07:29:25","modified_gmt":"2024-05-27T12:29:25","slug":"cuidado-estos-son-los-cierres-que-habran-en-ibague-desde-hoy-lunes-27-hasta-al-31-de-mayo","status":"publish","type":"post","link":"https:\/\/ciudadyregion.com.co\/index.php\/cuidado-estos-son-los-cierres-que-habran-en-ibague-desde-hoy-lunes-27-hasta-al-31-de-mayo\/ibague\/","title":{"rendered":"\u00a1Cuidado! Estos son los cierres que habr\u00e1n en Ibagu\u00e9 desde hoy lunes 27 hasta al 31 de mayo"},"content":{"rendered":"<div>La ambulancia vial de la Alcald\u00eda de Ibagu\u00e9 contin\u00faa dando atenci\u00f3n inmediata a los huecos en estado cr\u00edtico, de las principales carreteras de la ciudad, por lo que comenzar\u00e1 labores sobre la carrera Cuarta entre calles 17 y 19.<\/div>\n<div><\/div>\n<blockquote>\n<div>\u201c<i>Iniciamos la semana anterior la Operaci\u00f3n Centro, reparchando la carrera Cuarta entre calles 7 y 15. Ahora, nos trasladamos a la calle 17, en respuesta a las peticiones de nuestra comunidad<\/i>\u201d, indic\u00f3 Jonathan Su\u00e1rez, secretario de Infraestructura.<\/div>\n<\/blockquote>\n<div><\/div>\n<div>Igualmente, con el fin de dar soluci\u00f3n inmediata a las calles m\u00e1s afectadas, otra cuadrilla de la ambulancia vial estar\u00e1 atendiendo la avenida Ferrocarril, desde la calle 37 hasta la 42, carril bajando.<\/div>\n<div><\/div>\n<blockquote>\n<div>\u201c<i>Queremos tener a nuestra Ibagu\u00e9, bonita y pavimentada. Estamos haciendo todo por mejorar las condiciones de movilidad, atendiendo as\u00ed m\u00e1s de 17 mil metros cuadrados durante estos cinco meses de gobierno<\/i>\u201d, agreg\u00f3 Su\u00e1rez.<\/div>\n<\/blockquote>\n<div><\/div>\n<div>Los cierres se dar\u00e1n desde las 7:00 de la ma\u00f1ana y hasta las 6:00 de la tarde, de lunes a viernes, horario en el cual se har\u00e1 el reparcheo con fresado, para una intervenci\u00f3n de mayor durabilidad.<\/div>\n","protected":false},"excerpt":{"rendered":"<p>La ambulancia vial de la Alcald\u00eda de Ibagu\u00e9 contin\u00faa dando atenci\u00f3n inmediata a los huecos en estado cr\u00edtico, de las principales carreteras de la ciudad, por lo que comenzar\u00e1 labores sobre la carrera Cuarta entre calles 17 y 19. \u201cIniciamos la semana anterior la Operaci\u00f3n Centro, reparchando la carrera Cuarta<span class=\"more-link\"><a href=\"https:\/\/ciudadyregion.com.co\/index.php\/cuidado-estos-son-los-cierres-que-habran-en-ibague-desde-hoy-lunes-27-hasta-al-31-de-mayo\/ibague\/\">Continuar Leyendo<\/a><\/span><\/p>\n","protected":false},"author":2,"featured_media":14871,"comment_status":"open","ping_status":"open","sticky":false,"template":"","format":"standard","meta":{"_uf_show_specific_survey":0,"_uf_disable_surveys":false,"_jetpack_memberships_contains_paid_content":false,"footnotes":"","jetpack_publicize_message":"","jetpack_publicize_feature_enabled":true,"jetpack_social_post_already_shared":true,"jetpack_social_options":{"image_generator_settings":{"template":"highway","enabled":false},"version":2}},"categories":[14],"tags":[],"class_list":["entry","author-diegoaguirre","post-14870","post","type-post","status-publish","format-standard","has-post-thumbnail","category-ibague"],"jetpack_publicize_connections":[],"yoast_head":"<!-- This site is optimized with the Yoast SEO plugin v24.3 - https:\/\/yoast.com\/wordpress\/plugins\/seo\/ -->\n<title>\u00a1Cuidado! Estos son los cierres que habr\u00e1n en Ibagu\u00e9 desde hoy lunes 27 hasta al 31 de mayo - Ciudad y Region<\/title>\n<meta name=\"robots\" content=\"index, follow, max-snippet:-1, max-image-preview:large, max-video-preview:-1\" \/>\n<link rel=\"canonical\" href=\"https:\/\/ciudadyregion.com.co\/index.php\/cuidado-estos-son-los-cierres-que-habran-en-ibague-desde-hoy-lunes-27-hasta-al-31-de-mayo\/ibague\/\" \/>\n<meta property=\"og:locale\" content=\"es_ES\" \/>\n<meta property=\"og:type\" content=\"article\" \/>\n<meta property=\"og:title\" content=\"\u00a1Cuidado! Estos son los cierres que habr\u00e1n en Ibagu\u00e9 desde hoy lunes 27 hasta al 31 de mayo - Ciudad y Region\" \/>\n<meta property=\"og:description\" content=\"La ambulancia vial de la Alcald\u00eda de Ibagu\u00e9 contin\u00faa dando atenci\u00f3n inmediata a los huecos en estado cr\u00edtico, de las principales carreteras de la ciudad, por lo que comenzar\u00e1 labores sobre la carrera Cuarta entre calles 17 y 19. \u201cIniciamos la semana anterior la Operaci\u00f3n Centro, reparchando la carrera CuartaContinuar Leyendo\" \/>\n<meta property=\"og:url\" content=\"https:\/\/ciudadyregion.com.co\/index.php\/cuidado-estos-son-los-cierres-que-habran-en-ibague-desde-hoy-lunes-27-hasta-al-31-de-mayo\/ibague\/\" \/>\n<meta property=\"og:site_name\" content=\"Ciudad y Region\" \/>\n<meta property=\"article:published_time\" content=\"2024-05-27T09:19:55+00:00\" \/>\n<meta property=\"article:modified_time\" content=\"2024-05-27T12:29:25+00:00\" \/>\n<meta property=\"og:image\" content=\"https:\/\/ciudadyregion.com.co\/wp-content\/uploads\/2024\/05\/ibague-2.jpg\" \/>\n\t<meta property=\"og:image:width\" content=\"800\" \/>\n\t<meta property=\"og:image:height\" content=\"445\" \/>\n\t<meta property=\"og:image:type\" content=\"image\/jpeg\" \/>\n<meta name=\"author\" content=\"David Andr\u00e9s Aguirre\" \/>\n<meta name=\"twitter:card\" content=\"summary_large_image\" \/>\n<meta name=\"twitter:label1\" content=\"Escrito por\" \/>\n\t<meta name=\"twitter:data1\" content=\"David Andr\u00e9s Aguirre\" \/>\n\t<meta name=\"twitter:label2\" content=\"Tiempo de lectura\" \/>\n\t<meta name=\"twitter:data2\" content=\"1 minuto\" \/>\n<script type=\"application\/ld+json\" class=\"yoast-schema-graph\">{\"@context\":\"https:\/\/schema.org\",\"@graph\":[{\"@type\":\"WebPage\",\"@id\":\"https:\/\/ciudadyregion.com.co\/index.php\/cuidado-estos-son-los-cierres-que-habran-en-ibague-desde-hoy-lunes-27-hasta-al-31-de-mayo\/ibague\/\",\"url\":\"https:\/\/ciudadyregion.com.co\/index.php\/cuidado-estos-son-los-cierres-que-habran-en-ibague-desde-hoy-lunes-27-hasta-al-31-de-mayo\/ibague\/\",\"name\":\"\u00a1Cuidado! Estos son los cierres que habr\u00e1n en Ibagu\u00e9 desde hoy lunes 27 hasta al 31 de mayo - Ciudad y Region\",\"isPartOf\":{\"@id\":\"https:\/\/ciudadyregion.com.co\/#website\"},\"primaryImageOfPage\":{\"@id\":\"https:\/\/ciudadyregion.com.co\/index.php\/cuidado-estos-son-los-cierres-que-habran-en-ibague-desde-hoy-lunes-27-hasta-al-31-de-mayo\/ibague\/#primaryimage\"},\"image\":{\"@id\":\"https:\/\/ciudadyregion.com.co\/index.php\/cuidado-estos-son-los-cierres-que-habran-en-ibague-desde-hoy-lunes-27-hasta-al-31-de-mayo\/ibague\/#primaryimage\"},\"thumbnailUrl\":\"https:\/\/i0.wp.com\/ciudadyregion.com.co\/wp-content\/uploads\/2024\/05\/ibague-2.jpg?fit=800%2C445&ssl=1\",\"datePublished\":\"2024-05-27T09:19:55+00:00\",\"dateModified\":\"2024-05-27T12:29:25+00:00\",\"author\":{\"@id\":\"https:\/\/ciudadyregion.com.co\/#\/schema\/person\/04a4954373ebc4051f46e8c65ff78622\"},\"breadcrumb\":{\"@id\":\"https:\/\/ciudadyregion.com.co\/index.php\/cuidado-estos-son-los-cierres-que-habran-en-ibague-desde-hoy-lunes-27-hasta-al-31-de-mayo\/ibague\/#breadcrumb\"},\"inLanguage\":\"es\",\"potentialAction\":[{\"@type\":\"ReadAction\",\"target\":[\"https:\/\/ciudadyregion.com.co\/index.php\/cuidado-estos-son-los-cierres-que-habran-en-ibague-desde-hoy-lunes-27-hasta-al-31-de-mayo\/ibague\/\"]}]},{\"@type\":\"ImageObject\",\"inLanguage\":\"es\",\"@id\":\"https:\/\/ciudadyregion.com.co\/index.php\/cuidado-estos-son-los-cierres-que-habran-en-ibague-desde-hoy-lunes-27-hasta-al-31-de-mayo\/ibague\/#primaryimage\",\"url\":\"https:\/\/i0.wp.com\/ciudadyregion.com.co\/wp-content\/uploads\/2024\/05\/ibague-2.jpg?fit=800%2C445&ssl=1\",\"contentUrl\":\"https:\/\/i0.wp.com\/ciudadyregion.com.co\/wp-content\/uploads\/2024\/05\/ibague-2.jpg?fit=800%2C445&ssl=1\",\"width\":800,\"height\":445},{\"@type\":\"BreadcrumbList\",\"@id\":\"https:\/\/ciudadyregion.com.co\/index.php\/cuidado-estos-son-los-cierres-que-habran-en-ibague-desde-hoy-lunes-27-hasta-al-31-de-mayo\/ibague\/#breadcrumb\",\"itemListElement\":[{\"@type\":\"ListItem\",\"position\":1,\"name\":\"Portada\",\"item\":\"https:\/\/ciudadyregion.com.co\/\"},{\"@type\":\"ListItem\",\"position\":2,\"name\":\"\u00a1Cuidado! Estos son los cierres que habr\u00e1n en Ibagu\u00e9 desde hoy lunes 27 hasta al 31 de mayo\"}]},{\"@type\":\"WebSite\",\"@id\":\"https:\/\/ciudadyregion.com.co\/#website\",\"url\":\"https:\/\/ciudadyregion.com.co\/\",\"name\":\"Ciudad y Region\",\"description\":\"\",\"potentialAction\":[{\"@type\":\"SearchAction\",\"target\":{\"@type\":\"EntryPoint\",\"urlTemplate\":\"https:\/\/ciudadyregion.com.co\/?s={search_term_string}\"},\"query-input\":{\"@type\":\"PropertyValueSpecification\",\"valueRequired\":true,\"valueName\":\"search_term_string\"}}],\"inLanguage\":\"es\"},{\"@type\":\"Person\",\"@id\":\"https:\/\/ciudadyregion.com.co\/#\/schema\/person\/04a4954373ebc4051f46e8c65ff78622\",\"name\":\"David Andr\u00e9s Aguirre\",\"image\":{\"@type\":\"ImageObject\",\"inLanguage\":\"es\",\"@id\":\"https:\/\/ciudadyregion.com.co\/#\/schema\/person\/image\/\",\"url\":\"https:\/\/secure.gravatar.com\/avatar\/bc3c655860202182ee6d1b5edd042dbe?s=96&d=mm&r=g\",\"contentUrl\":\"https:\/\/secure.gravatar.com\/avatar\/bc3c655860202182ee6d1b5edd042dbe?s=96&d=mm&r=g\",\"caption\":\"David Andr\u00e9s Aguirre\"},\"url\":\"https:\/\/ciudadyregion.com.co\/index.php\/author\/diegoaguirre\/\"}]}<\/script>\n<!-- \/ Yoast SEO plugin. -->","yoast_head_json":{"title":"\u00a1Cuidado! Estos son los cierres que habr\u00e1n en Ibagu\u00e9 desde hoy lunes 27 hasta al 31 de mayo - Ciudad y Region","robots":{"index":"index","follow":"follow","max-snippet":"max-snippet:-1","max-image-preview":"max-image-preview:large","max-video-preview":"max-video-preview:-1"},"canonical":"https:\/\/ciudadyregion.com.co\/index.php\/cuidado-estos-son-los-cierres-que-habran-en-ibague-desde-hoy-lunes-27-hasta-al-31-de-mayo\/ibague\/","og_locale":"es_ES","og_type":"article","og_title":"\u00a1Cuidado! Estos son los cierres que habr\u00e1n en Ibagu\u00e9 desde hoy lunes 27 hasta al 31 de mayo - Ciudad y Region","og_description":"La ambulancia vial de la Alcald\u00eda de Ibagu\u00e9 contin\u00faa dando atenci\u00f3n inmediata a los huecos en estado cr\u00edtico, de las principales carreteras de la ciudad, por lo que comenzar\u00e1 labores sobre la carrera Cuarta entre calles 17 y 19. \u201cIniciamos la semana anterior la Operaci\u00f3n Centro, reparchando la carrera CuartaContinuar Leyendo","og_url":"https:\/\/ciudadyregion.com.co\/index.php\/cuidado-estos-son-los-cierres-que-habran-en-ibague-desde-hoy-lunes-27-hasta-al-31-de-mayo\/ibague\/","og_site_name":"Ciudad y Region","article_published_time":"2024-05-27T09:19:55+00:00","article_modified_time":"2024-05-27T12:29:25+00:00","og_image":[{"width":800,"height":445,"url":"https:\/\/ciudadyregion.com.co\/wp-content\/uploads\/2024\/05\/ibague-2.jpg","type":"image\/jpeg"}],"author":"David Andr\u00e9s Aguirre","twitter_card":"summary_large_image","twitter_misc":{"Escrito por":"David Andr\u00e9s Aguirre","Tiempo de lectura":"1 minuto"},"schema":{"@context":"https:\/\/schema.org","@graph":[{"@type":"WebPage","@id":"https:\/\/ciudadyregion.com.co\/index.php\/cuidado-estos-son-los-cierres-que-habran-en-ibague-desde-hoy-lunes-27-hasta-al-31-de-mayo\/ibague\/","url":"https:\/\/ciudadyregion.com.co\/index.php\/cuidado-estos-son-los-cierres-que-habran-en-ibague-desde-hoy-lunes-27-hasta-al-31-de-mayo\/ibague\/","name":"\u00a1Cuidado! Estos son los cierres que habr\u00e1n en Ibagu\u00e9 desde hoy lunes 27 hasta al 31 de mayo - Ciudad y Region","isPartOf":{"@id":"https:\/\/ciudadyregion.com.co\/#website"},"primaryImageOfPage":{"@id":"https:\/\/ciudadyregion.com.co\/index.php\/cuidado-estos-son-los-cierres-que-habran-en-ibague-desde-hoy-lunes-27-hasta-al-31-de-mayo\/ibague\/#primaryimage"},"image":{"@id":"https:\/\/ciudadyregion.com.co\/index.php\/cuidado-estos-son-los-cierres-que-habran-en-ibague-desde-hoy-lunes-27-hasta-al-31-de-mayo\/ibague\/#primaryimage"},"thumbnailUrl":"https:\/\/i0.wp.com\/ciudadyregion.com.co\/wp-content\/uploads\/2024\/05\/ibague-2.jpg?fit=800%2C445&ssl=1","datePublished":"2024-05-27T09:19:55+00:00","dateModified":"2024-05-27T12:29:25+00:00","author":{"@id":"https:\/\/ciudadyregion.com.co\/#\/schema\/person\/04a4954373ebc4051f46e8c65ff78622"},"breadcrumb":{"@id":"https:\/\/ciudadyregion.com.co\/index.php\/cuidado-estos-son-los-cierres-que-habran-en-ibague-desde-hoy-lunes-27-hasta-al-31-de-mayo\/ibague\/#breadcrumb"},"inLanguage":"es","potentialAction":[{"@type":"ReadAction","target":["https:\/\/ciudadyregion.com.co\/index.php\/cuidado-estos-son-los-cierres-que-habran-en-ibague-desde-hoy-lunes-27-hasta-al-31-de-mayo\/ibague\/"]}]},{"@type":"ImageObject","inLanguage":"es","@id":"https:\/\/ciudadyregion.com.co\/index.php\/cuidado-estos-son-los-cierres-que-habran-en-ibague-desde-hoy-lunes-27-hasta-al-31-de-mayo\/ibague\/#primaryimage","url":"https:\/\/i0.wp.com\/ciudadyregion.com.co\/wp-content\/uploads\/2024\/05\/ibague-2.jpg?fit=800%2C445&ssl=1","contentUrl":"https:\/\/i0.wp.com\/ciudadyregion.com.co\/wp-content\/uploads\/2024\/05\/ibague-2.jpg?fit=800%2C445&ssl=1","width":800,"height":445},{"@type":"BreadcrumbList","@id":"https:\/\/ciudadyregion.com.co\/index.php\/cuidado-estos-son-los-cierres-que-habran-en-ibague-desde-hoy-lunes-27-hasta-al-31-de-mayo\/ibague\/#breadcrumb","itemListElement":[{"@type":"ListItem","position":1,"name":"Portada","item":"https:\/\/ciudadyregion.com.co\/"},{"@type":"ListItem","position":2,"name":"\u00a1Cuidado! Estos son los cierres que habr\u00e1n en Ibagu\u00e9 desde hoy lunes 27 hasta al 31 de mayo"}]},{"@type":"WebSite","@id":"https:\/\/ciudadyregion.com.co\/#website","url":"https:\/\/ciudadyregion.com.co\/","name":"Ciudad y Region","description":"","potentialAction":[{"@type":"SearchAction","target":{"@type":"EntryPoint","urlTemplate":"https:\/\/ciudadyregion.com.co\/?s={search_term_string}"},"query-input":{"@type":"PropertyValueSpecification","valueRequired":true,"valueName":"search_term_string"}}],"inLanguage":"es"},{"@type":"Person","@id":"https:\/\/ciudadyregion.com.co\/#\/schema\/person\/04a4954373ebc4051f46e8c65ff78622","name":"David Andr\u00e9s Aguirre","image":{"@type":"ImageObject","inLanguage":"es","@id":"https:\/\/ciudadyregion.com.co\/#\/schema\/person\/image\/","url":"https:\/\/secure.gravatar.com\/avatar\/bc3c655860202182ee6d1b5edd042dbe?s=96&d=mm&r=g","contentUrl":"https:\/\/secure.gravatar.com\/avatar\/bc3c655860202182ee6d1b5edd042dbe?s=96&d=mm&r=g","caption":"David Andr\u00e9s Aguirre"},"url":"https:\/\/ciudadyregion.com.co\/index.php\/author\/diegoaguirre\/"}]}},"jetpack_featured_media_url":"https:\/\/i0.wp.com\/ciudadyregion.com.co\/wp-content\/uploads\/2024\/05\/ibague-2.jpg?fit=800%2C445&ssl=1","jetpack_sharing_enabled":true,"jetpack_shortlink":"https:\/\/wp.me\/pbS7hh-3RQ","jetpack-related-posts":[],"_links":{"self":[{"href":"https:\/\/ciudadyregion.com.co\/index.php\/wp-json\/wp\/v2\/posts\/14870"}],"collection":[{"href":"https:\/\/ciudadyregion.com.co\/index.php\/wp-json\/wp\/v2\/posts"}],"about":[{"href":"https:\/\/ciudadyregion.com.co\/index.php\/wp-json\/wp\/v2\/types\/post"}],"author":[{"embeddable":true,"href":"https:\/\/ciudadyregion.com.co\/index.php\/wp-json\/wp\/v2\/users\/2"}],"replies":[{"embeddable":true,"href":"https:\/\/ciudadyregion.com.co\/index.php\/wp-json\/wp\/v2\/comments?post=14870"}],"version-history":[{"count":1,"href":"https:\/\/ciudadyregion.com.co\/index.php\/wp-json\/wp\/v2\/posts\/14870\/revisions"}],"predecessor-version":[{"id":14872,"href":"https:\/\/ciudadyregion.com.co\/index.php\/wp-json\/wp\/v2\/posts\/14870\/revisions\/14872"}],"wp:featuredmedia":[{"embeddable":true,"href":"https:\/\/ciudadyregion.com.co\/index.php\/wp-json\/wp\/v2\/media\/14871"}],"wp:attachment":[{"href":"https:\/\/ciudadyregion.com.co\/index.php\/wp-json\/wp\/v2\/media?parent=14870"}],"wp:term":[{"taxonomy":"category","embeddable":true,"href":"https:\/\/ciudadyregion.com.co\/index.php\/wp-json\/wp\/v2\/categories?post=14870"},{"taxonomy":"post_tag","embeddable":true,"href":"https:\/\/ciudadyregion.com.co\/index.php\/wp-json\/wp\/v2\/tags?post=14870"}],"curies":[{"name":"wp","href":"https:\/\/api.w.org\/{rel}","templated":true}]}}