{"id":14867,"date":"2024-05-27T04:15:58","date_gmt":"2024-05-27T09:15:58","guid":{"rendered":"https:\/\/ciudadyregion.com.co\/?p=14867"},"modified":"2024-05-26T23:16:25","modified_gmt":"2024-05-27T04:16:25","slug":"el-espinal-ahora-tiene-al-grupo-cobra","status":"publish","type":"post","link":"https:\/\/ciudadyregion.com.co\/index.php\/el-espinal-ahora-tiene-al-grupo-cobra\/regional\/","title":{"rendered":"El Espinal ahora tiene al &#8216;Grupo Cobra&#8217;"},"content":{"rendered":"<ul>\n<li><em><strong>Se resalta que en El Espinal durante el presente a\u00f1o se lleva una reducci\u00f3n del 45% del homicidio, logrando salvar 10 vidas en comparaci\u00f3n con el a\u00f1o anterior.<\/strong><\/em><\/li>\n<\/ul>\n<p>En las \u00faltimas horas, en la Instituci\u00f3n educativa San Antonio Sede San Isidoro vereda la caimanera jurisdicci\u00f3n del municipio de El Espinal, se llev\u00f3 a cabo el lanzamiento del Grupo Cobra, una unidad especial de seguridad. El evento cont\u00f3 con la participaci\u00f3n del comandante del departamento de Polic\u00eda Tolima, coronel Libardo Fabio Ojeda Eraso, el secretario de seguridad de la gobernaci\u00f3n Guillermo Alvira, el alcalde de El Espinal Wilson Guti\u00e9rrez, as\u00ed como presidentes de junta de acci\u00f3n comunal, l\u00edderes, lideresas y la comunidad en general.<\/p>\n<p>El Grupo Cobra se dedicar\u00e1 a trabajar en estrecha colaboraci\u00f3n con las poblaciones urbanas y rurales de El Espinal, enfoc\u00e1ndose en la prevenci\u00f3n del delito y en la promoci\u00f3n de comportamientos que favorezcan la convivencia pac\u00edfica.<\/p>\n<p>Durante la actividad, se presentaron a los uniformados que conforman este grupo especializado y se entregaron las motocicletas que utilizar\u00e1n para patrullar los barrios y veredas del municipio. Esta iniciativa busca seguir fortaleciendo la seguridad y la tranquilidad de los habitantes de El Espinal.<\/p>\n","protected":false},"excerpt":{"rendered":"<p>Se resalta que en El Espinal durante el presente a\u00f1o se lleva una reducci\u00f3n del 45% del homicidio, logrando salvar 10 vidas en comparaci\u00f3n con el a\u00f1o anterior. En las \u00faltimas horas, en la Instituci\u00f3n educativa San Antonio Sede San Isidoro vereda la caimanera jurisdicci\u00f3n del municipio de El Espinal,<span class=\"more-link\"><a href=\"https:\/\/ciudadyregion.com.co\/index.php\/el-espinal-ahora-tiene-al-grupo-cobra\/regional\/\">Continuar Leyendo<\/a><\/span><\/p>\n","protected":false},"author":2,"featured_media":14868,"comment_status":"open","ping_status":"open","sticky":false,"template":"","format":"standard","meta":{"_uf_show_specific_survey":0,"_uf_disable_surveys":false,"_jetpack_memberships_contains_paid_content":false,"footnotes":"","jetpack_publicize_message":"","jetpack_publicize_feature_enabled":true,"jetpack_social_post_already_shared":true,"jetpack_social_options":{"image_generator_settings":{"template":"highway","enabled":false},"version":2}},"categories":[13],"tags":[],"class_list":["entry","author-diegoaguirre","post-14867","post","type-post","status-publish","format-standard","has-post-thumbnail","category-regional"],"jetpack_publicize_connections":[],"yoast_head":"<!-- This site is optimized with the Yoast SEO plugin v24.3 - https:\/\/yoast.com\/wordpress\/plugins\/seo\/ -->\n<title>El Espinal ahora tiene al &#039;Grupo Cobra&#039; - Ciudad y Region<\/title>\n<meta name=\"robots\" content=\"index, follow, max-snippet:-1, max-image-preview:large, max-video-preview:-1\" \/>\n<link rel=\"canonical\" href=\"https:\/\/ciudadyregion.com.co\/index.php\/el-espinal-ahora-tiene-al-grupo-cobra\/regional\/\" \/>\n<meta property=\"og:locale\" content=\"es_ES\" \/>\n<meta property=\"og:type\" content=\"article\" \/>\n<meta property=\"og:title\" content=\"El Espinal ahora tiene al &#039;Grupo Cobra&#039; - Ciudad y Region\" \/>\n<meta property=\"og:description\" content=\"Se resalta que en El Espinal durante el presente a\u00f1o se lleva una reducci\u00f3n del 45% del homicidio, logrando salvar 10 vidas en comparaci\u00f3n con el a\u00f1o anterior. En las \u00faltimas horas, en la Instituci\u00f3n educativa San Antonio Sede San Isidoro vereda la caimanera jurisdicci\u00f3n del municipio de El Espinal,Continuar Leyendo\" \/>\n<meta property=\"og:url\" content=\"https:\/\/ciudadyregion.com.co\/index.php\/el-espinal-ahora-tiene-al-grupo-cobra\/regional\/\" \/>\n<meta property=\"og:site_name\" content=\"Ciudad y Region\" \/>\n<meta property=\"article:published_time\" content=\"2024-05-27T09:15:58+00:00\" \/>\n<meta property=\"article:modified_time\" content=\"2024-05-27T04:16:25+00:00\" \/>\n<meta property=\"og:image\" content=\"https:\/\/i0.wp.com\/ciudadyregion.com.co\/wp-content\/uploads\/2024\/05\/3-17.jpg?fit=800%2C445&ssl=1\" \/>\n\t<meta property=\"og:image:width\" content=\"800\" \/>\n\t<meta property=\"og:image:height\" content=\"445\" \/>\n\t<meta property=\"og:image:type\" content=\"image\/jpeg\" \/>\n<meta name=\"author\" content=\"David Andr\u00e9s Aguirre\" \/>\n<meta name=\"twitter:card\" content=\"summary_large_image\" \/>\n<meta name=\"twitter:label1\" content=\"Escrito por\" \/>\n\t<meta name=\"twitter:data1\" content=\"David Andr\u00e9s Aguirre\" \/>\n\t<meta name=\"twitter:label2\" content=\"Tiempo de lectura\" \/>\n\t<meta name=\"twitter:data2\" content=\"1 minuto\" \/>\n<script type=\"application\/ld+json\" class=\"yoast-schema-graph\">{\"@context\":\"https:\/\/schema.org\",\"@graph\":[{\"@type\":\"WebPage\",\"@id\":\"https:\/\/ciudadyregion.com.co\/index.php\/el-espinal-ahora-tiene-al-grupo-cobra\/regional\/\",\"url\":\"https:\/\/ciudadyregion.com.co\/index.php\/el-espinal-ahora-tiene-al-grupo-cobra\/regional\/\",\"name\":\"El Espinal ahora tiene al 'Grupo Cobra' - Ciudad y Region\",\"isPartOf\":{\"@id\":\"https:\/\/ciudadyregion.com.co\/#website\"},\"primaryImageOfPage\":{\"@id\":\"https:\/\/ciudadyregion.com.co\/index.php\/el-espinal-ahora-tiene-al-grupo-cobra\/regional\/#primaryimage\"},\"image\":{\"@id\":\"https:\/\/ciudadyregion.com.co\/index.php\/el-espinal-ahora-tiene-al-grupo-cobra\/regional\/#primaryimage\"},\"thumbnailUrl\":\"https:\/\/i0.wp.com\/ciudadyregion.com.co\/wp-content\/uploads\/2024\/05\/3-17.jpg?fit=800%2C445&ssl=1\",\"datePublished\":\"2024-05-27T09:15:58+00:00\",\"dateModified\":\"2024-05-27T04:16:25+00:00\",\"author\":{\"@id\":\"https:\/\/ciudadyregion.com.co\/#\/schema\/person\/04a4954373ebc4051f46e8c65ff78622\"},\"breadcrumb\":{\"@id\":\"https:\/\/ciudadyregion.com.co\/index.php\/el-espinal-ahora-tiene-al-grupo-cobra\/regional\/#breadcrumb\"},\"inLanguage\":\"es\",\"potentialAction\":[{\"@type\":\"ReadAction\",\"target\":[\"https:\/\/ciudadyregion.com.co\/index.php\/el-espinal-ahora-tiene-al-grupo-cobra\/regional\/\"]}]},{\"@type\":\"ImageObject\",\"inLanguage\":\"es\",\"@id\":\"https:\/\/ciudadyregion.com.co\/index.php\/el-espinal-ahora-tiene-al-grupo-cobra\/regional\/#primaryimage\",\"url\":\"https:\/\/i0.wp.com\/ciudadyregion.com.co\/wp-content\/uploads\/2024\/05\/3-17.jpg?fit=800%2C445&ssl=1\",\"contentUrl\":\"https:\/\/i0.wp.com\/ciudadyregion.com.co\/wp-content\/uploads\/2024\/05\/3-17.jpg?fit=800%2C445&ssl=1\",\"width\":800,\"height\":445},{\"@type\":\"BreadcrumbList\",\"@id\":\"https:\/\/ciudadyregion.com.co\/index.php\/el-espinal-ahora-tiene-al-grupo-cobra\/regional\/#breadcrumb\",\"itemListElement\":[{\"@type\":\"ListItem\",\"position\":1,\"name\":\"Portada\",\"item\":\"https:\/\/ciudadyregion.com.co\/\"},{\"@type\":\"ListItem\",\"position\":2,\"name\":\"El Espinal ahora tiene al &#8216;Grupo Cobra&#8217;\"}]},{\"@type\":\"WebSite\",\"@id\":\"https:\/\/ciudadyregion.com.co\/#website\",\"url\":\"https:\/\/ciudadyregion.com.co\/\",\"name\":\"Ciudad y Region\",\"description\":\"\",\"potentialAction\":[{\"@type\":\"SearchAction\",\"target\":{\"@type\":\"EntryPoint\",\"urlTemplate\":\"https:\/\/ciudadyregion.com.co\/?s={search_term_string}\"},\"query-input\":{\"@type\":\"PropertyValueSpecification\",\"valueRequired\":true,\"valueName\":\"search_term_string\"}}],\"inLanguage\":\"es\"},{\"@type\":\"Person\",\"@id\":\"https:\/\/ciudadyregion.com.co\/#\/schema\/person\/04a4954373ebc4051f46e8c65ff78622\",\"name\":\"David Andr\u00e9s Aguirre\",\"image\":{\"@type\":\"ImageObject\",\"inLanguage\":\"es\",\"@id\":\"https:\/\/ciudadyregion.com.co\/#\/schema\/person\/image\/\",\"url\":\"https:\/\/secure.gravatar.com\/avatar\/bc3c655860202182ee6d1b5edd042dbe?s=96&d=mm&r=g\",\"contentUrl\":\"https:\/\/secure.gravatar.com\/avatar\/bc3c655860202182ee6d1b5edd042dbe?s=96&d=mm&r=g\",\"caption\":\"David Andr\u00e9s Aguirre\"},\"url\":\"https:\/\/ciudadyregion.com.co\/index.php\/author\/diegoaguirre\/\"}]}<\/script>\n<!-- \/ Yoast SEO plugin. -->","yoast_head_json":{"title":"El Espinal ahora tiene al 'Grupo Cobra' - Ciudad y Region","robots":{"index":"index","follow":"follow","max-snippet":"max-snippet:-1","max-image-preview":"max-image-preview:large","max-video-preview":"max-video-preview:-1"},"canonical":"https:\/\/ciudadyregion.com.co\/index.php\/el-espinal-ahora-tiene-al-grupo-cobra\/regional\/","og_locale":"es_ES","og_type":"article","og_title":"El Espinal ahora tiene al 'Grupo Cobra' - Ciudad y Region","og_description":"Se resalta que en El Espinal durante el presente a\u00f1o se lleva una reducci\u00f3n del 45% del homicidio, logrando salvar 10 vidas en comparaci\u00f3n con el a\u00f1o anterior. En las \u00faltimas horas, en la Instituci\u00f3n educativa San Antonio Sede San Isidoro vereda la caimanera jurisdicci\u00f3n del municipio de El Espinal,Continuar Leyendo","og_url":"https:\/\/ciudadyregion.com.co\/index.php\/el-espinal-ahora-tiene-al-grupo-cobra\/regional\/","og_site_name":"Ciudad y Region","article_published_time":"2024-05-27T09:15:58+00:00","article_modified_time":"2024-05-27T04:16:25+00:00","og_image":[{"width":800,"height":445,"url":"https:\/\/i0.wp.com\/ciudadyregion.com.co\/wp-content\/uploads\/2024\/05\/3-17.jpg?fit=800%2C445&ssl=1","type":"image\/jpeg"}],"author":"David Andr\u00e9s Aguirre","twitter_card":"summary_large_image","twitter_misc":{"Escrito por":"David Andr\u00e9s Aguirre","Tiempo de lectura":"1 minuto"},"schema":{"@context":"https:\/\/schema.org","@graph":[{"@type":"WebPage","@id":"https:\/\/ciudadyregion.com.co\/index.php\/el-espinal-ahora-tiene-al-grupo-cobra\/regional\/","url":"https:\/\/ciudadyregion.com.co\/index.php\/el-espinal-ahora-tiene-al-grupo-cobra\/regional\/","name":"El Espinal ahora tiene al 'Grupo Cobra' - Ciudad y Region","isPartOf":{"@id":"https:\/\/ciudadyregion.com.co\/#website"},"primaryImageOfPage":{"@id":"https:\/\/ciudadyregion.com.co\/index.php\/el-espinal-ahora-tiene-al-grupo-cobra\/regional\/#primaryimage"},"image":{"@id":"https:\/\/ciudadyregion.com.co\/index.php\/el-espinal-ahora-tiene-al-grupo-cobra\/regional\/#primaryimage"},"thumbnailUrl":"https:\/\/i0.wp.com\/ciudadyregion.com.co\/wp-content\/uploads\/2024\/05\/3-17.jpg?fit=800%2C445&ssl=1","datePublished":"2024-05-27T09:15:58+00:00","dateModified":"2024-05-27T04:16:25+00:00","author":{"@id":"https:\/\/ciudadyregion.com.co\/#\/schema\/person\/04a4954373ebc4051f46e8c65ff78622"},"breadcrumb":{"@id":"https:\/\/ciudadyregion.com.co\/index.php\/el-espinal-ahora-tiene-al-grupo-cobra\/regional\/#breadcrumb"},"inLanguage":"es","potentialAction":[{"@type":"ReadAction","target":["https:\/\/ciudadyregion.com.co\/index.php\/el-espinal-ahora-tiene-al-grupo-cobra\/regional\/"]}]},{"@type":"ImageObject","inLanguage":"es","@id":"https:\/\/ciudadyregion.com.co\/index.php\/el-espinal-ahora-tiene-al-grupo-cobra\/regional\/#primaryimage","url":"https:\/\/i0.wp.com\/ciudadyregion.com.co\/wp-content\/uploads\/2024\/05\/3-17.jpg?fit=800%2C445&ssl=1","contentUrl":"https:\/\/i0.wp.com\/ciudadyregion.com.co\/wp-content\/uploads\/2024\/05\/3-17.jpg?fit=800%2C445&ssl=1","width":800,"height":445},{"@type":"BreadcrumbList","@id":"https:\/\/ciudadyregion.com.co\/index.php\/el-espinal-ahora-tiene-al-grupo-cobra\/regional\/#breadcrumb","itemListElement":[{"@type":"ListItem","position":1,"name":"Portada","item":"https:\/\/ciudadyregion.com.co\/"},{"@type":"ListItem","position":2,"name":"El Espinal ahora tiene al &#8216;Grupo Cobra&#8217;"}]},{"@type":"WebSite","@id":"https:\/\/ciudadyregion.com.co\/#website","url":"https:\/\/ciudadyregion.com.co\/","name":"Ciudad y Region","description":"","potentialAction":[{"@type":"SearchAction","target":{"@type":"EntryPoint","urlTemplate":"https:\/\/ciudadyregion.com.co\/?s={search_term_string}"},"query-input":{"@type":"PropertyValueSpecification","valueRequired":true,"valueName":"search_term_string"}}],"inLanguage":"es"},{"@type":"Person","@id":"https:\/\/ciudadyregion.com.co\/#\/schema\/person\/04a4954373ebc4051f46e8c65ff78622","name":"David Andr\u00e9s Aguirre","image":{"@type":"ImageObject","inLanguage":"es","@id":"https:\/\/ciudadyregion.com.co\/#\/schema\/person\/image\/","url":"https:\/\/secure.gravatar.com\/avatar\/bc3c655860202182ee6d1b5edd042dbe?s=96&d=mm&r=g","contentUrl":"https:\/\/secure.gravatar.com\/avatar\/bc3c655860202182ee6d1b5edd042dbe?s=96&d=mm&r=g","caption":"David Andr\u00e9s Aguirre"},"url":"https:\/\/ciudadyregion.com.co\/index.php\/author\/diegoaguirre\/"}]}},"jetpack_featured_media_url":"https:\/\/i0.wp.com\/ciudadyregion.com.co\/wp-content\/uploads\/2024\/05\/3-17.jpg?fit=800%2C445&ssl=1","jetpack_sharing_enabled":true,"jetpack_shortlink":"https:\/\/wp.me\/pbS7hh-3RN","jetpack-related-posts":[],"_links":{"self":[{"href":"https:\/\/ciudadyregion.com.co\/index.php\/wp-json\/wp\/v2\/posts\/14867"}],"collection":[{"href":"https:\/\/ciudadyregion.com.co\/index.php\/wp-json\/wp\/v2\/posts"}],"about":[{"href":"https:\/\/ciudadyregion.com.co\/index.php\/wp-json\/wp\/v2\/types\/post"}],"author":[{"embeddable":true,"href":"https:\/\/ciudadyregion.com.co\/index.php\/wp-json\/wp\/v2\/users\/2"}],"replies":[{"embeddable":true,"href":"https:\/\/ciudadyregion.com.co\/index.php\/wp-json\/wp\/v2\/comments?post=14867"}],"version-history":[{"count":1,"href":"https:\/\/ciudadyregion.com.co\/index.php\/wp-json\/wp\/v2\/posts\/14867\/revisions"}],"predecessor-version":[{"id":14869,"href":"https:\/\/ciudadyregion.com.co\/index.php\/wp-json\/wp\/v2\/posts\/14867\/revisions\/14869"}],"wp:featuredmedia":[{"embeddable":true,"href":"https:\/\/ciudadyregion.com.co\/index.php\/wp-json\/wp\/v2\/media\/14868"}],"wp:attachment":[{"href":"https:\/\/ciudadyregion.com.co\/index.php\/wp-json\/wp\/v2\/media?parent=14867"}],"wp:term":[{"taxonomy":"category","embeddable":true,"href":"https:\/\/ciudadyregion.com.co\/index.php\/wp-json\/wp\/v2\/categories?post=14867"},{"taxonomy":"post_tag","embeddable":true,"href":"https:\/\/ciudadyregion.com.co\/index.php\/wp-json\/wp\/v2\/tags?post=14867"}],"curies":[{"name":"wp","href":"https:\/\/api.w.org\/{rel}","templated":true}]}}