{"id":14864,"date":"2024-05-27T04:10:10","date_gmt":"2024-05-27T09:10:10","guid":{"rendered":"https:\/\/ciudadyregion.com.co\/?p=14864"},"modified":"2024-05-26T23:10:51","modified_gmt":"2024-05-27T04:10:51","slug":"espinal-madrugo-a-correr-en-la-carrera-atletica-itfip-2024","status":"publish","type":"post","link":"https:\/\/ciudadyregion.com.co\/index.php\/espinal-madrugo-a-correr-en-la-carrera-atletica-itfip-2024\/deportes\/","title":{"rendered":"Espinal madrug\u00f3 a correr en la Carrera Atl\u00e9tica ITFIP 2024"},"content":{"rendered":"<ul>\n<li><em><strong>Con exito se llev\u00f3 a cabo la primera versi\u00f3n de esta prueba callejera que integro la comunidad runner competitiva y recreativa del centro de Colombia<\/strong><\/em><\/li>\n<\/ul>\n<p>Con la participaci\u00f3n de m\u00e1s de 2.500 personas se desarroll\u00f3 la competencia de 5K y 10K organizada por el Instituto Tolimense de Formaci\u00f3n T\u00e9cnica Profesional para promover el deporte y los h\u00e1bitos y estilos de vida saludables.<\/p>\n<p>La competencia cont\u00f3 con las categor\u00edas 5K(Amateur) y 10K(Experimentados), adem\u00e1s de la l\u00ednea kids para la participaci\u00f3n de ni\u00f1os, este evento cont\u00f3 con el apoyo de la Gobernaci\u00f3n del Tolima tanto en la parte de organizaci\u00f3n como en la convocatoria uy participaci\u00f3n de un equipo de funcionarios que corrieron en un mensaje de promoci\u00f3n del territorio a trav\u00e9s de eventos masivos del deporte.<\/p>\n<blockquote><p>\u201cPor primera vez realizamos este evento por parte del ITFIP, tuvimos el apoyo de la gobernadora Adriana Magali Matiz, estamos marcando historia en el municipio del Espinal, incentivando el deporte para la familia y todas las edades\u201d expres\u00f3 el rector del ITFIP Mario D\u00edaz.<\/p><\/blockquote>\n","protected":false},"excerpt":{"rendered":"<p>Con exito se llev\u00f3 a cabo la primera versi\u00f3n de esta prueba callejera que integro la comunidad runner competitiva y recreativa del centro de Colombia Con la participaci\u00f3n de m\u00e1s de 2.500 personas se desarroll\u00f3 la competencia de 5K y 10K organizada por el Instituto Tolimense de Formaci\u00f3n T\u00e9cnica Profesional<span class=\"more-link\"><a href=\"https:\/\/ciudadyregion.com.co\/index.php\/espinal-madrugo-a-correr-en-la-carrera-atletica-itfip-2024\/deportes\/\">Continuar Leyendo<\/a><\/span><\/p>\n","protected":false},"author":2,"featured_media":14865,"comment_status":"open","ping_status":"open","sticky":false,"template":"","format":"standard","meta":{"_uf_show_specific_survey":0,"_uf_disable_surveys":false,"_jetpack_memberships_contains_paid_content":false,"footnotes":"","jetpack_publicize_message":"","jetpack_publicize_feature_enabled":true,"jetpack_social_post_already_shared":true,"jetpack_social_options":{"image_generator_settings":{"template":"highway","enabled":false},"version":2}},"categories":[15,13],"tags":[],"class_list":["entry","author-diegoaguirre","post-14864","post","type-post","status-publish","format-standard","has-post-thumbnail","category-deportes","category-regional"],"jetpack_publicize_connections":[],"yoast_head":"<!-- This site is optimized with the Yoast SEO plugin v24.3 - https:\/\/yoast.com\/wordpress\/plugins\/seo\/ -->\n<title>Espinal madrug\u00f3 a correr en la Carrera Atl\u00e9tica ITFIP 2024 - Ciudad y Region<\/title>\n<meta name=\"robots\" content=\"index, follow, max-snippet:-1, max-image-preview:large, max-video-preview:-1\" \/>\n<link rel=\"canonical\" href=\"https:\/\/ciudadyregion.com.co\/index.php\/espinal-madrugo-a-correr-en-la-carrera-atletica-itfip-2024\/deportes\/\" \/>\n<meta property=\"og:locale\" content=\"es_ES\" \/>\n<meta property=\"og:type\" content=\"article\" \/>\n<meta property=\"og:title\" content=\"Espinal madrug\u00f3 a correr en la Carrera Atl\u00e9tica ITFIP 2024 - Ciudad y Region\" \/>\n<meta property=\"og:description\" content=\"Con exito se llev\u00f3 a cabo la primera versi\u00f3n de esta prueba callejera que integro la comunidad runner competitiva y recreativa del centro de Colombia Con la participaci\u00f3n de m\u00e1s de 2.500 personas se desarroll\u00f3 la competencia de 5K y 10K organizada por el Instituto Tolimense de Formaci\u00f3n T\u00e9cnica ProfesionalContinuar Leyendo\" \/>\n<meta property=\"og:url\" content=\"https:\/\/ciudadyregion.com.co\/index.php\/espinal-madrugo-a-correr-en-la-carrera-atletica-itfip-2024\/deportes\/\" \/>\n<meta property=\"og:site_name\" content=\"Ciudad y Region\" \/>\n<meta property=\"article:published_time\" content=\"2024-05-27T09:10:10+00:00\" \/>\n<meta property=\"article:modified_time\" content=\"2024-05-27T04:10:51+00:00\" \/>\n<meta property=\"og:image\" content=\"https:\/\/i0.wp.com\/ciudadyregion.com.co\/wp-content\/uploads\/2024\/05\/2-21.jpg?fit=800%2C445&ssl=1\" \/>\n\t<meta property=\"og:image:width\" content=\"800\" \/>\n\t<meta property=\"og:image:height\" content=\"445\" \/>\n\t<meta property=\"og:image:type\" content=\"image\/jpeg\" \/>\n<meta name=\"author\" content=\"David Andr\u00e9s Aguirre\" \/>\n<meta name=\"twitter:card\" content=\"summary_large_image\" \/>\n<meta name=\"twitter:label1\" content=\"Escrito por\" \/>\n\t<meta name=\"twitter:data1\" content=\"David Andr\u00e9s Aguirre\" \/>\n\t<meta name=\"twitter:label2\" content=\"Tiempo de lectura\" \/>\n\t<meta name=\"twitter:data2\" content=\"1 minuto\" \/>\n<script type=\"application\/ld+json\" class=\"yoast-schema-graph\">{\"@context\":\"https:\/\/schema.org\",\"@graph\":[{\"@type\":\"WebPage\",\"@id\":\"https:\/\/ciudadyregion.com.co\/index.php\/espinal-madrugo-a-correr-en-la-carrera-atletica-itfip-2024\/deportes\/\",\"url\":\"https:\/\/ciudadyregion.com.co\/index.php\/espinal-madrugo-a-correr-en-la-carrera-atletica-itfip-2024\/deportes\/\",\"name\":\"Espinal madrug\u00f3 a correr en la Carrera Atl\u00e9tica ITFIP 2024 - Ciudad y Region\",\"isPartOf\":{\"@id\":\"https:\/\/ciudadyregion.com.co\/#website\"},\"primaryImageOfPage\":{\"@id\":\"https:\/\/ciudadyregion.com.co\/index.php\/espinal-madrugo-a-correr-en-la-carrera-atletica-itfip-2024\/deportes\/#primaryimage\"},\"image\":{\"@id\":\"https:\/\/ciudadyregion.com.co\/index.php\/espinal-madrugo-a-correr-en-la-carrera-atletica-itfip-2024\/deportes\/#primaryimage\"},\"thumbnailUrl\":\"https:\/\/i0.wp.com\/ciudadyregion.com.co\/wp-content\/uploads\/2024\/05\/2-21.jpg?fit=800%2C445&ssl=1\",\"datePublished\":\"2024-05-27T09:10:10+00:00\",\"dateModified\":\"2024-05-27T04:10:51+00:00\",\"author\":{\"@id\":\"https:\/\/ciudadyregion.com.co\/#\/schema\/person\/04a4954373ebc4051f46e8c65ff78622\"},\"breadcrumb\":{\"@id\":\"https:\/\/ciudadyregion.com.co\/index.php\/espinal-madrugo-a-correr-en-la-carrera-atletica-itfip-2024\/deportes\/#breadcrumb\"},\"inLanguage\":\"es\",\"potentialAction\":[{\"@type\":\"ReadAction\",\"target\":[\"https:\/\/ciudadyregion.com.co\/index.php\/espinal-madrugo-a-correr-en-la-carrera-atletica-itfip-2024\/deportes\/\"]}]},{\"@type\":\"ImageObject\",\"inLanguage\":\"es\",\"@id\":\"https:\/\/ciudadyregion.com.co\/index.php\/espinal-madrugo-a-correr-en-la-carrera-atletica-itfip-2024\/deportes\/#primaryimage\",\"url\":\"https:\/\/i0.wp.com\/ciudadyregion.com.co\/wp-content\/uploads\/2024\/05\/2-21.jpg?fit=800%2C445&ssl=1\",\"contentUrl\":\"https:\/\/i0.wp.com\/ciudadyregion.com.co\/wp-content\/uploads\/2024\/05\/2-21.jpg?fit=800%2C445&ssl=1\",\"width\":800,\"height\":445},{\"@type\":\"BreadcrumbList\",\"@id\":\"https:\/\/ciudadyregion.com.co\/index.php\/espinal-madrugo-a-correr-en-la-carrera-atletica-itfip-2024\/deportes\/#breadcrumb\",\"itemListElement\":[{\"@type\":\"ListItem\",\"position\":1,\"name\":\"Portada\",\"item\":\"https:\/\/ciudadyregion.com.co\/\"},{\"@type\":\"ListItem\",\"position\":2,\"name\":\"Espinal madrug\u00f3 a correr en la Carrera Atl\u00e9tica ITFIP 2024\"}]},{\"@type\":\"WebSite\",\"@id\":\"https:\/\/ciudadyregion.com.co\/#website\",\"url\":\"https:\/\/ciudadyregion.com.co\/\",\"name\":\"Ciudad y Region\",\"description\":\"\",\"potentialAction\":[{\"@type\":\"SearchAction\",\"target\":{\"@type\":\"EntryPoint\",\"urlTemplate\":\"https:\/\/ciudadyregion.com.co\/?s={search_term_string}\"},\"query-input\":{\"@type\":\"PropertyValueSpecification\",\"valueRequired\":true,\"valueName\":\"search_term_string\"}}],\"inLanguage\":\"es\"},{\"@type\":\"Person\",\"@id\":\"https:\/\/ciudadyregion.com.co\/#\/schema\/person\/04a4954373ebc4051f46e8c65ff78622\",\"name\":\"David Andr\u00e9s Aguirre\",\"image\":{\"@type\":\"ImageObject\",\"inLanguage\":\"es\",\"@id\":\"https:\/\/ciudadyregion.com.co\/#\/schema\/person\/image\/\",\"url\":\"https:\/\/secure.gravatar.com\/avatar\/bc3c655860202182ee6d1b5edd042dbe?s=96&d=mm&r=g\",\"contentUrl\":\"https:\/\/secure.gravatar.com\/avatar\/bc3c655860202182ee6d1b5edd042dbe?s=96&d=mm&r=g\",\"caption\":\"David Andr\u00e9s Aguirre\"},\"url\":\"https:\/\/ciudadyregion.com.co\/index.php\/author\/diegoaguirre\/\"}]}<\/script>\n<!-- \/ Yoast SEO plugin. -->","yoast_head_json":{"title":"Espinal madrug\u00f3 a correr en la Carrera Atl\u00e9tica ITFIP 2024 - Ciudad y Region","robots":{"index":"index","follow":"follow","max-snippet":"max-snippet:-1","max-image-preview":"max-image-preview:large","max-video-preview":"max-video-preview:-1"},"canonical":"https:\/\/ciudadyregion.com.co\/index.php\/espinal-madrugo-a-correr-en-la-carrera-atletica-itfip-2024\/deportes\/","og_locale":"es_ES","og_type":"article","og_title":"Espinal madrug\u00f3 a correr en la Carrera Atl\u00e9tica ITFIP 2024 - Ciudad y Region","og_description":"Con exito se llev\u00f3 a cabo la primera versi\u00f3n de esta prueba callejera que integro la comunidad runner competitiva y recreativa del centro de Colombia Con la participaci\u00f3n de m\u00e1s de 2.500 personas se desarroll\u00f3 la competencia de 5K y 10K organizada por el Instituto Tolimense de Formaci\u00f3n T\u00e9cnica ProfesionalContinuar Leyendo","og_url":"https:\/\/ciudadyregion.com.co\/index.php\/espinal-madrugo-a-correr-en-la-carrera-atletica-itfip-2024\/deportes\/","og_site_name":"Ciudad y Region","article_published_time":"2024-05-27T09:10:10+00:00","article_modified_time":"2024-05-27T04:10:51+00:00","og_image":[{"width":800,"height":445,"url":"https:\/\/i0.wp.com\/ciudadyregion.com.co\/wp-content\/uploads\/2024\/05\/2-21.jpg?fit=800%2C445&ssl=1","type":"image\/jpeg"}],"author":"David Andr\u00e9s Aguirre","twitter_card":"summary_large_image","twitter_misc":{"Escrito por":"David Andr\u00e9s Aguirre","Tiempo de lectura":"1 minuto"},"schema":{"@context":"https:\/\/schema.org","@graph":[{"@type":"WebPage","@id":"https:\/\/ciudadyregion.com.co\/index.php\/espinal-madrugo-a-correr-en-la-carrera-atletica-itfip-2024\/deportes\/","url":"https:\/\/ciudadyregion.com.co\/index.php\/espinal-madrugo-a-correr-en-la-carrera-atletica-itfip-2024\/deportes\/","name":"Espinal madrug\u00f3 a correr en la Carrera Atl\u00e9tica ITFIP 2024 - Ciudad y Region","isPartOf":{"@id":"https:\/\/ciudadyregion.com.co\/#website"},"primaryImageOfPage":{"@id":"https:\/\/ciudadyregion.com.co\/index.php\/espinal-madrugo-a-correr-en-la-carrera-atletica-itfip-2024\/deportes\/#primaryimage"},"image":{"@id":"https:\/\/ciudadyregion.com.co\/index.php\/espinal-madrugo-a-correr-en-la-carrera-atletica-itfip-2024\/deportes\/#primaryimage"},"thumbnailUrl":"https:\/\/i0.wp.com\/ciudadyregion.com.co\/wp-content\/uploads\/2024\/05\/2-21.jpg?fit=800%2C445&ssl=1","datePublished":"2024-05-27T09:10:10+00:00","dateModified":"2024-05-27T04:10:51+00:00","author":{"@id":"https:\/\/ciudadyregion.com.co\/#\/schema\/person\/04a4954373ebc4051f46e8c65ff78622"},"breadcrumb":{"@id":"https:\/\/ciudadyregion.com.co\/index.php\/espinal-madrugo-a-correr-en-la-carrera-atletica-itfip-2024\/deportes\/#breadcrumb"},"inLanguage":"es","potentialAction":[{"@type":"ReadAction","target":["https:\/\/ciudadyregion.com.co\/index.php\/espinal-madrugo-a-correr-en-la-carrera-atletica-itfip-2024\/deportes\/"]}]},{"@type":"ImageObject","inLanguage":"es","@id":"https:\/\/ciudadyregion.com.co\/index.php\/espinal-madrugo-a-correr-en-la-carrera-atletica-itfip-2024\/deportes\/#primaryimage","url":"https:\/\/i0.wp.com\/ciudadyregion.com.co\/wp-content\/uploads\/2024\/05\/2-21.jpg?fit=800%2C445&ssl=1","contentUrl":"https:\/\/i0.wp.com\/ciudadyregion.com.co\/wp-content\/uploads\/2024\/05\/2-21.jpg?fit=800%2C445&ssl=1","width":800,"height":445},{"@type":"BreadcrumbList","@id":"https:\/\/ciudadyregion.com.co\/index.php\/espinal-madrugo-a-correr-en-la-carrera-atletica-itfip-2024\/deportes\/#breadcrumb","itemListElement":[{"@type":"ListItem","position":1,"name":"Portada","item":"https:\/\/ciudadyregion.com.co\/"},{"@type":"ListItem","position":2,"name":"Espinal madrug\u00f3 a correr en la Carrera Atl\u00e9tica ITFIP 2024"}]},{"@type":"WebSite","@id":"https:\/\/ciudadyregion.com.co\/#website","url":"https:\/\/ciudadyregion.com.co\/","name":"Ciudad y Region","description":"","potentialAction":[{"@type":"SearchAction","target":{"@type":"EntryPoint","urlTemplate":"https:\/\/ciudadyregion.com.co\/?s={search_term_string}"},"query-input":{"@type":"PropertyValueSpecification","valueRequired":true,"valueName":"search_term_string"}}],"inLanguage":"es"},{"@type":"Person","@id":"https:\/\/ciudadyregion.com.co\/#\/schema\/person\/04a4954373ebc4051f46e8c65ff78622","name":"David Andr\u00e9s Aguirre","image":{"@type":"ImageObject","inLanguage":"es","@id":"https:\/\/ciudadyregion.com.co\/#\/schema\/person\/image\/","url":"https:\/\/secure.gravatar.com\/avatar\/bc3c655860202182ee6d1b5edd042dbe?s=96&d=mm&r=g","contentUrl":"https:\/\/secure.gravatar.com\/avatar\/bc3c655860202182ee6d1b5edd042dbe?s=96&d=mm&r=g","caption":"David Andr\u00e9s Aguirre"},"url":"https:\/\/ciudadyregion.com.co\/index.php\/author\/diegoaguirre\/"}]}},"jetpack_featured_media_url":"https:\/\/i0.wp.com\/ciudadyregion.com.co\/wp-content\/uploads\/2024\/05\/2-21.jpg?fit=800%2C445&ssl=1","jetpack_sharing_enabled":true,"jetpack_shortlink":"https:\/\/wp.me\/pbS7hh-3RK","jetpack-related-posts":[],"_links":{"self":[{"href":"https:\/\/ciudadyregion.com.co\/index.php\/wp-json\/wp\/v2\/posts\/14864"}],"collection":[{"href":"https:\/\/ciudadyregion.com.co\/index.php\/wp-json\/wp\/v2\/posts"}],"about":[{"href":"https:\/\/ciudadyregion.com.co\/index.php\/wp-json\/wp\/v2\/types\/post"}],"author":[{"embeddable":true,"href":"https:\/\/ciudadyregion.com.co\/index.php\/wp-json\/wp\/v2\/users\/2"}],"replies":[{"embeddable":true,"href":"https:\/\/ciudadyregion.com.co\/index.php\/wp-json\/wp\/v2\/comments?post=14864"}],"version-history":[{"count":1,"href":"https:\/\/ciudadyregion.com.co\/index.php\/wp-json\/wp\/v2\/posts\/14864\/revisions"}],"predecessor-version":[{"id":14866,"href":"https:\/\/ciudadyregion.com.co\/index.php\/wp-json\/wp\/v2\/posts\/14864\/revisions\/14866"}],"wp:featuredmedia":[{"embeddable":true,"href":"https:\/\/ciudadyregion.com.co\/index.php\/wp-json\/wp\/v2\/media\/14865"}],"wp:attachment":[{"href":"https:\/\/ciudadyregion.com.co\/index.php\/wp-json\/wp\/v2\/media?parent=14864"}],"wp:term":[{"taxonomy":"category","embeddable":true,"href":"https:\/\/ciudadyregion.com.co\/index.php\/wp-json\/wp\/v2\/categories?post=14864"},{"taxonomy":"post_tag","embeddable":true,"href":"https:\/\/ciudadyregion.com.co\/index.php\/wp-json\/wp\/v2\/tags?post=14864"}],"curies":[{"name":"wp","href":"https:\/\/api.w.org\/{rel}","templated":true}]}}