{"id":14844,"date":"2024-05-25T04:28:40","date_gmt":"2024-05-25T09:28:40","guid":{"rendered":"https:\/\/ciudadyregion.com.co\/?p=14844"},"modified":"2024-05-24T22:29:13","modified_gmt":"2024-05-25T03:29:13","slug":"quien-la-ve-judicializan-a-la-extesorera-de-saravena-por-presuntamente-apropiarse-de-mas-de-2-345-millones-de-pesos","status":"publish","type":"post","link":"https:\/\/ciudadyregion.com.co\/index.php\/quien-la-ve-judicializan-a-la-extesorera-de-saravena-por-presuntamente-apropiarse-de-mas-de-2-345-millones-de-pesos\/judicial\/","title":{"rendered":"Quien la ve: Judicializan a la extesorera de Saravena por presuntamente apropiarse de m\u00e1s de 2.345 millones de pesos"},"content":{"rendered":"<div class=\"\" data-block=\"true\" data-editor=\"9ltd1\" data-offset-key=\"35am2-0-0\">\n<ul>\n<li class=\"_1mf _1mj\" data-offset-key=\"35am2-0-0\"><strong><em>La exfuncionaria habr\u00eda extra\u00eddo el dinero para enviarlo a cuentas personales. Cuatro personas m\u00e1s fueron procesadas por estos hechos.<\/em><\/strong><\/li>\n<\/ul>\n<\/div>\n<div class=\"\" data-block=\"true\" data-editor=\"9ltd1\" data-offset-key=\"1aj7k-0-0\">\n<div class=\"_1mf _1mj\" data-offset-key=\"1aj7k-0-0\"><span data-offset-key=\"1aj7k-0-0\">\u00a0<\/span><\/div>\n<\/div>\n<div class=\"\" data-block=\"true\" data-editor=\"9ltd1\" data-offset-key=\"fuqst-0-0\">\n<div class=\"_1mf _1mj\" data-offset-key=\"fuqst-0-0\"><span data-offset-key=\"fuqst-0-0\">La Fiscal\u00eda General de la Naci\u00f3n, en articulaci\u00f3n con la Polic\u00eda Nacional, judicializ\u00f3 a cinco personas presuntamente responsables de apropiarse ilegalmente de recursos del gobierno municipal. Entre los procesados est\u00e1 la extesorera de la Alcald\u00eda de Saravena (Arauca), Diana Milena Mart\u00ednez Molina.<\/span><\/div>\n<\/div>\n<div class=\"\" data-block=\"true\" data-editor=\"9ltd1\" data-offset-key=\"97kq-0-0\">\n<div class=\"_1mf _1mj\" data-offset-key=\"97kq-0-0\"><span data-offset-key=\"97kq-0-0\">\u00a0<\/span><\/div>\n<\/div>\n<div class=\"\" data-block=\"true\" data-editor=\"9ltd1\" data-offset-key=\"2oki7-0-0\">\n<div class=\"_1mf _1mj\" data-offset-key=\"2oki7-0-0\"><span data-offset-key=\"2oki7-0-0\">Tambi\u00e9n fueron judicializados los particulares Luz Marina Molina de Mart\u00ednez, Ang\u00e9lica Andrea Garc\u00eda Cobos, Sergio David Galvis Mart\u00ednez y Gustavo Adolfo Ru\u00edz Jaramillo. Las capturas se materializaron en Sons\u00f3n (Antioquia), Bogot\u00e1 (Cundinamarca), Saravena (Arauca) y Villa del Rosario (Norte de Santander).<\/span><\/div>\n<\/div>\n<div class=\"\" data-block=\"true\" data-editor=\"9ltd1\" data-offset-key=\"3bpqm-0-0\">\n<div class=\"_1mf _1mj\" data-offset-key=\"3bpqm-0-0\"><span data-offset-key=\"3bpqm-0-0\">\u00a0<\/span><\/div>\n<\/div>\n<div class=\"\" data-block=\"true\" data-editor=\"9ltd1\" data-offset-key=\"6h1v5-0-0\">\n<div class=\"_1mf _1mj\" data-offset-key=\"6h1v5-0-0\"><span data-offset-key=\"6h1v5-0-0\">Al parecer, entre los a\u00f1os 2013 y 2022 Mart\u00ednez Molina transfiri\u00f3 m\u00e1s de 2.345 millones de pesos de la seguridad social y el fomento ganadero a, al menos, 36 cuentas en distintas entidades financieras.<\/span><\/div>\n<\/div>\n<div class=\"\" data-block=\"true\" data-editor=\"9ltd1\" data-offset-key=\"3sbm6-0-0\">\n<div class=\"_1mf _1mj\" data-offset-key=\"3sbm6-0-0\"><span data-offset-key=\"3sbm6-0-0\">\u00a0<\/span><\/div>\n<\/div>\n<div class=\"\" data-block=\"true\" data-editor=\"9ltd1\" data-offset-key=\"8223v-0-0\">\n<div class=\"_1mf _1mj\" data-offset-key=\"8223v-0-0\"><span data-offset-key=\"8223v-0-0\">Un fiscal de la Seccional de Arauca imput\u00f3 a la exfuncionaria municipal los delitos de peculado por apropiaci\u00f3n, enriquecimiento il\u00edcito y asociaci\u00f3n para la comisi\u00f3n de un delito contra la administraci\u00f3n. Las otras personas lo fueron por enriquecimiento il\u00edcito de particulares y asociaci\u00f3n para la comisi\u00f3n de un delito contra la administraci\u00f3n.<\/span><\/div>\n<\/div>\n<div class=\"\" data-block=\"true\" data-editor=\"9ltd1\" data-offset-key=\"9har8-0-0\">\n<div class=\"_1mf _1mj\" data-offset-key=\"9har8-0-0\"><span data-offset-key=\"9har8-0-0\">\u00a0<\/span><\/div>\n<\/div>\n<div class=\"\" data-block=\"true\" data-editor=\"9ltd1\" data-offset-key=\"ehcdv-0-0\">\n<div class=\"_1mf _1mj\" data-offset-key=\"ehcdv-0-0\"><span data-offset-key=\"ehcdv-0-0\">Un juez de control de garant\u00edas envi\u00f3 a la c\u00e1rcel a la extesorera y tres particulares. Por otra parte, Luz Marina Molina de Mart\u00ednez fue afectada con medida de aseguramiento en su lugar de domicilio.<\/span><\/div>\n<\/div>\n","protected":false},"excerpt":{"rendered":"<p>La exfuncionaria habr\u00eda extra\u00eddo el dinero para enviarlo a cuentas personales. Cuatro personas m\u00e1s fueron procesadas por estos hechos. \u00a0 La Fiscal\u00eda General de la Naci\u00f3n, en articulaci\u00f3n con la Polic\u00eda Nacional, judicializ\u00f3 a cinco personas presuntamente responsables de apropiarse ilegalmente de recursos del gobierno municipal. Entre los procesados est\u00e1<span class=\"more-link\"><a href=\"https:\/\/ciudadyregion.com.co\/index.php\/quien-la-ve-judicializan-a-la-extesorera-de-saravena-por-presuntamente-apropiarse-de-mas-de-2-345-millones-de-pesos\/judicial\/\">Continuar Leyendo<\/a><\/span><\/p>\n","protected":false},"author":2,"featured_media":14845,"comment_status":"open","ping_status":"open","sticky":false,"template":"","format":"standard","meta":{"_uf_show_specific_survey":0,"_uf_disable_surveys":false,"_jetpack_memberships_contains_paid_content":false,"footnotes":"","jetpack_publicize_message":"","jetpack_publicize_feature_enabled":true,"jetpack_social_post_already_shared":true,"jetpack_social_options":{"image_generator_settings":{"template":"highway","enabled":false},"version":2}},"categories":[18],"tags":[],"class_list":["entry","author-diegoaguirre","post-14844","post","type-post","status-publish","format-standard","has-post-thumbnail","category-judicial"],"jetpack_publicize_connections":[],"yoast_head":"<!-- This site is optimized with the Yoast SEO plugin v24.3 - https:\/\/yoast.com\/wordpress\/plugins\/seo\/ -->\n<title>Quien la ve: Judicializan a la extesorera de Saravena por presuntamente apropiarse de m\u00e1s de 2.345 millones de pesos - Ciudad y Region<\/title>\n<meta name=\"robots\" content=\"index, follow, max-snippet:-1, max-image-preview:large, max-video-preview:-1\" \/>\n<link rel=\"canonical\" href=\"https:\/\/ciudadyregion.com.co\/index.php\/quien-la-ve-judicializan-a-la-extesorera-de-saravena-por-presuntamente-apropiarse-de-mas-de-2-345-millones-de-pesos\/judicial\/\" \/>\n<meta property=\"og:locale\" content=\"es_ES\" \/>\n<meta property=\"og:type\" content=\"article\" \/>\n<meta property=\"og:title\" content=\"Quien la ve: Judicializan a la extesorera de Saravena por presuntamente apropiarse de m\u00e1s de 2.345 millones de pesos - Ciudad y Region\" \/>\n<meta property=\"og:description\" content=\"La exfuncionaria habr\u00eda extra\u00eddo el dinero para enviarlo a cuentas personales. Cuatro personas m\u00e1s fueron procesadas por estos hechos. \u00a0 La Fiscal\u00eda General de la Naci\u00f3n, en articulaci\u00f3n con la Polic\u00eda Nacional, judicializ\u00f3 a cinco personas presuntamente responsables de apropiarse ilegalmente de recursos del gobierno municipal. Entre los procesados est\u00e1Continuar Leyendo\" \/>\n<meta property=\"og:url\" content=\"https:\/\/ciudadyregion.com.co\/index.php\/quien-la-ve-judicializan-a-la-extesorera-de-saravena-por-presuntamente-apropiarse-de-mas-de-2-345-millones-de-pesos\/judicial\/\" \/>\n<meta property=\"og:site_name\" content=\"Ciudad y Region\" \/>\n<meta property=\"article:published_time\" content=\"2024-05-25T09:28:40+00:00\" \/>\n<meta property=\"article:modified_time\" content=\"2024-05-25T03:29:13+00:00\" \/>\n<meta property=\"og:image\" content=\"https:\/\/i0.wp.com\/ciudadyregion.com.co\/wp-content\/uploads\/2024\/05\/3-16.jpg?fit=800%2C445&ssl=1\" \/>\n\t<meta property=\"og:image:width\" content=\"800\" \/>\n\t<meta property=\"og:image:height\" content=\"445\" \/>\n\t<meta property=\"og:image:type\" content=\"image\/jpeg\" \/>\n<meta name=\"author\" content=\"David Andr\u00e9s Aguirre\" \/>\n<meta name=\"twitter:card\" content=\"summary_large_image\" \/>\n<meta name=\"twitter:label1\" content=\"Escrito por\" \/>\n\t<meta name=\"twitter:data1\" content=\"David Andr\u00e9s Aguirre\" \/>\n\t<meta name=\"twitter:label2\" content=\"Tiempo de lectura\" \/>\n\t<meta name=\"twitter:data2\" content=\"2 minutos\" \/>\n<script type=\"application\/ld+json\" class=\"yoast-schema-graph\">{\"@context\":\"https:\/\/schema.org\",\"@graph\":[{\"@type\":\"WebPage\",\"@id\":\"https:\/\/ciudadyregion.com.co\/index.php\/quien-la-ve-judicializan-a-la-extesorera-de-saravena-por-presuntamente-apropiarse-de-mas-de-2-345-millones-de-pesos\/judicial\/\",\"url\":\"https:\/\/ciudadyregion.com.co\/index.php\/quien-la-ve-judicializan-a-la-extesorera-de-saravena-por-presuntamente-apropiarse-de-mas-de-2-345-millones-de-pesos\/judicial\/\",\"name\":\"Quien la ve: Judicializan a la extesorera de Saravena por presuntamente apropiarse de m\u00e1s de 2.345 millones de pesos - Ciudad y Region\",\"isPartOf\":{\"@id\":\"https:\/\/ciudadyregion.com.co\/#website\"},\"primaryImageOfPage\":{\"@id\":\"https:\/\/ciudadyregion.com.co\/index.php\/quien-la-ve-judicializan-a-la-extesorera-de-saravena-por-presuntamente-apropiarse-de-mas-de-2-345-millones-de-pesos\/judicial\/#primaryimage\"},\"image\":{\"@id\":\"https:\/\/ciudadyregion.com.co\/index.php\/quien-la-ve-judicializan-a-la-extesorera-de-saravena-por-presuntamente-apropiarse-de-mas-de-2-345-millones-de-pesos\/judicial\/#primaryimage\"},\"thumbnailUrl\":\"https:\/\/i0.wp.com\/ciudadyregion.com.co\/wp-content\/uploads\/2024\/05\/3-16.jpg?fit=800%2C445&ssl=1\",\"datePublished\":\"2024-05-25T09:28:40+00:00\",\"dateModified\":\"2024-05-25T03:29:13+00:00\",\"author\":{\"@id\":\"https:\/\/ciudadyregion.com.co\/#\/schema\/person\/04a4954373ebc4051f46e8c65ff78622\"},\"breadcrumb\":{\"@id\":\"https:\/\/ciudadyregion.com.co\/index.php\/quien-la-ve-judicializan-a-la-extesorera-de-saravena-por-presuntamente-apropiarse-de-mas-de-2-345-millones-de-pesos\/judicial\/#breadcrumb\"},\"inLanguage\":\"es\",\"potentialAction\":[{\"@type\":\"ReadAction\",\"target\":[\"https:\/\/ciudadyregion.com.co\/index.php\/quien-la-ve-judicializan-a-la-extesorera-de-saravena-por-presuntamente-apropiarse-de-mas-de-2-345-millones-de-pesos\/judicial\/\"]}]},{\"@type\":\"ImageObject\",\"inLanguage\":\"es\",\"@id\":\"https:\/\/ciudadyregion.com.co\/index.php\/quien-la-ve-judicializan-a-la-extesorera-de-saravena-por-presuntamente-apropiarse-de-mas-de-2-345-millones-de-pesos\/judicial\/#primaryimage\",\"url\":\"https:\/\/i0.wp.com\/ciudadyregion.com.co\/wp-content\/uploads\/2024\/05\/3-16.jpg?fit=800%2C445&ssl=1\",\"contentUrl\":\"https:\/\/i0.wp.com\/ciudadyregion.com.co\/wp-content\/uploads\/2024\/05\/3-16.jpg?fit=800%2C445&ssl=1\",\"width\":800,\"height\":445},{\"@type\":\"BreadcrumbList\",\"@id\":\"https:\/\/ciudadyregion.com.co\/index.php\/quien-la-ve-judicializan-a-la-extesorera-de-saravena-por-presuntamente-apropiarse-de-mas-de-2-345-millones-de-pesos\/judicial\/#breadcrumb\",\"itemListElement\":[{\"@type\":\"ListItem\",\"position\":1,\"name\":\"Portada\",\"item\":\"https:\/\/ciudadyregion.com.co\/\"},{\"@type\":\"ListItem\",\"position\":2,\"name\":\"Quien la ve: Judicializan a la extesorera de Saravena por presuntamente apropiarse de m\u00e1s de 2.345 millones de pesos\"}]},{\"@type\":\"WebSite\",\"@id\":\"https:\/\/ciudadyregion.com.co\/#website\",\"url\":\"https:\/\/ciudadyregion.com.co\/\",\"name\":\"Ciudad y Region\",\"description\":\"\",\"potentialAction\":[{\"@type\":\"SearchAction\",\"target\":{\"@type\":\"EntryPoint\",\"urlTemplate\":\"https:\/\/ciudadyregion.com.co\/?s={search_term_string}\"},\"query-input\":{\"@type\":\"PropertyValueSpecification\",\"valueRequired\":true,\"valueName\":\"search_term_string\"}}],\"inLanguage\":\"es\"},{\"@type\":\"Person\",\"@id\":\"https:\/\/ciudadyregion.com.co\/#\/schema\/person\/04a4954373ebc4051f46e8c65ff78622\",\"name\":\"David Andr\u00e9s Aguirre\",\"image\":{\"@type\":\"ImageObject\",\"inLanguage\":\"es\",\"@id\":\"https:\/\/ciudadyregion.com.co\/#\/schema\/person\/image\/\",\"url\":\"https:\/\/secure.gravatar.com\/avatar\/bc3c655860202182ee6d1b5edd042dbe?s=96&d=mm&r=g\",\"contentUrl\":\"https:\/\/secure.gravatar.com\/avatar\/bc3c655860202182ee6d1b5edd042dbe?s=96&d=mm&r=g\",\"caption\":\"David Andr\u00e9s Aguirre\"},\"url\":\"https:\/\/ciudadyregion.com.co\/index.php\/author\/diegoaguirre\/\"}]}<\/script>\n<!-- \/ Yoast SEO plugin. -->","yoast_head_json":{"title":"Quien la ve: Judicializan a la extesorera de Saravena por presuntamente apropiarse de m\u00e1s de 2.345 millones de pesos - Ciudad y Region","robots":{"index":"index","follow":"follow","max-snippet":"max-snippet:-1","max-image-preview":"max-image-preview:large","max-video-preview":"max-video-preview:-1"},"canonical":"https:\/\/ciudadyregion.com.co\/index.php\/quien-la-ve-judicializan-a-la-extesorera-de-saravena-por-presuntamente-apropiarse-de-mas-de-2-345-millones-de-pesos\/judicial\/","og_locale":"es_ES","og_type":"article","og_title":"Quien la ve: Judicializan a la extesorera de Saravena por presuntamente apropiarse de m\u00e1s de 2.345 millones de pesos - Ciudad y Region","og_description":"La exfuncionaria habr\u00eda extra\u00eddo el dinero para enviarlo a cuentas personales. Cuatro personas m\u00e1s fueron procesadas por estos hechos. \u00a0 La Fiscal\u00eda General de la Naci\u00f3n, en articulaci\u00f3n con la Polic\u00eda Nacional, judicializ\u00f3 a cinco personas presuntamente responsables de apropiarse ilegalmente de recursos del gobierno municipal. Entre los procesados est\u00e1Continuar Leyendo","og_url":"https:\/\/ciudadyregion.com.co\/index.php\/quien-la-ve-judicializan-a-la-extesorera-de-saravena-por-presuntamente-apropiarse-de-mas-de-2-345-millones-de-pesos\/judicial\/","og_site_name":"Ciudad y Region","article_published_time":"2024-05-25T09:28:40+00:00","article_modified_time":"2024-05-25T03:29:13+00:00","og_image":[{"width":800,"height":445,"url":"https:\/\/i0.wp.com\/ciudadyregion.com.co\/wp-content\/uploads\/2024\/05\/3-16.jpg?fit=800%2C445&ssl=1","type":"image\/jpeg"}],"author":"David Andr\u00e9s Aguirre","twitter_card":"summary_large_image","twitter_misc":{"Escrito por":"David Andr\u00e9s Aguirre","Tiempo de lectura":"2 minutos"},"schema":{"@context":"https:\/\/schema.org","@graph":[{"@type":"WebPage","@id":"https:\/\/ciudadyregion.com.co\/index.php\/quien-la-ve-judicializan-a-la-extesorera-de-saravena-por-presuntamente-apropiarse-de-mas-de-2-345-millones-de-pesos\/judicial\/","url":"https:\/\/ciudadyregion.com.co\/index.php\/quien-la-ve-judicializan-a-la-extesorera-de-saravena-por-presuntamente-apropiarse-de-mas-de-2-345-millones-de-pesos\/judicial\/","name":"Quien la ve: Judicializan a la extesorera de Saravena por presuntamente apropiarse de m\u00e1s de 2.345 millones de pesos - Ciudad y Region","isPartOf":{"@id":"https:\/\/ciudadyregion.com.co\/#website"},"primaryImageOfPage":{"@id":"https:\/\/ciudadyregion.com.co\/index.php\/quien-la-ve-judicializan-a-la-extesorera-de-saravena-por-presuntamente-apropiarse-de-mas-de-2-345-millones-de-pesos\/judicial\/#primaryimage"},"image":{"@id":"https:\/\/ciudadyregion.com.co\/index.php\/quien-la-ve-judicializan-a-la-extesorera-de-saravena-por-presuntamente-apropiarse-de-mas-de-2-345-millones-de-pesos\/judicial\/#primaryimage"},"thumbnailUrl":"https:\/\/i0.wp.com\/ciudadyregion.com.co\/wp-content\/uploads\/2024\/05\/3-16.jpg?fit=800%2C445&ssl=1","datePublished":"2024-05-25T09:28:40+00:00","dateModified":"2024-05-25T03:29:13+00:00","author":{"@id":"https:\/\/ciudadyregion.com.co\/#\/schema\/person\/04a4954373ebc4051f46e8c65ff78622"},"breadcrumb":{"@id":"https:\/\/ciudadyregion.com.co\/index.php\/quien-la-ve-judicializan-a-la-extesorera-de-saravena-por-presuntamente-apropiarse-de-mas-de-2-345-millones-de-pesos\/judicial\/#breadcrumb"},"inLanguage":"es","potentialAction":[{"@type":"ReadAction","target":["https:\/\/ciudadyregion.com.co\/index.php\/quien-la-ve-judicializan-a-la-extesorera-de-saravena-por-presuntamente-apropiarse-de-mas-de-2-345-millones-de-pesos\/judicial\/"]}]},{"@type":"ImageObject","inLanguage":"es","@id":"https:\/\/ciudadyregion.com.co\/index.php\/quien-la-ve-judicializan-a-la-extesorera-de-saravena-por-presuntamente-apropiarse-de-mas-de-2-345-millones-de-pesos\/judicial\/#primaryimage","url":"https:\/\/i0.wp.com\/ciudadyregion.com.co\/wp-content\/uploads\/2024\/05\/3-16.jpg?fit=800%2C445&ssl=1","contentUrl":"https:\/\/i0.wp.com\/ciudadyregion.com.co\/wp-content\/uploads\/2024\/05\/3-16.jpg?fit=800%2C445&ssl=1","width":800,"height":445},{"@type":"BreadcrumbList","@id":"https:\/\/ciudadyregion.com.co\/index.php\/quien-la-ve-judicializan-a-la-extesorera-de-saravena-por-presuntamente-apropiarse-de-mas-de-2-345-millones-de-pesos\/judicial\/#breadcrumb","itemListElement":[{"@type":"ListItem","position":1,"name":"Portada","item":"https:\/\/ciudadyregion.com.co\/"},{"@type":"ListItem","position":2,"name":"Quien la ve: Judicializan a la extesorera de Saravena por presuntamente apropiarse de m\u00e1s de 2.345 millones de pesos"}]},{"@type":"WebSite","@id":"https:\/\/ciudadyregion.com.co\/#website","url":"https:\/\/ciudadyregion.com.co\/","name":"Ciudad y Region","description":"","potentialAction":[{"@type":"SearchAction","target":{"@type":"EntryPoint","urlTemplate":"https:\/\/ciudadyregion.com.co\/?s={search_term_string}"},"query-input":{"@type":"PropertyValueSpecification","valueRequired":true,"valueName":"search_term_string"}}],"inLanguage":"es"},{"@type":"Person","@id":"https:\/\/ciudadyregion.com.co\/#\/schema\/person\/04a4954373ebc4051f46e8c65ff78622","name":"David Andr\u00e9s Aguirre","image":{"@type":"ImageObject","inLanguage":"es","@id":"https:\/\/ciudadyregion.com.co\/#\/schema\/person\/image\/","url":"https:\/\/secure.gravatar.com\/avatar\/bc3c655860202182ee6d1b5edd042dbe?s=96&d=mm&r=g","contentUrl":"https:\/\/secure.gravatar.com\/avatar\/bc3c655860202182ee6d1b5edd042dbe?s=96&d=mm&r=g","caption":"David Andr\u00e9s Aguirre"},"url":"https:\/\/ciudadyregion.com.co\/index.php\/author\/diegoaguirre\/"}]}},"jetpack_featured_media_url":"https:\/\/i0.wp.com\/ciudadyregion.com.co\/wp-content\/uploads\/2024\/05\/3-16.jpg?fit=800%2C445&ssl=1","jetpack_sharing_enabled":true,"jetpack_shortlink":"https:\/\/wp.me\/pbS7hh-3Rq","jetpack-related-posts":[],"_links":{"self":[{"href":"https:\/\/ciudadyregion.com.co\/index.php\/wp-json\/wp\/v2\/posts\/14844"}],"collection":[{"href":"https:\/\/ciudadyregion.com.co\/index.php\/wp-json\/wp\/v2\/posts"}],"about":[{"href":"https:\/\/ciudadyregion.com.co\/index.php\/wp-json\/wp\/v2\/types\/post"}],"author":[{"embeddable":true,"href":"https:\/\/ciudadyregion.com.co\/index.php\/wp-json\/wp\/v2\/users\/2"}],"replies":[{"embeddable":true,"href":"https:\/\/ciudadyregion.com.co\/index.php\/wp-json\/wp\/v2\/comments?post=14844"}],"version-history":[{"count":1,"href":"https:\/\/ciudadyregion.com.co\/index.php\/wp-json\/wp\/v2\/posts\/14844\/revisions"}],"predecessor-version":[{"id":14846,"href":"https:\/\/ciudadyregion.com.co\/index.php\/wp-json\/wp\/v2\/posts\/14844\/revisions\/14846"}],"wp:featuredmedia":[{"embeddable":true,"href":"https:\/\/ciudadyregion.com.co\/index.php\/wp-json\/wp\/v2\/media\/14845"}],"wp:attachment":[{"href":"https:\/\/ciudadyregion.com.co\/index.php\/wp-json\/wp\/v2\/media?parent=14844"}],"wp:term":[{"taxonomy":"category","embeddable":true,"href":"https:\/\/ciudadyregion.com.co\/index.php\/wp-json\/wp\/v2\/categories?post=14844"},{"taxonomy":"post_tag","embeddable":true,"href":"https:\/\/ciudadyregion.com.co\/index.php\/wp-json\/wp\/v2\/tags?post=14844"}],"curies":[{"name":"wp","href":"https:\/\/api.w.org\/{rel}","templated":true}]}}