{"id":14828,"date":"2024-05-25T04:10:06","date_gmt":"2024-05-25T09:10:06","guid":{"rendered":"https:\/\/ciudadyregion.com.co\/?p=14828"},"modified":"2024-05-24T22:10:39","modified_gmt":"2024-05-25T03:10:39","slug":"alias-pablito-a-la-carcel-por-su-presunta-responsabilidad-en-dos-asesinatos-y-tres-tentativas-de-homicidio-en-buga","status":"publish","type":"post","link":"https:\/\/ciudadyregion.com.co\/index.php\/alias-pablito-a-la-carcel-por-su-presunta-responsabilidad-en-dos-asesinatos-y-tres-tentativas-de-homicidio-en-buga\/judicial\/","title":{"rendered":"Alias \u2018Pablito\u2019 a la c\u00e1rcel por su presunta responsabilidad en dos asesinatos y tres tentativas de homicidio en Buga"},"content":{"rendered":"<div class=\"\" data-block=\"true\" data-editor=\"7essu\" data-offset-key=\"1ho1e-0-0\">\n<ul>\n<li class=\"_1mf _1mj\" data-offset-key=\"1ho1e-0-0\"><em><strong>Los hechos ocurrieron en enero y mayo del presente a\u00f1o.<\/strong><\/em><\/li>\n<\/ul>\n<\/div>\n<div class=\"\" data-block=\"true\" data-editor=\"7essu\" data-offset-key=\"8npbh-0-0\">\n<div class=\"_1mf _1mj\" data-offset-key=\"8npbh-0-0\"><span data-offset-key=\"8npbh-0-0\">\u00a0<\/span><\/div>\n<\/div>\n<div class=\"\" data-block=\"true\" data-editor=\"7essu\" data-offset-key=\"8to7p-0-0\">\n<div class=\"_1mf _1mj\" data-offset-key=\"8to7p-0-0\"><span data-offset-key=\"8to7p-0-0\">Por solicitud de la Fiscal\u00eda General de la Naci\u00f3n, un juez de control de garant\u00edas envi\u00f3 a la c\u00e1rcel a Pablo Andr\u00e9s S\u00e1nchez Menjura, alias Pablito, presunto responsable de dos asesinatos y tres tentativas de homicidio en Buga (Valle del Cauca).<\/span><\/div>\n<div data-offset-key=\"8to7p-0-0\"><\/div>\n<\/div>\n<div class=\"\" data-block=\"true\" data-editor=\"7essu\" data-offset-key=\"ed7k5-0-0\">\n<div class=\"_1mf _1mj\" data-offset-key=\"ed7k5-0-0\"><span data-offset-key=\"ed7k5-0-0\">Alias Pablito fue capturado en cumplimiento de una orden judicial durante diligencia de registro y allanamiento, el pasado 17 de mayo, por servidores del Cuerpo T\u00e9cnico de Investigaci\u00f3n (CTI) y la Sij\u00edn de la Polic\u00eda Nacional en el barrio Montebello.<\/span><\/div>\n<\/div>\n<div class=\"\" data-block=\"true\" data-editor=\"7essu\" data-offset-key=\"ffdjq-0-0\">\n<div class=\"_1mf _1mj\" data-offset-key=\"ffdjq-0-0\"><span data-offset-key=\"ffdjq-0-0\">\u00a0<\/span><\/div>\n<\/div>\n<div class=\"\" data-block=\"true\" data-editor=\"7essu\" data-offset-key=\"7l83d-0-0\">\n<div class=\"_1mf _1mj\" data-offset-key=\"7l83d-0-0\"><span data-offset-key=\"7l83d-0-0\">Las labores de polic\u00eda judicial dan cuenta de que el hoy imputado habr\u00eda participado en hechos ocurridos el pasado 6 de enero, cuando S\u00e1nchez Menjura, al parecer, atac\u00f3 con arma de fuego a un hombre y caus\u00f3 lesiones a otro en una vivienda en el barrio Uninorte de Buga.<\/span><\/div>\n<\/div>\n<div class=\"\" data-block=\"true\" data-editor=\"7essu\" data-offset-key=\"2nkqn-0-0\">\n<div class=\"_1mf _1mj\" data-offset-key=\"2nkqn-0-0\"><span data-offset-key=\"2nkqn-0-0\">\u00a0<\/span><\/div>\n<\/div>\n<div class=\"\" data-block=\"true\" data-editor=\"7essu\" data-offset-key=\"1nrjo-0-0\">\n<div class=\"_1mf _1mj\" data-offset-key=\"1nrjo-0-0\"><span data-offset-key=\"1nrjo-0-0\">Asimismo, se le endilga el homicidio de otra persona y lesiones graves a otras dos, entre ellas una menor de 15 a\u00f1os, el pasado 7 de mayo, en el barrio Santa B\u00e1rbara de la misma localidad.<\/span><\/div>\n<\/div>\n<div class=\"\" data-block=\"true\" data-editor=\"7essu\" data-offset-key=\"65o54-0-0\">\n<div class=\"_1mf _1mj\" data-offset-key=\"65o54-0-0\"><span data-offset-key=\"65o54-0-0\">\u00a0<\/span><\/div>\n<\/div>\n<div class=\"\" data-block=\"true\" data-editor=\"7essu\" data-offset-key=\"43b96-0-0\">\n<div class=\"_1mf _1mj\" data-offset-key=\"43b96-0-0\"><span data-offset-key=\"43b96-0-0\">Por estos hechos un fiscal de la Seccional Valle del Cauca le imput\u00f3 los delitos de homicidio agravado, tentativa de homicidio agravado y fabricaci\u00f3n, tr\u00e1fico, porte o tenencia de armas de fuego, accesorios, partes o municiones.<\/span><\/div>\n<\/div>\n<div class=\"\" data-block=\"true\" data-editor=\"7essu\" data-offset-key=\"663jq-0-0\">\n<div class=\"_1mf _1mj\" data-offset-key=\"663jq-0-0\"><span data-offset-key=\"663jq-0-0\">\u00a0<\/span><\/div>\n<\/div>\n<div class=\"\" data-block=\"true\" data-editor=\"7essu\" data-offset-key=\"doce3-0-0\">\n<div class=\"_1mf _1mj\" data-offset-key=\"doce3-0-0\"><strong>C\u00e1rcel por tr\u00e1fico de estupefacientes<\/strong><\/div>\n<\/div>\n<div class=\"\" data-block=\"true\" data-editor=\"7essu\" data-offset-key=\"94l8c-0-0\">\n<div class=\"_1mf _1mj\" data-offset-key=\"94l8c-0-0\"><span data-offset-key=\"94l8c-0-0\">\u00a0<\/span><\/div>\n<\/div>\n<div class=\"\" data-block=\"true\" data-editor=\"7essu\" data-offset-key=\"98vo1-0-0\">\n<div class=\"_1mf _1mj\" data-offset-key=\"98vo1-0-0\"><span data-offset-key=\"98vo1-0-0\">Durante la misma diligencia de registro y allanamiento, en la que fue capturado alias Pablito, las autoridades capturaron en flagrancia con 1.080 gramos de marihuana a Rub\u00e9n Dar\u00edo Mart\u00ednez, de 22 a\u00f1os.<\/span><\/div>\n<\/div>\n<div class=\"\" data-block=\"true\" data-editor=\"7essu\" data-offset-key=\"6g5gq-0-0\">\n<div class=\"_1mf _1mj\" data-offset-key=\"6g5gq-0-0\"><span data-offset-key=\"6g5gq-0-0\">\u00a0<\/span><\/div>\n<\/div>\n<div class=\"\" data-block=\"true\" data-editor=\"7essu\" data-offset-key=\"as6oa-0-0\">\n<div class=\"_1mf _1mj\" data-offset-key=\"as6oa-0-0\"><span data-offset-key=\"as6oa-0-0\">La Fiscal\u00eda le imput\u00f3 el delito de fabricaci\u00f3n, tr\u00e1fico o porte de estupefacientes, cargos que no acept\u00f3. El juez tambi\u00e9n acogi\u00f3 la solicitud de la Fiscal\u00eda y decidi\u00f3 que Mart\u00ednez debe cumplir la medida de aseguramiento en centro carcelario.<\/span><\/div>\n<\/div>\n","protected":false},"excerpt":{"rendered":"<p>Los hechos ocurrieron en enero y mayo del presente a\u00f1o. \u00a0 Por solicitud de la Fiscal\u00eda General de la Naci\u00f3n, un juez de control de garant\u00edas envi\u00f3 a la c\u00e1rcel a Pablo Andr\u00e9s S\u00e1nchez Menjura, alias Pablito, presunto responsable de dos asesinatos y tres tentativas de homicidio en Buga (Valle<span class=\"more-link\"><a href=\"https:\/\/ciudadyregion.com.co\/index.php\/alias-pablito-a-la-carcel-por-su-presunta-responsabilidad-en-dos-asesinatos-y-tres-tentativas-de-homicidio-en-buga\/judicial\/\">Continuar Leyendo<\/a><\/span><\/p>\n","protected":false},"author":2,"featured_media":14829,"comment_status":"open","ping_status":"open","sticky":false,"template":"","format":"standard","meta":{"_uf_show_specific_survey":0,"_uf_disable_surveys":false,"_jetpack_memberships_contains_paid_content":false,"footnotes":"","jetpack_publicize_message":"","jetpack_publicize_feature_enabled":true,"jetpack_social_post_already_shared":true,"jetpack_social_options":{"image_generator_settings":{"template":"highway","enabled":false},"version":2}},"categories":[18],"tags":[],"class_list":["entry","author-diegoaguirre","post-14828","post","type-post","status-publish","format-standard","has-post-thumbnail","category-judicial"],"jetpack_publicize_connections":[],"yoast_head":"<!-- This site is optimized with the Yoast SEO plugin v24.3 - https:\/\/yoast.com\/wordpress\/plugins\/seo\/ -->\n<title>Alias \u2018Pablito\u2019 a la c\u00e1rcel por su presunta responsabilidad en dos asesinatos y tres tentativas de homicidio en Buga - Ciudad y Region<\/title>\n<meta name=\"robots\" content=\"index, follow, max-snippet:-1, max-image-preview:large, max-video-preview:-1\" \/>\n<link rel=\"canonical\" href=\"https:\/\/ciudadyregion.com.co\/index.php\/alias-pablito-a-la-carcel-por-su-presunta-responsabilidad-en-dos-asesinatos-y-tres-tentativas-de-homicidio-en-buga\/judicial\/\" \/>\n<meta property=\"og:locale\" content=\"es_ES\" \/>\n<meta property=\"og:type\" content=\"article\" \/>\n<meta property=\"og:title\" content=\"Alias \u2018Pablito\u2019 a la c\u00e1rcel por su presunta responsabilidad en dos asesinatos y tres tentativas de homicidio en Buga - Ciudad y Region\" \/>\n<meta property=\"og:description\" content=\"Los hechos ocurrieron en enero y mayo del presente a\u00f1o. \u00a0 Por solicitud de la Fiscal\u00eda General de la Naci\u00f3n, un juez de control de garant\u00edas envi\u00f3 a la c\u00e1rcel a Pablo Andr\u00e9s S\u00e1nchez Menjura, alias Pablito, presunto responsable de dos asesinatos y tres tentativas de homicidio en Buga (ValleContinuar Leyendo\" \/>\n<meta property=\"og:url\" content=\"https:\/\/ciudadyregion.com.co\/index.php\/alias-pablito-a-la-carcel-por-su-presunta-responsabilidad-en-dos-asesinatos-y-tres-tentativas-de-homicidio-en-buga\/judicial\/\" \/>\n<meta property=\"og:site_name\" content=\"Ciudad y Region\" \/>\n<meta property=\"article:published_time\" content=\"2024-05-25T09:10:06+00:00\" \/>\n<meta property=\"article:modified_time\" content=\"2024-05-25T03:10:39+00:00\" \/>\n<meta property=\"og:image\" content=\"https:\/\/i0.wp.com\/ciudadyregion.com.co\/wp-content\/uploads\/2024\/05\/8-12.jpg?fit=800%2C445&ssl=1\" \/>\n\t<meta property=\"og:image:width\" content=\"800\" \/>\n\t<meta property=\"og:image:height\" content=\"445\" \/>\n\t<meta property=\"og:image:type\" content=\"image\/jpeg\" \/>\n<meta name=\"author\" content=\"David Andr\u00e9s Aguirre\" \/>\n<meta name=\"twitter:card\" content=\"summary_large_image\" \/>\n<meta name=\"twitter:label1\" content=\"Escrito por\" \/>\n\t<meta name=\"twitter:data1\" content=\"David Andr\u00e9s Aguirre\" \/>\n\t<meta name=\"twitter:label2\" content=\"Tiempo de lectura\" \/>\n\t<meta name=\"twitter:data2\" content=\"2 minutos\" \/>\n<script type=\"application\/ld+json\" class=\"yoast-schema-graph\">{\"@context\":\"https:\/\/schema.org\",\"@graph\":[{\"@type\":\"WebPage\",\"@id\":\"https:\/\/ciudadyregion.com.co\/index.php\/alias-pablito-a-la-carcel-por-su-presunta-responsabilidad-en-dos-asesinatos-y-tres-tentativas-de-homicidio-en-buga\/judicial\/\",\"url\":\"https:\/\/ciudadyregion.com.co\/index.php\/alias-pablito-a-la-carcel-por-su-presunta-responsabilidad-en-dos-asesinatos-y-tres-tentativas-de-homicidio-en-buga\/judicial\/\",\"name\":\"Alias \u2018Pablito\u2019 a la c\u00e1rcel por su presunta responsabilidad en dos asesinatos y tres tentativas de homicidio en Buga - Ciudad y Region\",\"isPartOf\":{\"@id\":\"https:\/\/ciudadyregion.com.co\/#website\"},\"primaryImageOfPage\":{\"@id\":\"https:\/\/ciudadyregion.com.co\/index.php\/alias-pablito-a-la-carcel-por-su-presunta-responsabilidad-en-dos-asesinatos-y-tres-tentativas-de-homicidio-en-buga\/judicial\/#primaryimage\"},\"image\":{\"@id\":\"https:\/\/ciudadyregion.com.co\/index.php\/alias-pablito-a-la-carcel-por-su-presunta-responsabilidad-en-dos-asesinatos-y-tres-tentativas-de-homicidio-en-buga\/judicial\/#primaryimage\"},\"thumbnailUrl\":\"https:\/\/i0.wp.com\/ciudadyregion.com.co\/wp-content\/uploads\/2024\/05\/8-12.jpg?fit=800%2C445&ssl=1\",\"datePublished\":\"2024-05-25T09:10:06+00:00\",\"dateModified\":\"2024-05-25T03:10:39+00:00\",\"author\":{\"@id\":\"https:\/\/ciudadyregion.com.co\/#\/schema\/person\/04a4954373ebc4051f46e8c65ff78622\"},\"breadcrumb\":{\"@id\":\"https:\/\/ciudadyregion.com.co\/index.php\/alias-pablito-a-la-carcel-por-su-presunta-responsabilidad-en-dos-asesinatos-y-tres-tentativas-de-homicidio-en-buga\/judicial\/#breadcrumb\"},\"inLanguage\":\"es\",\"potentialAction\":[{\"@type\":\"ReadAction\",\"target\":[\"https:\/\/ciudadyregion.com.co\/index.php\/alias-pablito-a-la-carcel-por-su-presunta-responsabilidad-en-dos-asesinatos-y-tres-tentativas-de-homicidio-en-buga\/judicial\/\"]}]},{\"@type\":\"ImageObject\",\"inLanguage\":\"es\",\"@id\":\"https:\/\/ciudadyregion.com.co\/index.php\/alias-pablito-a-la-carcel-por-su-presunta-responsabilidad-en-dos-asesinatos-y-tres-tentativas-de-homicidio-en-buga\/judicial\/#primaryimage\",\"url\":\"https:\/\/i0.wp.com\/ciudadyregion.com.co\/wp-content\/uploads\/2024\/05\/8-12.jpg?fit=800%2C445&ssl=1\",\"contentUrl\":\"https:\/\/i0.wp.com\/ciudadyregion.com.co\/wp-content\/uploads\/2024\/05\/8-12.jpg?fit=800%2C445&ssl=1\",\"width\":800,\"height\":445},{\"@type\":\"BreadcrumbList\",\"@id\":\"https:\/\/ciudadyregion.com.co\/index.php\/alias-pablito-a-la-carcel-por-su-presunta-responsabilidad-en-dos-asesinatos-y-tres-tentativas-de-homicidio-en-buga\/judicial\/#breadcrumb\",\"itemListElement\":[{\"@type\":\"ListItem\",\"position\":1,\"name\":\"Portada\",\"item\":\"https:\/\/ciudadyregion.com.co\/\"},{\"@type\":\"ListItem\",\"position\":2,\"name\":\"Alias \u2018Pablito\u2019 a la c\u00e1rcel por su presunta responsabilidad en dos asesinatos y tres tentativas de homicidio en Buga\"}]},{\"@type\":\"WebSite\",\"@id\":\"https:\/\/ciudadyregion.com.co\/#website\",\"url\":\"https:\/\/ciudadyregion.com.co\/\",\"name\":\"Ciudad y Region\",\"description\":\"\",\"potentialAction\":[{\"@type\":\"SearchAction\",\"target\":{\"@type\":\"EntryPoint\",\"urlTemplate\":\"https:\/\/ciudadyregion.com.co\/?s={search_term_string}\"},\"query-input\":{\"@type\":\"PropertyValueSpecification\",\"valueRequired\":true,\"valueName\":\"search_term_string\"}}],\"inLanguage\":\"es\"},{\"@type\":\"Person\",\"@id\":\"https:\/\/ciudadyregion.com.co\/#\/schema\/person\/04a4954373ebc4051f46e8c65ff78622\",\"name\":\"David Andr\u00e9s Aguirre\",\"image\":{\"@type\":\"ImageObject\",\"inLanguage\":\"es\",\"@id\":\"https:\/\/ciudadyregion.com.co\/#\/schema\/person\/image\/\",\"url\":\"https:\/\/secure.gravatar.com\/avatar\/bc3c655860202182ee6d1b5edd042dbe?s=96&d=mm&r=g\",\"contentUrl\":\"https:\/\/secure.gravatar.com\/avatar\/bc3c655860202182ee6d1b5edd042dbe?s=96&d=mm&r=g\",\"caption\":\"David Andr\u00e9s Aguirre\"},\"url\":\"https:\/\/ciudadyregion.com.co\/index.php\/author\/diegoaguirre\/\"}]}<\/script>\n<!-- \/ Yoast SEO plugin. -->","yoast_head_json":{"title":"Alias \u2018Pablito\u2019 a la c\u00e1rcel por su presunta responsabilidad en dos asesinatos y tres tentativas de homicidio en Buga - Ciudad y Region","robots":{"index":"index","follow":"follow","max-snippet":"max-snippet:-1","max-image-preview":"max-image-preview:large","max-video-preview":"max-video-preview:-1"},"canonical":"https:\/\/ciudadyregion.com.co\/index.php\/alias-pablito-a-la-carcel-por-su-presunta-responsabilidad-en-dos-asesinatos-y-tres-tentativas-de-homicidio-en-buga\/judicial\/","og_locale":"es_ES","og_type":"article","og_title":"Alias \u2018Pablito\u2019 a la c\u00e1rcel por su presunta responsabilidad en dos asesinatos y tres tentativas de homicidio en Buga - Ciudad y Region","og_description":"Los hechos ocurrieron en enero y mayo del presente a\u00f1o. \u00a0 Por solicitud de la Fiscal\u00eda General de la Naci\u00f3n, un juez de control de garant\u00edas envi\u00f3 a la c\u00e1rcel a Pablo Andr\u00e9s S\u00e1nchez Menjura, alias Pablito, presunto responsable de dos asesinatos y tres tentativas de homicidio en Buga (ValleContinuar Leyendo","og_url":"https:\/\/ciudadyregion.com.co\/index.php\/alias-pablito-a-la-carcel-por-su-presunta-responsabilidad-en-dos-asesinatos-y-tres-tentativas-de-homicidio-en-buga\/judicial\/","og_site_name":"Ciudad y Region","article_published_time":"2024-05-25T09:10:06+00:00","article_modified_time":"2024-05-25T03:10:39+00:00","og_image":[{"width":800,"height":445,"url":"https:\/\/i0.wp.com\/ciudadyregion.com.co\/wp-content\/uploads\/2024\/05\/8-12.jpg?fit=800%2C445&ssl=1","type":"image\/jpeg"}],"author":"David Andr\u00e9s Aguirre","twitter_card":"summary_large_image","twitter_misc":{"Escrito por":"David Andr\u00e9s Aguirre","Tiempo de lectura":"2 minutos"},"schema":{"@context":"https:\/\/schema.org","@graph":[{"@type":"WebPage","@id":"https:\/\/ciudadyregion.com.co\/index.php\/alias-pablito-a-la-carcel-por-su-presunta-responsabilidad-en-dos-asesinatos-y-tres-tentativas-de-homicidio-en-buga\/judicial\/","url":"https:\/\/ciudadyregion.com.co\/index.php\/alias-pablito-a-la-carcel-por-su-presunta-responsabilidad-en-dos-asesinatos-y-tres-tentativas-de-homicidio-en-buga\/judicial\/","name":"Alias \u2018Pablito\u2019 a la c\u00e1rcel por su presunta responsabilidad en dos asesinatos y tres tentativas de homicidio en Buga - Ciudad y Region","isPartOf":{"@id":"https:\/\/ciudadyregion.com.co\/#website"},"primaryImageOfPage":{"@id":"https:\/\/ciudadyregion.com.co\/index.php\/alias-pablito-a-la-carcel-por-su-presunta-responsabilidad-en-dos-asesinatos-y-tres-tentativas-de-homicidio-en-buga\/judicial\/#primaryimage"},"image":{"@id":"https:\/\/ciudadyregion.com.co\/index.php\/alias-pablito-a-la-carcel-por-su-presunta-responsabilidad-en-dos-asesinatos-y-tres-tentativas-de-homicidio-en-buga\/judicial\/#primaryimage"},"thumbnailUrl":"https:\/\/i0.wp.com\/ciudadyregion.com.co\/wp-content\/uploads\/2024\/05\/8-12.jpg?fit=800%2C445&ssl=1","datePublished":"2024-05-25T09:10:06+00:00","dateModified":"2024-05-25T03:10:39+00:00","author":{"@id":"https:\/\/ciudadyregion.com.co\/#\/schema\/person\/04a4954373ebc4051f46e8c65ff78622"},"breadcrumb":{"@id":"https:\/\/ciudadyregion.com.co\/index.php\/alias-pablito-a-la-carcel-por-su-presunta-responsabilidad-en-dos-asesinatos-y-tres-tentativas-de-homicidio-en-buga\/judicial\/#breadcrumb"},"inLanguage":"es","potentialAction":[{"@type":"ReadAction","target":["https:\/\/ciudadyregion.com.co\/index.php\/alias-pablito-a-la-carcel-por-su-presunta-responsabilidad-en-dos-asesinatos-y-tres-tentativas-de-homicidio-en-buga\/judicial\/"]}]},{"@type":"ImageObject","inLanguage":"es","@id":"https:\/\/ciudadyregion.com.co\/index.php\/alias-pablito-a-la-carcel-por-su-presunta-responsabilidad-en-dos-asesinatos-y-tres-tentativas-de-homicidio-en-buga\/judicial\/#primaryimage","url":"https:\/\/i0.wp.com\/ciudadyregion.com.co\/wp-content\/uploads\/2024\/05\/8-12.jpg?fit=800%2C445&ssl=1","contentUrl":"https:\/\/i0.wp.com\/ciudadyregion.com.co\/wp-content\/uploads\/2024\/05\/8-12.jpg?fit=800%2C445&ssl=1","width":800,"height":445},{"@type":"BreadcrumbList","@id":"https:\/\/ciudadyregion.com.co\/index.php\/alias-pablito-a-la-carcel-por-su-presunta-responsabilidad-en-dos-asesinatos-y-tres-tentativas-de-homicidio-en-buga\/judicial\/#breadcrumb","itemListElement":[{"@type":"ListItem","position":1,"name":"Portada","item":"https:\/\/ciudadyregion.com.co\/"},{"@type":"ListItem","position":2,"name":"Alias \u2018Pablito\u2019 a la c\u00e1rcel por su presunta responsabilidad en dos asesinatos y tres tentativas de homicidio en Buga"}]},{"@type":"WebSite","@id":"https:\/\/ciudadyregion.com.co\/#website","url":"https:\/\/ciudadyregion.com.co\/","name":"Ciudad y Region","description":"","potentialAction":[{"@type":"SearchAction","target":{"@type":"EntryPoint","urlTemplate":"https:\/\/ciudadyregion.com.co\/?s={search_term_string}"},"query-input":{"@type":"PropertyValueSpecification","valueRequired":true,"valueName":"search_term_string"}}],"inLanguage":"es"},{"@type":"Person","@id":"https:\/\/ciudadyregion.com.co\/#\/schema\/person\/04a4954373ebc4051f46e8c65ff78622","name":"David Andr\u00e9s Aguirre","image":{"@type":"ImageObject","inLanguage":"es","@id":"https:\/\/ciudadyregion.com.co\/#\/schema\/person\/image\/","url":"https:\/\/secure.gravatar.com\/avatar\/bc3c655860202182ee6d1b5edd042dbe?s=96&d=mm&r=g","contentUrl":"https:\/\/secure.gravatar.com\/avatar\/bc3c655860202182ee6d1b5edd042dbe?s=96&d=mm&r=g","caption":"David Andr\u00e9s Aguirre"},"url":"https:\/\/ciudadyregion.com.co\/index.php\/author\/diegoaguirre\/"}]}},"jetpack_featured_media_url":"https:\/\/i0.wp.com\/ciudadyregion.com.co\/wp-content\/uploads\/2024\/05\/8-12.jpg?fit=800%2C445&ssl=1","jetpack_sharing_enabled":true,"jetpack_shortlink":"https:\/\/wp.me\/pbS7hh-3Ra","jetpack-related-posts":[],"_links":{"self":[{"href":"https:\/\/ciudadyregion.com.co\/index.php\/wp-json\/wp\/v2\/posts\/14828"}],"collection":[{"href":"https:\/\/ciudadyregion.com.co\/index.php\/wp-json\/wp\/v2\/posts"}],"about":[{"href":"https:\/\/ciudadyregion.com.co\/index.php\/wp-json\/wp\/v2\/types\/post"}],"author":[{"embeddable":true,"href":"https:\/\/ciudadyregion.com.co\/index.php\/wp-json\/wp\/v2\/users\/2"}],"replies":[{"embeddable":true,"href":"https:\/\/ciudadyregion.com.co\/index.php\/wp-json\/wp\/v2\/comments?post=14828"}],"version-history":[{"count":1,"href":"https:\/\/ciudadyregion.com.co\/index.php\/wp-json\/wp\/v2\/posts\/14828\/revisions"}],"predecessor-version":[{"id":14830,"href":"https:\/\/ciudadyregion.com.co\/index.php\/wp-json\/wp\/v2\/posts\/14828\/revisions\/14830"}],"wp:featuredmedia":[{"embeddable":true,"href":"https:\/\/ciudadyregion.com.co\/index.php\/wp-json\/wp\/v2\/media\/14829"}],"wp:attachment":[{"href":"https:\/\/ciudadyregion.com.co\/index.php\/wp-json\/wp\/v2\/media?parent=14828"}],"wp:term":[{"taxonomy":"category","embeddable":true,"href":"https:\/\/ciudadyregion.com.co\/index.php\/wp-json\/wp\/v2\/categories?post=14828"},{"taxonomy":"post_tag","embeddable":true,"href":"https:\/\/ciudadyregion.com.co\/index.php\/wp-json\/wp\/v2\/tags?post=14828"}],"curies":[{"name":"wp","href":"https:\/\/api.w.org\/{rel}","templated":true}]}}